{"id":13378,"date":"2012-07-12T13:39:53","date_gmt":"2012-07-12T18:39:53","guid":{"rendered":"https:\/\/www.ucaldas.edu.co\/portal\/?p=13378"},"modified":"2012-07-12T13:39:53","modified_gmt":"2012-07-12T18:39:53","slug":"programa-de-desarrollo-familiar-u-de-caldas-socializo-practicas-institucionales","status":"publish","type":"post","link":"https:\/\/www.ucaldas.edu.co\/portal\/programa-de-desarrollo-familiar-u-de-caldas-socializo-practicas-institucionales\/","title":{"rendered":"Programa de Desarrollo Familiar U. de Caldas socializ\u00f3 pr\u00e1cticas institucionales"},"content":{"rendered":"<p align=\"center\">Espacio permiti\u00f3 identificar qu\u00e9 acciones se desarrollan en diferentes instituciones<\/p>\n<hr \/>\n<p align=\"right\">\n<p align=\"right\">11\/07\/2012<br \/>\nRedacci\u00f3n: Margarita Mar\u00eda Laverde Galvis<\/p>\n<p>&nbsp;<\/p>\n<table border=\"0\">\n<tbody>\n<tr>\n<td>&nbsp;<\/p>\n<p><img loading=\"lazy\" decoding=\"async\" style=\"border: 0px\" title=\"Desarrollo Familiar\" alt=\"Desarrollo Familiar\" src=\"http:\/\/www.ucaldas.edu.co\/images\/tmp\/desarrollo_familiar_practica_institucional_2012.jpg\" width=\"240\" height=\"150\" border=\"0\" \/><\/p>\n<h4>Foto: Guillermo Sarmiento Estrada\/ Prensa U. de Caldas.<\/h4>\n<\/td>\n<td><b>20 estudiantes<\/b> de <b>\u00faltimo semestre<\/b> del <b>Programa de Desarrollo Familiar<\/b> de la <b>Universidad de Caldas socializaron<\/b> sus <b>experiencias<\/b> de <b>pr\u00e1ctica institucional<\/b>, <b>desarrolladas<\/b> en <b>diferentes municipios<\/b> de <b>Caldas y Risaralda<\/b>. El encuentro se realiz\u00f3 <b>este mi\u00e9rcoles 11<\/b> de <b>julio<\/b> del 2012.<\/td>\n<\/tr>\n<\/tbody>\n<\/table>\n<p>&nbsp;<\/p>\n<p>&nbsp;<\/p>\n<p>Se trabajaron los <b>campos de actuaci\u00f3n<\/b> en <b>seguridad alimentaria y nutricional<\/b>, <b>educaci\u00f3n<\/b>, <b>restablecimiento de derechos<\/b> y <b>responsabilidad social<\/b>.<\/p>\n<p>&nbsp;<\/p>\n<p>\u201cLa idea es que con el nuevo Reglamento Estudiantil el alumno pueda continuar con su propuesta, para que luego pueda optar por el t\u00edtulo de grado. Este espacio nos permite visibilizar a la familia y reconocer qu\u00e9 acciones se desarrollan en las diferentes instituciones\u201d, coment\u00f3 Adriana Zapata Mart\u00ednez, <b>Coordinadora de Pr\u00e1cticas Acad\u00e9micas y docente del Departamento de Estudios de Familia de la U. de Caldas.<\/b><\/p>\n<p>El evento lo <b>organiz\u00f3<\/b> el <b>Programa de Desarrollo Familiar<\/b> de la <b>U. de Caldas<\/b>.<\/p>\n<p>&nbsp;<\/p>\n<p><a href=\"http:\/\/www.facebook.com\/media\/set\/?set=a.387248258003712.88570.107054166023124&amp;type=3\" target=\"_blank\">Conozca im\u00e1genes de la Socializaci\u00f3n de Pr\u00e1cticas de Desarrollo Familiar<\/a><br \/>\n<b>Informes: <\/b>Programa Desarrollo Familiar, tel\u00e9fono 878 15 23, o en el correo electr\u00f3nico: <a href=\"mailto:prodefamiliar@ucaldas.edu.co\" target=\"_blank\">prodefamiliar@ucaldas.edu.co<\/a> tambi\u00e9n con Adriana Zapata Mart\u00ednez, Coordinadora de Pr\u00e1cticas Acad\u00e9micas, en el celular: 311 373 14 19 o en el correo electr\u00f3nico: <a href=\"mailto:adriana.zapata@ucaldas.edu.co\" target=\"_blank\">adriana.zapata@ucaldas.edu.co<\/a><\/p>\n","protected":false},"excerpt":{"rendered":"<p>Espacio permiti\u00f3 identificar qu\u00e9 acciones se desarrollan en diferentes instituciones 11\/07\/2012 Redacci\u00f3n: Margarita Mar\u00eda Laverde Galvis &nbsp; &nbsp; Foto: Guillermo Sarmiento Estrada\/ Prensa U. de Caldas. 20 estudiantes de \u00faltimo semestre del Programa de Desarrollo Familiar de la Universidad de Caldas socializaron sus experiencias de pr\u00e1ctica institucional, desarrolladas en diferentes municipios de Caldas y Risaralda. [&hellip;]<\/p>\n","protected":false},"author":2,"featured_media":0,"comment_status":"closed","ping_status":"closed","sticky":false,"template":"","format":"standard","meta":{"footnotes":""},"categories":[48,53],"tags":[],"class_list":["post-13378","post","type-post","status-publish","format-standard","hentry","category-actualidad","category-universidad-al-dia"],"yoast_head":"<!-- This site is optimized with the Yoast SEO plugin v27.5 - https:\/\/yoast.com\/product\/yoast-seo-wordpress\/ -->\n<title>Programa de Desarrollo Familiar U. de Caldas socializ\u00f3 pr\u00e1cticas institucionales .<\/title>\n<meta name=\"robots\" content=\"index, follow, max-snippet:-1, max-image-preview:large, max-video-preview:-1\" \/>\n<link rel=\"canonical\" href=\"https:\/\/www.ucaldas.edu.co\/portal\/programa-de-desarrollo-familiar-u-de-caldas-socializo-practicas-institucionales\/\" \/>\n<script type=\"application\/ld+json\" class=\"yoast-schema-graph\">{\"@context\":\"https:\\\/\\\/schema.org\",\"@graph\":[{\"@type\":\"Article\",\"@id\":\"https:\\\/\\\/www.ucaldas.edu.co\\\/portal\\\/programa-de-desarrollo-familiar-u-de-caldas-socializo-practicas-institucionales\\\/#article\",\"isPartOf\":{\"@id\":\"https:\\\/\\\/www.ucaldas.edu.co\\\/portal\\\/programa-de-desarrollo-familiar-u-de-caldas-socializo-practicas-institucionales\\\/\"},\"author\":{\"name\":\"ofiprensa\",\"@id\":\"https:\\\/\\\/www.ucaldas.edu.co\\\/portal\\\/#\\\/schema\\\/person\\\/a1b482e23449158b4bc319926c074fdf\"},\"headline\":\"Programa de Desarrollo Familiar U. de Caldas socializ\u00f3 pr\u00e1cticas institucionales\",\"datePublished\":\"2012-07-12T18:39:53+00:00\",\"mainEntityOfPage\":{\"@id\":\"https:\\\/\\\/www.ucaldas.edu.co\\\/portal\\\/programa-de-desarrollo-familiar-u-de-caldas-socializo-practicas-institucionales\\\/\"},\"wordCount\":240,\"publisher\":{\"@id\":\"https:\\\/\\\/www.ucaldas.edu.co\\\/portal\\\/#organization\"},\"image\":{\"@id\":\"https:\\\/\\\/www.ucaldas.edu.co\\\/portal\\\/programa-de-desarrollo-familiar-u-de-caldas-socializo-practicas-institucionales\\\/#primaryimage\"},\"thumbnailUrl\":\"http:\\\/\\\/www.ucaldas.edu.co\\\/images\\\/tmp\\\/desarrollo_familiar_practica_institucional_2012.jpg\",\"articleSection\":[\"Actualidad\",\"Universidad al D\u00eda\"],\"inLanguage\":\"es\"},{\"@type\":\"WebPage\",\"@id\":\"https:\\\/\\\/www.ucaldas.edu.co\\\/portal\\\/programa-de-desarrollo-familiar-u-de-caldas-socializo-practicas-institucionales\\\/\",\"url\":\"https:\\\/\\\/www.ucaldas.edu.co\\\/portal\\\/programa-de-desarrollo-familiar-u-de-caldas-socializo-practicas-institucionales\\\/\",\"name\":\"Programa de Desarrollo Familiar U. de Caldas socializ\u00f3 pr\u00e1cticas institucionales .\",\"isPartOf\":{\"@id\":\"https:\\\/\\\/www.ucaldas.edu.co\\\/portal\\\/#website\"},\"primaryImageOfPage\":{\"@id\":\"https:\\\/\\\/www.ucaldas.edu.co\\\/portal\\\/programa-de-desarrollo-familiar-u-de-caldas-socializo-practicas-institucionales\\\/#primaryimage\"},\"image\":{\"@id\":\"https:\\\/\\\/www.ucaldas.edu.co\\\/portal\\\/programa-de-desarrollo-familiar-u-de-caldas-socializo-practicas-institucionales\\\/#primaryimage\"},\"thumbnailUrl\":\"http:\\\/\\\/www.ucaldas.edu.co\\\/images\\\/tmp\\\/desarrollo_familiar_practica_institucional_2012.jpg\",\"datePublished\":\"2012-07-12T18:39:53+00:00\",\"breadcrumb\":{\"@id\":\"https:\\\/\\\/www.ucaldas.edu.co\\\/portal\\\/programa-de-desarrollo-familiar-u-de-caldas-socializo-practicas-institucionales\\\/#breadcrumb\"},\"inLanguage\":\"es\",\"potentialAction\":[{\"@type\":\"ReadAction\",\"target\":[\"https:\\\/\\\/www.ucaldas.edu.co\\\/portal\\\/programa-de-desarrollo-familiar-u-de-caldas-socializo-practicas-institucionales\\\/\"]}]},{\"@type\":\"ImageObject\",\"inLanguage\":\"es\",\"@id\":\"https:\\\/\\\/www.ucaldas.edu.co\\\/portal\\\/programa-de-desarrollo-familiar-u-de-caldas-socializo-practicas-institucionales\\\/#primaryimage\",\"url\":\"http:\\\/\\\/www.ucaldas.edu.co\\\/images\\\/tmp\\\/desarrollo_familiar_practica_institucional_2012.jpg\",\"contentUrl\":\"http:\\\/\\\/www.ucaldas.edu.co\\\/images\\\/tmp\\\/desarrollo_familiar_practica_institucional_2012.jpg\"},{\"@type\":\"BreadcrumbList\",\"@id\":\"https:\\\/\\\/www.ucaldas.edu.co\\\/portal\\\/programa-de-desarrollo-familiar-u-de-caldas-socializo-practicas-institucionales\\\/#breadcrumb\",\"itemListElement\":[{\"@type\":\"ListItem\",\"position\":1,\"name\":\"Portada\",\"item\":\"https:\\\/\\\/www.ucaldas.edu.co\\\/portal\\\/\"},{\"@type\":\"ListItem\",\"position\":2,\"name\":\"Programa de Desarrollo Familiar U. de Caldas socializ\u00f3 pr\u00e1cticas institucionales\"}]},{\"@type\":\"WebSite\",\"@id\":\"https:\\\/\\\/www.ucaldas.edu.co\\\/portal\\\/#website\",\"url\":\"https:\\\/\\\/www.ucaldas.edu.co\\\/portal\\\/\",\"name\":\"Universidad de Caldas\",\"description\":\"\",\"publisher\":{\"@id\":\"https:\\\/\\\/www.ucaldas.edu.co\\\/portal\\\/#organization\"},\"alternateName\":\"U. de Caldas\",\"potentialAction\":[{\"@type\":\"SearchAction\",\"target\":{\"@type\":\"EntryPoint\",\"urlTemplate\":\"https:\\\/\\\/www.ucaldas.edu.co\\\/portal\\\/?s={search_term_string}\"},\"query-input\":{\"@type\":\"PropertyValueSpecification\",\"valueRequired\":true,\"valueName\":\"search_term_string\"}}],\"inLanguage\":\"es\"},{\"@type\":\"Organization\",\"@id\":\"https:\\\/\\\/www.ucaldas.edu.co\\\/portal\\\/#organization\",\"name\":\"Universidad de Caldas\",\"alternateName\":\"U. de Caldas\",\"url\":\"https:\\\/\\\/www.ucaldas.edu.co\\\/portal\\\/\",\"logo\":{\"@type\":\"ImageObject\",\"inLanguage\":\"es\",\"@id\":\"https:\\\/\\\/www.ucaldas.edu.co\\\/portal\\\/#\\\/schema\\\/logo\\\/image\\\/\",\"url\":\"https:\\\/\\\/www.ucaldas.edu.co\\\/portal\\\/wp-content\\\/uploads\\\/2023\\\/11\\\/Logo_horizontal_oscuroU-2023.png\",\"contentUrl\":\"https:\\\/\\\/www.ucaldas.edu.co\\\/portal\\\/wp-content\\\/uploads\\\/2023\\\/11\\\/Logo_horizontal_oscuroU-2023.png\",\"width\":263,\"height\":101,\"caption\":\"Universidad de Caldas\"},\"image\":{\"@id\":\"https:\\\/\\\/www.ucaldas.edu.co\\\/portal\\\/#\\\/schema\\\/logo\\\/image\\\/\"},\"sameAs\":[\"https:\\\/\\\/www.facebook.com\\\/udecaldas\",\"https:\\\/\\\/x.com\\\/udecaldas\",\"https:\\\/\\\/www.youtube.com\\\/universidadcaldas\",\"https:\\\/\\\/www.instagram.com\\\/udecaldas\\\/\"]},{\"@type\":\"Person\",\"@id\":\"https:\\\/\\\/www.ucaldas.edu.co\\\/portal\\\/#\\\/schema\\\/person\\\/a1b482e23449158b4bc319926c074fdf\",\"name\":\"ofiprensa\",\"image\":{\"@type\":\"ImageObject\",\"inLanguage\":\"es\",\"@id\":\"https:\\\/\\\/www.ucaldas.edu.co\\\/portal\\\/wp-content\\\/litespeed\\\/avatar\\\/09ea5085e600095a7a811142c6944527.jpg?ver=1777497608\",\"url\":\"https:\\\/\\\/www.ucaldas.edu.co\\\/portal\\\/wp-content\\\/litespeed\\\/avatar\\\/09ea5085e600095a7a811142c6944527.jpg?ver=1777497608\",\"contentUrl\":\"https:\\\/\\\/www.ucaldas.edu.co\\\/portal\\\/wp-content\\\/litespeed\\\/avatar\\\/09ea5085e600095a7a811142c6944527.jpg?ver=1777497608\",\"caption\":\"ofiprensa\"},\"url\":\"https:\\\/\\\/www.ucaldas.edu.co\\\/portal\\\/author\\\/ofiprensa\\\/\"}]}<\/script>\n<!-- \/ Yoast SEO plugin. -->","yoast_head_json":{"title":"Programa de Desarrollo Familiar U. de Caldas socializ\u00f3 pr\u00e1cticas institucionales .","robots":{"index":"index","follow":"follow","max-snippet":"max-snippet:-1","max-image-preview":"max-image-preview:large","max-video-preview":"max-video-preview:-1"},"canonical":"https:\/\/www.ucaldas.edu.co\/portal\/programa-de-desarrollo-familiar-u-de-caldas-socializo-practicas-institucionales\/","schema":{"@context":"https:\/\/schema.org","@graph":[{"@type":"Article","@id":"https:\/\/www.ucaldas.edu.co\/portal\/programa-de-desarrollo-familiar-u-de-caldas-socializo-practicas-institucionales\/#article","isPartOf":{"@id":"https:\/\/www.ucaldas.edu.co\/portal\/programa-de-desarrollo-familiar-u-de-caldas-socializo-practicas-institucionales\/"},"author":{"name":"ofiprensa","@id":"https:\/\/www.ucaldas.edu.co\/portal\/#\/schema\/person\/a1b482e23449158b4bc319926c074fdf"},"headline":"Programa de Desarrollo Familiar U. de Caldas socializ\u00f3 pr\u00e1cticas institucionales","datePublished":"2012-07-12T18:39:53+00:00","mainEntityOfPage":{"@id":"https:\/\/www.ucaldas.edu.co\/portal\/programa-de-desarrollo-familiar-u-de-caldas-socializo-practicas-institucionales\/"},"wordCount":240,"publisher":{"@id":"https:\/\/www.ucaldas.edu.co\/portal\/#organization"},"image":{"@id":"https:\/\/www.ucaldas.edu.co\/portal\/programa-de-desarrollo-familiar-u-de-caldas-socializo-practicas-institucionales\/#primaryimage"},"thumbnailUrl":"http:\/\/www.ucaldas.edu.co\/images\/tmp\/desarrollo_familiar_practica_institucional_2012.jpg","articleSection":["Actualidad","Universidad al D\u00eda"],"inLanguage":"es"},{"@type":"WebPage","@id":"https:\/\/www.ucaldas.edu.co\/portal\/programa-de-desarrollo-familiar-u-de-caldas-socializo-practicas-institucionales\/","url":"https:\/\/www.ucaldas.edu.co\/portal\/programa-de-desarrollo-familiar-u-de-caldas-socializo-practicas-institucionales\/","name":"Programa de Desarrollo Familiar U. de Caldas socializ\u00f3 pr\u00e1cticas institucionales .","isPartOf":{"@id":"https:\/\/www.ucaldas.edu.co\/portal\/#website"},"primaryImageOfPage":{"@id":"https:\/\/www.ucaldas.edu.co\/portal\/programa-de-desarrollo-familiar-u-de-caldas-socializo-practicas-institucionales\/#primaryimage"},"image":{"@id":"https:\/\/www.ucaldas.edu.co\/portal\/programa-de-desarrollo-familiar-u-de-caldas-socializo-practicas-institucionales\/#primaryimage"},"thumbnailUrl":"http:\/\/www.ucaldas.edu.co\/images\/tmp\/desarrollo_familiar_practica_institucional_2012.jpg","datePublished":"2012-07-12T18:39:53+00:00","breadcrumb":{"@id":"https:\/\/www.ucaldas.edu.co\/portal\/programa-de-desarrollo-familiar-u-de-caldas-socializo-practicas-institucionales\/#breadcrumb"},"inLanguage":"es","potentialAction":[{"@type":"ReadAction","target":["https:\/\/www.ucaldas.edu.co\/portal\/programa-de-desarrollo-familiar-u-de-caldas-socializo-practicas-institucionales\/"]}]},{"@type":"ImageObject","inLanguage":"es","@id":"https:\/\/www.ucaldas.edu.co\/portal\/programa-de-desarrollo-familiar-u-de-caldas-socializo-practicas-institucionales\/#primaryimage","url":"http:\/\/www.ucaldas.edu.co\/images\/tmp\/desarrollo_familiar_practica_institucional_2012.jpg","contentUrl":"http:\/\/www.ucaldas.edu.co\/images\/tmp\/desarrollo_familiar_practica_institucional_2012.jpg"},{"@type":"BreadcrumbList","@id":"https:\/\/www.ucaldas.edu.co\/portal\/programa-de-desarrollo-familiar-u-de-caldas-socializo-practicas-institucionales\/#breadcrumb","itemListElement":[{"@type":"ListItem","position":1,"name":"Portada","item":"https:\/\/www.ucaldas.edu.co\/portal\/"},{"@type":"ListItem","position":2,"name":"Programa de Desarrollo Familiar U. de Caldas socializ\u00f3 pr\u00e1cticas institucionales"}]},{"@type":"WebSite","@id":"https:\/\/www.ucaldas.edu.co\/portal\/#website","url":"https:\/\/www.ucaldas.edu.co\/portal\/","name":"Universidad de Caldas","description":"","publisher":{"@id":"https:\/\/www.ucaldas.edu.co\/portal\/#organization"},"alternateName":"U. de Caldas","potentialAction":[{"@type":"SearchAction","target":{"@type":"EntryPoint","urlTemplate":"https:\/\/www.ucaldas.edu.co\/portal\/?s={search_term_string}"},"query-input":{"@type":"PropertyValueSpecification","valueRequired":true,"valueName":"search_term_string"}}],"inLanguage":"es"},{"@type":"Organization","@id":"https:\/\/www.ucaldas.edu.co\/portal\/#organization","name":"Universidad de Caldas","alternateName":"U. de Caldas","url":"https:\/\/www.ucaldas.edu.co\/portal\/","logo":{"@type":"ImageObject","inLanguage":"es","@id":"https:\/\/www.ucaldas.edu.co\/portal\/#\/schema\/logo\/image\/","url":"https:\/\/www.ucaldas.edu.co\/portal\/wp-content\/uploads\/2023\/11\/Logo_horizontal_oscuroU-2023.png","contentUrl":"https:\/\/www.ucaldas.edu.co\/portal\/wp-content\/uploads\/2023\/11\/Logo_horizontal_oscuroU-2023.png","width":263,"height":101,"caption":"Universidad de Caldas"},"image":{"@id":"https:\/\/www.ucaldas.edu.co\/portal\/#\/schema\/logo\/image\/"},"sameAs":["https:\/\/www.facebook.com\/udecaldas","https:\/\/x.com\/udecaldas","https:\/\/www.youtube.com\/universidadcaldas","https:\/\/www.instagram.com\/udecaldas\/"]},{"@type":"Person","@id":"https:\/\/www.ucaldas.edu.co\/portal\/#\/schema\/person\/a1b482e23449158b4bc319926c074fdf","name":"ofiprensa","image":{"@type":"ImageObject","inLanguage":"es","@id":"https:\/\/www.ucaldas.edu.co\/portal\/wp-content\/litespeed\/avatar\/09ea5085e600095a7a811142c6944527.jpg?ver=1777497608","url":"https:\/\/www.ucaldas.edu.co\/portal\/wp-content\/litespeed\/avatar\/09ea5085e600095a7a811142c6944527.jpg?ver=1777497608","contentUrl":"https:\/\/www.ucaldas.edu.co\/portal\/wp-content\/litespeed\/avatar\/09ea5085e600095a7a811142c6944527.jpg?ver=1777497608","caption":"ofiprensa"},"url":"https:\/\/www.ucaldas.edu.co\/portal\/author\/ofiprensa\/"}]}},"_links":{"self":[{"href":"https:\/\/www.ucaldas.edu.co\/portal\/wp-json\/wp\/v2\/posts\/13378","targetHints":{"allow":["GET"]}}],"collection":[{"href":"https:\/\/www.ucaldas.edu.co\/portal\/wp-json\/wp\/v2\/posts"}],"about":[{"href":"https:\/\/www.ucaldas.edu.co\/portal\/wp-json\/wp\/v2\/types\/post"}],"author":[{"embeddable":true,"href":"https:\/\/www.ucaldas.edu.co\/portal\/wp-json\/wp\/v2\/users\/2"}],"replies":[{"embeddable":true,"href":"https:\/\/www.ucaldas.edu.co\/portal\/wp-json\/wp\/v2\/comments?post=13378"}],"version-history":[{"count":0,"href":"https:\/\/www.ucaldas.edu.co\/portal\/wp-json\/wp\/v2\/posts\/13378\/revisions"}],"wp:attachment":[{"href":"https:\/\/www.ucaldas.edu.co\/portal\/wp-json\/wp\/v2\/media?parent=13378"}],"wp:term":[{"taxonomy":"category","embeddable":true,"href":"https:\/\/www.ucaldas.edu.co\/portal\/wp-json\/wp\/v2\/categories?post=13378"},{"taxonomy":"post_tag","embeddable":true,"href":"https:\/\/www.ucaldas.edu.co\/portal\/wp-json\/wp\/v2\/tags?post=13378"}],"curies":[{"name":"wp","href":"https:\/\/api.w.org\/{rel}","templated":true}]}}