{"id":13364,"date":"2012-07-10T13:34:11","date_gmt":"2012-07-10T18:34:11","guid":{"rendered":"https:\/\/www.ucaldas.edu.co\/portal\/?p=13364"},"modified":"2012-07-10T13:34:11","modified_gmt":"2012-07-10T18:34:11","slug":"convenio-u-de-caldas-anh-y-colciencias-fortalecio-investigacion-en-institucion","status":"publish","type":"post","link":"https:\/\/www.ucaldas.edu.co\/portal\/convenio-u-de-caldas-anh-y-colciencias-fortalecio-investigacion-en-institucion\/","title":{"rendered":"Convenio U. de Caldas, ANH y Colciencias fortaleci\u00f3 investigaci\u00f3n en Instituci\u00f3n"},"content":{"rendered":"<p align=\"center\">Durante dos a\u00f1os se afianz\u00f3 infraestructura y formaci\u00f3n en recursos humanos<\/p>\n<hr \/>\n<p align=\"right\">\n<p align=\"right\">10\/07\/2012<br \/>\nRedacci\u00f3n: Margarita Mar\u00eda Laverde Galvis<\/p>\n<p>&nbsp;<\/p>\n<table border=\"0\">\n<tbody>\n<tr>\n<td>&nbsp;<\/p>\n<p><img loading=\"lazy\" decoding=\"async\" style=\"border: 0px\" title=\"Convenio ANH\" alt=\"Convenio ANH\" src=\"http:\/\/www.ucaldas.edu.co\/images\/tmp\/culminacion_convenio_anh_2012.jpg\" width=\"240\" height=\"150\" border=\"0\" \/><\/p>\n<h4>Foto: Guillermo Sarmiento Estrada\/ Prensa U. de Caldas.<\/h4>\n<\/td>\n<td>La <b>Universidad de Caldas<\/b>, <b>Agencia Nacional de Hidrocarburos<\/b> (ANH) y <b>Colciencias<\/b> <b>culminaron<\/b> su <b>convenio interinstitucional<\/b>, que <b>durante dos a\u00f1os<\/b> <b>consisti\u00f3<\/b> en <b>fortalecer<\/b> las <b>universidades<\/b> <b>en infraestructura<\/b> y <b>capacidades de formaci\u00f3n en recursos humanos<\/b>.<\/td>\n<\/tr>\n<\/tbody>\n<\/table>\n<p>&nbsp;<\/p>\n<p>&nbsp;<\/p>\n<p><b>En el encuentro<\/b>, que se realiz\u00f3 el pasado lunes 9 de julio del 2012, <b>participaron un delegado<\/b> de la <b>ANH, uno de Colciencias, <\/b>el <b>Rector de la U. de Caldas, <\/b>el <b>Secretario General de la Instituci\u00f3n, <\/b>adem\u00e1s del <b>equipo de trabajo del Instituto de Investigaciones en Estratigraf\u00eda<\/b> (Iies) de la Universidad.<\/p>\n<p>&nbsp;<\/p>\n<p>Andr\u00e9s Pardo Trujillo, <b>profesor asociado al Departamento de Ciencias Geol\u00f3gicas de la U. de Caldas, <\/b>expres\u00f3: \u201cllevamos dos a\u00f1os trabajando arduamente para hacer el montaje del proyecto IIES, que hace parte de la Red Nacional de Laboratorios de Geociencias (RNLG). El objetivo era adquirir y montar una serie de equipos de alta tecnolog\u00eda, para ponerlos en marcha\u201d.<\/p>\n<p>&nbsp;<\/p>\n<p>El <b>Rector de la U. de Caldas<\/b>, Ricardo G\u00f3mez Giraldo, coment\u00f3: \u201cle hemos brindado a Colombia nuevo conocimiento geol\u00f3gico en \u00e1reas de frontera para la exploraci\u00f3n de hidrocarburos: un trabajo serio. La Instituci\u00f3n ha cumplido ejemplarmente su labor\u201d.<\/p>\n<p>&nbsp;<\/p>\n<p><b>Avances<\/b><\/p>\n<p>&#8211; La <b>Instituci\u00f3n cuenta<\/b> ahora con un <b>centro de investigaciones<\/b> en el <b>\u00e1rea<\/b> de las <b>Ciencias de la Tierra<\/b>, <b>de alta calidad<\/b>, <b>conformado por cinco laboratorios<\/b>: palinolog\u00eda y materia org\u00e1nica, microf\u00f3siles calc\u00e1reos, modelamiento de cuencas, petrograf\u00eda sedimentaria y microscop\u00eda electr\u00f3nica.<\/p>\n<p>&nbsp;<\/p>\n<p>&#8211; <b>40 conferencias<\/b> realizadas <b>por expertos nacionales e internacionales<\/b>, quienes han visitado la U. de Caldas.<\/p>\n<p>&nbsp;<\/p>\n<p>&#8211; <b>Cinco cursos <\/b>en <b>diferentes aspectos <\/b>de la<b> geolog\u00eda, biolog\u00eda<\/b>, entre otros.<\/p>\n<p>&nbsp;<\/p>\n<p>&#8211; <b>Patrocinio<\/b> de <b>12 tesis de maestr\u00eda<\/b> y <b>17 de pregrado<\/b> en \u00e1reas de las <b>Ciencias de la Tierra<\/b>.<\/p>\n<p>&nbsp;<\/p>\n<p><b>Resultados<\/b><br \/>\nLos <b>resultados<\/b> del convenio <b>se han presentado<\/b> en <b>eventos nacionales e internacionales<\/b> \u00a0en las <b>reuniones anuales<\/b> de la <b>Asociaci\u00f3n Americana de Ge\u00f3logos y Geof\u00edsicos del Petr\u00f3leo<\/b> (Brasil), <b>Sociedad Internacional de Sedimentolog\u00eda<\/b> (Argentina), la <b>Sociedad Geol\u00f3gica Americana<\/b> (USA), <b>Uni\u00f3n Internacional de Geof\u00edsicos y Geodestas<\/b> (Australia).<\/p>\n<p>&nbsp;<\/p>\n<p><b>En Colombia<\/b>, en la <b>IX Semana T\u00e9cnica de Geolog\u00eda e Ingenier\u00eda Geol\u00f3gica<\/b>, <b>XIV Congreso Colombiano y Latinoamericano de Geolog\u00eda,<\/b> y en el <b>VI Congreso Colombiano de Bot\u00e1nica<\/b>.<\/p>\n<p>&nbsp;<\/p>\n<p><b>Este a\u00f1o<\/b> <b>se presentar\u00e1n trabajos<\/b> en el <b>VIII Simposio Sudamericano de Geolog\u00eda Isot\u00f3pica<\/b> (SSAGI) (Colombia), <b>Simposio Bolivariano de Exploraci\u00f3n Petrolera en las Cuencas Subandinas<\/b> (Colombia), en el <b>XIII Congreso Internacional de Palinolog\u00eda<\/b> y en la <b>IX Conferencia Internacional de Paleobot\u00e1nica IPC-IOPC<\/b> (Jap\u00f3n).<\/p>\n<p>&nbsp;<\/p>\n<p><b>Actualmente<\/b> <b>se adelantan convenios<\/b> con <b>instituciones internacionales<\/b> como las <b>universidades de Salamanca<\/b> (Espa\u00f1a), <b>Florida<\/b> (Estados Unidos), <b>Aut\u00f3noma de M\u00e9xico<\/b> y el <b>Instituto Smithsonian de<\/b><\/p>\n<p><b>Investigaciones Tropicales-STRI<\/b> (Panam\u00e1-USA).<\/p>\n<p>&nbsp;<\/p>\n<p><b>Sobre el convenio<br \/>\nANH y Colciencias aportaron $1 mil 500 millones<\/b> y la <b>U. de Caldas aport\u00f3 $500 millones<\/b>, adem\u00e1s de <b>unos mil metros cuadrados<\/b>, <b>dotados<\/b> de todas las <b>facilidades<\/b> para <b>instalar<\/b> los <b>equipos<\/b> y la <b>permanencia<\/b> de los <b>estudiantes e investigadores<\/b>.<\/p>\n<p>&nbsp;<\/p>\n<p><b>Impresiones<\/b><\/p>\n<p><b>Nydia Amparo Piragauta Camargo,<\/b> <b>Coordinadora del \u00c1rea de Ciencias de la Tierra de Colciencias<\/b><\/p>\n<p>Buscamos fortalecer las geociencias desde la academia. Esta es una de las instituciones que se present\u00f3 a la convocatoria y ha tenido excelentes resultados.<\/p>\n<p>&nbsp;<\/p>\n<p><b>Alejandra Eugenia Mej\u00eda Molina,<\/b> <b>Doctora en Geolog\u00eda de la U. de Salamanca (Espa\u00f1a) y miembro de la Agencia Nacional de Hidrocarburos (ANH)<\/b><\/p>\n<p>Los resultados son estupendos y es un orgullo para la U. de Caldas que con los recursos de la ANH se hayan logrado tantas cosas: no s\u00f3lo la consolidaci\u00f3n del\u00a0 Instituto de Investigaciones en Estratigraf\u00eda (Iies), sino la diversificaci\u00f3n en diferentes l\u00edneas y procesos complejos. Este es un motivo de orgullo y felicitaci\u00f3n.<\/p>\n<p>&nbsp;<\/p>\n<p><a href=\"http:\/\/www.facebook.com\/media\/set\/?set=a.387047134690491.88505.107054166023124&amp;type=3\" target=\"_blank\">Conozca im\u00e1genes de la culminaci\u00f3n del convenio de la U. de Caldas, Agencia Nacional de Hidrocarburos (ANH) y Colciencias<\/a><\/p>\n<p>&nbsp;<\/p>\n<p><b>Informes:<\/b> Iies, tel\u00e9fono 878 15 00, extensi\u00f3n 12 676.<\/p>\n","protected":false},"excerpt":{"rendered":"<p>Durante dos a\u00f1os se afianz\u00f3 infraestructura y formaci\u00f3n en recursos humanos 10\/07\/2012 Redacci\u00f3n: Margarita Mar\u00eda Laverde Galvis &nbsp; &nbsp; Foto: Guillermo Sarmiento Estrada\/ Prensa U. de Caldas. La Universidad de Caldas, Agencia Nacional de Hidrocarburos (ANH) y Colciencias culminaron su convenio interinstitucional, que durante dos a\u00f1os consisti\u00f3 en fortalecer las universidades en infraestructura y capacidades [&hellip;]<\/p>\n","protected":false},"author":2,"featured_media":0,"comment_status":"closed","ping_status":"closed","sticky":false,"template":"","format":"standard","meta":{"footnotes":""},"categories":[48,53],"tags":[],"class_list":["post-13364","post","type-post","status-publish","format-standard","hentry","category-actualidad","category-universidad-al-dia"],"yoast_head":"<!-- This site is optimized with the Yoast SEO plugin v27.5 - https:\/\/yoast.com\/product\/yoast-seo-wordpress\/ -->\n<title>Convenio U. de Caldas, ANH y Colciencias fortaleci\u00f3 investigaci\u00f3n en Instituci\u00f3n .<\/title>\n<meta name=\"robots\" content=\"index, follow, max-snippet:-1, max-image-preview:large, max-video-preview:-1\" \/>\n<link rel=\"canonical\" href=\"https:\/\/www.ucaldas.edu.co\/portal\/convenio-u-de-caldas-anh-y-colciencias-fortalecio-investigacion-en-institucion\/\" \/>\n<script type=\"application\/ld+json\" class=\"yoast-schema-graph\">{\"@context\":\"https:\\\/\\\/schema.org\",\"@graph\":[{\"@type\":\"Article\",\"@id\":\"https:\\\/\\\/www.ucaldas.edu.co\\\/portal\\\/convenio-u-de-caldas-anh-y-colciencias-fortalecio-investigacion-en-institucion\\\/#article\",\"isPartOf\":{\"@id\":\"https:\\\/\\\/www.ucaldas.edu.co\\\/portal\\\/convenio-u-de-caldas-anh-y-colciencias-fortalecio-investigacion-en-institucion\\\/\"},\"author\":{\"name\":\"ofiprensa\",\"@id\":\"https:\\\/\\\/www.ucaldas.edu.co\\\/portal\\\/#\\\/schema\\\/person\\\/a1b482e23449158b4bc319926c074fdf\"},\"headline\":\"Convenio U. de Caldas, ANH y Colciencias fortaleci\u00f3 investigaci\u00f3n en Instituci\u00f3n\",\"datePublished\":\"2012-07-10T18:34:11+00:00\",\"mainEntityOfPage\":{\"@id\":\"https:\\\/\\\/www.ucaldas.edu.co\\\/portal\\\/convenio-u-de-caldas-anh-y-colciencias-fortalecio-investigacion-en-institucion\\\/\"},\"wordCount\":703,\"publisher\":{\"@id\":\"https:\\\/\\\/www.ucaldas.edu.co\\\/portal\\\/#organization\"},\"image\":{\"@id\":\"https:\\\/\\\/www.ucaldas.edu.co\\\/portal\\\/convenio-u-de-caldas-anh-y-colciencias-fortalecio-investigacion-en-institucion\\\/#primaryimage\"},\"thumbnailUrl\":\"http:\\\/\\\/www.ucaldas.edu.co\\\/images\\\/tmp\\\/culminacion_convenio_anh_2012.jpg\",\"articleSection\":[\"Actualidad\",\"Universidad al D\u00eda\"],\"inLanguage\":\"es\"},{\"@type\":\"WebPage\",\"@id\":\"https:\\\/\\\/www.ucaldas.edu.co\\\/portal\\\/convenio-u-de-caldas-anh-y-colciencias-fortalecio-investigacion-en-institucion\\\/\",\"url\":\"https:\\\/\\\/www.ucaldas.edu.co\\\/portal\\\/convenio-u-de-caldas-anh-y-colciencias-fortalecio-investigacion-en-institucion\\\/\",\"name\":\"Convenio U. de Caldas, ANH y Colciencias fortaleci\u00f3 investigaci\u00f3n en Instituci\u00f3n .\",\"isPartOf\":{\"@id\":\"https:\\\/\\\/www.ucaldas.edu.co\\\/portal\\\/#website\"},\"primaryImageOfPage\":{\"@id\":\"https:\\\/\\\/www.ucaldas.edu.co\\\/portal\\\/convenio-u-de-caldas-anh-y-colciencias-fortalecio-investigacion-en-institucion\\\/#primaryimage\"},\"image\":{\"@id\":\"https:\\\/\\\/www.ucaldas.edu.co\\\/portal\\\/convenio-u-de-caldas-anh-y-colciencias-fortalecio-investigacion-en-institucion\\\/#primaryimage\"},\"thumbnailUrl\":\"http:\\\/\\\/www.ucaldas.edu.co\\\/images\\\/tmp\\\/culminacion_convenio_anh_2012.jpg\",\"datePublished\":\"2012-07-10T18:34:11+00:00\",\"breadcrumb\":{\"@id\":\"https:\\\/\\\/www.ucaldas.edu.co\\\/portal\\\/convenio-u-de-caldas-anh-y-colciencias-fortalecio-investigacion-en-institucion\\\/#breadcrumb\"},\"inLanguage\":\"es\",\"potentialAction\":[{\"@type\":\"ReadAction\",\"target\":[\"https:\\\/\\\/www.ucaldas.edu.co\\\/portal\\\/convenio-u-de-caldas-anh-y-colciencias-fortalecio-investigacion-en-institucion\\\/\"]}]},{\"@type\":\"ImageObject\",\"inLanguage\":\"es\",\"@id\":\"https:\\\/\\\/www.ucaldas.edu.co\\\/portal\\\/convenio-u-de-caldas-anh-y-colciencias-fortalecio-investigacion-en-institucion\\\/#primaryimage\",\"url\":\"http:\\\/\\\/www.ucaldas.edu.co\\\/images\\\/tmp\\\/culminacion_convenio_anh_2012.jpg\",\"contentUrl\":\"http:\\\/\\\/www.ucaldas.edu.co\\\/images\\\/tmp\\\/culminacion_convenio_anh_2012.jpg\"},{\"@type\":\"BreadcrumbList\",\"@id\":\"https:\\\/\\\/www.ucaldas.edu.co\\\/portal\\\/convenio-u-de-caldas-anh-y-colciencias-fortalecio-investigacion-en-institucion\\\/#breadcrumb\",\"itemListElement\":[{\"@type\":\"ListItem\",\"position\":1,\"name\":\"Portada\",\"item\":\"https:\\\/\\\/www.ucaldas.edu.co\\\/portal\\\/\"},{\"@type\":\"ListItem\",\"position\":2,\"name\":\"Convenio U. de Caldas, ANH y Colciencias fortaleci\u00f3 investigaci\u00f3n en Instituci\u00f3n\"}]},{\"@type\":\"WebSite\",\"@id\":\"https:\\\/\\\/www.ucaldas.edu.co\\\/portal\\\/#website\",\"url\":\"https:\\\/\\\/www.ucaldas.edu.co\\\/portal\\\/\",\"name\":\"Universidad de Caldas\",\"description\":\"\",\"publisher\":{\"@id\":\"https:\\\/\\\/www.ucaldas.edu.co\\\/portal\\\/#organization\"},\"alternateName\":\"U. de Caldas\",\"potentialAction\":[{\"@type\":\"SearchAction\",\"target\":{\"@type\":\"EntryPoint\",\"urlTemplate\":\"https:\\\/\\\/www.ucaldas.edu.co\\\/portal\\\/?s={search_term_string}\"},\"query-input\":{\"@type\":\"PropertyValueSpecification\",\"valueRequired\":true,\"valueName\":\"search_term_string\"}}],\"inLanguage\":\"es\"},{\"@type\":\"Organization\",\"@id\":\"https:\\\/\\\/www.ucaldas.edu.co\\\/portal\\\/#organization\",\"name\":\"Universidad de Caldas\",\"alternateName\":\"U. de Caldas\",\"url\":\"https:\\\/\\\/www.ucaldas.edu.co\\\/portal\\\/\",\"logo\":{\"@type\":\"ImageObject\",\"inLanguage\":\"es\",\"@id\":\"https:\\\/\\\/www.ucaldas.edu.co\\\/portal\\\/#\\\/schema\\\/logo\\\/image\\\/\",\"url\":\"https:\\\/\\\/www.ucaldas.edu.co\\\/portal\\\/wp-content\\\/uploads\\\/2023\\\/11\\\/Logo_horizontal_oscuroU-2023.png\",\"contentUrl\":\"https:\\\/\\\/www.ucaldas.edu.co\\\/portal\\\/wp-content\\\/uploads\\\/2023\\\/11\\\/Logo_horizontal_oscuroU-2023.png\",\"width\":263,\"height\":101,\"caption\":\"Universidad de Caldas\"},\"image\":{\"@id\":\"https:\\\/\\\/www.ucaldas.edu.co\\\/portal\\\/#\\\/schema\\\/logo\\\/image\\\/\"},\"sameAs\":[\"https:\\\/\\\/www.facebook.com\\\/udecaldas\",\"https:\\\/\\\/x.com\\\/udecaldas\",\"https:\\\/\\\/www.youtube.com\\\/universidadcaldas\",\"https:\\\/\\\/www.instagram.com\\\/udecaldas\\\/\"]},{\"@type\":\"Person\",\"@id\":\"https:\\\/\\\/www.ucaldas.edu.co\\\/portal\\\/#\\\/schema\\\/person\\\/a1b482e23449158b4bc319926c074fdf\",\"name\":\"ofiprensa\",\"image\":{\"@type\":\"ImageObject\",\"inLanguage\":\"es\",\"@id\":\"https:\\\/\\\/www.ucaldas.edu.co\\\/portal\\\/wp-content\\\/litespeed\\\/avatar\\\/09ea5085e600095a7a811142c6944527.jpg?ver=1777497608\",\"url\":\"https:\\\/\\\/www.ucaldas.edu.co\\\/portal\\\/wp-content\\\/litespeed\\\/avatar\\\/09ea5085e600095a7a811142c6944527.jpg?ver=1777497608\",\"contentUrl\":\"https:\\\/\\\/www.ucaldas.edu.co\\\/portal\\\/wp-content\\\/litespeed\\\/avatar\\\/09ea5085e600095a7a811142c6944527.jpg?ver=1777497608\",\"caption\":\"ofiprensa\"},\"url\":\"https:\\\/\\\/www.ucaldas.edu.co\\\/portal\\\/author\\\/ofiprensa\\\/\"}]}<\/script>\n<!-- \/ Yoast SEO plugin. -->","yoast_head_json":{"title":"Convenio U. de Caldas, ANH y Colciencias fortaleci\u00f3 investigaci\u00f3n en Instituci\u00f3n .","robots":{"index":"index","follow":"follow","max-snippet":"max-snippet:-1","max-image-preview":"max-image-preview:large","max-video-preview":"max-video-preview:-1"},"canonical":"https:\/\/www.ucaldas.edu.co\/portal\/convenio-u-de-caldas-anh-y-colciencias-fortalecio-investigacion-en-institucion\/","schema":{"@context":"https:\/\/schema.org","@graph":[{"@type":"Article","@id":"https:\/\/www.ucaldas.edu.co\/portal\/convenio-u-de-caldas-anh-y-colciencias-fortalecio-investigacion-en-institucion\/#article","isPartOf":{"@id":"https:\/\/www.ucaldas.edu.co\/portal\/convenio-u-de-caldas-anh-y-colciencias-fortalecio-investigacion-en-institucion\/"},"author":{"name":"ofiprensa","@id":"https:\/\/www.ucaldas.edu.co\/portal\/#\/schema\/person\/a1b482e23449158b4bc319926c074fdf"},"headline":"Convenio U. de Caldas, ANH y Colciencias fortaleci\u00f3 investigaci\u00f3n en Instituci\u00f3n","datePublished":"2012-07-10T18:34:11+00:00","mainEntityOfPage":{"@id":"https:\/\/www.ucaldas.edu.co\/portal\/convenio-u-de-caldas-anh-y-colciencias-fortalecio-investigacion-en-institucion\/"},"wordCount":703,"publisher":{"@id":"https:\/\/www.ucaldas.edu.co\/portal\/#organization"},"image":{"@id":"https:\/\/www.ucaldas.edu.co\/portal\/convenio-u-de-caldas-anh-y-colciencias-fortalecio-investigacion-en-institucion\/#primaryimage"},"thumbnailUrl":"http:\/\/www.ucaldas.edu.co\/images\/tmp\/culminacion_convenio_anh_2012.jpg","articleSection":["Actualidad","Universidad al D\u00eda"],"inLanguage":"es"},{"@type":"WebPage","@id":"https:\/\/www.ucaldas.edu.co\/portal\/convenio-u-de-caldas-anh-y-colciencias-fortalecio-investigacion-en-institucion\/","url":"https:\/\/www.ucaldas.edu.co\/portal\/convenio-u-de-caldas-anh-y-colciencias-fortalecio-investigacion-en-institucion\/","name":"Convenio U. de Caldas, ANH y Colciencias fortaleci\u00f3 investigaci\u00f3n en Instituci\u00f3n .","isPartOf":{"@id":"https:\/\/www.ucaldas.edu.co\/portal\/#website"},"primaryImageOfPage":{"@id":"https:\/\/www.ucaldas.edu.co\/portal\/convenio-u-de-caldas-anh-y-colciencias-fortalecio-investigacion-en-institucion\/#primaryimage"},"image":{"@id":"https:\/\/www.ucaldas.edu.co\/portal\/convenio-u-de-caldas-anh-y-colciencias-fortalecio-investigacion-en-institucion\/#primaryimage"},"thumbnailUrl":"http:\/\/www.ucaldas.edu.co\/images\/tmp\/culminacion_convenio_anh_2012.jpg","datePublished":"2012-07-10T18:34:11+00:00","breadcrumb":{"@id":"https:\/\/www.ucaldas.edu.co\/portal\/convenio-u-de-caldas-anh-y-colciencias-fortalecio-investigacion-en-institucion\/#breadcrumb"},"inLanguage":"es","potentialAction":[{"@type":"ReadAction","target":["https:\/\/www.ucaldas.edu.co\/portal\/convenio-u-de-caldas-anh-y-colciencias-fortalecio-investigacion-en-institucion\/"]}]},{"@type":"ImageObject","inLanguage":"es","@id":"https:\/\/www.ucaldas.edu.co\/portal\/convenio-u-de-caldas-anh-y-colciencias-fortalecio-investigacion-en-institucion\/#primaryimage","url":"http:\/\/www.ucaldas.edu.co\/images\/tmp\/culminacion_convenio_anh_2012.jpg","contentUrl":"http:\/\/www.ucaldas.edu.co\/images\/tmp\/culminacion_convenio_anh_2012.jpg"},{"@type":"BreadcrumbList","@id":"https:\/\/www.ucaldas.edu.co\/portal\/convenio-u-de-caldas-anh-y-colciencias-fortalecio-investigacion-en-institucion\/#breadcrumb","itemListElement":[{"@type":"ListItem","position":1,"name":"Portada","item":"https:\/\/www.ucaldas.edu.co\/portal\/"},{"@type":"ListItem","position":2,"name":"Convenio U. de Caldas, ANH y Colciencias fortaleci\u00f3 investigaci\u00f3n en Instituci\u00f3n"}]},{"@type":"WebSite","@id":"https:\/\/www.ucaldas.edu.co\/portal\/#website","url":"https:\/\/www.ucaldas.edu.co\/portal\/","name":"Universidad de Caldas","description":"","publisher":{"@id":"https:\/\/www.ucaldas.edu.co\/portal\/#organization"},"alternateName":"U. de Caldas","potentialAction":[{"@type":"SearchAction","target":{"@type":"EntryPoint","urlTemplate":"https:\/\/www.ucaldas.edu.co\/portal\/?s={search_term_string}"},"query-input":{"@type":"PropertyValueSpecification","valueRequired":true,"valueName":"search_term_string"}}],"inLanguage":"es"},{"@type":"Organization","@id":"https:\/\/www.ucaldas.edu.co\/portal\/#organization","name":"Universidad de Caldas","alternateName":"U. de Caldas","url":"https:\/\/www.ucaldas.edu.co\/portal\/","logo":{"@type":"ImageObject","inLanguage":"es","@id":"https:\/\/www.ucaldas.edu.co\/portal\/#\/schema\/logo\/image\/","url":"https:\/\/www.ucaldas.edu.co\/portal\/wp-content\/uploads\/2023\/11\/Logo_horizontal_oscuroU-2023.png","contentUrl":"https:\/\/www.ucaldas.edu.co\/portal\/wp-content\/uploads\/2023\/11\/Logo_horizontal_oscuroU-2023.png","width":263,"height":101,"caption":"Universidad de Caldas"},"image":{"@id":"https:\/\/www.ucaldas.edu.co\/portal\/#\/schema\/logo\/image\/"},"sameAs":["https:\/\/www.facebook.com\/udecaldas","https:\/\/x.com\/udecaldas","https:\/\/www.youtube.com\/universidadcaldas","https:\/\/www.instagram.com\/udecaldas\/"]},{"@type":"Person","@id":"https:\/\/www.ucaldas.edu.co\/portal\/#\/schema\/person\/a1b482e23449158b4bc319926c074fdf","name":"ofiprensa","image":{"@type":"ImageObject","inLanguage":"es","@id":"https:\/\/www.ucaldas.edu.co\/portal\/wp-content\/litespeed\/avatar\/09ea5085e600095a7a811142c6944527.jpg?ver=1777497608","url":"https:\/\/www.ucaldas.edu.co\/portal\/wp-content\/litespeed\/avatar\/09ea5085e600095a7a811142c6944527.jpg?ver=1777497608","contentUrl":"https:\/\/www.ucaldas.edu.co\/portal\/wp-content\/litespeed\/avatar\/09ea5085e600095a7a811142c6944527.jpg?ver=1777497608","caption":"ofiprensa"},"url":"https:\/\/www.ucaldas.edu.co\/portal\/author\/ofiprensa\/"}]}},"_links":{"self":[{"href":"https:\/\/www.ucaldas.edu.co\/portal\/wp-json\/wp\/v2\/posts\/13364","targetHints":{"allow":["GET"]}}],"collection":[{"href":"https:\/\/www.ucaldas.edu.co\/portal\/wp-json\/wp\/v2\/posts"}],"about":[{"href":"https:\/\/www.ucaldas.edu.co\/portal\/wp-json\/wp\/v2\/types\/post"}],"author":[{"embeddable":true,"href":"https:\/\/www.ucaldas.edu.co\/portal\/wp-json\/wp\/v2\/users\/2"}],"replies":[{"embeddable":true,"href":"https:\/\/www.ucaldas.edu.co\/portal\/wp-json\/wp\/v2\/comments?post=13364"}],"version-history":[{"count":0,"href":"https:\/\/www.ucaldas.edu.co\/portal\/wp-json\/wp\/v2\/posts\/13364\/revisions"}],"wp:attachment":[{"href":"https:\/\/www.ucaldas.edu.co\/portal\/wp-json\/wp\/v2\/media?parent=13364"}],"wp:term":[{"taxonomy":"category","embeddable":true,"href":"https:\/\/www.ucaldas.edu.co\/portal\/wp-json\/wp\/v2\/categories?post=13364"},{"taxonomy":"post_tag","embeddable":true,"href":"https:\/\/www.ucaldas.edu.co\/portal\/wp-json\/wp\/v2\/tags?post=13364"}],"curies":[{"name":"wp","href":"https:\/\/api.w.org\/{rel}","templated":true}]}}