{"id":13362,"date":"2012-07-10T13:33:25","date_gmt":"2012-07-10T18:33:25","guid":{"rendered":"https:\/\/www.ucaldas.edu.co\/portal\/?p=13362"},"modified":"2012-07-10T13:33:25","modified_gmt":"2012-07-10T18:33:25","slug":"con-manizales-mas-la-ciudad-busca-nuevo-enfoque-integral-de-generacion-de-empresas","status":"publish","type":"post","link":"https:\/\/www.ucaldas.edu.co\/portal\/con-manizales-mas-la-ciudad-busca-nuevo-enfoque-integral-de-generacion-de-empresas\/","title":{"rendered":"Con Manizales M\u00e1s la ciudad busca nuevo enfoque integral de generaci\u00f3n de empresas"},"content":{"rendered":"<p align=\"center\">Cree, crea, crece: eslogan de la iniciativa<\/p>\n<hr \/>\n<p align=\"right\">\n<p align=\"right\">10\/07\/2012<br \/>\nRedacci\u00f3n: Margarita Mar\u00eda Laverde Galvis<\/p>\n<p>&nbsp;<\/p>\n<table border=\"0\">\n<tbody>\n<tr>\n<td>&nbsp;<\/p>\n<p><img loading=\"lazy\" decoding=\"async\" style=\"border: 0px\" title=\"Manizales M\u00e1s\" alt=\"Manizales M\u00e1s\" src=\"http:\/\/www.ucaldas.edu.co\/images\/tmp\/presentacion_manizales_mas_2012.jpg\" width=\"240\" height=\"150\" border=\"0\" \/><\/p>\n<h4>Foto: Guillermo Sarmiento Estrada\/ Prensa U. de Caldas.<\/h4>\n<\/td>\n<td><b>Cambiar la actitud de Manizales<\/b> y <b>sus resultados frente<\/b> al tema de <b>creaci\u00f3n de empresa<\/b> es la <b>meta<\/b> de la iniciativa <b>Manizales M\u00e1s, <\/b>que <b>se socializ\u00f3<\/b> <b>con<\/b> los <b>medios de comunicaci\u00f3n<\/b> de la ciudad, este <b>martes 10<\/b> de <b>julio<\/b> del 2012.<\/td>\n<\/tr>\n<\/tbody>\n<\/table>\n<p>&nbsp;<\/p>\n<p><b>\u00a0<\/b><\/p>\n<p>El <b>lanzamiento<\/b> de la <b>iniciativa<\/b> ser\u00e1 el <b>mi\u00e9rcoles 18<\/b> de <b>julio<\/b> del 2012, <b>a las 3:30 p.m.<\/b> en la <b>calle contigua a El Cable<\/b>. <b>Se lanzar\u00e1n 1.000 globos de helio<\/b> como <b>s\u00edmbolo<\/b> de lo <b>alto<\/b> <b>que se quiere llegar<\/b> <b>como ciudad<\/b>, <b>en<\/b> el tema de <b>emprendimiento<\/b>.<\/p>\n<p>&nbsp;<\/p>\n<p>Marcela Escobar Arango,<b> Directora de Manizales M\u00e1s, <\/b>coment\u00f3: \u201cbuscamos lograr tener empresas m\u00e1s fuertes, que crecen y tienen una visi\u00f3n internacional en sus mercados. Es realmente cambiar la forma como hacemos empresa en la ciudad\u201d.<\/p>\n<p>&nbsp;<\/p>\n<p><b>Tutor\u00eda <\/b><\/p>\n<p>La <b>mejor universidad del mundo en emprendimiento<\/b>, <b>Babson College (Boston, USA), <\/b>ser\u00e1 la <b>tutora de la alianza<\/b>, <b>conformada<\/b> por el <b>Sistema Universitario de Manizales<\/b> (Suma), <b>del que hace<\/b> <b>parte<\/b> la <b>Universidad de Caldas<\/b>; <b>Fundaci\u00f3n Luker<\/b>; <b>Alcald\u00eda de Manizales<\/b>; <b>C\u00e1mara de Comercio de Manizales<\/b>; <b>Red de Emprendimiento de Caldas<\/b>; <b>Parquesoft e Incubar.<\/b><\/p>\n<p>&nbsp;<\/p>\n<p>Se trata de una <b>inversi\u00f3n de $18 mil millones, <\/b>con la que<b> durante tres a\u00f1os se capacitar\u00e1n a 70 profesores<\/b> y <b>se afianzar\u00e1n 12 empresas<\/b> <b>emprendedoras de alto impacto<\/b>.<\/p>\n<p>&nbsp;<\/p>\n<p><b>Sinergia<\/b><\/p>\n<p><b>Alcalde de Manizales, Jorge Eduardo Rojas Giraldo<\/b><\/p>\n<p>Hoy presentamos en sociedad este proyecto, el sue\u00f1o de emprendimiento de alto impacto de la ciudad. Es un ejemplo de la alianza de las empresas p\u00fablicas, privadas y de la academia. Nos hemos unido para sacar adelante esta iniciativa.<\/p>\n<p>&nbsp;<\/p>\n<p><b>Ana Mar\u00eda Gonz\u00e1lez de Londo\u00f1o, Gerente de la Fundaci\u00f3n Luker<\/b><\/p>\n<p>La Fundaci\u00f3n Luker puso una idea sobre la mesa con unos actores de ciudad, en Manizales, en donde creemos profundamente como instituci\u00f3n. Pensamos que la marea para la ciudad va a ser favorable en t\u00e9rminos de creaci\u00f3n de emprendimiento. Nos sentimos muy orgullosos de estar en Manizales, porque sentimos que la respuesta de los actores es la que se necesita.<\/p>\n<p>&nbsp;<\/p>\n<p><b>Gabriel Cadena G\u00f3mez, Rector de la Universidad Aut\u00f3noma de Manizales (UAM)<\/b><\/p>\n<p>Queremos influir sobre la actitud, mentalidad, conocimiento y capacidad de los habitantes de Manizales, empezando por los estudiantes universitarios, para que crean en s\u00ed mismos, en la ciudad, y sean capaces de generar empresas con responsabilidad social y ambiental.<\/p>\n<p>&nbsp;<\/p>\n<p><a href=\"http:\/\/www.facebook.com\/media\/set\/?set=a.386993074695897.88477.107054166023124&amp;type=3\" target=\"_blank\">Conozca im\u00e1genes de reuni\u00f3n del Proyecto Manizales M\u00e1s, con medios de comunicaci\u00f3n de Manizales<\/a><\/p>\n<p>&nbsp;<\/p>\n<p><b>Informes: <\/b>con Carlos Eduardo Garc\u00eda Cort\u00e9s, Jefe de Prensa de U. de Caldas y asesor en comunicaciones de Manizales M\u00e1s, en el tel\u00e9fono 878 15 03 o en el celular 315 585 13 22.<\/p>\n","protected":false},"excerpt":{"rendered":"<p>Cree, crea, crece: eslogan de la iniciativa 10\/07\/2012 Redacci\u00f3n: Margarita Mar\u00eda Laverde Galvis &nbsp; &nbsp; Foto: Guillermo Sarmiento Estrada\/ Prensa U. de Caldas. Cambiar la actitud de Manizales y sus resultados frente al tema de creaci\u00f3n de empresa es la meta de la iniciativa Manizales M\u00e1s, que se socializ\u00f3 con los medios de comunicaci\u00f3n de [&hellip;]<\/p>\n","protected":false},"author":2,"featured_media":0,"comment_status":"closed","ping_status":"closed","sticky":false,"template":"","format":"standard","meta":{"footnotes":""},"categories":[48,53],"tags":[],"class_list":["post-13362","post","type-post","status-publish","format-standard","hentry","category-actualidad","category-universidad-al-dia"],"yoast_head":"<!-- This site is optimized with the Yoast SEO plugin v27.5 - https:\/\/yoast.com\/product\/yoast-seo-wordpress\/ -->\n<title>Con Manizales M\u00e1s la ciudad busca nuevo enfoque integral de generaci\u00f3n de empresas .<\/title>\n<meta name=\"robots\" content=\"index, follow, max-snippet:-1, max-image-preview:large, max-video-preview:-1\" \/>\n<link rel=\"canonical\" href=\"https:\/\/www.ucaldas.edu.co\/portal\/con-manizales-mas-la-ciudad-busca-nuevo-enfoque-integral-de-generacion-de-empresas\/\" \/>\n<script type=\"application\/ld+json\" class=\"yoast-schema-graph\">{\"@context\":\"https:\\\/\\\/schema.org\",\"@graph\":[{\"@type\":\"Article\",\"@id\":\"https:\\\/\\\/www.ucaldas.edu.co\\\/portal\\\/con-manizales-mas-la-ciudad-busca-nuevo-enfoque-integral-de-generacion-de-empresas\\\/#article\",\"isPartOf\":{\"@id\":\"https:\\\/\\\/www.ucaldas.edu.co\\\/portal\\\/con-manizales-mas-la-ciudad-busca-nuevo-enfoque-integral-de-generacion-de-empresas\\\/\"},\"author\":{\"name\":\"ofiprensa\",\"@id\":\"https:\\\/\\\/www.ucaldas.edu.co\\\/portal\\\/#\\\/schema\\\/person\\\/a1b482e23449158b4bc319926c074fdf\"},\"headline\":\"Con Manizales M\u00e1s la ciudad busca nuevo enfoque integral de generaci\u00f3n de empresas\",\"datePublished\":\"2012-07-10T18:33:25+00:00\",\"mainEntityOfPage\":{\"@id\":\"https:\\\/\\\/www.ucaldas.edu.co\\\/portal\\\/con-manizales-mas-la-ciudad-busca-nuevo-enfoque-integral-de-generacion-de-empresas\\\/\"},\"wordCount\":488,\"publisher\":{\"@id\":\"https:\\\/\\\/www.ucaldas.edu.co\\\/portal\\\/#organization\"},\"image\":{\"@id\":\"https:\\\/\\\/www.ucaldas.edu.co\\\/portal\\\/con-manizales-mas-la-ciudad-busca-nuevo-enfoque-integral-de-generacion-de-empresas\\\/#primaryimage\"},\"thumbnailUrl\":\"http:\\\/\\\/www.ucaldas.edu.co\\\/images\\\/tmp\\\/presentacion_manizales_mas_2012.jpg\",\"articleSection\":[\"Actualidad\",\"Universidad al D\u00eda\"],\"inLanguage\":\"es\"},{\"@type\":\"WebPage\",\"@id\":\"https:\\\/\\\/www.ucaldas.edu.co\\\/portal\\\/con-manizales-mas-la-ciudad-busca-nuevo-enfoque-integral-de-generacion-de-empresas\\\/\",\"url\":\"https:\\\/\\\/www.ucaldas.edu.co\\\/portal\\\/con-manizales-mas-la-ciudad-busca-nuevo-enfoque-integral-de-generacion-de-empresas\\\/\",\"name\":\"Con Manizales M\u00e1s la ciudad busca nuevo enfoque integral de generaci\u00f3n de empresas .\",\"isPartOf\":{\"@id\":\"https:\\\/\\\/www.ucaldas.edu.co\\\/portal\\\/#website\"},\"primaryImageOfPage\":{\"@id\":\"https:\\\/\\\/www.ucaldas.edu.co\\\/portal\\\/con-manizales-mas-la-ciudad-busca-nuevo-enfoque-integral-de-generacion-de-empresas\\\/#primaryimage\"},\"image\":{\"@id\":\"https:\\\/\\\/www.ucaldas.edu.co\\\/portal\\\/con-manizales-mas-la-ciudad-busca-nuevo-enfoque-integral-de-generacion-de-empresas\\\/#primaryimage\"},\"thumbnailUrl\":\"http:\\\/\\\/www.ucaldas.edu.co\\\/images\\\/tmp\\\/presentacion_manizales_mas_2012.jpg\",\"datePublished\":\"2012-07-10T18:33:25+00:00\",\"breadcrumb\":{\"@id\":\"https:\\\/\\\/www.ucaldas.edu.co\\\/portal\\\/con-manizales-mas-la-ciudad-busca-nuevo-enfoque-integral-de-generacion-de-empresas\\\/#breadcrumb\"},\"inLanguage\":\"es\",\"potentialAction\":[{\"@type\":\"ReadAction\",\"target\":[\"https:\\\/\\\/www.ucaldas.edu.co\\\/portal\\\/con-manizales-mas-la-ciudad-busca-nuevo-enfoque-integral-de-generacion-de-empresas\\\/\"]}]},{\"@type\":\"ImageObject\",\"inLanguage\":\"es\",\"@id\":\"https:\\\/\\\/www.ucaldas.edu.co\\\/portal\\\/con-manizales-mas-la-ciudad-busca-nuevo-enfoque-integral-de-generacion-de-empresas\\\/#primaryimage\",\"url\":\"http:\\\/\\\/www.ucaldas.edu.co\\\/images\\\/tmp\\\/presentacion_manizales_mas_2012.jpg\",\"contentUrl\":\"http:\\\/\\\/www.ucaldas.edu.co\\\/images\\\/tmp\\\/presentacion_manizales_mas_2012.jpg\"},{\"@type\":\"BreadcrumbList\",\"@id\":\"https:\\\/\\\/www.ucaldas.edu.co\\\/portal\\\/con-manizales-mas-la-ciudad-busca-nuevo-enfoque-integral-de-generacion-de-empresas\\\/#breadcrumb\",\"itemListElement\":[{\"@type\":\"ListItem\",\"position\":1,\"name\":\"Portada\",\"item\":\"https:\\\/\\\/www.ucaldas.edu.co\\\/portal\\\/\"},{\"@type\":\"ListItem\",\"position\":2,\"name\":\"Con Manizales M\u00e1s la ciudad busca nuevo enfoque integral de generaci\u00f3n de empresas\"}]},{\"@type\":\"WebSite\",\"@id\":\"https:\\\/\\\/www.ucaldas.edu.co\\\/portal\\\/#website\",\"url\":\"https:\\\/\\\/www.ucaldas.edu.co\\\/portal\\\/\",\"name\":\"Universidad de Caldas\",\"description\":\"\",\"publisher\":{\"@id\":\"https:\\\/\\\/www.ucaldas.edu.co\\\/portal\\\/#organization\"},\"alternateName\":\"U. de Caldas\",\"potentialAction\":[{\"@type\":\"SearchAction\",\"target\":{\"@type\":\"EntryPoint\",\"urlTemplate\":\"https:\\\/\\\/www.ucaldas.edu.co\\\/portal\\\/?s={search_term_string}\"},\"query-input\":{\"@type\":\"PropertyValueSpecification\",\"valueRequired\":true,\"valueName\":\"search_term_string\"}}],\"inLanguage\":\"es\"},{\"@type\":\"Organization\",\"@id\":\"https:\\\/\\\/www.ucaldas.edu.co\\\/portal\\\/#organization\",\"name\":\"Universidad de Caldas\",\"alternateName\":\"U. de Caldas\",\"url\":\"https:\\\/\\\/www.ucaldas.edu.co\\\/portal\\\/\",\"logo\":{\"@type\":\"ImageObject\",\"inLanguage\":\"es\",\"@id\":\"https:\\\/\\\/www.ucaldas.edu.co\\\/portal\\\/#\\\/schema\\\/logo\\\/image\\\/\",\"url\":\"https:\\\/\\\/www.ucaldas.edu.co\\\/portal\\\/wp-content\\\/uploads\\\/2023\\\/11\\\/Logo_horizontal_oscuroU-2023.png\",\"contentUrl\":\"https:\\\/\\\/www.ucaldas.edu.co\\\/portal\\\/wp-content\\\/uploads\\\/2023\\\/11\\\/Logo_horizontal_oscuroU-2023.png\",\"width\":263,\"height\":101,\"caption\":\"Universidad de Caldas\"},\"image\":{\"@id\":\"https:\\\/\\\/www.ucaldas.edu.co\\\/portal\\\/#\\\/schema\\\/logo\\\/image\\\/\"},\"sameAs\":[\"https:\\\/\\\/www.facebook.com\\\/udecaldas\",\"https:\\\/\\\/x.com\\\/udecaldas\",\"https:\\\/\\\/www.youtube.com\\\/universidadcaldas\",\"https:\\\/\\\/www.instagram.com\\\/udecaldas\\\/\"]},{\"@type\":\"Person\",\"@id\":\"https:\\\/\\\/www.ucaldas.edu.co\\\/portal\\\/#\\\/schema\\\/person\\\/a1b482e23449158b4bc319926c074fdf\",\"name\":\"ofiprensa\",\"image\":{\"@type\":\"ImageObject\",\"inLanguage\":\"es\",\"@id\":\"https:\\\/\\\/www.ucaldas.edu.co\\\/portal\\\/wp-content\\\/litespeed\\\/avatar\\\/09ea5085e600095a7a811142c6944527.jpg?ver=1777497608\",\"url\":\"https:\\\/\\\/www.ucaldas.edu.co\\\/portal\\\/wp-content\\\/litespeed\\\/avatar\\\/09ea5085e600095a7a811142c6944527.jpg?ver=1777497608\",\"contentUrl\":\"https:\\\/\\\/www.ucaldas.edu.co\\\/portal\\\/wp-content\\\/litespeed\\\/avatar\\\/09ea5085e600095a7a811142c6944527.jpg?ver=1777497608\",\"caption\":\"ofiprensa\"},\"url\":\"https:\\\/\\\/www.ucaldas.edu.co\\\/portal\\\/author\\\/ofiprensa\\\/\"}]}<\/script>\n<!-- \/ Yoast SEO plugin. -->","yoast_head_json":{"title":"Con Manizales M\u00e1s la ciudad busca nuevo enfoque integral de generaci\u00f3n de empresas .","robots":{"index":"index","follow":"follow","max-snippet":"max-snippet:-1","max-image-preview":"max-image-preview:large","max-video-preview":"max-video-preview:-1"},"canonical":"https:\/\/www.ucaldas.edu.co\/portal\/con-manizales-mas-la-ciudad-busca-nuevo-enfoque-integral-de-generacion-de-empresas\/","schema":{"@context":"https:\/\/schema.org","@graph":[{"@type":"Article","@id":"https:\/\/www.ucaldas.edu.co\/portal\/con-manizales-mas-la-ciudad-busca-nuevo-enfoque-integral-de-generacion-de-empresas\/#article","isPartOf":{"@id":"https:\/\/www.ucaldas.edu.co\/portal\/con-manizales-mas-la-ciudad-busca-nuevo-enfoque-integral-de-generacion-de-empresas\/"},"author":{"name":"ofiprensa","@id":"https:\/\/www.ucaldas.edu.co\/portal\/#\/schema\/person\/a1b482e23449158b4bc319926c074fdf"},"headline":"Con Manizales M\u00e1s la ciudad busca nuevo enfoque integral de generaci\u00f3n de empresas","datePublished":"2012-07-10T18:33:25+00:00","mainEntityOfPage":{"@id":"https:\/\/www.ucaldas.edu.co\/portal\/con-manizales-mas-la-ciudad-busca-nuevo-enfoque-integral-de-generacion-de-empresas\/"},"wordCount":488,"publisher":{"@id":"https:\/\/www.ucaldas.edu.co\/portal\/#organization"},"image":{"@id":"https:\/\/www.ucaldas.edu.co\/portal\/con-manizales-mas-la-ciudad-busca-nuevo-enfoque-integral-de-generacion-de-empresas\/#primaryimage"},"thumbnailUrl":"http:\/\/www.ucaldas.edu.co\/images\/tmp\/presentacion_manizales_mas_2012.jpg","articleSection":["Actualidad","Universidad al D\u00eda"],"inLanguage":"es"},{"@type":"WebPage","@id":"https:\/\/www.ucaldas.edu.co\/portal\/con-manizales-mas-la-ciudad-busca-nuevo-enfoque-integral-de-generacion-de-empresas\/","url":"https:\/\/www.ucaldas.edu.co\/portal\/con-manizales-mas-la-ciudad-busca-nuevo-enfoque-integral-de-generacion-de-empresas\/","name":"Con Manizales M\u00e1s la ciudad busca nuevo enfoque integral de generaci\u00f3n de empresas .","isPartOf":{"@id":"https:\/\/www.ucaldas.edu.co\/portal\/#website"},"primaryImageOfPage":{"@id":"https:\/\/www.ucaldas.edu.co\/portal\/con-manizales-mas-la-ciudad-busca-nuevo-enfoque-integral-de-generacion-de-empresas\/#primaryimage"},"image":{"@id":"https:\/\/www.ucaldas.edu.co\/portal\/con-manizales-mas-la-ciudad-busca-nuevo-enfoque-integral-de-generacion-de-empresas\/#primaryimage"},"thumbnailUrl":"http:\/\/www.ucaldas.edu.co\/images\/tmp\/presentacion_manizales_mas_2012.jpg","datePublished":"2012-07-10T18:33:25+00:00","breadcrumb":{"@id":"https:\/\/www.ucaldas.edu.co\/portal\/con-manizales-mas-la-ciudad-busca-nuevo-enfoque-integral-de-generacion-de-empresas\/#breadcrumb"},"inLanguage":"es","potentialAction":[{"@type":"ReadAction","target":["https:\/\/www.ucaldas.edu.co\/portal\/con-manizales-mas-la-ciudad-busca-nuevo-enfoque-integral-de-generacion-de-empresas\/"]}]},{"@type":"ImageObject","inLanguage":"es","@id":"https:\/\/www.ucaldas.edu.co\/portal\/con-manizales-mas-la-ciudad-busca-nuevo-enfoque-integral-de-generacion-de-empresas\/#primaryimage","url":"http:\/\/www.ucaldas.edu.co\/images\/tmp\/presentacion_manizales_mas_2012.jpg","contentUrl":"http:\/\/www.ucaldas.edu.co\/images\/tmp\/presentacion_manizales_mas_2012.jpg"},{"@type":"BreadcrumbList","@id":"https:\/\/www.ucaldas.edu.co\/portal\/con-manizales-mas-la-ciudad-busca-nuevo-enfoque-integral-de-generacion-de-empresas\/#breadcrumb","itemListElement":[{"@type":"ListItem","position":1,"name":"Portada","item":"https:\/\/www.ucaldas.edu.co\/portal\/"},{"@type":"ListItem","position":2,"name":"Con Manizales M\u00e1s la ciudad busca nuevo enfoque integral de generaci\u00f3n de empresas"}]},{"@type":"WebSite","@id":"https:\/\/www.ucaldas.edu.co\/portal\/#website","url":"https:\/\/www.ucaldas.edu.co\/portal\/","name":"Universidad de Caldas","description":"","publisher":{"@id":"https:\/\/www.ucaldas.edu.co\/portal\/#organization"},"alternateName":"U. de Caldas","potentialAction":[{"@type":"SearchAction","target":{"@type":"EntryPoint","urlTemplate":"https:\/\/www.ucaldas.edu.co\/portal\/?s={search_term_string}"},"query-input":{"@type":"PropertyValueSpecification","valueRequired":true,"valueName":"search_term_string"}}],"inLanguage":"es"},{"@type":"Organization","@id":"https:\/\/www.ucaldas.edu.co\/portal\/#organization","name":"Universidad de Caldas","alternateName":"U. de Caldas","url":"https:\/\/www.ucaldas.edu.co\/portal\/","logo":{"@type":"ImageObject","inLanguage":"es","@id":"https:\/\/www.ucaldas.edu.co\/portal\/#\/schema\/logo\/image\/","url":"https:\/\/www.ucaldas.edu.co\/portal\/wp-content\/uploads\/2023\/11\/Logo_horizontal_oscuroU-2023.png","contentUrl":"https:\/\/www.ucaldas.edu.co\/portal\/wp-content\/uploads\/2023\/11\/Logo_horizontal_oscuroU-2023.png","width":263,"height":101,"caption":"Universidad de Caldas"},"image":{"@id":"https:\/\/www.ucaldas.edu.co\/portal\/#\/schema\/logo\/image\/"},"sameAs":["https:\/\/www.facebook.com\/udecaldas","https:\/\/x.com\/udecaldas","https:\/\/www.youtube.com\/universidadcaldas","https:\/\/www.instagram.com\/udecaldas\/"]},{"@type":"Person","@id":"https:\/\/www.ucaldas.edu.co\/portal\/#\/schema\/person\/a1b482e23449158b4bc319926c074fdf","name":"ofiprensa","image":{"@type":"ImageObject","inLanguage":"es","@id":"https:\/\/www.ucaldas.edu.co\/portal\/wp-content\/litespeed\/avatar\/09ea5085e600095a7a811142c6944527.jpg?ver=1777497608","url":"https:\/\/www.ucaldas.edu.co\/portal\/wp-content\/litespeed\/avatar\/09ea5085e600095a7a811142c6944527.jpg?ver=1777497608","contentUrl":"https:\/\/www.ucaldas.edu.co\/portal\/wp-content\/litespeed\/avatar\/09ea5085e600095a7a811142c6944527.jpg?ver=1777497608","caption":"ofiprensa"},"url":"https:\/\/www.ucaldas.edu.co\/portal\/author\/ofiprensa\/"}]}},"_links":{"self":[{"href":"https:\/\/www.ucaldas.edu.co\/portal\/wp-json\/wp\/v2\/posts\/13362","targetHints":{"allow":["GET"]}}],"collection":[{"href":"https:\/\/www.ucaldas.edu.co\/portal\/wp-json\/wp\/v2\/posts"}],"about":[{"href":"https:\/\/www.ucaldas.edu.co\/portal\/wp-json\/wp\/v2\/types\/post"}],"author":[{"embeddable":true,"href":"https:\/\/www.ucaldas.edu.co\/portal\/wp-json\/wp\/v2\/users\/2"}],"replies":[{"embeddable":true,"href":"https:\/\/www.ucaldas.edu.co\/portal\/wp-json\/wp\/v2\/comments?post=13362"}],"version-history":[{"count":0,"href":"https:\/\/www.ucaldas.edu.co\/portal\/wp-json\/wp\/v2\/posts\/13362\/revisions"}],"wp:attachment":[{"href":"https:\/\/www.ucaldas.edu.co\/portal\/wp-json\/wp\/v2\/media?parent=13362"}],"wp:term":[{"taxonomy":"category","embeddable":true,"href":"https:\/\/www.ucaldas.edu.co\/portal\/wp-json\/wp\/v2\/categories?post=13362"},{"taxonomy":"post_tag","embeddable":true,"href":"https:\/\/www.ucaldas.edu.co\/portal\/wp-json\/wp\/v2\/tags?post=13362"}],"curies":[{"name":"wp","href":"https:\/\/api.w.org\/{rel}","templated":true}]}}