{"id":13358,"date":"2012-07-10T13:31:48","date_gmt":"2012-07-10T18:31:48","guid":{"rendered":"https:\/\/www.ucaldas.edu.co\/portal\/?p=13358"},"modified":"2012-07-10T13:31:48","modified_gmt":"2012-07-10T18:31:48","slug":"maestria-en-ingenieria-computacional-u-de-caldas-obtuvo-su-registro-calificado","status":"publish","type":"post","link":"https:\/\/www.ucaldas.edu.co\/portal\/maestria-en-ingenieria-computacional-u-de-caldas-obtuvo-su-registro-calificado\/","title":{"rendered":"Maestr\u00eda en Ingenier\u00eda Computacional U. de Caldas obtuvo su registro calificado"},"content":{"rendered":"<p align=\"center\">Por un periodo de siete a\u00f1os<\/p>\n<hr \/>\n<p align=\"center\"><b>\u00a0<\/b><\/p>\n<p align=\"center\">\n<p align=\"right\">10\/07\/2012<br \/>\nRedacci\u00f3n: Margarita Mar\u00eda Laverde Galvis<\/p>\n<p>&nbsp;<\/p>\n<table border=\"0\">\n<tbody>\n<tr>\n<td>&nbsp;<\/p>\n<p><img loading=\"lazy\" decoding=\"async\" style=\"border: 0px\" title=\"Maestr\u00eda en Ingenier\u00eda Computacional\" alt=\"Maestr\u00eda en Ingenier\u00eda Computacional\" src=\"http:\/\/www.ucaldas.edu.co\/images\/tmp\/maestria_biocomputacional.jpg\" width=\"240\" height=\"150\" border=\"0\" \/><\/p>\n<h4>Foto: Guillermo Sarmiento Estrada\/ Prensa U. de Caldas.<\/h4>\n<\/td>\n<td>El <b>Ministerio de Educaci\u00f3n Nacional<\/b> (MEN) <b>aprob\u00f3<\/b> el\u00a0<b>registro calificado<\/b> para el programa de <b>Maestr\u00eda en Ingenier\u00eda\u00a0Computacional<\/b>, de la <b>Facultad de Ingenier\u00eda<\/b> de la <b>Universidad de Caldas<\/b>. \u00a0El registro calificado ser\u00e1 <b>por un per\u00edodo de siete a\u00f1os<\/b>.<\/td>\n<\/tr>\n<\/tbody>\n<\/table>\n<p>&nbsp;<\/p>\n<p>&nbsp;<\/p>\n<p>E l programa <b>contar\u00e1 con 60 cr\u00e9ditos acad\u00e9micos<\/b>, en la <b>modalidades<\/b> de <b>i<\/b><b>nvestigaci\u00f3n y profundizaci\u00f3n<\/b>. Tendr\u00e1 <b>metodolog\u00eda presencial<\/b>.<\/p>\n<p>&nbsp;<\/p>\n<p>Las <b>l\u00edneas de investigaci\u00f3n<\/b> con las que contar\u00e1 son las siguientes:<\/p>\n<p>&#8211; Computaci\u00f3n ubicua, computaci\u00f3n distribuida y seguridad inform\u00e1tica.<br \/>\n&#8211; Gesti\u00f3n del conocimiento y tecnol\u00f3gica.<br \/>\n&#8211; Inteligencia computacional aplicada.<br \/>\n&#8211; Bioinform\u00e1tica y modelos biocomputacionales.<\/p>\n<p><b>Espere pronto<\/b> las <b>fechas de inscripciones<\/b>, <b>calendario acad\u00e9mico<\/b>, <b>plan de estudios<\/b>, <b>costos de inscripci\u00f3n y matr\u00edcula<\/b>.<\/p>\n<p>&nbsp;<\/p>\n<p><b>Informes:<\/b> en el tel\u00e9fono 878 15 00, extensi\u00f3n 13 244 o en el correo electr\u00f3nico: \u00a0<a href=\"mailto:maestria.ingenieriacomputacional@ucaldas.edu.co\" target=\"_blank\">maestria.ingenieriacomputacional@ucaldas.edu.co<\/a><\/p>\n","protected":false},"excerpt":{"rendered":"<p>Por un periodo de siete a\u00f1os \u00a0 10\/07\/2012 Redacci\u00f3n: Margarita Mar\u00eda Laverde Galvis &nbsp; &nbsp; Foto: Guillermo Sarmiento Estrada\/ Prensa U. de Caldas. El Ministerio de Educaci\u00f3n Nacional (MEN) aprob\u00f3 el\u00a0registro calificado para el programa de Maestr\u00eda en Ingenier\u00eda\u00a0Computacional, de la Facultad de Ingenier\u00eda de la Universidad de Caldas. \u00a0El registro calificado ser\u00e1 por un [&hellip;]<\/p>\n","protected":false},"author":2,"featured_media":0,"comment_status":"closed","ping_status":"closed","sticky":false,"template":"","format":"standard","meta":{"footnotes":""},"categories":[48,53],"tags":[],"class_list":["post-13358","post","type-post","status-publish","format-standard","hentry","category-actualidad","category-universidad-al-dia"],"yoast_head":"<!-- This site is optimized with the Yoast SEO plugin v27.5 - https:\/\/yoast.com\/product\/yoast-seo-wordpress\/ -->\n<title>Maestr\u00eda en Ingenier\u00eda Computacional U. de Caldas obtuvo su registro calificado .<\/title>\n<meta name=\"robots\" content=\"index, follow, max-snippet:-1, max-image-preview:large, max-video-preview:-1\" \/>\n<link rel=\"canonical\" href=\"https:\/\/www.ucaldas.edu.co\/portal\/maestria-en-ingenieria-computacional-u-de-caldas-obtuvo-su-registro-calificado\/\" \/>\n<script type=\"application\/ld+json\" class=\"yoast-schema-graph\">{\"@context\":\"https:\\\/\\\/schema.org\",\"@graph\":[{\"@type\":\"Article\",\"@id\":\"https:\\\/\\\/www.ucaldas.edu.co\\\/portal\\\/maestria-en-ingenieria-computacional-u-de-caldas-obtuvo-su-registro-calificado\\\/#article\",\"isPartOf\":{\"@id\":\"https:\\\/\\\/www.ucaldas.edu.co\\\/portal\\\/maestria-en-ingenieria-computacional-u-de-caldas-obtuvo-su-registro-calificado\\\/\"},\"author\":{\"name\":\"ofiprensa\",\"@id\":\"https:\\\/\\\/www.ucaldas.edu.co\\\/portal\\\/#\\\/schema\\\/person\\\/a1b482e23449158b4bc319926c074fdf\"},\"headline\":\"Maestr\u00eda en Ingenier\u00eda Computacional U. de Caldas obtuvo su registro calificado\",\"datePublished\":\"2012-07-10T18:31:48+00:00\",\"mainEntityOfPage\":{\"@id\":\"https:\\\/\\\/www.ucaldas.edu.co\\\/portal\\\/maestria-en-ingenieria-computacional-u-de-caldas-obtuvo-su-registro-calificado\\\/\"},\"wordCount\":187,\"publisher\":{\"@id\":\"https:\\\/\\\/www.ucaldas.edu.co\\\/portal\\\/#organization\"},\"image\":{\"@id\":\"https:\\\/\\\/www.ucaldas.edu.co\\\/portal\\\/maestria-en-ingenieria-computacional-u-de-caldas-obtuvo-su-registro-calificado\\\/#primaryimage\"},\"thumbnailUrl\":\"http:\\\/\\\/www.ucaldas.edu.co\\\/images\\\/tmp\\\/maestria_biocomputacional.jpg\",\"articleSection\":[\"Actualidad\",\"Universidad al D\u00eda\"],\"inLanguage\":\"es\"},{\"@type\":\"WebPage\",\"@id\":\"https:\\\/\\\/www.ucaldas.edu.co\\\/portal\\\/maestria-en-ingenieria-computacional-u-de-caldas-obtuvo-su-registro-calificado\\\/\",\"url\":\"https:\\\/\\\/www.ucaldas.edu.co\\\/portal\\\/maestria-en-ingenieria-computacional-u-de-caldas-obtuvo-su-registro-calificado\\\/\",\"name\":\"Maestr\u00eda en Ingenier\u00eda Computacional U. de Caldas obtuvo su registro calificado .\",\"isPartOf\":{\"@id\":\"https:\\\/\\\/www.ucaldas.edu.co\\\/portal\\\/#website\"},\"primaryImageOfPage\":{\"@id\":\"https:\\\/\\\/www.ucaldas.edu.co\\\/portal\\\/maestria-en-ingenieria-computacional-u-de-caldas-obtuvo-su-registro-calificado\\\/#primaryimage\"},\"image\":{\"@id\":\"https:\\\/\\\/www.ucaldas.edu.co\\\/portal\\\/maestria-en-ingenieria-computacional-u-de-caldas-obtuvo-su-registro-calificado\\\/#primaryimage\"},\"thumbnailUrl\":\"http:\\\/\\\/www.ucaldas.edu.co\\\/images\\\/tmp\\\/maestria_biocomputacional.jpg\",\"datePublished\":\"2012-07-10T18:31:48+00:00\",\"breadcrumb\":{\"@id\":\"https:\\\/\\\/www.ucaldas.edu.co\\\/portal\\\/maestria-en-ingenieria-computacional-u-de-caldas-obtuvo-su-registro-calificado\\\/#breadcrumb\"},\"inLanguage\":\"es\",\"potentialAction\":[{\"@type\":\"ReadAction\",\"target\":[\"https:\\\/\\\/www.ucaldas.edu.co\\\/portal\\\/maestria-en-ingenieria-computacional-u-de-caldas-obtuvo-su-registro-calificado\\\/\"]}]},{\"@type\":\"ImageObject\",\"inLanguage\":\"es\",\"@id\":\"https:\\\/\\\/www.ucaldas.edu.co\\\/portal\\\/maestria-en-ingenieria-computacional-u-de-caldas-obtuvo-su-registro-calificado\\\/#primaryimage\",\"url\":\"http:\\\/\\\/www.ucaldas.edu.co\\\/images\\\/tmp\\\/maestria_biocomputacional.jpg\",\"contentUrl\":\"http:\\\/\\\/www.ucaldas.edu.co\\\/images\\\/tmp\\\/maestria_biocomputacional.jpg\"},{\"@type\":\"BreadcrumbList\",\"@id\":\"https:\\\/\\\/www.ucaldas.edu.co\\\/portal\\\/maestria-en-ingenieria-computacional-u-de-caldas-obtuvo-su-registro-calificado\\\/#breadcrumb\",\"itemListElement\":[{\"@type\":\"ListItem\",\"position\":1,\"name\":\"Portada\",\"item\":\"https:\\\/\\\/www.ucaldas.edu.co\\\/portal\\\/\"},{\"@type\":\"ListItem\",\"position\":2,\"name\":\"Maestr\u00eda en Ingenier\u00eda Computacional U. de Caldas obtuvo su registro calificado\"}]},{\"@type\":\"WebSite\",\"@id\":\"https:\\\/\\\/www.ucaldas.edu.co\\\/portal\\\/#website\",\"url\":\"https:\\\/\\\/www.ucaldas.edu.co\\\/portal\\\/\",\"name\":\"Universidad de Caldas\",\"description\":\"\",\"publisher\":{\"@id\":\"https:\\\/\\\/www.ucaldas.edu.co\\\/portal\\\/#organization\"},\"alternateName\":\"U. de Caldas\",\"potentialAction\":[{\"@type\":\"SearchAction\",\"target\":{\"@type\":\"EntryPoint\",\"urlTemplate\":\"https:\\\/\\\/www.ucaldas.edu.co\\\/portal\\\/?s={search_term_string}\"},\"query-input\":{\"@type\":\"PropertyValueSpecification\",\"valueRequired\":true,\"valueName\":\"search_term_string\"}}],\"inLanguage\":\"es\"},{\"@type\":\"Organization\",\"@id\":\"https:\\\/\\\/www.ucaldas.edu.co\\\/portal\\\/#organization\",\"name\":\"Universidad de Caldas\",\"alternateName\":\"U. de Caldas\",\"url\":\"https:\\\/\\\/www.ucaldas.edu.co\\\/portal\\\/\",\"logo\":{\"@type\":\"ImageObject\",\"inLanguage\":\"es\",\"@id\":\"https:\\\/\\\/www.ucaldas.edu.co\\\/portal\\\/#\\\/schema\\\/logo\\\/image\\\/\",\"url\":\"https:\\\/\\\/www.ucaldas.edu.co\\\/portal\\\/wp-content\\\/uploads\\\/2023\\\/11\\\/Logo_horizontal_oscuroU-2023.png\",\"contentUrl\":\"https:\\\/\\\/www.ucaldas.edu.co\\\/portal\\\/wp-content\\\/uploads\\\/2023\\\/11\\\/Logo_horizontal_oscuroU-2023.png\",\"width\":263,\"height\":101,\"caption\":\"Universidad de Caldas\"},\"image\":{\"@id\":\"https:\\\/\\\/www.ucaldas.edu.co\\\/portal\\\/#\\\/schema\\\/logo\\\/image\\\/\"},\"sameAs\":[\"https:\\\/\\\/www.facebook.com\\\/udecaldas\",\"https:\\\/\\\/x.com\\\/udecaldas\",\"https:\\\/\\\/www.youtube.com\\\/universidadcaldas\",\"https:\\\/\\\/www.instagram.com\\\/udecaldas\\\/\"]},{\"@type\":\"Person\",\"@id\":\"https:\\\/\\\/www.ucaldas.edu.co\\\/portal\\\/#\\\/schema\\\/person\\\/a1b482e23449158b4bc319926c074fdf\",\"name\":\"ofiprensa\",\"image\":{\"@type\":\"ImageObject\",\"inLanguage\":\"es\",\"@id\":\"https:\\\/\\\/www.ucaldas.edu.co\\\/portal\\\/wp-content\\\/litespeed\\\/avatar\\\/09ea5085e600095a7a811142c6944527.jpg?ver=1777497608\",\"url\":\"https:\\\/\\\/www.ucaldas.edu.co\\\/portal\\\/wp-content\\\/litespeed\\\/avatar\\\/09ea5085e600095a7a811142c6944527.jpg?ver=1777497608\",\"contentUrl\":\"https:\\\/\\\/www.ucaldas.edu.co\\\/portal\\\/wp-content\\\/litespeed\\\/avatar\\\/09ea5085e600095a7a811142c6944527.jpg?ver=1777497608\",\"caption\":\"ofiprensa\"},\"url\":\"https:\\\/\\\/www.ucaldas.edu.co\\\/portal\\\/author\\\/ofiprensa\\\/\"}]}<\/script>\n<!-- \/ Yoast SEO plugin. -->","yoast_head_json":{"title":"Maestr\u00eda en Ingenier\u00eda Computacional U. de Caldas obtuvo su registro calificado .","robots":{"index":"index","follow":"follow","max-snippet":"max-snippet:-1","max-image-preview":"max-image-preview:large","max-video-preview":"max-video-preview:-1"},"canonical":"https:\/\/www.ucaldas.edu.co\/portal\/maestria-en-ingenieria-computacional-u-de-caldas-obtuvo-su-registro-calificado\/","schema":{"@context":"https:\/\/schema.org","@graph":[{"@type":"Article","@id":"https:\/\/www.ucaldas.edu.co\/portal\/maestria-en-ingenieria-computacional-u-de-caldas-obtuvo-su-registro-calificado\/#article","isPartOf":{"@id":"https:\/\/www.ucaldas.edu.co\/portal\/maestria-en-ingenieria-computacional-u-de-caldas-obtuvo-su-registro-calificado\/"},"author":{"name":"ofiprensa","@id":"https:\/\/www.ucaldas.edu.co\/portal\/#\/schema\/person\/a1b482e23449158b4bc319926c074fdf"},"headline":"Maestr\u00eda en Ingenier\u00eda Computacional U. de Caldas obtuvo su registro calificado","datePublished":"2012-07-10T18:31:48+00:00","mainEntityOfPage":{"@id":"https:\/\/www.ucaldas.edu.co\/portal\/maestria-en-ingenieria-computacional-u-de-caldas-obtuvo-su-registro-calificado\/"},"wordCount":187,"publisher":{"@id":"https:\/\/www.ucaldas.edu.co\/portal\/#organization"},"image":{"@id":"https:\/\/www.ucaldas.edu.co\/portal\/maestria-en-ingenieria-computacional-u-de-caldas-obtuvo-su-registro-calificado\/#primaryimage"},"thumbnailUrl":"http:\/\/www.ucaldas.edu.co\/images\/tmp\/maestria_biocomputacional.jpg","articleSection":["Actualidad","Universidad al D\u00eda"],"inLanguage":"es"},{"@type":"WebPage","@id":"https:\/\/www.ucaldas.edu.co\/portal\/maestria-en-ingenieria-computacional-u-de-caldas-obtuvo-su-registro-calificado\/","url":"https:\/\/www.ucaldas.edu.co\/portal\/maestria-en-ingenieria-computacional-u-de-caldas-obtuvo-su-registro-calificado\/","name":"Maestr\u00eda en Ingenier\u00eda Computacional U. de Caldas obtuvo su registro calificado .","isPartOf":{"@id":"https:\/\/www.ucaldas.edu.co\/portal\/#website"},"primaryImageOfPage":{"@id":"https:\/\/www.ucaldas.edu.co\/portal\/maestria-en-ingenieria-computacional-u-de-caldas-obtuvo-su-registro-calificado\/#primaryimage"},"image":{"@id":"https:\/\/www.ucaldas.edu.co\/portal\/maestria-en-ingenieria-computacional-u-de-caldas-obtuvo-su-registro-calificado\/#primaryimage"},"thumbnailUrl":"http:\/\/www.ucaldas.edu.co\/images\/tmp\/maestria_biocomputacional.jpg","datePublished":"2012-07-10T18:31:48+00:00","breadcrumb":{"@id":"https:\/\/www.ucaldas.edu.co\/portal\/maestria-en-ingenieria-computacional-u-de-caldas-obtuvo-su-registro-calificado\/#breadcrumb"},"inLanguage":"es","potentialAction":[{"@type":"ReadAction","target":["https:\/\/www.ucaldas.edu.co\/portal\/maestria-en-ingenieria-computacional-u-de-caldas-obtuvo-su-registro-calificado\/"]}]},{"@type":"ImageObject","inLanguage":"es","@id":"https:\/\/www.ucaldas.edu.co\/portal\/maestria-en-ingenieria-computacional-u-de-caldas-obtuvo-su-registro-calificado\/#primaryimage","url":"http:\/\/www.ucaldas.edu.co\/images\/tmp\/maestria_biocomputacional.jpg","contentUrl":"http:\/\/www.ucaldas.edu.co\/images\/tmp\/maestria_biocomputacional.jpg"},{"@type":"BreadcrumbList","@id":"https:\/\/www.ucaldas.edu.co\/portal\/maestria-en-ingenieria-computacional-u-de-caldas-obtuvo-su-registro-calificado\/#breadcrumb","itemListElement":[{"@type":"ListItem","position":1,"name":"Portada","item":"https:\/\/www.ucaldas.edu.co\/portal\/"},{"@type":"ListItem","position":2,"name":"Maestr\u00eda en Ingenier\u00eda Computacional U. de Caldas obtuvo su registro calificado"}]},{"@type":"WebSite","@id":"https:\/\/www.ucaldas.edu.co\/portal\/#website","url":"https:\/\/www.ucaldas.edu.co\/portal\/","name":"Universidad de Caldas","description":"","publisher":{"@id":"https:\/\/www.ucaldas.edu.co\/portal\/#organization"},"alternateName":"U. de Caldas","potentialAction":[{"@type":"SearchAction","target":{"@type":"EntryPoint","urlTemplate":"https:\/\/www.ucaldas.edu.co\/portal\/?s={search_term_string}"},"query-input":{"@type":"PropertyValueSpecification","valueRequired":true,"valueName":"search_term_string"}}],"inLanguage":"es"},{"@type":"Organization","@id":"https:\/\/www.ucaldas.edu.co\/portal\/#organization","name":"Universidad de Caldas","alternateName":"U. de Caldas","url":"https:\/\/www.ucaldas.edu.co\/portal\/","logo":{"@type":"ImageObject","inLanguage":"es","@id":"https:\/\/www.ucaldas.edu.co\/portal\/#\/schema\/logo\/image\/","url":"https:\/\/www.ucaldas.edu.co\/portal\/wp-content\/uploads\/2023\/11\/Logo_horizontal_oscuroU-2023.png","contentUrl":"https:\/\/www.ucaldas.edu.co\/portal\/wp-content\/uploads\/2023\/11\/Logo_horizontal_oscuroU-2023.png","width":263,"height":101,"caption":"Universidad de Caldas"},"image":{"@id":"https:\/\/www.ucaldas.edu.co\/portal\/#\/schema\/logo\/image\/"},"sameAs":["https:\/\/www.facebook.com\/udecaldas","https:\/\/x.com\/udecaldas","https:\/\/www.youtube.com\/universidadcaldas","https:\/\/www.instagram.com\/udecaldas\/"]},{"@type":"Person","@id":"https:\/\/www.ucaldas.edu.co\/portal\/#\/schema\/person\/a1b482e23449158b4bc319926c074fdf","name":"ofiprensa","image":{"@type":"ImageObject","inLanguage":"es","@id":"https:\/\/www.ucaldas.edu.co\/portal\/wp-content\/litespeed\/avatar\/09ea5085e600095a7a811142c6944527.jpg?ver=1777497608","url":"https:\/\/www.ucaldas.edu.co\/portal\/wp-content\/litespeed\/avatar\/09ea5085e600095a7a811142c6944527.jpg?ver=1777497608","contentUrl":"https:\/\/www.ucaldas.edu.co\/portal\/wp-content\/litespeed\/avatar\/09ea5085e600095a7a811142c6944527.jpg?ver=1777497608","caption":"ofiprensa"},"url":"https:\/\/www.ucaldas.edu.co\/portal\/author\/ofiprensa\/"}]}},"_links":{"self":[{"href":"https:\/\/www.ucaldas.edu.co\/portal\/wp-json\/wp\/v2\/posts\/13358","targetHints":{"allow":["GET"]}}],"collection":[{"href":"https:\/\/www.ucaldas.edu.co\/portal\/wp-json\/wp\/v2\/posts"}],"about":[{"href":"https:\/\/www.ucaldas.edu.co\/portal\/wp-json\/wp\/v2\/types\/post"}],"author":[{"embeddable":true,"href":"https:\/\/www.ucaldas.edu.co\/portal\/wp-json\/wp\/v2\/users\/2"}],"replies":[{"embeddable":true,"href":"https:\/\/www.ucaldas.edu.co\/portal\/wp-json\/wp\/v2\/comments?post=13358"}],"version-history":[{"count":0,"href":"https:\/\/www.ucaldas.edu.co\/portal\/wp-json\/wp\/v2\/posts\/13358\/revisions"}],"wp:attachment":[{"href":"https:\/\/www.ucaldas.edu.co\/portal\/wp-json\/wp\/v2\/media?parent=13358"}],"wp:term":[{"taxonomy":"category","embeddable":true,"href":"https:\/\/www.ucaldas.edu.co\/portal\/wp-json\/wp\/v2\/categories?post=13358"},{"taxonomy":"post_tag","embeddable":true,"href":"https:\/\/www.ucaldas.edu.co\/portal\/wp-json\/wp\/v2\/tags?post=13358"}],"curies":[{"name":"wp","href":"https:\/\/api.w.org\/{rel}","templated":true}]}}