{"id":13350,"date":"2012-07-09T13:28:47","date_gmt":"2012-07-09T18:28:47","guid":{"rendered":"https:\/\/www.ucaldas.edu.co\/portal\/?p=13350"},"modified":"2012-07-09T13:28:47","modified_gmt":"2012-07-09T18:28:47","slug":"u-de-caldas-ha-llevado-su-tecnologia-en-sistemas-informaticos-a-1-000-personas-en-caldas","status":"publish","type":"post","link":"https:\/\/www.ucaldas.edu.co\/portal\/u-de-caldas-ha-llevado-su-tecnologia-en-sistemas-informaticos-a-1-000-personas-en-caldas\/","title":{"rendered":"U. de Caldas ha llevado su Tecnolog\u00eda en Sistemas Inform\u00e1ticos a 1.000 personas en Caldas"},"content":{"rendered":"<p align=\"center\">Tercera gira en\u00a0\u00a0<span style=\"color: #222222;font-family: Calibri, sans-serif;font-size: small\">Aguadas, Marmato, Sup\u00eda y Riosucio, en el\u00a0\u00a0Occidente Caldense<\/span><\/p>\n<hr \/>\n<p align=\"right\">\n<p align=\"right\">09\/07\/2012<br \/>\nRedacci\u00f3n: Margarita Mar\u00eda Laverde Galvis<\/p>\n<p>&nbsp;<\/p>\n<p>&nbsp;<\/p>\n<table border=\"0\">\n<tbody>\n<tr>\n<td>&nbsp;<\/p>\n<h4><img loading=\"lazy\" decoding=\"async\" style=\"border: 0px\" title=\"Ruta\" alt=\"Ruta\" src=\"http:\/\/www.ucaldas.edu.co\/images\/tmp\/ruta_noticias_alto_occidente_caldense_2012.jpg\" width=\"240\" height=\"150\" border=\"0\" \/>Foto: Margarita Laverde Galvis\/ Prensa U. de Caldas.<\/h4>\n<\/td>\n<td>La\u00a0<b>Universidad de Caldas ha llevado<\/b>\u00a0su\u00a0<b>Tecnolog\u00eda en Sistemas Inform\u00e1ticos<\/b>, modalidad\u00a0<b>a distancia,\u00a0<\/b>adem\u00e1s de la\u00a0<a href=\"http:\/\/fiti.gov.co\/Prensa.htm?n=24\" target=\"_blank\"><b>convocatoria Talento Digital<\/b>\u00a0(conozca m\u00e1s detalles aqu\u00ed<\/a>)\u00a0<b>a\u00a0<\/b><b>17 municipios<\/b>\u00a0y\u00a0<b>2 corregimientos de Caldas<\/b>. En\u00a0<b>Aguadas, Marmato, Sup\u00eda y Riosucio<\/b>\u00a0&#8211; en el\u00a0<b>Alto Occidente Caldense<\/b>\u00a0\u2013\u00a0<b>se realiz\u00f3 la gira<\/b>\u00a0de la Instituci\u00f3n, el pasado viernes 6 y s\u00e1bado 7 de julio del 2012.<\/td>\n<\/tr>\n<\/tbody>\n<\/table>\n<p>&nbsp;<\/p>\n<p><b>Alcanz\u00f3 358 kil\u00f3metros de recorrido<\/b>\u00a0y la\u00a0<b>acompa\u00f1\u00f3<\/b>\u00a0la\u00a0<b>unidad m\u00f3vil<\/b>\u00a0de la\u00a0<b>Ruta de las Noticias<\/b>, de la\u00a0<b>Oficina de Prensa<\/b>\u00a0de la Instituci\u00f3n.\u00a0Esta convocatoria permite solicitar un\u00a0<b>cr\u00e9dito con el Icetex<\/b>, y\u00a0<b>condonar la deuda\u00a0<\/b>para estas carreras.<\/p>\n<p>&nbsp;<\/p>\n<p><b>U. de Caldas, en b\u00fasqueda de la regionalizaci\u00f3n<\/b><\/p>\n<p>El\u00a0<b>Vicerrector Administrativo de la U. de Caldas<\/b>, Fabio Hernando Arias Orozco, afirm\u00f3: \u201cen el Programa Talento Digital, la Instituci\u00f3n,\u00a0<b>aprovechando<\/b>\u00a0su\u00a0<b>fortaleza<\/b>\u00a0en los\u00a0<b>seis Ceres<\/b>\u00a0con los que cuenta\u00a0<b>en el departamento<\/b>, ha hecho un\u00a0<b>recorrido publicitando<\/b>\u00a0la\u00a0<b>apertura<\/b>\u00a0de la\u00a0<b>Tecnolog\u00eda en Sistemas Inform\u00e1ticos<\/b>,\u00a0<b>condonable<\/b>\u00a0<b>hasta<\/b>\u00a0por un\u00a0<b>100% con el Icetex<\/b>\u201d.<\/p>\n<p>&nbsp;<\/p>\n<p>\u201cEn esta gira\u00a0<b>hemos atendido aproximadamente 1.000 personas<\/b>\u00a0interesadas en el proyecto, a quienes\u00a0<b>les<\/b>\u00a0<b>ha gustado mucho la posibilidad<\/b>\u00a0<b>de que la U. de Caldas llegue<\/b>\u00a0<b>hasta las regiones<\/b>\u201d, agreg\u00f3 el Vicerrector Administrativo de la Universidad.<\/p>\n<p><b>\u00a0<\/b><\/p>\n<p><b>Fortalezas del programa y de la convocatoria<\/b><\/p>\n<p>El\u00a0<b>Coordinador de la Tecnolog\u00eda en Sistemas Inform\u00e1ticos<\/b>, Fabio Andr\u00e9s L\u00f3pez Salazar, dijo: \u201chemos hecho una reestructuraci\u00f3n del plan de estudios del programa, que consiste en que el\u00a0<b>estudiante va a tener<\/b>\u00a0la\u00a0<b>posibilidad<\/b>\u00a0<b>de adquirir habilidades<\/b>\u00a0en el \u00e1rea de\u00a0<b>programaci\u00f3n<\/b>,\u00a0<b>redes de computadores<\/b>,\u00a0<b>mantenimiento<\/b>\u00a0y\u00a0<b>arquitectura de computadores<\/b>, adem\u00e1s de\u00a0<b>administraci\u00f3n de informaci\u00f3n<\/b>\u201d.<\/p>\n<p>&nbsp;<\/p>\n<p>Por otra parte, la\u00a0<b>Coordinadora del Icetex<\/b>\u00a0en la Instituci\u00f3n, Jenny Milena Villada V\u00e1squez, explic\u00f3: \u201cel\u00a0<b>Ministerio de Tecnolog\u00edas de la Informaci\u00f3n y las Comunicaciones ha dispuesto $36 mil millones<\/b>\u00a0para que\u00a0<b>a trav\u00e9s del Icetex<\/b>, se puedan<b>realizar cr\u00e9ditos condonables<\/b>\u00a0a los\u00a0<b>estudiantes de carreras t\u00e9cnicas, tecnol\u00f3gicas, profesionales y de maestr\u00eda<\/b>\u201d.<\/p>\n<p><b>\u00a0<\/b><\/p>\n<p><b>Gobernaci\u00f3n de Caldas avala inciativa<\/b><\/p>\n<p>Alfredo Roncancio Mej\u00eda,\u00a0<b>Secretario de Gobierno de Caldas,\u00a0<\/b>coment\u00f3: \u201choy corroboramos el excelente trabajo de la U. de Caldas, buscando que realmente las nuevas tecnolog\u00edas de la informaci\u00f3n y la comunicaci\u00f3n est\u00e9n m\u00e1s empoderadas entre la comunidad. Ahora la pregunta que nos queda es: \u00bfqu\u00e9 es lo que vamos a hacer el gobierno departamental, alcald\u00edas y universidades?\u201d.<\/p>\n<p>&nbsp;<\/p>\n<p>Roncancio Mej\u00eda destac\u00f3 el hecho de que\u00a0<b>en Marmato (Caldas),<\/b>\u00a0el\u00a0<b>Rector de la Instituci\u00f3n se comprometi\u00f3<\/b>\u00a0a\u00a0<b>reiniciar<\/b>\u00a0las<b>labores<\/b>\u00a0en la\u00a0<b>Escuela de Minas<\/b>, por lo que\u00a0<b>se est\u00e1 haciendo una gesti\u00f3n<\/b>\u00a0para que las\u00a0<b>diferentes empresas<\/b>\u00a0que funcionan en el lugar\u00a0<b>logren comenzar una nueva cohorte<\/b>\u00a0del programa.<\/p>\n<p>&nbsp;<\/p>\n<p>\u201cDesde la Gobernaci\u00f3n de Caldas vemos con muy buenos ojos que todos estos proyectos se sigan implementando, pues sirven para elevar la calidad de vida de nuestras comunidades\u201d, agreg\u00f3 el Secretario de Gobierno de Caldas.<\/p>\n<p><b>\u00a0<\/b><\/p>\n<p><b>Los m\u00e1s beneficiados<\/b><\/p>\n<p><b>Aguadas (Caldas)<\/b><\/p>\n<p><b>Margarita Rosa L\u00f3pez Mart\u00ednez, Secretaria de Educaci\u00f3n de Aguadas (Caldas)<\/b><\/p>\n<p>Esta visita de la U. de Caldas es de gran importancia para nosotros, porque genera oportunidades de educaci\u00f3n superior para los habitantes de Aguadas. Contamos con una poblaci\u00f3n que no ha tenido acceso a este tipo de educaci\u00f3n dada la falta de recursos y esta oportunidad es una gran ayuda para ellos, ya que podr\u00e1 generar nuevos espacios de forma de vida.<\/p>\n<p>&nbsp;<\/p>\n<p><b>Luz Mar\u00eda Motato Becerra, Coordinadora del Ceres satelite de Aguadas y Rectora de la Instituci\u00f3n Educativa Roberto Pel\u00e1ez<\/b><\/p>\n<p>Es una gran oportunidad que deben aprovechar todos nuestros bachilleres, dada la formaci\u00f3n que tenemos en el municipio en tecnolog\u00eda e idiomas. Estos son los dos fuertes para un desarrollo en el futuro, que debe tener nuestra comunidad.<\/p>\n<p>&nbsp;<\/p>\n<p><b>Jorge Andr\u00e9s Ram\u00edrez Franco, bachiller de Aguadas (Caldas)<\/b><\/p>\n<p>Me parece muy importante que la U. de Caldas se acerque a nuestro municipio, para que quienes no contamos con los recursos para viajar a otra ciudad a estudiar, lo podamos hacer. Estaremos inscribi\u00e9ndonos pr\u00f3ximamente en este programa.<\/p>\n<p>&nbsp;<\/p>\n<p><a href=\"http:\/\/www.facebook.com\/media\/set\/?set=a.386690668059471.88374.107054166023124&amp;type=3\" target=\"_blank\">Conozca im\u00e1genes de U. de Caldas lleva su oferta acad\u00e9mica a Aguadas (Caldas)<\/a><\/p>\n<p>&nbsp;<\/p>\n<p><b>Marmato (Caldas)<\/b><\/p>\n<p><b>S\u00f3crates Correa Medell\u00edn, Director del N\u00facleo Educativo de Sup\u00eda y Marmato (Caldas)<\/b><\/p>\n<p>Soy egresado de la U. de Caldas y siempre he considerado que la educaci\u00f3n no se debe concentrar, en este caso, en Manizales. Debe llegar a los municipios a generarle oportunidades de formaci\u00f3n a nuestros j\u00f3venes y residentes de la periferia. El deber ser es que sea integral y me parece transcendente la presencia, porque el talento humano hay que calificarlo.<\/p>\n<p><b>\u00a0<\/b><\/p>\n<p><b>Gina Alejandra Cata\u00f1o Castro, bachiller de Marmato (Caldas)<\/b><\/p>\n<p>Es una muy buena opci\u00f3n para quienes no tenemos los recursos o la disponibilidad de desplazarnos a una universidad.<\/p>\n<p>&nbsp;<\/p>\n<p><a href=\"http:\/\/www.facebook.com\/media\/set\/?set=a.386692568059281.88375.107054166023124&amp;type=3\" target=\"_blank\">Conozca im\u00e1genes de U. de Caldas lleva su oferta acad\u00e9mica a Marmato (Caldas)<\/a><\/p>\n<p><b>\u00a0<\/b><\/p>\n<p><b>Sup\u00eda (Caldas)<\/b><\/p>\n<p><b>Luis Fernando Londo\u00f1o Morales, Concejal de Sup\u00eda (Caldas)<\/b><\/p>\n<p>Esto es muy bueno, porque descentralizar la educaci\u00f3n es importante para todos los colombianos. Es bueno traer la informaci\u00f3n a los pueblos, que tanto lo requieren.<\/p>\n<p>&nbsp;<\/p>\n<p><b>Margot Berm\u00fadez Rivera, docente del Centro de Desarrollo Infantil de Sup\u00eda (Caldas)<\/b><\/p>\n<p>Es algo muy bueno. Es una oportunidad que est\u00e1bamos esperando, para poder realizar nuestros sue\u00f1os y metas. Es muy importante el que la U. de Caldas nos brinde esta oportunidad.<\/p>\n<p>&nbsp;<\/p>\n<p><a href=\"http:\/\/www.facebook.com\/media\/set\/?set=a.386693531392518.88376.107054166023124&amp;type=3\" target=\"_blank\">Conozca im\u00e1genes de U. de Caldas lleva su oferta acad\u00e9mica a Sup\u00eda (Caldas)<\/a><\/p>\n<p>&nbsp;<\/p>\n<p><b>Riosucio (Caldas)<\/b><\/p>\n<p><b>Sandra Milena Su\u00e1rez Obando, Secretaria de Gobierno y Asuntos Administrativos, y Secretaria (e) de Educaci\u00f3n de Riosucio (Caldas)<\/b><\/p>\n<p>En el municipio tenemos personas de escasos recursos que no pueden viajar hasta las ciudades a buscar la formaci\u00f3n en la universidad. Es una excelente oportunidad para nuestra comunidad-<\/p>\n<p>&nbsp;<\/p>\n<p><b>Liliana Pel\u00e1ez Trejos, Coordinadora del Ceres del Alto Occidente de Caldas, con sede en Riosucio (Caldas)<\/b><\/p>\n<p>Muchos de nuestros j\u00f3venes son de escasos recursos, as\u00ed que este programa nos da la oportunidad de que nuestra comunidad salga de sus casas, estudien y salgan adelante con sus proyectos de vida. Esta es una muy buena labor.<\/p>\n<p><b>\u00a0<\/b><\/p>\n<p><b>Ana Isabel Echavarr\u00eda Berm\u00fadez, bachiller de Riosucio (Caldas)<\/b><\/p>\n<p>Es una oportunidad muy ch\u00e9vere. Me parece que los j\u00f3venes deber\u00edan aprovecharla y no hay excusas para no realizar la tecnolog\u00eda.<\/p>\n<p>&nbsp;<\/p>\n<p><a href=\"http:\/\/www.facebook.com\/media\/set\/?set=a.386694718059066.88377.107054166023124&amp;type=3\" target=\"_blank\">Conozca im\u00e1genes de U. de Caldas lleva su oferta acad\u00e9mica a Riosucio (Caldas)<\/a><\/p>\n<p><b>\u00a0<\/b><\/p>\n<p>Por otra parte, la\u00a0<b>gira tambi\u00e9n lleg\u00f3 a Marulanda<\/b>\u00a0(Caldas), el jueves 5 de julio del 2012.\u00a0<a href=\"http:\/\/www.facebook.com\/photo.php?fbid=386696761392195&amp;set=a.386696641392207.88379.107054166023124&amp;type=3&amp;theater\" target=\"_blank\">Conozca im\u00e1genes de U. de Caldas lleva su oferta acad\u00e9mica a Marulanda (Caldas)<\/a><\/p>\n<p><b>\u00a0<\/b><\/p>\n<p><b>Pr\u00f3ximo recorrido<\/b><\/p>\n<p>La gira se realizar\u00e1 en\u00a0<b>Chinchin\u00e1, Arauca y Palestina\u00a0<\/b>(Caldas),<b>\u00a0<\/b>este\u00a0<b>mi\u00e9rcoles 11<\/b>\u00a0de\u00a0<b>julio<\/b>\u00a0del 2012.<\/p>\n<p><b>\u00a0<\/b><\/p>\n<p><b>Informes:\u00a0<\/b>en el tel\u00e9fono 8781500 extensi\u00f3n 13 392.<\/p>\n","protected":false},"excerpt":{"rendered":"<p>Tercera gira en\u00a0\u00a0Aguadas, Marmato, Sup\u00eda y Riosucio, en el\u00a0\u00a0Occidente Caldense 09\/07\/2012 Redacci\u00f3n: Margarita Mar\u00eda Laverde Galvis &nbsp; &nbsp; &nbsp; Foto: Margarita Laverde Galvis\/ Prensa U. de Caldas. La\u00a0Universidad de Caldas ha llevado\u00a0su\u00a0Tecnolog\u00eda en Sistemas Inform\u00e1ticos, modalidad\u00a0a distancia,\u00a0adem\u00e1s de la\u00a0convocatoria Talento Digital\u00a0(conozca m\u00e1s detalles aqu\u00ed)\u00a0a\u00a017 municipios\u00a0y\u00a02 corregimientos de Caldas. En\u00a0Aguadas, Marmato, Sup\u00eda y Riosucio\u00a0&#8211; en el\u00a0Alto [&hellip;]<\/p>\n","protected":false},"author":2,"featured_media":0,"comment_status":"closed","ping_status":"closed","sticky":false,"template":"","format":"standard","meta":{"footnotes":""},"categories":[48,53],"tags":[],"class_list":["post-13350","post","type-post","status-publish","format-standard","hentry","category-actualidad","category-universidad-al-dia"],"yoast_head":"<!-- This site is optimized with the Yoast SEO plugin v27.5 - https:\/\/yoast.com\/product\/yoast-seo-wordpress\/ -->\n<title>U. de Caldas ha llevado su Tecnolog\u00eda en Sistemas Inform\u00e1ticos a 1.000 personas en Caldas .<\/title>\n<meta name=\"robots\" content=\"index, follow, max-snippet:-1, max-image-preview:large, max-video-preview:-1\" \/>\n<link rel=\"canonical\" href=\"https:\/\/www.ucaldas.edu.co\/portal\/u-de-caldas-ha-llevado-su-tecnologia-en-sistemas-informaticos-a-1-000-personas-en-caldas\/\" \/>\n<script type=\"application\/ld+json\" class=\"yoast-schema-graph\">{\"@context\":\"https:\\\/\\\/schema.org\",\"@graph\":[{\"@type\":\"Article\",\"@id\":\"https:\\\/\\\/www.ucaldas.edu.co\\\/portal\\\/u-de-caldas-ha-llevado-su-tecnologia-en-sistemas-informaticos-a-1-000-personas-en-caldas\\\/#article\",\"isPartOf\":{\"@id\":\"https:\\\/\\\/www.ucaldas.edu.co\\\/portal\\\/u-de-caldas-ha-llevado-su-tecnologia-en-sistemas-informaticos-a-1-000-personas-en-caldas\\\/\"},\"author\":{\"name\":\"ofiprensa\",\"@id\":\"https:\\\/\\\/www.ucaldas.edu.co\\\/portal\\\/#\\\/schema\\\/person\\\/a1b482e23449158b4bc319926c074fdf\"},\"headline\":\"U. de Caldas ha llevado su Tecnolog\u00eda en Sistemas Inform\u00e1ticos a 1.000 personas en Caldas\",\"datePublished\":\"2012-07-09T18:28:47+00:00\",\"mainEntityOfPage\":{\"@id\":\"https:\\\/\\\/www.ucaldas.edu.co\\\/portal\\\/u-de-caldas-ha-llevado-su-tecnologia-en-sistemas-informaticos-a-1-000-personas-en-caldas\\\/\"},\"wordCount\":1218,\"publisher\":{\"@id\":\"https:\\\/\\\/www.ucaldas.edu.co\\\/portal\\\/#organization\"},\"image\":{\"@id\":\"https:\\\/\\\/www.ucaldas.edu.co\\\/portal\\\/u-de-caldas-ha-llevado-su-tecnologia-en-sistemas-informaticos-a-1-000-personas-en-caldas\\\/#primaryimage\"},\"thumbnailUrl\":\"http:\\\/\\\/www.ucaldas.edu.co\\\/images\\\/tmp\\\/ruta_noticias_alto_occidente_caldense_2012.jpg\",\"articleSection\":[\"Actualidad\",\"Universidad al D\u00eda\"],\"inLanguage\":\"es\"},{\"@type\":\"WebPage\",\"@id\":\"https:\\\/\\\/www.ucaldas.edu.co\\\/portal\\\/u-de-caldas-ha-llevado-su-tecnologia-en-sistemas-informaticos-a-1-000-personas-en-caldas\\\/\",\"url\":\"https:\\\/\\\/www.ucaldas.edu.co\\\/portal\\\/u-de-caldas-ha-llevado-su-tecnologia-en-sistemas-informaticos-a-1-000-personas-en-caldas\\\/\",\"name\":\"U. de Caldas ha llevado su Tecnolog\u00eda en Sistemas Inform\u00e1ticos a 1.000 personas en Caldas .\",\"isPartOf\":{\"@id\":\"https:\\\/\\\/www.ucaldas.edu.co\\\/portal\\\/#website\"},\"primaryImageOfPage\":{\"@id\":\"https:\\\/\\\/www.ucaldas.edu.co\\\/portal\\\/u-de-caldas-ha-llevado-su-tecnologia-en-sistemas-informaticos-a-1-000-personas-en-caldas\\\/#primaryimage\"},\"image\":{\"@id\":\"https:\\\/\\\/www.ucaldas.edu.co\\\/portal\\\/u-de-caldas-ha-llevado-su-tecnologia-en-sistemas-informaticos-a-1-000-personas-en-caldas\\\/#primaryimage\"},\"thumbnailUrl\":\"http:\\\/\\\/www.ucaldas.edu.co\\\/images\\\/tmp\\\/ruta_noticias_alto_occidente_caldense_2012.jpg\",\"datePublished\":\"2012-07-09T18:28:47+00:00\",\"breadcrumb\":{\"@id\":\"https:\\\/\\\/www.ucaldas.edu.co\\\/portal\\\/u-de-caldas-ha-llevado-su-tecnologia-en-sistemas-informaticos-a-1-000-personas-en-caldas\\\/#breadcrumb\"},\"inLanguage\":\"es\",\"potentialAction\":[{\"@type\":\"ReadAction\",\"target\":[\"https:\\\/\\\/www.ucaldas.edu.co\\\/portal\\\/u-de-caldas-ha-llevado-su-tecnologia-en-sistemas-informaticos-a-1-000-personas-en-caldas\\\/\"]}]},{\"@type\":\"ImageObject\",\"inLanguage\":\"es\",\"@id\":\"https:\\\/\\\/www.ucaldas.edu.co\\\/portal\\\/u-de-caldas-ha-llevado-su-tecnologia-en-sistemas-informaticos-a-1-000-personas-en-caldas\\\/#primaryimage\",\"url\":\"http:\\\/\\\/www.ucaldas.edu.co\\\/images\\\/tmp\\\/ruta_noticias_alto_occidente_caldense_2012.jpg\",\"contentUrl\":\"http:\\\/\\\/www.ucaldas.edu.co\\\/images\\\/tmp\\\/ruta_noticias_alto_occidente_caldense_2012.jpg\"},{\"@type\":\"BreadcrumbList\",\"@id\":\"https:\\\/\\\/www.ucaldas.edu.co\\\/portal\\\/u-de-caldas-ha-llevado-su-tecnologia-en-sistemas-informaticos-a-1-000-personas-en-caldas\\\/#breadcrumb\",\"itemListElement\":[{\"@type\":\"ListItem\",\"position\":1,\"name\":\"Portada\",\"item\":\"https:\\\/\\\/www.ucaldas.edu.co\\\/portal\\\/\"},{\"@type\":\"ListItem\",\"position\":2,\"name\":\"U. de Caldas ha llevado su Tecnolog\u00eda en Sistemas Inform\u00e1ticos a 1.000 personas en Caldas\"}]},{\"@type\":\"WebSite\",\"@id\":\"https:\\\/\\\/www.ucaldas.edu.co\\\/portal\\\/#website\",\"url\":\"https:\\\/\\\/www.ucaldas.edu.co\\\/portal\\\/\",\"name\":\"Universidad de Caldas\",\"description\":\"\",\"publisher\":{\"@id\":\"https:\\\/\\\/www.ucaldas.edu.co\\\/portal\\\/#organization\"},\"alternateName\":\"U. de Caldas\",\"potentialAction\":[{\"@type\":\"SearchAction\",\"target\":{\"@type\":\"EntryPoint\",\"urlTemplate\":\"https:\\\/\\\/www.ucaldas.edu.co\\\/portal\\\/?s={search_term_string}\"},\"query-input\":{\"@type\":\"PropertyValueSpecification\",\"valueRequired\":true,\"valueName\":\"search_term_string\"}}],\"inLanguage\":\"es\"},{\"@type\":\"Organization\",\"@id\":\"https:\\\/\\\/www.ucaldas.edu.co\\\/portal\\\/#organization\",\"name\":\"Universidad de Caldas\",\"alternateName\":\"U. de Caldas\",\"url\":\"https:\\\/\\\/www.ucaldas.edu.co\\\/portal\\\/\",\"logo\":{\"@type\":\"ImageObject\",\"inLanguage\":\"es\",\"@id\":\"https:\\\/\\\/www.ucaldas.edu.co\\\/portal\\\/#\\\/schema\\\/logo\\\/image\\\/\",\"url\":\"https:\\\/\\\/www.ucaldas.edu.co\\\/portal\\\/wp-content\\\/uploads\\\/2023\\\/11\\\/Logo_horizontal_oscuroU-2023.png\",\"contentUrl\":\"https:\\\/\\\/www.ucaldas.edu.co\\\/portal\\\/wp-content\\\/uploads\\\/2023\\\/11\\\/Logo_horizontal_oscuroU-2023.png\",\"width\":263,\"height\":101,\"caption\":\"Universidad de Caldas\"},\"image\":{\"@id\":\"https:\\\/\\\/www.ucaldas.edu.co\\\/portal\\\/#\\\/schema\\\/logo\\\/image\\\/\"},\"sameAs\":[\"https:\\\/\\\/www.facebook.com\\\/udecaldas\",\"https:\\\/\\\/x.com\\\/udecaldas\",\"https:\\\/\\\/www.youtube.com\\\/universidadcaldas\",\"https:\\\/\\\/www.instagram.com\\\/udecaldas\\\/\"]},{\"@type\":\"Person\",\"@id\":\"https:\\\/\\\/www.ucaldas.edu.co\\\/portal\\\/#\\\/schema\\\/person\\\/a1b482e23449158b4bc319926c074fdf\",\"name\":\"ofiprensa\",\"image\":{\"@type\":\"ImageObject\",\"inLanguage\":\"es\",\"@id\":\"https:\\\/\\\/www.ucaldas.edu.co\\\/portal\\\/wp-content\\\/litespeed\\\/avatar\\\/09ea5085e600095a7a811142c6944527.jpg?ver=1777497608\",\"url\":\"https:\\\/\\\/www.ucaldas.edu.co\\\/portal\\\/wp-content\\\/litespeed\\\/avatar\\\/09ea5085e600095a7a811142c6944527.jpg?ver=1777497608\",\"contentUrl\":\"https:\\\/\\\/www.ucaldas.edu.co\\\/portal\\\/wp-content\\\/litespeed\\\/avatar\\\/09ea5085e600095a7a811142c6944527.jpg?ver=1777497608\",\"caption\":\"ofiprensa\"},\"url\":\"https:\\\/\\\/www.ucaldas.edu.co\\\/portal\\\/author\\\/ofiprensa\\\/\"}]}<\/script>\n<!-- \/ Yoast SEO plugin. -->","yoast_head_json":{"title":"U. de Caldas ha llevado su Tecnolog\u00eda en Sistemas Inform\u00e1ticos a 1.000 personas en Caldas .","robots":{"index":"index","follow":"follow","max-snippet":"max-snippet:-1","max-image-preview":"max-image-preview:large","max-video-preview":"max-video-preview:-1"},"canonical":"https:\/\/www.ucaldas.edu.co\/portal\/u-de-caldas-ha-llevado-su-tecnologia-en-sistemas-informaticos-a-1-000-personas-en-caldas\/","schema":{"@context":"https:\/\/schema.org","@graph":[{"@type":"Article","@id":"https:\/\/www.ucaldas.edu.co\/portal\/u-de-caldas-ha-llevado-su-tecnologia-en-sistemas-informaticos-a-1-000-personas-en-caldas\/#article","isPartOf":{"@id":"https:\/\/www.ucaldas.edu.co\/portal\/u-de-caldas-ha-llevado-su-tecnologia-en-sistemas-informaticos-a-1-000-personas-en-caldas\/"},"author":{"name":"ofiprensa","@id":"https:\/\/www.ucaldas.edu.co\/portal\/#\/schema\/person\/a1b482e23449158b4bc319926c074fdf"},"headline":"U. de Caldas ha llevado su Tecnolog\u00eda en Sistemas Inform\u00e1ticos a 1.000 personas en Caldas","datePublished":"2012-07-09T18:28:47+00:00","mainEntityOfPage":{"@id":"https:\/\/www.ucaldas.edu.co\/portal\/u-de-caldas-ha-llevado-su-tecnologia-en-sistemas-informaticos-a-1-000-personas-en-caldas\/"},"wordCount":1218,"publisher":{"@id":"https:\/\/www.ucaldas.edu.co\/portal\/#organization"},"image":{"@id":"https:\/\/www.ucaldas.edu.co\/portal\/u-de-caldas-ha-llevado-su-tecnologia-en-sistemas-informaticos-a-1-000-personas-en-caldas\/#primaryimage"},"thumbnailUrl":"http:\/\/www.ucaldas.edu.co\/images\/tmp\/ruta_noticias_alto_occidente_caldense_2012.jpg","articleSection":["Actualidad","Universidad al D\u00eda"],"inLanguage":"es"},{"@type":"WebPage","@id":"https:\/\/www.ucaldas.edu.co\/portal\/u-de-caldas-ha-llevado-su-tecnologia-en-sistemas-informaticos-a-1-000-personas-en-caldas\/","url":"https:\/\/www.ucaldas.edu.co\/portal\/u-de-caldas-ha-llevado-su-tecnologia-en-sistemas-informaticos-a-1-000-personas-en-caldas\/","name":"U. de Caldas ha llevado su Tecnolog\u00eda en Sistemas Inform\u00e1ticos a 1.000 personas en Caldas .","isPartOf":{"@id":"https:\/\/www.ucaldas.edu.co\/portal\/#website"},"primaryImageOfPage":{"@id":"https:\/\/www.ucaldas.edu.co\/portal\/u-de-caldas-ha-llevado-su-tecnologia-en-sistemas-informaticos-a-1-000-personas-en-caldas\/#primaryimage"},"image":{"@id":"https:\/\/www.ucaldas.edu.co\/portal\/u-de-caldas-ha-llevado-su-tecnologia-en-sistemas-informaticos-a-1-000-personas-en-caldas\/#primaryimage"},"thumbnailUrl":"http:\/\/www.ucaldas.edu.co\/images\/tmp\/ruta_noticias_alto_occidente_caldense_2012.jpg","datePublished":"2012-07-09T18:28:47+00:00","breadcrumb":{"@id":"https:\/\/www.ucaldas.edu.co\/portal\/u-de-caldas-ha-llevado-su-tecnologia-en-sistemas-informaticos-a-1-000-personas-en-caldas\/#breadcrumb"},"inLanguage":"es","potentialAction":[{"@type":"ReadAction","target":["https:\/\/www.ucaldas.edu.co\/portal\/u-de-caldas-ha-llevado-su-tecnologia-en-sistemas-informaticos-a-1-000-personas-en-caldas\/"]}]},{"@type":"ImageObject","inLanguage":"es","@id":"https:\/\/www.ucaldas.edu.co\/portal\/u-de-caldas-ha-llevado-su-tecnologia-en-sistemas-informaticos-a-1-000-personas-en-caldas\/#primaryimage","url":"http:\/\/www.ucaldas.edu.co\/images\/tmp\/ruta_noticias_alto_occidente_caldense_2012.jpg","contentUrl":"http:\/\/www.ucaldas.edu.co\/images\/tmp\/ruta_noticias_alto_occidente_caldense_2012.jpg"},{"@type":"BreadcrumbList","@id":"https:\/\/www.ucaldas.edu.co\/portal\/u-de-caldas-ha-llevado-su-tecnologia-en-sistemas-informaticos-a-1-000-personas-en-caldas\/#breadcrumb","itemListElement":[{"@type":"ListItem","position":1,"name":"Portada","item":"https:\/\/www.ucaldas.edu.co\/portal\/"},{"@type":"ListItem","position":2,"name":"U. de Caldas ha llevado su Tecnolog\u00eda en Sistemas Inform\u00e1ticos a 1.000 personas en Caldas"}]},{"@type":"WebSite","@id":"https:\/\/www.ucaldas.edu.co\/portal\/#website","url":"https:\/\/www.ucaldas.edu.co\/portal\/","name":"Universidad de Caldas","description":"","publisher":{"@id":"https:\/\/www.ucaldas.edu.co\/portal\/#organization"},"alternateName":"U. de Caldas","potentialAction":[{"@type":"SearchAction","target":{"@type":"EntryPoint","urlTemplate":"https:\/\/www.ucaldas.edu.co\/portal\/?s={search_term_string}"},"query-input":{"@type":"PropertyValueSpecification","valueRequired":true,"valueName":"search_term_string"}}],"inLanguage":"es"},{"@type":"Organization","@id":"https:\/\/www.ucaldas.edu.co\/portal\/#organization","name":"Universidad de Caldas","alternateName":"U. de Caldas","url":"https:\/\/www.ucaldas.edu.co\/portal\/","logo":{"@type":"ImageObject","inLanguage":"es","@id":"https:\/\/www.ucaldas.edu.co\/portal\/#\/schema\/logo\/image\/","url":"https:\/\/www.ucaldas.edu.co\/portal\/wp-content\/uploads\/2023\/11\/Logo_horizontal_oscuroU-2023.png","contentUrl":"https:\/\/www.ucaldas.edu.co\/portal\/wp-content\/uploads\/2023\/11\/Logo_horizontal_oscuroU-2023.png","width":263,"height":101,"caption":"Universidad de Caldas"},"image":{"@id":"https:\/\/www.ucaldas.edu.co\/portal\/#\/schema\/logo\/image\/"},"sameAs":["https:\/\/www.facebook.com\/udecaldas","https:\/\/x.com\/udecaldas","https:\/\/www.youtube.com\/universidadcaldas","https:\/\/www.instagram.com\/udecaldas\/"]},{"@type":"Person","@id":"https:\/\/www.ucaldas.edu.co\/portal\/#\/schema\/person\/a1b482e23449158b4bc319926c074fdf","name":"ofiprensa","image":{"@type":"ImageObject","inLanguage":"es","@id":"https:\/\/www.ucaldas.edu.co\/portal\/wp-content\/litespeed\/avatar\/09ea5085e600095a7a811142c6944527.jpg?ver=1777497608","url":"https:\/\/www.ucaldas.edu.co\/portal\/wp-content\/litespeed\/avatar\/09ea5085e600095a7a811142c6944527.jpg?ver=1777497608","contentUrl":"https:\/\/www.ucaldas.edu.co\/portal\/wp-content\/litespeed\/avatar\/09ea5085e600095a7a811142c6944527.jpg?ver=1777497608","caption":"ofiprensa"},"url":"https:\/\/www.ucaldas.edu.co\/portal\/author\/ofiprensa\/"}]}},"_links":{"self":[{"href":"https:\/\/www.ucaldas.edu.co\/portal\/wp-json\/wp\/v2\/posts\/13350","targetHints":{"allow":["GET"]}}],"collection":[{"href":"https:\/\/www.ucaldas.edu.co\/portal\/wp-json\/wp\/v2\/posts"}],"about":[{"href":"https:\/\/www.ucaldas.edu.co\/portal\/wp-json\/wp\/v2\/types\/post"}],"author":[{"embeddable":true,"href":"https:\/\/www.ucaldas.edu.co\/portal\/wp-json\/wp\/v2\/users\/2"}],"replies":[{"embeddable":true,"href":"https:\/\/www.ucaldas.edu.co\/portal\/wp-json\/wp\/v2\/comments?post=13350"}],"version-history":[{"count":0,"href":"https:\/\/www.ucaldas.edu.co\/portal\/wp-json\/wp\/v2\/posts\/13350\/revisions"}],"wp:attachment":[{"href":"https:\/\/www.ucaldas.edu.co\/portal\/wp-json\/wp\/v2\/media?parent=13350"}],"wp:term":[{"taxonomy":"category","embeddable":true,"href":"https:\/\/www.ucaldas.edu.co\/portal\/wp-json\/wp\/v2\/categories?post=13350"},{"taxonomy":"post_tag","embeddable":true,"href":"https:\/\/www.ucaldas.edu.co\/portal\/wp-json\/wp\/v2\/tags?post=13350"}],"curies":[{"name":"wp","href":"https:\/\/api.w.org\/{rel}","templated":true}]}}