{"id":13332,"date":"2012-07-06T13:21:17","date_gmt":"2012-07-06T18:21:17","guid":{"rendered":"https:\/\/www.ucaldas.edu.co\/portal\/?p=13332"},"modified":"2012-07-06T13:21:17","modified_gmt":"2012-07-06T18:21:17","slug":"oficina-de-prensa-u-de-caldas-asesora-en-comunicacion-a-u-de-los-llanos","status":"publish","type":"post","link":"https:\/\/www.ucaldas.edu.co\/portal\/oficina-de-prensa-u-de-caldas-asesora-en-comunicacion-a-u-de-los-llanos\/","title":{"rendered":"Oficina de Prensa U. de Caldas asesora  en comunicaci\u00f3n a U. de los Llanos"},"content":{"rendered":"<p>&nbsp;<\/p>\n<p align=\"center\">Jefe de Prensa sostuvo videoconferencia esta semana<\/p>\n<hr \/>\n<p>&nbsp;<\/p>\n<p align=\"right\">06\/07\/2012<br \/>\nRedacci\u00f3n: Margarita Mar\u00eda Laverde Galvis<\/p>\n<p>&nbsp;<\/p>\n<p>&nbsp;<\/p>\n<table border=\"0\">\n<tbody>\n<tr>\n<td>&nbsp;<\/p>\n<p><img loading=\"lazy\" decoding=\"async\" style=\"border: 0px\" title=\"Asesor\u00eda\" alt=\"Asesor\u00eda\" src=\"http:\/\/www.ucaldas.edu.co\/images\/tmp\/u_caldas_asesora_comunicaciones.jpg\" width=\"240\" height=\"150\" border=\"0\" \/><\/p>\n<h4>Foto: Guillermo Sarmiento Estrada\/ Prensa U. de Caldas.<\/h4>\n<\/td>\n<td>La\u00a0<b>Oficina de Prensa de la Universidad de Caldas<\/b>\u00a0comenz\u00f3 un proceso de\u00a0<b>acompa\u00f1amiento para estructurar el \u00e1rea de comunicaciones<\/b>\u00a0<b>de la Universidad de los Llanos<\/b>\u00a0(Unillanos). La solicitud la hizo un funcionario de la Direcci\u00f3n General de Proyecci\u00f3n Social de dicho centro de educaci\u00f3n superior, situado en\u00a0<b>Villavicencio<\/b>\u00a0(Meta).<\/td>\n<\/tr>\n<\/tbody>\n<\/table>\n<p>&nbsp;<\/p>\n<p>Por tal raz\u00f3n, el\u00a0<b>Jefe de Prensa de la U. de Caldas<\/b>, Carlos Eduardo Garc\u00eda Cort\u00e9s,\u00a0<b>realiz\u00f3 un primer encuentro virtual con la encargada de comunicaci\u00f3n en Unillanos<\/b>, Marcela Blanco Rodr\u00edguez , en el cual\u00a0<b>expuso el funcionamiento<\/b>\u00a0de la<b>\u00a0Oficina de Prensa<\/b>\u00a0y los<b>\u00a0procesos de divulgaci\u00f3n y comunicaci\u00f3n<\/b>\u00a0que desde all\u00ed se lideran.<\/p>\n<p>&nbsp;<\/p>\n<p>\u201cEn un\u00a0<a href=\"http:\/\/desarrollo.ucaldas.edu.co\/archivo\/index.php?option=com_content&amp;view=article&amp;id=7082:u-de-caldas-compartira-su-experiencia-en-divulgacion-y-creacion-de-audiencias&amp;catid=419:universidad-al-dia&amp;Itemid=1039\" target=\"_blank\">encuentro nacional de jefes de prensa realizado por la Fundaci\u00f3n Nuevo Periodismo Iberoamericano y el Ministerio de Educaci\u00f3n Nacional [ver]<\/a>, Marcela se interes\u00f3 por la din\u00e1mica y los logros de la Oficina de Prensa de la U. de Caldas. La idea es tener algunas\u00a0<b>reuniones virtuales<\/b>\u00a0y\u00a0<b>luego recibir una delegaci\u00f3n de Unillanos<\/b>, para que conozca nuestros procesos\u201d, explic\u00f3 Garc\u00eda Cort\u00e9s.<\/p>\n<p>&nbsp;<\/p>\n<p><b>La solicitud<\/b><\/p>\n<p>\u201cConocedora de algunos de los avances referentes al \u00e1rea de comunicaciones en su Universidad liderados por usted (&#8230;) pongo a consideraci\u00f3n la posibilidad de establecer un enlace que nos permita conocer m\u00e1s de fondo esa labor desempe\u00f1ada\u201d, dice la solicitud hecha por Unillanos al Jefe de Prensa de la U. de Caldas.<\/p>\n<p>&nbsp;<\/p>\n<p>Visite el\u00a0<a href=\"http:\/\/www.facebook.com\/media\/set\/?set=a.385460658182472.87891.107054166023124&amp;type=1\" target=\"_blank\">\u00e1lbum en Facebook de la videoconferencia del Jefe de Prensa U. de Caldas con Unillanos<\/a><\/p>\n<p>&nbsp;<\/p>\n<p><b>Informes:<\/b>\u00a0Oficina de Prensa de la U. de Caldas, tel\u00e9fono 878 15 00 extensi\u00f3n 12 167.<\/p>\n<p>&nbsp;<\/p>\n","protected":false},"excerpt":{"rendered":"<p>&nbsp; Jefe de Prensa sostuvo videoconferencia esta semana &nbsp; 06\/07\/2012 Redacci\u00f3n: Margarita Mar\u00eda Laverde Galvis &nbsp; &nbsp; &nbsp; Foto: Guillermo Sarmiento Estrada\/ Prensa U. de Caldas. La\u00a0Oficina de Prensa de la Universidad de Caldas\u00a0comenz\u00f3 un proceso de\u00a0acompa\u00f1amiento para estructurar el \u00e1rea de comunicaciones\u00a0de la Universidad de los Llanos\u00a0(Unillanos). La solicitud la hizo un funcionario de [&hellip;]<\/p>\n","protected":false},"author":2,"featured_media":0,"comment_status":"closed","ping_status":"closed","sticky":false,"template":"","format":"standard","meta":{"footnotes":""},"categories":[48,53],"tags":[],"class_list":["post-13332","post","type-post","status-publish","format-standard","hentry","category-actualidad","category-universidad-al-dia"],"yoast_head":"<!-- This site is optimized with the Yoast SEO plugin v27.5 - https:\/\/yoast.com\/product\/yoast-seo-wordpress\/ -->\n<title>Oficina de Prensa U. de Caldas asesora en comunicaci\u00f3n a U. de los Llanos .<\/title>\n<meta name=\"robots\" content=\"index, follow, max-snippet:-1, max-image-preview:large, max-video-preview:-1\" \/>\n<link rel=\"canonical\" href=\"https:\/\/www.ucaldas.edu.co\/portal\/oficina-de-prensa-u-de-caldas-asesora-en-comunicacion-a-u-de-los-llanos\/\" \/>\n<script type=\"application\/ld+json\" class=\"yoast-schema-graph\">{\"@context\":\"https:\\\/\\\/schema.org\",\"@graph\":[{\"@type\":\"Article\",\"@id\":\"https:\\\/\\\/www.ucaldas.edu.co\\\/portal\\\/oficina-de-prensa-u-de-caldas-asesora-en-comunicacion-a-u-de-los-llanos\\\/#article\",\"isPartOf\":{\"@id\":\"https:\\\/\\\/www.ucaldas.edu.co\\\/portal\\\/oficina-de-prensa-u-de-caldas-asesora-en-comunicacion-a-u-de-los-llanos\\\/\"},\"author\":{\"name\":\"ofiprensa\",\"@id\":\"https:\\\/\\\/www.ucaldas.edu.co\\\/portal\\\/#\\\/schema\\\/person\\\/a1b482e23449158b4bc319926c074fdf\"},\"headline\":\"Oficina de Prensa U. de Caldas asesora en comunicaci\u00f3n a U. de los Llanos\",\"datePublished\":\"2012-07-06T18:21:17+00:00\",\"mainEntityOfPage\":{\"@id\":\"https:\\\/\\\/www.ucaldas.edu.co\\\/portal\\\/oficina-de-prensa-u-de-caldas-asesora-en-comunicacion-a-u-de-los-llanos\\\/\"},\"wordCount\":318,\"publisher\":{\"@id\":\"https:\\\/\\\/www.ucaldas.edu.co\\\/portal\\\/#organization\"},\"image\":{\"@id\":\"https:\\\/\\\/www.ucaldas.edu.co\\\/portal\\\/oficina-de-prensa-u-de-caldas-asesora-en-comunicacion-a-u-de-los-llanos\\\/#primaryimage\"},\"thumbnailUrl\":\"http:\\\/\\\/www.ucaldas.edu.co\\\/images\\\/tmp\\\/u_caldas_asesora_comunicaciones.jpg\",\"articleSection\":[\"Actualidad\",\"Universidad al D\u00eda\"],\"inLanguage\":\"es\"},{\"@type\":\"WebPage\",\"@id\":\"https:\\\/\\\/www.ucaldas.edu.co\\\/portal\\\/oficina-de-prensa-u-de-caldas-asesora-en-comunicacion-a-u-de-los-llanos\\\/\",\"url\":\"https:\\\/\\\/www.ucaldas.edu.co\\\/portal\\\/oficina-de-prensa-u-de-caldas-asesora-en-comunicacion-a-u-de-los-llanos\\\/\",\"name\":\"Oficina de Prensa U. de Caldas asesora en comunicaci\u00f3n a U. de los Llanos .\",\"isPartOf\":{\"@id\":\"https:\\\/\\\/www.ucaldas.edu.co\\\/portal\\\/#website\"},\"primaryImageOfPage\":{\"@id\":\"https:\\\/\\\/www.ucaldas.edu.co\\\/portal\\\/oficina-de-prensa-u-de-caldas-asesora-en-comunicacion-a-u-de-los-llanos\\\/#primaryimage\"},\"image\":{\"@id\":\"https:\\\/\\\/www.ucaldas.edu.co\\\/portal\\\/oficina-de-prensa-u-de-caldas-asesora-en-comunicacion-a-u-de-los-llanos\\\/#primaryimage\"},\"thumbnailUrl\":\"http:\\\/\\\/www.ucaldas.edu.co\\\/images\\\/tmp\\\/u_caldas_asesora_comunicaciones.jpg\",\"datePublished\":\"2012-07-06T18:21:17+00:00\",\"breadcrumb\":{\"@id\":\"https:\\\/\\\/www.ucaldas.edu.co\\\/portal\\\/oficina-de-prensa-u-de-caldas-asesora-en-comunicacion-a-u-de-los-llanos\\\/#breadcrumb\"},\"inLanguage\":\"es\",\"potentialAction\":[{\"@type\":\"ReadAction\",\"target\":[\"https:\\\/\\\/www.ucaldas.edu.co\\\/portal\\\/oficina-de-prensa-u-de-caldas-asesora-en-comunicacion-a-u-de-los-llanos\\\/\"]}]},{\"@type\":\"ImageObject\",\"inLanguage\":\"es\",\"@id\":\"https:\\\/\\\/www.ucaldas.edu.co\\\/portal\\\/oficina-de-prensa-u-de-caldas-asesora-en-comunicacion-a-u-de-los-llanos\\\/#primaryimage\",\"url\":\"http:\\\/\\\/www.ucaldas.edu.co\\\/images\\\/tmp\\\/u_caldas_asesora_comunicaciones.jpg\",\"contentUrl\":\"http:\\\/\\\/www.ucaldas.edu.co\\\/images\\\/tmp\\\/u_caldas_asesora_comunicaciones.jpg\"},{\"@type\":\"BreadcrumbList\",\"@id\":\"https:\\\/\\\/www.ucaldas.edu.co\\\/portal\\\/oficina-de-prensa-u-de-caldas-asesora-en-comunicacion-a-u-de-los-llanos\\\/#breadcrumb\",\"itemListElement\":[{\"@type\":\"ListItem\",\"position\":1,\"name\":\"Portada\",\"item\":\"https:\\\/\\\/www.ucaldas.edu.co\\\/portal\\\/\"},{\"@type\":\"ListItem\",\"position\":2,\"name\":\"Oficina de Prensa U. de Caldas asesora en comunicaci\u00f3n a U. de los Llanos\"}]},{\"@type\":\"WebSite\",\"@id\":\"https:\\\/\\\/www.ucaldas.edu.co\\\/portal\\\/#website\",\"url\":\"https:\\\/\\\/www.ucaldas.edu.co\\\/portal\\\/\",\"name\":\"Universidad de Caldas\",\"description\":\"\",\"publisher\":{\"@id\":\"https:\\\/\\\/www.ucaldas.edu.co\\\/portal\\\/#organization\"},\"alternateName\":\"U. de Caldas\",\"potentialAction\":[{\"@type\":\"SearchAction\",\"target\":{\"@type\":\"EntryPoint\",\"urlTemplate\":\"https:\\\/\\\/www.ucaldas.edu.co\\\/portal\\\/?s={search_term_string}\"},\"query-input\":{\"@type\":\"PropertyValueSpecification\",\"valueRequired\":true,\"valueName\":\"search_term_string\"}}],\"inLanguage\":\"es\"},{\"@type\":\"Organization\",\"@id\":\"https:\\\/\\\/www.ucaldas.edu.co\\\/portal\\\/#organization\",\"name\":\"Universidad de Caldas\",\"alternateName\":\"U. de Caldas\",\"url\":\"https:\\\/\\\/www.ucaldas.edu.co\\\/portal\\\/\",\"logo\":{\"@type\":\"ImageObject\",\"inLanguage\":\"es\",\"@id\":\"https:\\\/\\\/www.ucaldas.edu.co\\\/portal\\\/#\\\/schema\\\/logo\\\/image\\\/\",\"url\":\"https:\\\/\\\/www.ucaldas.edu.co\\\/portal\\\/wp-content\\\/uploads\\\/2023\\\/11\\\/Logo_horizontal_oscuroU-2023.png\",\"contentUrl\":\"https:\\\/\\\/www.ucaldas.edu.co\\\/portal\\\/wp-content\\\/uploads\\\/2023\\\/11\\\/Logo_horizontal_oscuroU-2023.png\",\"width\":263,\"height\":101,\"caption\":\"Universidad de Caldas\"},\"image\":{\"@id\":\"https:\\\/\\\/www.ucaldas.edu.co\\\/portal\\\/#\\\/schema\\\/logo\\\/image\\\/\"},\"sameAs\":[\"https:\\\/\\\/www.facebook.com\\\/udecaldas\",\"https:\\\/\\\/x.com\\\/udecaldas\",\"https:\\\/\\\/www.youtube.com\\\/universidadcaldas\",\"https:\\\/\\\/www.instagram.com\\\/udecaldas\\\/\"]},{\"@type\":\"Person\",\"@id\":\"https:\\\/\\\/www.ucaldas.edu.co\\\/portal\\\/#\\\/schema\\\/person\\\/a1b482e23449158b4bc319926c074fdf\",\"name\":\"ofiprensa\",\"image\":{\"@type\":\"ImageObject\",\"inLanguage\":\"es\",\"@id\":\"https:\\\/\\\/www.ucaldas.edu.co\\\/portal\\\/wp-content\\\/litespeed\\\/avatar\\\/09ea5085e600095a7a811142c6944527.jpg?ver=1777497608\",\"url\":\"https:\\\/\\\/www.ucaldas.edu.co\\\/portal\\\/wp-content\\\/litespeed\\\/avatar\\\/09ea5085e600095a7a811142c6944527.jpg?ver=1777497608\",\"contentUrl\":\"https:\\\/\\\/www.ucaldas.edu.co\\\/portal\\\/wp-content\\\/litespeed\\\/avatar\\\/09ea5085e600095a7a811142c6944527.jpg?ver=1777497608\",\"caption\":\"ofiprensa\"},\"url\":\"https:\\\/\\\/www.ucaldas.edu.co\\\/portal\\\/author\\\/ofiprensa\\\/\"}]}<\/script>\n<!-- \/ Yoast SEO plugin. -->","yoast_head_json":{"title":"Oficina de Prensa U. de Caldas asesora en comunicaci\u00f3n a U. de los Llanos .","robots":{"index":"index","follow":"follow","max-snippet":"max-snippet:-1","max-image-preview":"max-image-preview:large","max-video-preview":"max-video-preview:-1"},"canonical":"https:\/\/www.ucaldas.edu.co\/portal\/oficina-de-prensa-u-de-caldas-asesora-en-comunicacion-a-u-de-los-llanos\/","schema":{"@context":"https:\/\/schema.org","@graph":[{"@type":"Article","@id":"https:\/\/www.ucaldas.edu.co\/portal\/oficina-de-prensa-u-de-caldas-asesora-en-comunicacion-a-u-de-los-llanos\/#article","isPartOf":{"@id":"https:\/\/www.ucaldas.edu.co\/portal\/oficina-de-prensa-u-de-caldas-asesora-en-comunicacion-a-u-de-los-llanos\/"},"author":{"name":"ofiprensa","@id":"https:\/\/www.ucaldas.edu.co\/portal\/#\/schema\/person\/a1b482e23449158b4bc319926c074fdf"},"headline":"Oficina de Prensa U. de Caldas asesora en comunicaci\u00f3n a U. de los Llanos","datePublished":"2012-07-06T18:21:17+00:00","mainEntityOfPage":{"@id":"https:\/\/www.ucaldas.edu.co\/portal\/oficina-de-prensa-u-de-caldas-asesora-en-comunicacion-a-u-de-los-llanos\/"},"wordCount":318,"publisher":{"@id":"https:\/\/www.ucaldas.edu.co\/portal\/#organization"},"image":{"@id":"https:\/\/www.ucaldas.edu.co\/portal\/oficina-de-prensa-u-de-caldas-asesora-en-comunicacion-a-u-de-los-llanos\/#primaryimage"},"thumbnailUrl":"http:\/\/www.ucaldas.edu.co\/images\/tmp\/u_caldas_asesora_comunicaciones.jpg","articleSection":["Actualidad","Universidad al D\u00eda"],"inLanguage":"es"},{"@type":"WebPage","@id":"https:\/\/www.ucaldas.edu.co\/portal\/oficina-de-prensa-u-de-caldas-asesora-en-comunicacion-a-u-de-los-llanos\/","url":"https:\/\/www.ucaldas.edu.co\/portal\/oficina-de-prensa-u-de-caldas-asesora-en-comunicacion-a-u-de-los-llanos\/","name":"Oficina de Prensa U. de Caldas asesora en comunicaci\u00f3n a U. de los Llanos .","isPartOf":{"@id":"https:\/\/www.ucaldas.edu.co\/portal\/#website"},"primaryImageOfPage":{"@id":"https:\/\/www.ucaldas.edu.co\/portal\/oficina-de-prensa-u-de-caldas-asesora-en-comunicacion-a-u-de-los-llanos\/#primaryimage"},"image":{"@id":"https:\/\/www.ucaldas.edu.co\/portal\/oficina-de-prensa-u-de-caldas-asesora-en-comunicacion-a-u-de-los-llanos\/#primaryimage"},"thumbnailUrl":"http:\/\/www.ucaldas.edu.co\/images\/tmp\/u_caldas_asesora_comunicaciones.jpg","datePublished":"2012-07-06T18:21:17+00:00","breadcrumb":{"@id":"https:\/\/www.ucaldas.edu.co\/portal\/oficina-de-prensa-u-de-caldas-asesora-en-comunicacion-a-u-de-los-llanos\/#breadcrumb"},"inLanguage":"es","potentialAction":[{"@type":"ReadAction","target":["https:\/\/www.ucaldas.edu.co\/portal\/oficina-de-prensa-u-de-caldas-asesora-en-comunicacion-a-u-de-los-llanos\/"]}]},{"@type":"ImageObject","inLanguage":"es","@id":"https:\/\/www.ucaldas.edu.co\/portal\/oficina-de-prensa-u-de-caldas-asesora-en-comunicacion-a-u-de-los-llanos\/#primaryimage","url":"http:\/\/www.ucaldas.edu.co\/images\/tmp\/u_caldas_asesora_comunicaciones.jpg","contentUrl":"http:\/\/www.ucaldas.edu.co\/images\/tmp\/u_caldas_asesora_comunicaciones.jpg"},{"@type":"BreadcrumbList","@id":"https:\/\/www.ucaldas.edu.co\/portal\/oficina-de-prensa-u-de-caldas-asesora-en-comunicacion-a-u-de-los-llanos\/#breadcrumb","itemListElement":[{"@type":"ListItem","position":1,"name":"Portada","item":"https:\/\/www.ucaldas.edu.co\/portal\/"},{"@type":"ListItem","position":2,"name":"Oficina de Prensa U. de Caldas asesora en comunicaci\u00f3n a U. de los Llanos"}]},{"@type":"WebSite","@id":"https:\/\/www.ucaldas.edu.co\/portal\/#website","url":"https:\/\/www.ucaldas.edu.co\/portal\/","name":"Universidad de Caldas","description":"","publisher":{"@id":"https:\/\/www.ucaldas.edu.co\/portal\/#organization"},"alternateName":"U. de Caldas","potentialAction":[{"@type":"SearchAction","target":{"@type":"EntryPoint","urlTemplate":"https:\/\/www.ucaldas.edu.co\/portal\/?s={search_term_string}"},"query-input":{"@type":"PropertyValueSpecification","valueRequired":true,"valueName":"search_term_string"}}],"inLanguage":"es"},{"@type":"Organization","@id":"https:\/\/www.ucaldas.edu.co\/portal\/#organization","name":"Universidad de Caldas","alternateName":"U. de Caldas","url":"https:\/\/www.ucaldas.edu.co\/portal\/","logo":{"@type":"ImageObject","inLanguage":"es","@id":"https:\/\/www.ucaldas.edu.co\/portal\/#\/schema\/logo\/image\/","url":"https:\/\/www.ucaldas.edu.co\/portal\/wp-content\/uploads\/2023\/11\/Logo_horizontal_oscuroU-2023.png","contentUrl":"https:\/\/www.ucaldas.edu.co\/portal\/wp-content\/uploads\/2023\/11\/Logo_horizontal_oscuroU-2023.png","width":263,"height":101,"caption":"Universidad de Caldas"},"image":{"@id":"https:\/\/www.ucaldas.edu.co\/portal\/#\/schema\/logo\/image\/"},"sameAs":["https:\/\/www.facebook.com\/udecaldas","https:\/\/x.com\/udecaldas","https:\/\/www.youtube.com\/universidadcaldas","https:\/\/www.instagram.com\/udecaldas\/"]},{"@type":"Person","@id":"https:\/\/www.ucaldas.edu.co\/portal\/#\/schema\/person\/a1b482e23449158b4bc319926c074fdf","name":"ofiprensa","image":{"@type":"ImageObject","inLanguage":"es","@id":"https:\/\/www.ucaldas.edu.co\/portal\/wp-content\/litespeed\/avatar\/09ea5085e600095a7a811142c6944527.jpg?ver=1777497608","url":"https:\/\/www.ucaldas.edu.co\/portal\/wp-content\/litespeed\/avatar\/09ea5085e600095a7a811142c6944527.jpg?ver=1777497608","contentUrl":"https:\/\/www.ucaldas.edu.co\/portal\/wp-content\/litespeed\/avatar\/09ea5085e600095a7a811142c6944527.jpg?ver=1777497608","caption":"ofiprensa"},"url":"https:\/\/www.ucaldas.edu.co\/portal\/author\/ofiprensa\/"}]}},"_links":{"self":[{"href":"https:\/\/www.ucaldas.edu.co\/portal\/wp-json\/wp\/v2\/posts\/13332","targetHints":{"allow":["GET"]}}],"collection":[{"href":"https:\/\/www.ucaldas.edu.co\/portal\/wp-json\/wp\/v2\/posts"}],"about":[{"href":"https:\/\/www.ucaldas.edu.co\/portal\/wp-json\/wp\/v2\/types\/post"}],"author":[{"embeddable":true,"href":"https:\/\/www.ucaldas.edu.co\/portal\/wp-json\/wp\/v2\/users\/2"}],"replies":[{"embeddable":true,"href":"https:\/\/www.ucaldas.edu.co\/portal\/wp-json\/wp\/v2\/comments?post=13332"}],"version-history":[{"count":0,"href":"https:\/\/www.ucaldas.edu.co\/portal\/wp-json\/wp\/v2\/posts\/13332\/revisions"}],"wp:attachment":[{"href":"https:\/\/www.ucaldas.edu.co\/portal\/wp-json\/wp\/v2\/media?parent=13332"}],"wp:term":[{"taxonomy":"category","embeddable":true,"href":"https:\/\/www.ucaldas.edu.co\/portal\/wp-json\/wp\/v2\/categories?post=13332"},{"taxonomy":"post_tag","embeddable":true,"href":"https:\/\/www.ucaldas.edu.co\/portal\/wp-json\/wp\/v2\/tags?post=13332"}],"curies":[{"name":"wp","href":"https:\/\/api.w.org\/{rel}","templated":true}]}}