{"id":13304,"date":"2012-07-03T13:11:51","date_gmt":"2012-07-03T18:11:51","guid":{"rendered":"https:\/\/www.ucaldas.edu.co\/portal\/?p=13304"},"modified":"2012-07-03T13:11:51","modified_gmt":"2012-07-03T18:11:51","slug":"desde-oriente-caldense-se-podra-estudiar-tecnologia-en-sistemas-informaticos-u-de-caldas","status":"publish","type":"post","link":"https:\/\/www.ucaldas.edu.co\/portal\/desde-oriente-caldense-se-podra-estudiar-tecnologia-en-sistemas-informaticos-u-de-caldas\/","title":{"rendered":"Desde Oriente Caldense se podr\u00e1 estudiar Tecnolog\u00eda en Sistemas Inform\u00e1ticos U. de Caldas"},"content":{"rendered":"<p align=\"center\">Instituci\u00f3n lleg\u00f3 con su oferta acad\u00e9mica a La Dorada, Victoria, Norcasia y Saman\u00e1<\/p>\n<hr \/>\n<p align=\"center\">\n<p align=\"right\">\n<p align=\"right\">03\/07\/2012<br \/>\nRedacci\u00f3n: Margarita Mar\u00eda Laverde Galvis<\/p>\n<p>&nbsp;<\/p>\n<table border=\"0\">\n<tbody>\n<tr>\n<td>&nbsp;<\/p>\n<h4>Foto: Margarita <img loading=\"lazy\" decoding=\"async\" style=\"border: 0px\" title=\"Gira U. de Caldas\" alt=\"Gira U. de Caldas\" src=\"http:\/\/www.ucaldas.edu.co\/images\/tmp\/u_caldas_oriente_caldense_2012.jpg\" width=\"240\" height=\"150\" border=\"0\" \/>Laverde Galvis\/ Prensa U. de Caldas.<\/h4>\n<\/td>\n<td>Los municipios caldenses de <b>La Dorada, Victoria, Norcasia y Saman\u00e1<\/b>, al igual los <b>corregimientos<\/b> de <b>San Diego y Berl\u00edn, <\/b><b>recibieron<\/b> a la <b>Universidad de Caldas<\/b> para conocer la <b>convocatoria Talento Digital<\/b> del <b>Ministerio de las Tecnolog\u00edas de la Informaci\u00f3n y las Comunicaciones<\/b>.<\/td>\n<\/tr>\n<\/tbody>\n<\/table>\n<p>&nbsp;<\/p>\n<p>&nbsp;<\/p>\n<p>La <b>gira se desarroll\u00f3<\/b> desde<b> <\/b>el pasado <b>viernes <\/b><b>29 de junio hasta <\/b>el<b> 2 de julio<\/b> del 2012 y fue un <b>recorrido de<\/b> <b>674 kil\u00f3metros. <\/b>En ella, tambi\u00e9n <b>se promocion\u00f3<\/b> la <b>Tecnolog\u00eda en Sistemas Inform\u00e1ticos<\/b>, de la Instituci\u00f3n, modalidad <b>a distancia.<\/b><\/p>\n<p>&nbsp;<\/p>\n<p>El <b>Vicerrector Administrativo de la U. de Caldas<\/b>, Fabio Hernando Arias Orozco, <b>lider\u00f3 esta campa\u00f1a<\/b>, <b>junto<\/b> al <b>Coordinador de la Tecnolog\u00eda en Sistemas Inform\u00e1ticos<\/b>, Fabio Andr\u00e9s L\u00f3pez Salazar, y la <b>Coordinadora del Icetex<\/b> en la Instituci\u00f3n, Jenny Villada V\u00e1squez.<\/p>\n<p>&nbsp;<\/p>\n<p>Tambi\u00e9n participaron el <b>Coordinador del Ceres de La Dorada<\/b>, Leonardo Arias Villamil; el <b>Jefe de Prensa de la U. de Caldas, <\/b>Carlos Eduardo Garc\u00eda Cort\u00e9s; el <b>Coordinador de TV, <\/b>Doney Aranzazu Rivera, y la <b>periodista de la Oficina de Prensa, <\/b>Margarita Laverde Galvis.<\/p>\n<p><b>Balance<\/b><br \/>\n\u201cEstamos muy satisfechos con la gira por el Oriente Caldense, pues <b>contamos con la participaci\u00f3n de m\u00e1s de 300 personas<\/b> y esperamos que en los resultados de este trabajo tengamos muchos j\u00f3venes matriculados para el pr\u00f3ximo semestre, en la U. de Caldas\u201d, expres\u00f3 el <b>Coordinador del Ceres de La Dorada.<\/b><\/p>\n<p>&nbsp;<\/p>\n<p><a href=\"http:\/\/fiti.gov.co\/Prensa.htm?n=24\" target=\"_blank\">Conozca aqu\u00ed la convocatoria Talento Digital (conozca m\u00e1s detalles aqu\u00ed<\/a>), que permite solicitar un <b>cr\u00e9dito con el Icetex<\/b>, y <b>condonar la deuda <\/b>para estas carreras.<\/p>\n<p><b>\u00a0<\/b><\/p>\n<p><b>Los beneficiados en municipios:<br \/>\nLa Dorada (Caldas)<\/b><\/p>\n<p><b>Adriana Mar\u00eda Ortiz Mu\u00f1oz, Directora Administrativa de la Divisi\u00f3n de Participaci\u00f3n Ciudadana y Asuntos Comunitarios de La Dorada (Caldas)<\/b><\/p>\n<p>Tener a la U. de Caldas aqu\u00ed es muy importante, porque hay muchos j\u00f3venes que no tienen d\u00f3nde ni qu\u00e9 estudiar. Nuestro mensaje es que se acerquen a nuestras oficinas y conozcan el proceso, pues es una gran oportunidad.<\/p>\n<p>&nbsp;<\/p>\n<p><b>Derly Mora Barrios, concejal de La Dorada (Caldas)<br \/>\n<\/b>Quiero expresar la gran satisfacci\u00f3n que he sentido, porque la U. de Caldas haya venido con esta oferta importante para la poblaci\u00f3n. Ojal\u00e1 todos tuvieran acceso a la educaci\u00f3n superior y esta es una oportunidad para que quien quiera estudiar lo pueda hacer. Es imposible que vaya a quedar un solo ciudadano interesado en el tema, por ingresar a esta Instituci\u00f3n, de la cual soy egresada.<\/p>\n<p>&nbsp;<\/p>\n<p><b>Leidy Viviana Correa N\u00fa\u00f1ez, bachiller de La Dorada (Caldas)<br \/>\n<\/b>Me parece una oportunidad muy buena el que piensen en nosotros, las personas de bajos recursos. Esta es la opci\u00f3n de desarrollarnos como profesionales para mejorar nuestra calidad de vida.<\/p>\n<p>&nbsp;<\/p>\n<p><a href=\"http:\/\/www.facebook.com\/ucaldas.edu.co\/photos?ref=ts#%21\/media\/set\/?set=a.382215525173652.87162.107054166023124&amp;type=3\" target=\"_blank\">U. de Caldas lleva su oferta acad\u00e9mica a La Dorada (Caldas)<\/a><\/p>\n<p>&nbsp;<\/p>\n<p><b>Victoria (Caldas)<\/b><\/p>\n<p><b>Juan Eduardo Caicedo Hoyos, Alcalde de Victoria (Caldas)<\/b><\/p>\n<p>Este es un sue\u00f1o que he tenido y que estos seis meses he estado empe\u00f1ado: buscar la posibilidad de que la U. de Caldas, que es nuestra universidad, llegue de forma presencial en el municipio.<\/p>\n<p><b>\u00a0<\/b><\/p>\n<p><b>Daniela Fernanda Ospina Gonz\u00e1lez, bachiller de Victoria (Caldas)<\/b><\/p>\n<p>Me parece una oportunidad muy buena, porque as\u00ed las personas podr\u00e1n tener una opci\u00f3n de estudiar sin salir de su pueblo.<\/p>\n<p><b>\u00a0<\/b><\/p>\n<p><a href=\"http:\/\/www.facebook.com\/ucaldas.edu.co\/photos?ref=ts#%21\/media\/set\/?set=a.384413604953844.87620.107054166023124&amp;type=3\" target=\"_blank\">U. de Caldas lleva su oferta acad\u00e9mica a Victoria (Caldas)<\/a><\/p>\n<p>&nbsp;<\/p>\n<p><b>Saman\u00e1 (Caldas)<\/b><\/p>\n<p><b>Wilder Iberson Escobar Ortiz, Alcalde de Saman\u00e1 (Caldas)<\/b><\/p>\n<p>Agradecemos a la U. de Caldas por brindarle esta oportunidad a la comunidad del municipio, ya que es una excelente opci\u00f3n poder estudiar en el propio municipio y m\u00e1s a\u00fan, de la mano del Gobierno Nacional e Icetex. Buscamos que la comunidad inicie la carrera, pero tambi\u00e9n la termine, ofreciendo espacios de participaci\u00f3n en la educaci\u00f3n superior.<\/p>\n<p>&nbsp;<\/p>\n<p><b>Jhon Jairo Clavijo \u00c1lzate, Secretario de Educaci\u00f3n de Saman\u00e1 (Caldas)<\/b><\/p>\n<p>Me parece maravilloso que en Saman\u00e1 se est\u00e9 ofreciendo la posibilidad de que la comunidad pueda hacer parte de estos procesos de formaci\u00f3n con la U. de Caldas. Es una oportunidad \u00fanica para que nuestra poblaci\u00f3n se esmere por la educaci\u00f3n superior.<\/p>\n<p>&nbsp;<\/p>\n<p><b>Juvenal Pulgar\u00edn Bedoya, Presidente del Concejo Municipal de Saman\u00e1 (Caldas)<\/b><\/p>\n<p>Para nosotros es de gran importancia que la U. de Caldas est\u00e9 haciendo presencia en nuestro municipio, pues este es uno de los m\u00e1s extensos del Oriente Caldense. El que se est\u00e9 trayendo la universidad al municipio va a ser de gran valor para toda nuestra comunidad.<\/p>\n<p><b>\u00a0<\/b><\/p>\n<p><b>Guillermo Manrique C\u00e1rdenas, concejal de Saman\u00e1 (Caldas)<br \/>\n<\/b>Las distancias para trasladarnos hasta nuestra capital no nos permite que los j\u00f3venes del municipio accedan a estos recursos, as\u00ed que es una oportunidad muy importante. La U. de Caldas est\u00e1 siendo muy deferente con nuestro municipio y ojal\u00e1 esta no sea la primera ni la \u00faltima vez que contemos con la Instituci\u00f3n.<\/p>\n<p>&nbsp;<\/p>\n<p><b>Wilgin Deiber Osorio Mu\u00f1oz, bachiller de Saman\u00e1 (Caldas)<br \/>\n<\/b>Pienso que esta es una importante convocatoria, porque que una oportunidad que se presenta para estudiar una tecnolog\u00eda y querer tener algo m\u00e1s profesional.<\/p>\n<p>&nbsp;<\/p>\n<p><a href=\"http:\/\/www.facebook.com\/media\/set\/?set=a.384417614953443.87622.107054166023124&amp;type=3\" target=\"_blank\">U. de Caldas lleva su oferta acad\u00e9mica a Saman\u00e1 (Caldas)<\/a><\/p>\n<p><b>\u00a0<\/b><\/p>\n<p><b>Los beneficiados en corregimientos:<br \/>\n<\/b><b>San Diego (Saman\u00e1)<\/b><\/p>\n<p><b>Flor Marina Aristizabal Toro, Rectora de la Instituci\u00f3n Educativa F\u00e9lix Naranjo, de San Diego (Saman\u00e1)<\/b><\/p>\n<p>Es la primera vez en la historia del corregimiento que la gente va a tener la oportunidad de capacitarse y profesionalizarse en el mismo lugar. Me parece magn\u00edfico tener aqu\u00ed a la U. de Caldas.<\/p>\n<p><b>Yuliana Andrea Lince Loaiza, docente de la <\/b><b>Instituci\u00f3n Educativa F\u00e9lix Naranjo, de San Diego (Saman\u00e1)<\/b><\/p>\n<p>La convocatoria es muy interesante porque es la primera vez que se presenta una universidad en el corregimiento. El hecho de que no contemos con salas de sistemas apropiadas no es una desventaja, porque muchas de los interesados tenemos port\u00e1tiles.<\/p>\n<p>&nbsp;<\/p>\n<p><a href=\"http:\/\/www.facebook.com\/media\/set\/?set=a.384417614953443.87622.107054166023124&amp;type=3#%21\/media\/set\/?set=a.384419751619896.87623.107054166023124&amp;type=3\" target=\"_blank\">U. de Caldas lleva su oferta acad\u00e9mica a San Diego (Saman\u00e1)<\/a><\/p>\n<p>&nbsp;<\/p>\n<p><b>Berl\u00edn (Saman\u00e1)<\/b><\/p>\n<p><b>Adalberto L\u00f3pez Agudelo, Rector de la Instituci\u00f3n Educativa Berl\u00edn, en Berl\u00edn (Saman\u00e1)<br \/>\n<\/b>Esto es muy importante para esta comunidad, que ha sido olvidada y que se encuentra distante de una universidad. Estas son capacitaciones que servir\u00e1n para el futuro de la poblaci\u00f3n, a la que le ha faltado avanzar y tener una mejor calidad de vida.<\/p>\n<p>&nbsp;<\/p>\n<p><b>Emperatr\u00edz Medina Rend\u00f3n, bachiller de Berl\u00edn (Saman\u00e1)<\/b><\/p>\n<p>Es una oportunidad muy buena para que la comunidad se actualice y especialice desde su propio corregimiento.<b>\u00a0\u00a0\u00a0\u00a0\u00a0\u00a0\u00a0\u00a0\u00a0\u00a0\u00a0 <\/b><\/p>\n<p>&nbsp;<\/p>\n<p><a href=\"http:\/\/www.facebook.com\/media\/set\/?set=a.384417614953443.87622.107054166023124&amp;type=3#%21\/media\/set\/?set=a.384422114952993.87624.107054166023124&amp;type=3\" target=\"_blank\">U. de Caldas lleva su oferta acad\u00e9mica a Berl\u00edn (Saman\u00e1)<\/a><\/p>\n<p><b>\u00a0<\/b><\/p>\n<p><b>Informes: <\/b>en el tel\u00e9fono 8781500 extensi\u00f3n 13 392.<\/p>\n","protected":false},"excerpt":{"rendered":"<p>Instituci\u00f3n lleg\u00f3 con su oferta acad\u00e9mica a La Dorada, Victoria, Norcasia y Saman\u00e1 03\/07\/2012 Redacci\u00f3n: Margarita Mar\u00eda Laverde Galvis &nbsp; &nbsp; Foto: Margarita Laverde Galvis\/ Prensa U. de Caldas. Los municipios caldenses de La Dorada, Victoria, Norcasia y Saman\u00e1, al igual los corregimientos de San Diego y Berl\u00edn, recibieron a la Universidad de Caldas para [&hellip;]<\/p>\n","protected":false},"author":2,"featured_media":0,"comment_status":"closed","ping_status":"closed","sticky":false,"template":"","format":"standard","meta":{"footnotes":""},"categories":[48,53],"tags":[],"class_list":["post-13304","post","type-post","status-publish","format-standard","hentry","category-actualidad","category-universidad-al-dia"],"yoast_head":"<!-- This site is optimized with the Yoast SEO plugin v27.5 - https:\/\/yoast.com\/product\/yoast-seo-wordpress\/ -->\n<title>Desde Oriente Caldense se podr\u00e1 estudiar Tecnolog\u00eda en Sistemas Inform\u00e1ticos U. de Caldas .<\/title>\n<meta name=\"robots\" content=\"index, follow, max-snippet:-1, max-image-preview:large, max-video-preview:-1\" \/>\n<link rel=\"canonical\" href=\"https:\/\/www.ucaldas.edu.co\/portal\/desde-oriente-caldense-se-podra-estudiar-tecnologia-en-sistemas-informaticos-u-de-caldas\/\" \/>\n<script type=\"application\/ld+json\" class=\"yoast-schema-graph\">{\"@context\":\"https:\\\/\\\/schema.org\",\"@graph\":[{\"@type\":\"Article\",\"@id\":\"https:\\\/\\\/www.ucaldas.edu.co\\\/portal\\\/desde-oriente-caldense-se-podra-estudiar-tecnologia-en-sistemas-informaticos-u-de-caldas\\\/#article\",\"isPartOf\":{\"@id\":\"https:\\\/\\\/www.ucaldas.edu.co\\\/portal\\\/desde-oriente-caldense-se-podra-estudiar-tecnologia-en-sistemas-informaticos-u-de-caldas\\\/\"},\"author\":{\"name\":\"ofiprensa\",\"@id\":\"https:\\\/\\\/www.ucaldas.edu.co\\\/portal\\\/#\\\/schema\\\/person\\\/a1b482e23449158b4bc319926c074fdf\"},\"headline\":\"Desde Oriente Caldense se podr\u00e1 estudiar Tecnolog\u00eda en Sistemas Inform\u00e1ticos U. de Caldas\",\"datePublished\":\"2012-07-03T18:11:51+00:00\",\"mainEntityOfPage\":{\"@id\":\"https:\\\/\\\/www.ucaldas.edu.co\\\/portal\\\/desde-oriente-caldense-se-podra-estudiar-tecnologia-en-sistemas-informaticos-u-de-caldas\\\/\"},\"wordCount\":1155,\"publisher\":{\"@id\":\"https:\\\/\\\/www.ucaldas.edu.co\\\/portal\\\/#organization\"},\"image\":{\"@id\":\"https:\\\/\\\/www.ucaldas.edu.co\\\/portal\\\/desde-oriente-caldense-se-podra-estudiar-tecnologia-en-sistemas-informaticos-u-de-caldas\\\/#primaryimage\"},\"thumbnailUrl\":\"http:\\\/\\\/www.ucaldas.edu.co\\\/images\\\/tmp\\\/u_caldas_oriente_caldense_2012.jpg\",\"articleSection\":[\"Actualidad\",\"Universidad al D\u00eda\"],\"inLanguage\":\"es\"},{\"@type\":\"WebPage\",\"@id\":\"https:\\\/\\\/www.ucaldas.edu.co\\\/portal\\\/desde-oriente-caldense-se-podra-estudiar-tecnologia-en-sistemas-informaticos-u-de-caldas\\\/\",\"url\":\"https:\\\/\\\/www.ucaldas.edu.co\\\/portal\\\/desde-oriente-caldense-se-podra-estudiar-tecnologia-en-sistemas-informaticos-u-de-caldas\\\/\",\"name\":\"Desde Oriente Caldense se podr\u00e1 estudiar Tecnolog\u00eda en Sistemas Inform\u00e1ticos U. de Caldas .\",\"isPartOf\":{\"@id\":\"https:\\\/\\\/www.ucaldas.edu.co\\\/portal\\\/#website\"},\"primaryImageOfPage\":{\"@id\":\"https:\\\/\\\/www.ucaldas.edu.co\\\/portal\\\/desde-oriente-caldense-se-podra-estudiar-tecnologia-en-sistemas-informaticos-u-de-caldas\\\/#primaryimage\"},\"image\":{\"@id\":\"https:\\\/\\\/www.ucaldas.edu.co\\\/portal\\\/desde-oriente-caldense-se-podra-estudiar-tecnologia-en-sistemas-informaticos-u-de-caldas\\\/#primaryimage\"},\"thumbnailUrl\":\"http:\\\/\\\/www.ucaldas.edu.co\\\/images\\\/tmp\\\/u_caldas_oriente_caldense_2012.jpg\",\"datePublished\":\"2012-07-03T18:11:51+00:00\",\"breadcrumb\":{\"@id\":\"https:\\\/\\\/www.ucaldas.edu.co\\\/portal\\\/desde-oriente-caldense-se-podra-estudiar-tecnologia-en-sistemas-informaticos-u-de-caldas\\\/#breadcrumb\"},\"inLanguage\":\"es\",\"potentialAction\":[{\"@type\":\"ReadAction\",\"target\":[\"https:\\\/\\\/www.ucaldas.edu.co\\\/portal\\\/desde-oriente-caldense-se-podra-estudiar-tecnologia-en-sistemas-informaticos-u-de-caldas\\\/\"]}]},{\"@type\":\"ImageObject\",\"inLanguage\":\"es\",\"@id\":\"https:\\\/\\\/www.ucaldas.edu.co\\\/portal\\\/desde-oriente-caldense-se-podra-estudiar-tecnologia-en-sistemas-informaticos-u-de-caldas\\\/#primaryimage\",\"url\":\"http:\\\/\\\/www.ucaldas.edu.co\\\/images\\\/tmp\\\/u_caldas_oriente_caldense_2012.jpg\",\"contentUrl\":\"http:\\\/\\\/www.ucaldas.edu.co\\\/images\\\/tmp\\\/u_caldas_oriente_caldense_2012.jpg\"},{\"@type\":\"BreadcrumbList\",\"@id\":\"https:\\\/\\\/www.ucaldas.edu.co\\\/portal\\\/desde-oriente-caldense-se-podra-estudiar-tecnologia-en-sistemas-informaticos-u-de-caldas\\\/#breadcrumb\",\"itemListElement\":[{\"@type\":\"ListItem\",\"position\":1,\"name\":\"Portada\",\"item\":\"https:\\\/\\\/www.ucaldas.edu.co\\\/portal\\\/\"},{\"@type\":\"ListItem\",\"position\":2,\"name\":\"Desde Oriente Caldense se podr\u00e1 estudiar Tecnolog\u00eda en Sistemas Inform\u00e1ticos U. de Caldas\"}]},{\"@type\":\"WebSite\",\"@id\":\"https:\\\/\\\/www.ucaldas.edu.co\\\/portal\\\/#website\",\"url\":\"https:\\\/\\\/www.ucaldas.edu.co\\\/portal\\\/\",\"name\":\"Universidad de Caldas\",\"description\":\"\",\"publisher\":{\"@id\":\"https:\\\/\\\/www.ucaldas.edu.co\\\/portal\\\/#organization\"},\"alternateName\":\"U. de Caldas\",\"potentialAction\":[{\"@type\":\"SearchAction\",\"target\":{\"@type\":\"EntryPoint\",\"urlTemplate\":\"https:\\\/\\\/www.ucaldas.edu.co\\\/portal\\\/?s={search_term_string}\"},\"query-input\":{\"@type\":\"PropertyValueSpecification\",\"valueRequired\":true,\"valueName\":\"search_term_string\"}}],\"inLanguage\":\"es\"},{\"@type\":\"Organization\",\"@id\":\"https:\\\/\\\/www.ucaldas.edu.co\\\/portal\\\/#organization\",\"name\":\"Universidad de Caldas\",\"alternateName\":\"U. de Caldas\",\"url\":\"https:\\\/\\\/www.ucaldas.edu.co\\\/portal\\\/\",\"logo\":{\"@type\":\"ImageObject\",\"inLanguage\":\"es\",\"@id\":\"https:\\\/\\\/www.ucaldas.edu.co\\\/portal\\\/#\\\/schema\\\/logo\\\/image\\\/\",\"url\":\"https:\\\/\\\/www.ucaldas.edu.co\\\/portal\\\/wp-content\\\/uploads\\\/2023\\\/11\\\/Logo_horizontal_oscuroU-2023.png\",\"contentUrl\":\"https:\\\/\\\/www.ucaldas.edu.co\\\/portal\\\/wp-content\\\/uploads\\\/2023\\\/11\\\/Logo_horizontal_oscuroU-2023.png\",\"width\":263,\"height\":101,\"caption\":\"Universidad de Caldas\"},\"image\":{\"@id\":\"https:\\\/\\\/www.ucaldas.edu.co\\\/portal\\\/#\\\/schema\\\/logo\\\/image\\\/\"},\"sameAs\":[\"https:\\\/\\\/www.facebook.com\\\/udecaldas\",\"https:\\\/\\\/x.com\\\/udecaldas\",\"https:\\\/\\\/www.youtube.com\\\/universidadcaldas\",\"https:\\\/\\\/www.instagram.com\\\/udecaldas\\\/\"]},{\"@type\":\"Person\",\"@id\":\"https:\\\/\\\/www.ucaldas.edu.co\\\/portal\\\/#\\\/schema\\\/person\\\/a1b482e23449158b4bc319926c074fdf\",\"name\":\"ofiprensa\",\"image\":{\"@type\":\"ImageObject\",\"inLanguage\":\"es\",\"@id\":\"https:\\\/\\\/www.ucaldas.edu.co\\\/portal\\\/wp-content\\\/litespeed\\\/avatar\\\/09ea5085e600095a7a811142c6944527.jpg?ver=1777497608\",\"url\":\"https:\\\/\\\/www.ucaldas.edu.co\\\/portal\\\/wp-content\\\/litespeed\\\/avatar\\\/09ea5085e600095a7a811142c6944527.jpg?ver=1777497608\",\"contentUrl\":\"https:\\\/\\\/www.ucaldas.edu.co\\\/portal\\\/wp-content\\\/litespeed\\\/avatar\\\/09ea5085e600095a7a811142c6944527.jpg?ver=1777497608\",\"caption\":\"ofiprensa\"},\"url\":\"https:\\\/\\\/www.ucaldas.edu.co\\\/portal\\\/author\\\/ofiprensa\\\/\"}]}<\/script>\n<!-- \/ Yoast SEO plugin. -->","yoast_head_json":{"title":"Desde Oriente Caldense se podr\u00e1 estudiar Tecnolog\u00eda en Sistemas Inform\u00e1ticos U. de Caldas .","robots":{"index":"index","follow":"follow","max-snippet":"max-snippet:-1","max-image-preview":"max-image-preview:large","max-video-preview":"max-video-preview:-1"},"canonical":"https:\/\/www.ucaldas.edu.co\/portal\/desde-oriente-caldense-se-podra-estudiar-tecnologia-en-sistemas-informaticos-u-de-caldas\/","schema":{"@context":"https:\/\/schema.org","@graph":[{"@type":"Article","@id":"https:\/\/www.ucaldas.edu.co\/portal\/desde-oriente-caldense-se-podra-estudiar-tecnologia-en-sistemas-informaticos-u-de-caldas\/#article","isPartOf":{"@id":"https:\/\/www.ucaldas.edu.co\/portal\/desde-oriente-caldense-se-podra-estudiar-tecnologia-en-sistemas-informaticos-u-de-caldas\/"},"author":{"name":"ofiprensa","@id":"https:\/\/www.ucaldas.edu.co\/portal\/#\/schema\/person\/a1b482e23449158b4bc319926c074fdf"},"headline":"Desde Oriente Caldense se podr\u00e1 estudiar Tecnolog\u00eda en Sistemas Inform\u00e1ticos U. de Caldas","datePublished":"2012-07-03T18:11:51+00:00","mainEntityOfPage":{"@id":"https:\/\/www.ucaldas.edu.co\/portal\/desde-oriente-caldense-se-podra-estudiar-tecnologia-en-sistemas-informaticos-u-de-caldas\/"},"wordCount":1155,"publisher":{"@id":"https:\/\/www.ucaldas.edu.co\/portal\/#organization"},"image":{"@id":"https:\/\/www.ucaldas.edu.co\/portal\/desde-oriente-caldense-se-podra-estudiar-tecnologia-en-sistemas-informaticos-u-de-caldas\/#primaryimage"},"thumbnailUrl":"http:\/\/www.ucaldas.edu.co\/images\/tmp\/u_caldas_oriente_caldense_2012.jpg","articleSection":["Actualidad","Universidad al D\u00eda"],"inLanguage":"es"},{"@type":"WebPage","@id":"https:\/\/www.ucaldas.edu.co\/portal\/desde-oriente-caldense-se-podra-estudiar-tecnologia-en-sistemas-informaticos-u-de-caldas\/","url":"https:\/\/www.ucaldas.edu.co\/portal\/desde-oriente-caldense-se-podra-estudiar-tecnologia-en-sistemas-informaticos-u-de-caldas\/","name":"Desde Oriente Caldense se podr\u00e1 estudiar Tecnolog\u00eda en Sistemas Inform\u00e1ticos U. de Caldas .","isPartOf":{"@id":"https:\/\/www.ucaldas.edu.co\/portal\/#website"},"primaryImageOfPage":{"@id":"https:\/\/www.ucaldas.edu.co\/portal\/desde-oriente-caldense-se-podra-estudiar-tecnologia-en-sistemas-informaticos-u-de-caldas\/#primaryimage"},"image":{"@id":"https:\/\/www.ucaldas.edu.co\/portal\/desde-oriente-caldense-se-podra-estudiar-tecnologia-en-sistemas-informaticos-u-de-caldas\/#primaryimage"},"thumbnailUrl":"http:\/\/www.ucaldas.edu.co\/images\/tmp\/u_caldas_oriente_caldense_2012.jpg","datePublished":"2012-07-03T18:11:51+00:00","breadcrumb":{"@id":"https:\/\/www.ucaldas.edu.co\/portal\/desde-oriente-caldense-se-podra-estudiar-tecnologia-en-sistemas-informaticos-u-de-caldas\/#breadcrumb"},"inLanguage":"es","potentialAction":[{"@type":"ReadAction","target":["https:\/\/www.ucaldas.edu.co\/portal\/desde-oriente-caldense-se-podra-estudiar-tecnologia-en-sistemas-informaticos-u-de-caldas\/"]}]},{"@type":"ImageObject","inLanguage":"es","@id":"https:\/\/www.ucaldas.edu.co\/portal\/desde-oriente-caldense-se-podra-estudiar-tecnologia-en-sistemas-informaticos-u-de-caldas\/#primaryimage","url":"http:\/\/www.ucaldas.edu.co\/images\/tmp\/u_caldas_oriente_caldense_2012.jpg","contentUrl":"http:\/\/www.ucaldas.edu.co\/images\/tmp\/u_caldas_oriente_caldense_2012.jpg"},{"@type":"BreadcrumbList","@id":"https:\/\/www.ucaldas.edu.co\/portal\/desde-oriente-caldense-se-podra-estudiar-tecnologia-en-sistemas-informaticos-u-de-caldas\/#breadcrumb","itemListElement":[{"@type":"ListItem","position":1,"name":"Portada","item":"https:\/\/www.ucaldas.edu.co\/portal\/"},{"@type":"ListItem","position":2,"name":"Desde Oriente Caldense se podr\u00e1 estudiar Tecnolog\u00eda en Sistemas Inform\u00e1ticos U. de Caldas"}]},{"@type":"WebSite","@id":"https:\/\/www.ucaldas.edu.co\/portal\/#website","url":"https:\/\/www.ucaldas.edu.co\/portal\/","name":"Universidad de Caldas","description":"","publisher":{"@id":"https:\/\/www.ucaldas.edu.co\/portal\/#organization"},"alternateName":"U. de Caldas","potentialAction":[{"@type":"SearchAction","target":{"@type":"EntryPoint","urlTemplate":"https:\/\/www.ucaldas.edu.co\/portal\/?s={search_term_string}"},"query-input":{"@type":"PropertyValueSpecification","valueRequired":true,"valueName":"search_term_string"}}],"inLanguage":"es"},{"@type":"Organization","@id":"https:\/\/www.ucaldas.edu.co\/portal\/#organization","name":"Universidad de Caldas","alternateName":"U. de Caldas","url":"https:\/\/www.ucaldas.edu.co\/portal\/","logo":{"@type":"ImageObject","inLanguage":"es","@id":"https:\/\/www.ucaldas.edu.co\/portal\/#\/schema\/logo\/image\/","url":"https:\/\/www.ucaldas.edu.co\/portal\/wp-content\/uploads\/2023\/11\/Logo_horizontal_oscuroU-2023.png","contentUrl":"https:\/\/www.ucaldas.edu.co\/portal\/wp-content\/uploads\/2023\/11\/Logo_horizontal_oscuroU-2023.png","width":263,"height":101,"caption":"Universidad de Caldas"},"image":{"@id":"https:\/\/www.ucaldas.edu.co\/portal\/#\/schema\/logo\/image\/"},"sameAs":["https:\/\/www.facebook.com\/udecaldas","https:\/\/x.com\/udecaldas","https:\/\/www.youtube.com\/universidadcaldas","https:\/\/www.instagram.com\/udecaldas\/"]},{"@type":"Person","@id":"https:\/\/www.ucaldas.edu.co\/portal\/#\/schema\/person\/a1b482e23449158b4bc319926c074fdf","name":"ofiprensa","image":{"@type":"ImageObject","inLanguage":"es","@id":"https:\/\/www.ucaldas.edu.co\/portal\/wp-content\/litespeed\/avatar\/09ea5085e600095a7a811142c6944527.jpg?ver=1777497608","url":"https:\/\/www.ucaldas.edu.co\/portal\/wp-content\/litespeed\/avatar\/09ea5085e600095a7a811142c6944527.jpg?ver=1777497608","contentUrl":"https:\/\/www.ucaldas.edu.co\/portal\/wp-content\/litespeed\/avatar\/09ea5085e600095a7a811142c6944527.jpg?ver=1777497608","caption":"ofiprensa"},"url":"https:\/\/www.ucaldas.edu.co\/portal\/author\/ofiprensa\/"}]}},"_links":{"self":[{"href":"https:\/\/www.ucaldas.edu.co\/portal\/wp-json\/wp\/v2\/posts\/13304","targetHints":{"allow":["GET"]}}],"collection":[{"href":"https:\/\/www.ucaldas.edu.co\/portal\/wp-json\/wp\/v2\/posts"}],"about":[{"href":"https:\/\/www.ucaldas.edu.co\/portal\/wp-json\/wp\/v2\/types\/post"}],"author":[{"embeddable":true,"href":"https:\/\/www.ucaldas.edu.co\/portal\/wp-json\/wp\/v2\/users\/2"}],"replies":[{"embeddable":true,"href":"https:\/\/www.ucaldas.edu.co\/portal\/wp-json\/wp\/v2\/comments?post=13304"}],"version-history":[{"count":0,"href":"https:\/\/www.ucaldas.edu.co\/portal\/wp-json\/wp\/v2\/posts\/13304\/revisions"}],"wp:attachment":[{"href":"https:\/\/www.ucaldas.edu.co\/portal\/wp-json\/wp\/v2\/media?parent=13304"}],"wp:term":[{"taxonomy":"category","embeddable":true,"href":"https:\/\/www.ucaldas.edu.co\/portal\/wp-json\/wp\/v2\/categories?post=13304"},{"taxonomy":"post_tag","embeddable":true,"href":"https:\/\/www.ucaldas.edu.co\/portal\/wp-json\/wp\/v2\/tags?post=13304"}],"curies":[{"name":"wp","href":"https:\/\/api.w.org\/{rel}","templated":true}]}}