{"id":13144,"date":"2014-06-24T12:17:57","date_gmt":"2014-06-24T17:17:57","guid":{"rendered":"https:\/\/www.ucaldas.edu.co\/portal\/?p=13144"},"modified":"2014-06-24T12:17:57","modified_gmt":"2014-06-24T17:17:57","slug":"estudie-maestria-en-ciencias-sociales-u-de-caldas-en-aguadas-o-la-dorada","status":"publish","type":"post","link":"https:\/\/www.ucaldas.edu.co\/portal\/estudie-maestria-en-ciencias-sociales-u-de-caldas-en-aguadas-o-la-dorada\/","title":{"rendered":"Estudie Maestr\u00eda en Ciencias Sociales U. de Caldas en Aguadas o La Dorada"},"content":{"rendered":"<p align=\"center\"><span style=\"text-decoration: underline;\">INSCRIPCIONES HASTA EL 10 DE JULIO<\/span><\/p>\n<p align=\"center\"><b>Estudie Maestr\u00eda en Ciencias Sociales U. de Caldas en Aguadas o La Dorada<\/b><b>\u00a0<\/b><\/p>\n<p align=\"center\"><a href=\"https:\/\/www.ucaldas.edu.co\/portal\/wp-content\/uploads\/2014\/06\/10362377_696074450454423_7711669082921290710_n1.jpg\"><img loading=\"lazy\" decoding=\"async\" class=\"aligncenter size-medium wp-image-13153\" alt=\"10362377_696074450454423_7711669082921290710_n\" src=\"https:\/\/www.ucaldas.edu.co\/portal\/wp-content\/uploads\/2014\/06\/10362377_696074450454423_7711669082921290710_n1-300x237.jpg\" width=\"300\" height=\"237\" \/><\/a><\/p>\n<p align=\"right\">24\/6\/2014<\/p>\n<p align=\"right\">Redacci\u00f3n: Margarita Laverde Galvis<\/p>\n<p>\u00a0La Maestr\u00eda en Ciencias Sociales (<b>Maciso<\/b>) de la\u00a0<b>Universidad de Caldas<\/b>\u00a0tiene\u00a0<b>abiertas<\/b>\u00a0<b>hasta el 10 de julio\u00a0<\/b>del 2014\u00a0\u00a0las\u00a0<b>inscripciones<\/b>\u00a0para la segunda cohorte\u00a0<b>en Aguadas y La Dorada (Caldas),<\/b>\u00a0con inicio de clases en agosto.<!--more--><\/p>\n<p>El prop\u00f3sito del Programa es formar acad\u00e9micos y profesionales capaces de analizar con detenimiento, desde una perspectiva cr\u00edtica, constructiva, transdisciplinaria, interdisciplinaria y con visi\u00f3n de futuro, los fen\u00f3menos y problemas sociales, culturales, econ\u00f3micos, pol\u00edticos y ambientales de actualidad en los contextos local, regional, nacional e internacional.<\/p>\n<p><a href=\"https:\/\/www.ucaldas.edu.co\/portal\/wp-content\/uploads\/2014\/06\/Boletin-3-Cronograma-admisi%C3%B3n-II-Cohorte-Extensi%C3%B3n-DORADA-jun-16-014-2.pdf\" target=\"_blank\">Conozca los detalles de Maciso en La Dorada<\/a><\/p>\n<p><a href=\"https:\/\/www.ucaldas.edu.co\/portal\/wp-content\/uploads\/2014\/06\/Boletin-3-Cronograma-admisi%C3%B3n-II-Cohorte-Extensi%C3%B3n-AGUADAS-jun-16-014-1.pdf\" target=\"_blank\">Conozca los detalles de Maciso en Aguadas<\/a><\/p>\n<p><b>Informes:\u00a0<\/b>en el tel\u00e9fono 886 27 20 extensi\u00f3n 22 108 o en el correo electr\u00f3nico\u00a0<a href=\"mailto:maciso@ucaldas.edu.co\" target=\"_blank\">maciso@ucaldas.edu.co<\/a><\/p>\n<p style=\"text-align: center;\"><b>\u00a0<\/b><b>Espere pronto m\u00e1s detalles de los siguientes programas:<\/b><b>\u00a0<\/b><\/p>\n<p><b>Maestr\u00eda en Sistemas de Producci\u00f3n Agropecuaria &#8211; Hasta el 10 de julio.<\/b><b>\u00a0<\/b><\/p>\n<p align=\"center\"><b>Recuerde inscripciones para programas de la U. de Caldas:<\/b><\/p>\n<p><b><a href=\"https:\/\/www.ucaldas.edu.co\/portal\/doctorado-en-ciencias-agrarias\/\" target=\"_blank\">Doctorado en Ciencias Agrarias<\/a>\u00a0&#8211; Hasta el 27 de junio.<\/b><\/p>\n<p><b><a href=\"https:\/\/www.ucaldas.edu.co\/portal\/wp-content\/uploads\/2014\/06\/ADMISION-2DO-GRUPO-DET-UCALDAS-1.pdf\" target=\"_blank\">Doctorado en Estudios Territoriales<\/a>\u00a0&#8211; Hasta el 27 de junio.<\/b><b>\u00a0<\/b><\/p>\n<p><b><a href=\"https:\/\/www.ucaldas.edu.co\/portal\/doctorado-en-ciencias-biomedicas\/\" target=\"_blank\">Doctorado en Ciencias Biom\u00e9dicas<\/a>\u00a0&#8211; Hasta el 27 de junio.<\/b><b>\u00a0<\/b><\/p>\n<p><b><a href=\"https:\/\/www.ucaldas.edu.co\/portal\/maestria-en-ecologia-humana-y-saberes-ambientales\/\" target=\"_blank\">Maestr\u00eda en Ecolog\u00eda Humana y Saberes Ambientales<\/a>\u00a0&#8211; Hasta el 27 de junio.<\/b><b>\u00a0<\/b><\/p>\n<p><b><a href=\"https:\/\/www.ucaldas.edu.co\/portal\/maestria-en-ciencias-biologicas\/\" target=\"_blank\">Maestr\u00eda en Ciencias Biol\u00f3gicas<\/a>\u00a0&#8211; Hasta el 27 de junio.<\/b><b>\u00a0<\/b><\/p>\n<p><b><a href=\"https:\/\/www.ucaldas.edu.co\/portal\/wp-content\/uploads\/2014\/06\/PORTAFOLIO-MAESTR%C3%8DA-FILOSOF%C3%8DA.pdf\" target=\"_blank\">Maestr\u00eda en Filosof\u00eda<\/a>\u00a0&#8211; Hasta el 27 de junio.<\/b><b>\u00a0<\/b><\/p>\n<p><b><a href=\"http:\/\/egresados.ucaldas.edu.co\/index.php\/2014-04-11-16-49-44\/formal\/81-maestria-en-estudios-de-familia-y-desarrollo-vi-cohorte\" target=\"_blank\">Maestr\u00eda en Estudios de Familia y Desarrollo<\/a><\/b>\u00a0<b>&#8211; Hasta el 27 de junio.<\/b><b>\u00a0<\/b><\/p>\n<p><b><a href=\"https:\/\/www.ucaldas.edu.co\/portal\/especializacion-en-desarrollo-rural\/\" target=\"_blank\">Especializaci\u00f3n en Desarrollo Rural<\/a>\u00a0&#8211; Hasta el 27 de junio.<\/b><\/p>\n<p><b><a href=\"https:\/\/www.ucaldas.edu.co\/portal\/especializacion-en-gerencia-agraria\/\" target=\"_blank\">Especializaci\u00f3n en Gerencia Agraria<\/a>\u00a0&#8211; Hasta el 27 de junio.<\/b><b>\u00a0<\/b><\/p>\n<p><b><a href=\"https:\/\/www.ucaldas.edu.co\/portal\/especializacion-en-evaluacion-integral-de-impactos-ambientales\/\" target=\"_blank\">Especializaci\u00f3n en Evaluaci\u00f3n Integral de Impactos Ambientales<\/a>\u00a0&#8211; Hasta el 27 de junio.<\/b><b>\u00a0<\/b><\/p>\n<p><b><a href=\"https:\/\/www.ucaldas.edu.co\/portal\/wp-content\/uploads\/2014\/06\/Informaci%C3%B3n-Maestr%C3%ADa-en-Sociedades-Rurales-2014.pdf\" target=\"_blank\">Maestr\u00eda en Sociedades Rurales<\/a>\u00a0&#8211; Hasta el 10 de julio<\/b><b>\u00a0<\/b><\/p>\n<p><b>\u00a0<\/b><\/p>\n","protected":false},"excerpt":{"rendered":"<p>INSCRIPCIONES HASTA EL 10 DE JULIO Estudie Maestr\u00eda en Ciencias Sociales U. de Caldas en Aguadas o La Dorada\u00a0 24\/6\/2014 Redacci\u00f3n: Margarita Laverde Galvis \u00a0La Maestr\u00eda en Ciencias Sociales (Maciso) de la\u00a0Universidad de Caldas\u00a0tiene\u00a0abiertas\u00a0hasta el 10 de julio\u00a0del 2014\u00a0\u00a0las\u00a0inscripciones\u00a0para la segunda cohorte\u00a0en Aguadas y La Dorada (Caldas),\u00a0con inicio de clases en agosto.<\/p>\n","protected":false},"author":2,"featured_media":0,"comment_status":"closed","ping_status":"closed","sticky":false,"template":"","format":"standard","meta":{"footnotes":""},"categories":[48,53],"tags":[871,2024,906,944,1111,1364,1941,63,1942,95,1983,117,2000,200,2001,231,2002,297,2003,486,2004,487,2005,543,2013,648,2014],"class_list":["post-13144","post","type-post","status-publish","format-standard","hentry","category-actualidad","category-universidad-al-dia","tag-ceres","tag-maestria-en-sociedades-rurales","tag-maestria-en-ecologia-humana-y-saberes-ambientales","tag-doctorado-en-ciencias-biomedicas","tag-educacion-a-distancia","tag-aguadas","tag-especializacion-en-geotecnia","tag-participe","tag-maestria-en-ciencias-biologicas","tag-universidad-de-caldas","tag-maestria-en-filosofia","tag-caldas","tag-ciclo-profesional-del-programa-de-administracion-financiera","tag-oferta-academica","tag-especializacion-en-desarrollo-agroindustrial","tag-doctorado-en-ciencias-agrarias","tag-maestria-en-ciencias-sociales","tag-inscripciones","tag-programa-de-administracion-financiera","tag-la-dorada","tag-tecnologia-en-agroindustria","tag-tecnologia-en-electronica","tag-tecnologia-en-higiene-y-seguridad-ocupacional","tag-estudie","tag-especializacion-en-desarrollo-rural","tag-especializacion-en-gerencia-agraria","tag-especializacion-en-evaluacion-integral-de-impactos-ambientales"],"yoast_head":"<!-- This site is optimized with the Yoast SEO plugin v27.5 - https:\/\/yoast.com\/product\/yoast-seo-wordpress\/ -->\n<title>Estudie Maestr\u00eda en Ciencias Sociales U. de Caldas en Aguadas o La Dorada .<\/title>\n<meta name=\"robots\" content=\"index, follow, max-snippet:-1, max-image-preview:large, max-video-preview:-1\" \/>\n<link rel=\"canonical\" href=\"https:\/\/www.ucaldas.edu.co\/portal\/estudie-maestria-en-ciencias-sociales-u-de-caldas-en-aguadas-o-la-dorada\/\" \/>\n<script type=\"application\/ld+json\" class=\"yoast-schema-graph\">{\"@context\":\"https:\\\/\\\/schema.org\",\"@graph\":[{\"@type\":\"Article\",\"@id\":\"https:\\\/\\\/www.ucaldas.edu.co\\\/portal\\\/estudie-maestria-en-ciencias-sociales-u-de-caldas-en-aguadas-o-la-dorada\\\/#article\",\"isPartOf\":{\"@id\":\"https:\\\/\\\/www.ucaldas.edu.co\\\/portal\\\/estudie-maestria-en-ciencias-sociales-u-de-caldas-en-aguadas-o-la-dorada\\\/\"},\"author\":{\"name\":\"ofiprensa\",\"@id\":\"https:\\\/\\\/www.ucaldas.edu.co\\\/portal\\\/#\\\/schema\\\/person\\\/a1b482e23449158b4bc319926c074fdf\"},\"headline\":\"Estudie Maestr\u00eda en Ciencias Sociales U. de Caldas en Aguadas o La Dorada\",\"datePublished\":\"2014-06-24T17:17:57+00:00\",\"mainEntityOfPage\":{\"@id\":\"https:\\\/\\\/www.ucaldas.edu.co\\\/portal\\\/estudie-maestria-en-ciencias-sociales-u-de-caldas-en-aguadas-o-la-dorada\\\/\"},\"wordCount\":311,\"publisher\":{\"@id\":\"https:\\\/\\\/www.ucaldas.edu.co\\\/portal\\\/#organization\"},\"image\":{\"@id\":\"https:\\\/\\\/www.ucaldas.edu.co\\\/portal\\\/estudie-maestria-en-ciencias-sociales-u-de-caldas-en-aguadas-o-la-dorada\\\/#primaryimage\"},\"thumbnailUrl\":\"https:\\\/\\\/www.ucaldas.edu.co\\\/portal\\\/wp-content\\\/uploads\\\/2014\\\/06\\\/10362377_696074450454423_7711669082921290710_n1-300x237.jpg\",\"keywords\":[\"Ceres\",\"Maestr\u00eda en Sociedades Rurales\",\"Maestr\u00eda en Ecolog\u00eda Humana y Saberes Ambientales\",\"Doctorado en Ciencias Biom\u00e9dicas\",\"Educaci\u00f3n A Distancia\",\"Aguadas\",\"Especializaci\u00f3n en Geotecnia\",\"Participe\",\"Maestr\u00eda en Ciencias Biol\u00f3gicas\",\"Universidad De Caldas\",\"Maestr\u00eda en Filosof\u00eda\",\"Caldas\",\"Ciclo Profesional del Programa de Administraci\u00f3n Financiera\",\"oferta acad\u00e9mica\",\"Especializaci\u00f3n en Desarrollo Agroindustrial\",\"Doctorado en Ciencias Agrarias\",\"Maestr\u00eda en Ciencias Sociales\",\"Inscripciones\",\"Programa de Administraci\u00f3n Financiera\",\"La Dorada\",\"Tecnolog\u00eda en Agroindustria\",\"Tecnolog\u00eda en Electr\u00f3nica\",\"Tecnolog\u00eda en Higiene y Seguridad Ocupacional\",\"estudie\",\"Especializaci\u00f3n en Desarrollo Rural\",\"Especializaci\u00f3n en Gerencia Agraria\",\"Especializaci\u00f3n en Evaluaci\u00f3n Integral de Impactos Ambientales\"],\"articleSection\":[\"Actualidad\",\"Universidad al D\u00eda\"],\"inLanguage\":\"es\"},{\"@type\":\"WebPage\",\"@id\":\"https:\\\/\\\/www.ucaldas.edu.co\\\/portal\\\/estudie-maestria-en-ciencias-sociales-u-de-caldas-en-aguadas-o-la-dorada\\\/\",\"url\":\"https:\\\/\\\/www.ucaldas.edu.co\\\/portal\\\/estudie-maestria-en-ciencias-sociales-u-de-caldas-en-aguadas-o-la-dorada\\\/\",\"name\":\"Estudie Maestr\u00eda en Ciencias Sociales U. de Caldas en Aguadas o La Dorada .\",\"isPartOf\":{\"@id\":\"https:\\\/\\\/www.ucaldas.edu.co\\\/portal\\\/#website\"},\"primaryImageOfPage\":{\"@id\":\"https:\\\/\\\/www.ucaldas.edu.co\\\/portal\\\/estudie-maestria-en-ciencias-sociales-u-de-caldas-en-aguadas-o-la-dorada\\\/#primaryimage\"},\"image\":{\"@id\":\"https:\\\/\\\/www.ucaldas.edu.co\\\/portal\\\/estudie-maestria-en-ciencias-sociales-u-de-caldas-en-aguadas-o-la-dorada\\\/#primaryimage\"},\"thumbnailUrl\":\"https:\\\/\\\/www.ucaldas.edu.co\\\/portal\\\/wp-content\\\/uploads\\\/2014\\\/06\\\/10362377_696074450454423_7711669082921290710_n1-300x237.jpg\",\"datePublished\":\"2014-06-24T17:17:57+00:00\",\"breadcrumb\":{\"@id\":\"https:\\\/\\\/www.ucaldas.edu.co\\\/portal\\\/estudie-maestria-en-ciencias-sociales-u-de-caldas-en-aguadas-o-la-dorada\\\/#breadcrumb\"},\"inLanguage\":\"es\",\"potentialAction\":[{\"@type\":\"ReadAction\",\"target\":[\"https:\\\/\\\/www.ucaldas.edu.co\\\/portal\\\/estudie-maestria-en-ciencias-sociales-u-de-caldas-en-aguadas-o-la-dorada\\\/\"]}]},{\"@type\":\"ImageObject\",\"inLanguage\":\"es\",\"@id\":\"https:\\\/\\\/www.ucaldas.edu.co\\\/portal\\\/estudie-maestria-en-ciencias-sociales-u-de-caldas-en-aguadas-o-la-dorada\\\/#primaryimage\",\"url\":\"https:\\\/\\\/www.ucaldas.edu.co\\\/portal\\\/wp-content\\\/uploads\\\/2014\\\/06\\\/10362377_696074450454423_7711669082921290710_n1-300x237.jpg\",\"contentUrl\":\"https:\\\/\\\/www.ucaldas.edu.co\\\/portal\\\/wp-content\\\/uploads\\\/2014\\\/06\\\/10362377_696074450454423_7711669082921290710_n1-300x237.jpg\"},{\"@type\":\"BreadcrumbList\",\"@id\":\"https:\\\/\\\/www.ucaldas.edu.co\\\/portal\\\/estudie-maestria-en-ciencias-sociales-u-de-caldas-en-aguadas-o-la-dorada\\\/#breadcrumb\",\"itemListElement\":[{\"@type\":\"ListItem\",\"position\":1,\"name\":\"Portada\",\"item\":\"https:\\\/\\\/www.ucaldas.edu.co\\\/portal\\\/\"},{\"@type\":\"ListItem\",\"position\":2,\"name\":\"Estudie Maestr\u00eda en Ciencias Sociales U. de Caldas en Aguadas o La Dorada\"}]},{\"@type\":\"WebSite\",\"@id\":\"https:\\\/\\\/www.ucaldas.edu.co\\\/portal\\\/#website\",\"url\":\"https:\\\/\\\/www.ucaldas.edu.co\\\/portal\\\/\",\"name\":\"Universidad de Caldas\",\"description\":\"\",\"publisher\":{\"@id\":\"https:\\\/\\\/www.ucaldas.edu.co\\\/portal\\\/#organization\"},\"alternateName\":\"U. de Caldas\",\"potentialAction\":[{\"@type\":\"SearchAction\",\"target\":{\"@type\":\"EntryPoint\",\"urlTemplate\":\"https:\\\/\\\/www.ucaldas.edu.co\\\/portal\\\/?s={search_term_string}\"},\"query-input\":{\"@type\":\"PropertyValueSpecification\",\"valueRequired\":true,\"valueName\":\"search_term_string\"}}],\"inLanguage\":\"es\"},{\"@type\":\"Organization\",\"@id\":\"https:\\\/\\\/www.ucaldas.edu.co\\\/portal\\\/#organization\",\"name\":\"Universidad de Caldas\",\"alternateName\":\"U. de Caldas\",\"url\":\"https:\\\/\\\/www.ucaldas.edu.co\\\/portal\\\/\",\"logo\":{\"@type\":\"ImageObject\",\"inLanguage\":\"es\",\"@id\":\"https:\\\/\\\/www.ucaldas.edu.co\\\/portal\\\/#\\\/schema\\\/logo\\\/image\\\/\",\"url\":\"https:\\\/\\\/www.ucaldas.edu.co\\\/portal\\\/wp-content\\\/uploads\\\/2023\\\/11\\\/Logo_horizontal_oscuroU-2023.png\",\"contentUrl\":\"https:\\\/\\\/www.ucaldas.edu.co\\\/portal\\\/wp-content\\\/uploads\\\/2023\\\/11\\\/Logo_horizontal_oscuroU-2023.png\",\"width\":263,\"height\":101,\"caption\":\"Universidad de Caldas\"},\"image\":{\"@id\":\"https:\\\/\\\/www.ucaldas.edu.co\\\/portal\\\/#\\\/schema\\\/logo\\\/image\\\/\"},\"sameAs\":[\"https:\\\/\\\/www.facebook.com\\\/udecaldas\",\"https:\\\/\\\/x.com\\\/udecaldas\",\"https:\\\/\\\/www.youtube.com\\\/universidadcaldas\",\"https:\\\/\\\/www.instagram.com\\\/udecaldas\\\/\"]},{\"@type\":\"Person\",\"@id\":\"https:\\\/\\\/www.ucaldas.edu.co\\\/portal\\\/#\\\/schema\\\/person\\\/a1b482e23449158b4bc319926c074fdf\",\"name\":\"ofiprensa\",\"image\":{\"@type\":\"ImageObject\",\"inLanguage\":\"es\",\"@id\":\"https:\\\/\\\/www.ucaldas.edu.co\\\/portal\\\/wp-content\\\/litespeed\\\/avatar\\\/09ea5085e600095a7a811142c6944527.jpg?ver=1777497608\",\"url\":\"https:\\\/\\\/www.ucaldas.edu.co\\\/portal\\\/wp-content\\\/litespeed\\\/avatar\\\/09ea5085e600095a7a811142c6944527.jpg?ver=1777497608\",\"contentUrl\":\"https:\\\/\\\/www.ucaldas.edu.co\\\/portal\\\/wp-content\\\/litespeed\\\/avatar\\\/09ea5085e600095a7a811142c6944527.jpg?ver=1777497608\",\"caption\":\"ofiprensa\"},\"url\":\"https:\\\/\\\/www.ucaldas.edu.co\\\/portal\\\/author\\\/ofiprensa\\\/\"}]}<\/script>\n<!-- \/ Yoast SEO plugin. -->","yoast_head_json":{"title":"Estudie Maestr\u00eda en Ciencias Sociales U. de Caldas en Aguadas o La Dorada .","robots":{"index":"index","follow":"follow","max-snippet":"max-snippet:-1","max-image-preview":"max-image-preview:large","max-video-preview":"max-video-preview:-1"},"canonical":"https:\/\/www.ucaldas.edu.co\/portal\/estudie-maestria-en-ciencias-sociales-u-de-caldas-en-aguadas-o-la-dorada\/","schema":{"@context":"https:\/\/schema.org","@graph":[{"@type":"Article","@id":"https:\/\/www.ucaldas.edu.co\/portal\/estudie-maestria-en-ciencias-sociales-u-de-caldas-en-aguadas-o-la-dorada\/#article","isPartOf":{"@id":"https:\/\/www.ucaldas.edu.co\/portal\/estudie-maestria-en-ciencias-sociales-u-de-caldas-en-aguadas-o-la-dorada\/"},"author":{"name":"ofiprensa","@id":"https:\/\/www.ucaldas.edu.co\/portal\/#\/schema\/person\/a1b482e23449158b4bc319926c074fdf"},"headline":"Estudie Maestr\u00eda en Ciencias Sociales U. de Caldas en Aguadas o La Dorada","datePublished":"2014-06-24T17:17:57+00:00","mainEntityOfPage":{"@id":"https:\/\/www.ucaldas.edu.co\/portal\/estudie-maestria-en-ciencias-sociales-u-de-caldas-en-aguadas-o-la-dorada\/"},"wordCount":311,"publisher":{"@id":"https:\/\/www.ucaldas.edu.co\/portal\/#organization"},"image":{"@id":"https:\/\/www.ucaldas.edu.co\/portal\/estudie-maestria-en-ciencias-sociales-u-de-caldas-en-aguadas-o-la-dorada\/#primaryimage"},"thumbnailUrl":"https:\/\/www.ucaldas.edu.co\/portal\/wp-content\/uploads\/2014\/06\/10362377_696074450454423_7711669082921290710_n1-300x237.jpg","keywords":["Ceres","Maestr\u00eda en Sociedades Rurales","Maestr\u00eda en Ecolog\u00eda Humana y Saberes Ambientales","Doctorado en Ciencias Biom\u00e9dicas","Educaci\u00f3n A Distancia","Aguadas","Especializaci\u00f3n en Geotecnia","Participe","Maestr\u00eda en Ciencias Biol\u00f3gicas","Universidad De Caldas","Maestr\u00eda en Filosof\u00eda","Caldas","Ciclo Profesional del Programa de Administraci\u00f3n Financiera","oferta acad\u00e9mica","Especializaci\u00f3n en Desarrollo Agroindustrial","Doctorado en Ciencias Agrarias","Maestr\u00eda en Ciencias Sociales","Inscripciones","Programa de Administraci\u00f3n Financiera","La Dorada","Tecnolog\u00eda en Agroindustria","Tecnolog\u00eda en Electr\u00f3nica","Tecnolog\u00eda en Higiene y Seguridad Ocupacional","estudie","Especializaci\u00f3n en Desarrollo Rural","Especializaci\u00f3n en Gerencia Agraria","Especializaci\u00f3n en Evaluaci\u00f3n Integral de Impactos Ambientales"],"articleSection":["Actualidad","Universidad al D\u00eda"],"inLanguage":"es"},{"@type":"WebPage","@id":"https:\/\/www.ucaldas.edu.co\/portal\/estudie-maestria-en-ciencias-sociales-u-de-caldas-en-aguadas-o-la-dorada\/","url":"https:\/\/www.ucaldas.edu.co\/portal\/estudie-maestria-en-ciencias-sociales-u-de-caldas-en-aguadas-o-la-dorada\/","name":"Estudie Maestr\u00eda en Ciencias Sociales U. de Caldas en Aguadas o La Dorada .","isPartOf":{"@id":"https:\/\/www.ucaldas.edu.co\/portal\/#website"},"primaryImageOfPage":{"@id":"https:\/\/www.ucaldas.edu.co\/portal\/estudie-maestria-en-ciencias-sociales-u-de-caldas-en-aguadas-o-la-dorada\/#primaryimage"},"image":{"@id":"https:\/\/www.ucaldas.edu.co\/portal\/estudie-maestria-en-ciencias-sociales-u-de-caldas-en-aguadas-o-la-dorada\/#primaryimage"},"thumbnailUrl":"https:\/\/www.ucaldas.edu.co\/portal\/wp-content\/uploads\/2014\/06\/10362377_696074450454423_7711669082921290710_n1-300x237.jpg","datePublished":"2014-06-24T17:17:57+00:00","breadcrumb":{"@id":"https:\/\/www.ucaldas.edu.co\/portal\/estudie-maestria-en-ciencias-sociales-u-de-caldas-en-aguadas-o-la-dorada\/#breadcrumb"},"inLanguage":"es","potentialAction":[{"@type":"ReadAction","target":["https:\/\/www.ucaldas.edu.co\/portal\/estudie-maestria-en-ciencias-sociales-u-de-caldas-en-aguadas-o-la-dorada\/"]}]},{"@type":"ImageObject","inLanguage":"es","@id":"https:\/\/www.ucaldas.edu.co\/portal\/estudie-maestria-en-ciencias-sociales-u-de-caldas-en-aguadas-o-la-dorada\/#primaryimage","url":"https:\/\/www.ucaldas.edu.co\/portal\/wp-content\/uploads\/2014\/06\/10362377_696074450454423_7711669082921290710_n1-300x237.jpg","contentUrl":"https:\/\/www.ucaldas.edu.co\/portal\/wp-content\/uploads\/2014\/06\/10362377_696074450454423_7711669082921290710_n1-300x237.jpg"},{"@type":"BreadcrumbList","@id":"https:\/\/www.ucaldas.edu.co\/portal\/estudie-maestria-en-ciencias-sociales-u-de-caldas-en-aguadas-o-la-dorada\/#breadcrumb","itemListElement":[{"@type":"ListItem","position":1,"name":"Portada","item":"https:\/\/www.ucaldas.edu.co\/portal\/"},{"@type":"ListItem","position":2,"name":"Estudie Maestr\u00eda en Ciencias Sociales U. de Caldas en Aguadas o La Dorada"}]},{"@type":"WebSite","@id":"https:\/\/www.ucaldas.edu.co\/portal\/#website","url":"https:\/\/www.ucaldas.edu.co\/portal\/","name":"Universidad de Caldas","description":"","publisher":{"@id":"https:\/\/www.ucaldas.edu.co\/portal\/#organization"},"alternateName":"U. de Caldas","potentialAction":[{"@type":"SearchAction","target":{"@type":"EntryPoint","urlTemplate":"https:\/\/www.ucaldas.edu.co\/portal\/?s={search_term_string}"},"query-input":{"@type":"PropertyValueSpecification","valueRequired":true,"valueName":"search_term_string"}}],"inLanguage":"es"},{"@type":"Organization","@id":"https:\/\/www.ucaldas.edu.co\/portal\/#organization","name":"Universidad de Caldas","alternateName":"U. de Caldas","url":"https:\/\/www.ucaldas.edu.co\/portal\/","logo":{"@type":"ImageObject","inLanguage":"es","@id":"https:\/\/www.ucaldas.edu.co\/portal\/#\/schema\/logo\/image\/","url":"https:\/\/www.ucaldas.edu.co\/portal\/wp-content\/uploads\/2023\/11\/Logo_horizontal_oscuroU-2023.png","contentUrl":"https:\/\/www.ucaldas.edu.co\/portal\/wp-content\/uploads\/2023\/11\/Logo_horizontal_oscuroU-2023.png","width":263,"height":101,"caption":"Universidad de Caldas"},"image":{"@id":"https:\/\/www.ucaldas.edu.co\/portal\/#\/schema\/logo\/image\/"},"sameAs":["https:\/\/www.facebook.com\/udecaldas","https:\/\/x.com\/udecaldas","https:\/\/www.youtube.com\/universidadcaldas","https:\/\/www.instagram.com\/udecaldas\/"]},{"@type":"Person","@id":"https:\/\/www.ucaldas.edu.co\/portal\/#\/schema\/person\/a1b482e23449158b4bc319926c074fdf","name":"ofiprensa","image":{"@type":"ImageObject","inLanguage":"es","@id":"https:\/\/www.ucaldas.edu.co\/portal\/wp-content\/litespeed\/avatar\/09ea5085e600095a7a811142c6944527.jpg?ver=1777497608","url":"https:\/\/www.ucaldas.edu.co\/portal\/wp-content\/litespeed\/avatar\/09ea5085e600095a7a811142c6944527.jpg?ver=1777497608","contentUrl":"https:\/\/www.ucaldas.edu.co\/portal\/wp-content\/litespeed\/avatar\/09ea5085e600095a7a811142c6944527.jpg?ver=1777497608","caption":"ofiprensa"},"url":"https:\/\/www.ucaldas.edu.co\/portal\/author\/ofiprensa\/"}]}},"_links":{"self":[{"href":"https:\/\/www.ucaldas.edu.co\/portal\/wp-json\/wp\/v2\/posts\/13144","targetHints":{"allow":["GET"]}}],"collection":[{"href":"https:\/\/www.ucaldas.edu.co\/portal\/wp-json\/wp\/v2\/posts"}],"about":[{"href":"https:\/\/www.ucaldas.edu.co\/portal\/wp-json\/wp\/v2\/types\/post"}],"author":[{"embeddable":true,"href":"https:\/\/www.ucaldas.edu.co\/portal\/wp-json\/wp\/v2\/users\/2"}],"replies":[{"embeddable":true,"href":"https:\/\/www.ucaldas.edu.co\/portal\/wp-json\/wp\/v2\/comments?post=13144"}],"version-history":[{"count":0,"href":"https:\/\/www.ucaldas.edu.co\/portal\/wp-json\/wp\/v2\/posts\/13144\/revisions"}],"wp:attachment":[{"href":"https:\/\/www.ucaldas.edu.co\/portal\/wp-json\/wp\/v2\/media?parent=13144"}],"wp:term":[{"taxonomy":"category","embeddable":true,"href":"https:\/\/www.ucaldas.edu.co\/portal\/wp-json\/wp\/v2\/categories?post=13144"},{"taxonomy":"post_tag","embeddable":true,"href":"https:\/\/www.ucaldas.edu.co\/portal\/wp-json\/wp\/v2\/tags?post=13144"}],"curies":[{"name":"wp","href":"https:\/\/api.w.org\/{rel}","templated":true}]}}