{"id":13104,"date":"2012-02-29T09:40:32","date_gmt":"2012-02-29T14:40:32","guid":{"rendered":"https:\/\/www.ucaldas.edu.co\/portal\/?p=13104"},"modified":"2012-02-29T09:40:32","modified_gmt":"2012-02-29T14:40:32","slug":"revista-arcadia-recomendo-visitar-archivo-de-fotografia-historica-de-u-de-caldas-2","status":"publish","type":"post","link":"https:\/\/www.ucaldas.edu.co\/portal\/revista-arcadia-recomendo-visitar-archivo-de-fotografia-historica-de-u-de-caldas-2\/","title":{"rendered":"Revista Arcadia recomend\u00f3 visitar archivo de fotograf\u00eda hist\u00f3rica   de U. de Caldas"},"content":{"rendered":"<p>Fue escogido como uno de las 21 p\u00e1ginas web para consultar<\/p>\n<hr \/>\n<p align=\"right\">29\/02\/2012<\/p>\n<p align=\"right\">Redacci\u00f3n: Margarita Mar\u00eda Laverde Galvis<\/p>\n<p><b>\u00a0<\/b><\/p>\n<table border=\"0\">\n<tbody>\n<tr>\n<td><img decoding=\"async\" style=\"border: 0px\" alt=\"Archivo Digital\" src=\"http:\/\/www.ucaldas.edu.co\/images\/archivo_digital1.jpg\" border=\"0\" \/><\/td>\n<td>La <b>p\u00e1gina web<\/b> del <b>Archivo Digital de Fotograf\u00eda Hist\u00f3rica<\/b> de la <b>Universidad de Caldas fue escogida como una<\/b> <b>de las 21 mejores para visitar<\/b>, <b>seg\u00fan<\/b> la <b>revista Arcadia<\/b>, que publica temas relacionados con <b>noticias y tendencias<\/b> del <b>mundo cultural<\/b>.<\/td>\n<\/tr>\n<\/tbody>\n<\/table>\n<p>&nbsp;<\/p>\n<p>Seg\u00fan el art\u00edculo, \u201cque la Universidad de Caldas se haya puesto a la tarea de almacenar, clasificar, preservar y exponer el material fotogr\u00e1fico del Departamento merece todos los elogios. Que sea un ejemplo de claridad le da la mejor calificaci\u00f3n\u201d.<\/p>\n<p>&nbsp;<\/p>\n<p>Vladimir Daza, docente del Departamento de Historia y Geograf\u00eda, y Coordinador del Archivo Digital de Fotograf\u00eda Hist\u00f3rica de la Instituci\u00f3n, coment\u00f3: \u201ces un orgullo por mi trabajo y por el de la U. de Caldas, que me ha dado el apoyo para sacar este proyecto adelante. Los invito a visitar el archivo y que si tienen una fotograf\u00eda de 50 a 70 a\u00f1os, permitan digitalizarla\u201d.<\/p>\n<p>&nbsp;<\/p>\n<p>En esta selecci\u00f3n de p\u00e1ginas web, la revista Arcadia escogi\u00f3 \u201clas que ejemplifican cualidades a las que toda web deber\u00eda aspirar: contenidos originales y de calidad; buen dise\u00f1o gr\u00e1fico y navegabilidad y conexi\u00f3n con redes sociales; un buen archivo en el que se pueda encontrar lo que se busca, y que aspire durar\u201d.<\/p>\n<p>&nbsp;<\/p>\n<p>Entre los sitios recomendados est\u00e1n la Biblioteca Digital Luis \u00c1ngel Arango, la Biblioteca Nacional, Banco la Rep\u00fablica y Verdad abierta, entre otras.<\/p>\n<p>&nbsp;<\/p>\n<p>Conozca el <a href=\"http:\/\/www.fotodigitalcaldas.com\/\" target=\"_blank\">Archivo Digital de Fotograf\u00eda Hist\u00f3rica de la U. de Caldas<\/a><\/p>\n<p>&nbsp;<\/p>\n<p>Conozca <a href=\"http:\/\/www.revistaarcadia.com\/periodismo-cultural-revista-arcadia\/revista-arcadia\/articulo\/pantalla-nacional\/26832\" target=\"_blank\">la lista de las 21 p\u00e1ginas web colombianas recomendadas, seg\u00fan la revista Arcadia<\/a><\/p>\n<p>&nbsp;<\/p>\n<p><b>Necesidades del proyecto<\/b><\/p>\n<p><a href=\"http:\/\/desarrollo.ucaldas.edu.co\/archivo\/index.php?option=com_content&amp;view=article&amp;catid=419:universidad-al-dia&amp;id=4963:el-maestro-carlos-sarmiento-segovia-entrego-archivo-fotografico-a-la-u-de-caldas&amp;Itemid=1039\" target=\"_blank\">El maestro Carlos Sarmiento Segovia entreg\u00f3 oficialmente a la U. de Caldas un archivo fotogr\u00e1fico (ver aqu\u00ed la nota)<\/a> de 50 mil negativos, que recopilan m\u00e1s de 40 a\u00f1os de su labor y que contienen material fotogr\u00e1fico recopilado entre 1968 y 1971. Se compone de im\u00e1genes de gente, deporte, calles y la vida de Manizales.<\/p>\n<p>&nbsp;<\/p>\n<p>El Coordinador del Archivo Digital de Fotograf\u00eda Hist\u00f3rica de la Instituci\u00f3n afirm\u00f3: \u201cnecesitamos un local, pues en este momento el archivo no est\u00e1 en el lugar adecuado para su conservaci\u00f3n. He hecho la solicitud a la U. de Caldas y espero el apoyo. El local deber\u00e1 contar con especificaciones como tener controlada la luz, humedad en el ambiente, entre otros\u201d.<\/p>\n<p>&nbsp;<\/p>\n<p>\u201cEl Archivo cuenta con unas 50 mil fotograf\u00edas y ha recibido la visita de 60 mil personas. Lo m\u00e1s importante es protegerlo\u201d, concluy\u00f3 Daza.<\/p>\n<p><b>\u00a0<\/b><\/p>\n<p><b>Informes: <\/b>Oficina de Prensa, tel\u00e9fono 878 15 00, extensi\u00f3n 12 167.<\/p>\n<p><b>\u00a0<\/b><\/p>\n","protected":false},"excerpt":{"rendered":"<p>Fue escogido como uno de las 21 p\u00e1ginas web para consultar 29\/02\/2012 Redacci\u00f3n: Margarita Mar\u00eda Laverde Galvis \u00a0 La p\u00e1gina web del Archivo Digital de Fotograf\u00eda Hist\u00f3rica de la Universidad de Caldas fue escogida como una de las 21 mejores para visitar, seg\u00fan la revista Arcadia, que publica temas relacionados con noticias y tendencias del [&hellip;]<\/p>\n","protected":false},"author":2,"featured_media":0,"comment_status":"closed","ping_status":"closed","sticky":false,"template":"","format":"standard","meta":{"footnotes":""},"categories":[48,53],"tags":[],"class_list":["post-13104","post","type-post","status-publish","format-standard","hentry","category-actualidad","category-universidad-al-dia"],"yoast_head":"<!-- This site is optimized with the Yoast SEO plugin v27.5 - https:\/\/yoast.com\/product\/yoast-seo-wordpress\/ -->\n<title>Revista Arcadia recomend\u00f3 visitar archivo de fotograf\u00eda hist\u00f3rica  de U. de Caldas .<\/title>\n<meta name=\"robots\" content=\"index, follow, max-snippet:-1, max-image-preview:large, max-video-preview:-1\" \/>\n<link rel=\"canonical\" href=\"https:\/\/www.ucaldas.edu.co\/portal\/revista-arcadia-recomendo-visitar-archivo-de-fotografia-historica-de-u-de-caldas-2\/\" \/>\n<script type=\"application\/ld+json\" class=\"yoast-schema-graph\">{\"@context\":\"https:\\\/\\\/schema.org\",\"@graph\":[{\"@type\":\"Article\",\"@id\":\"https:\\\/\\\/www.ucaldas.edu.co\\\/portal\\\/revista-arcadia-recomendo-visitar-archivo-de-fotografia-historica-de-u-de-caldas-2\\\/#article\",\"isPartOf\":{\"@id\":\"https:\\\/\\\/www.ucaldas.edu.co\\\/portal\\\/revista-arcadia-recomendo-visitar-archivo-de-fotografia-historica-de-u-de-caldas-2\\\/\"},\"author\":{\"name\":\"ofiprensa\",\"@id\":\"https:\\\/\\\/www.ucaldas.edu.co\\\/portal\\\/#\\\/schema\\\/person\\\/a1b482e23449158b4bc319926c074fdf\"},\"headline\":\"Revista Arcadia recomend\u00f3 visitar archivo de fotograf\u00eda hist\u00f3rica de U. de Caldas\",\"datePublished\":\"2012-02-29T14:40:32+00:00\",\"mainEntityOfPage\":{\"@id\":\"https:\\\/\\\/www.ucaldas.edu.co\\\/portal\\\/revista-arcadia-recomendo-visitar-archivo-de-fotografia-historica-de-u-de-caldas-2\\\/\"},\"wordCount\":463,\"publisher\":{\"@id\":\"https:\\\/\\\/www.ucaldas.edu.co\\\/portal\\\/#organization\"},\"image\":{\"@id\":\"https:\\\/\\\/www.ucaldas.edu.co\\\/portal\\\/revista-arcadia-recomendo-visitar-archivo-de-fotografia-historica-de-u-de-caldas-2\\\/#primaryimage\"},\"thumbnailUrl\":\"http:\\\/\\\/www.ucaldas.edu.co\\\/images\\\/archivo_digital1.jpg\",\"articleSection\":[\"Actualidad\",\"Universidad al D\u00eda\"],\"inLanguage\":\"es\"},{\"@type\":\"WebPage\",\"@id\":\"https:\\\/\\\/www.ucaldas.edu.co\\\/portal\\\/revista-arcadia-recomendo-visitar-archivo-de-fotografia-historica-de-u-de-caldas-2\\\/\",\"url\":\"https:\\\/\\\/www.ucaldas.edu.co\\\/portal\\\/revista-arcadia-recomendo-visitar-archivo-de-fotografia-historica-de-u-de-caldas-2\\\/\",\"name\":\"Revista Arcadia recomend\u00f3 visitar archivo de fotograf\u00eda hist\u00f3rica de U. de Caldas .\",\"isPartOf\":{\"@id\":\"https:\\\/\\\/www.ucaldas.edu.co\\\/portal\\\/#website\"},\"primaryImageOfPage\":{\"@id\":\"https:\\\/\\\/www.ucaldas.edu.co\\\/portal\\\/revista-arcadia-recomendo-visitar-archivo-de-fotografia-historica-de-u-de-caldas-2\\\/#primaryimage\"},\"image\":{\"@id\":\"https:\\\/\\\/www.ucaldas.edu.co\\\/portal\\\/revista-arcadia-recomendo-visitar-archivo-de-fotografia-historica-de-u-de-caldas-2\\\/#primaryimage\"},\"thumbnailUrl\":\"http:\\\/\\\/www.ucaldas.edu.co\\\/images\\\/archivo_digital1.jpg\",\"datePublished\":\"2012-02-29T14:40:32+00:00\",\"breadcrumb\":{\"@id\":\"https:\\\/\\\/www.ucaldas.edu.co\\\/portal\\\/revista-arcadia-recomendo-visitar-archivo-de-fotografia-historica-de-u-de-caldas-2\\\/#breadcrumb\"},\"inLanguage\":\"es\",\"potentialAction\":[{\"@type\":\"ReadAction\",\"target\":[\"https:\\\/\\\/www.ucaldas.edu.co\\\/portal\\\/revista-arcadia-recomendo-visitar-archivo-de-fotografia-historica-de-u-de-caldas-2\\\/\"]}]},{\"@type\":\"ImageObject\",\"inLanguage\":\"es\",\"@id\":\"https:\\\/\\\/www.ucaldas.edu.co\\\/portal\\\/revista-arcadia-recomendo-visitar-archivo-de-fotografia-historica-de-u-de-caldas-2\\\/#primaryimage\",\"url\":\"http:\\\/\\\/www.ucaldas.edu.co\\\/images\\\/archivo_digital1.jpg\",\"contentUrl\":\"http:\\\/\\\/www.ucaldas.edu.co\\\/images\\\/archivo_digital1.jpg\"},{\"@type\":\"BreadcrumbList\",\"@id\":\"https:\\\/\\\/www.ucaldas.edu.co\\\/portal\\\/revista-arcadia-recomendo-visitar-archivo-de-fotografia-historica-de-u-de-caldas-2\\\/#breadcrumb\",\"itemListElement\":[{\"@type\":\"ListItem\",\"position\":1,\"name\":\"Portada\",\"item\":\"https:\\\/\\\/www.ucaldas.edu.co\\\/portal\\\/\"},{\"@type\":\"ListItem\",\"position\":2,\"name\":\"Revista Arcadia recomend\u00f3 visitar archivo de fotograf\u00eda hist\u00f3rica de U. de Caldas\"}]},{\"@type\":\"WebSite\",\"@id\":\"https:\\\/\\\/www.ucaldas.edu.co\\\/portal\\\/#website\",\"url\":\"https:\\\/\\\/www.ucaldas.edu.co\\\/portal\\\/\",\"name\":\"Universidad de Caldas\",\"description\":\"\",\"publisher\":{\"@id\":\"https:\\\/\\\/www.ucaldas.edu.co\\\/portal\\\/#organization\"},\"alternateName\":\"U. de Caldas\",\"potentialAction\":[{\"@type\":\"SearchAction\",\"target\":{\"@type\":\"EntryPoint\",\"urlTemplate\":\"https:\\\/\\\/www.ucaldas.edu.co\\\/portal\\\/?s={search_term_string}\"},\"query-input\":{\"@type\":\"PropertyValueSpecification\",\"valueRequired\":true,\"valueName\":\"search_term_string\"}}],\"inLanguage\":\"es\"},{\"@type\":\"Organization\",\"@id\":\"https:\\\/\\\/www.ucaldas.edu.co\\\/portal\\\/#organization\",\"name\":\"Universidad de Caldas\",\"alternateName\":\"U. de Caldas\",\"url\":\"https:\\\/\\\/www.ucaldas.edu.co\\\/portal\\\/\",\"logo\":{\"@type\":\"ImageObject\",\"inLanguage\":\"es\",\"@id\":\"https:\\\/\\\/www.ucaldas.edu.co\\\/portal\\\/#\\\/schema\\\/logo\\\/image\\\/\",\"url\":\"https:\\\/\\\/www.ucaldas.edu.co\\\/portal\\\/wp-content\\\/uploads\\\/2023\\\/11\\\/Logo_horizontal_oscuroU-2023.png\",\"contentUrl\":\"https:\\\/\\\/www.ucaldas.edu.co\\\/portal\\\/wp-content\\\/uploads\\\/2023\\\/11\\\/Logo_horizontal_oscuroU-2023.png\",\"width\":263,\"height\":101,\"caption\":\"Universidad de Caldas\"},\"image\":{\"@id\":\"https:\\\/\\\/www.ucaldas.edu.co\\\/portal\\\/#\\\/schema\\\/logo\\\/image\\\/\"},\"sameAs\":[\"https:\\\/\\\/www.facebook.com\\\/udecaldas\",\"https:\\\/\\\/x.com\\\/udecaldas\",\"https:\\\/\\\/www.youtube.com\\\/universidadcaldas\",\"https:\\\/\\\/www.instagram.com\\\/udecaldas\\\/\"]},{\"@type\":\"Person\",\"@id\":\"https:\\\/\\\/www.ucaldas.edu.co\\\/portal\\\/#\\\/schema\\\/person\\\/a1b482e23449158b4bc319926c074fdf\",\"name\":\"ofiprensa\",\"image\":{\"@type\":\"ImageObject\",\"inLanguage\":\"es\",\"@id\":\"https:\\\/\\\/www.ucaldas.edu.co\\\/portal\\\/wp-content\\\/litespeed\\\/avatar\\\/09ea5085e600095a7a811142c6944527.jpg?ver=1777497608\",\"url\":\"https:\\\/\\\/www.ucaldas.edu.co\\\/portal\\\/wp-content\\\/litespeed\\\/avatar\\\/09ea5085e600095a7a811142c6944527.jpg?ver=1777497608\",\"contentUrl\":\"https:\\\/\\\/www.ucaldas.edu.co\\\/portal\\\/wp-content\\\/litespeed\\\/avatar\\\/09ea5085e600095a7a811142c6944527.jpg?ver=1777497608\",\"caption\":\"ofiprensa\"},\"url\":\"https:\\\/\\\/www.ucaldas.edu.co\\\/portal\\\/author\\\/ofiprensa\\\/\"}]}<\/script>\n<!-- \/ Yoast SEO plugin. -->","yoast_head_json":{"title":"Revista Arcadia recomend\u00f3 visitar archivo de fotograf\u00eda hist\u00f3rica  de U. de Caldas .","robots":{"index":"index","follow":"follow","max-snippet":"max-snippet:-1","max-image-preview":"max-image-preview:large","max-video-preview":"max-video-preview:-1"},"canonical":"https:\/\/www.ucaldas.edu.co\/portal\/revista-arcadia-recomendo-visitar-archivo-de-fotografia-historica-de-u-de-caldas-2\/","schema":{"@context":"https:\/\/schema.org","@graph":[{"@type":"Article","@id":"https:\/\/www.ucaldas.edu.co\/portal\/revista-arcadia-recomendo-visitar-archivo-de-fotografia-historica-de-u-de-caldas-2\/#article","isPartOf":{"@id":"https:\/\/www.ucaldas.edu.co\/portal\/revista-arcadia-recomendo-visitar-archivo-de-fotografia-historica-de-u-de-caldas-2\/"},"author":{"name":"ofiprensa","@id":"https:\/\/www.ucaldas.edu.co\/portal\/#\/schema\/person\/a1b482e23449158b4bc319926c074fdf"},"headline":"Revista Arcadia recomend\u00f3 visitar archivo de fotograf\u00eda hist\u00f3rica de U. de Caldas","datePublished":"2012-02-29T14:40:32+00:00","mainEntityOfPage":{"@id":"https:\/\/www.ucaldas.edu.co\/portal\/revista-arcadia-recomendo-visitar-archivo-de-fotografia-historica-de-u-de-caldas-2\/"},"wordCount":463,"publisher":{"@id":"https:\/\/www.ucaldas.edu.co\/portal\/#organization"},"image":{"@id":"https:\/\/www.ucaldas.edu.co\/portal\/revista-arcadia-recomendo-visitar-archivo-de-fotografia-historica-de-u-de-caldas-2\/#primaryimage"},"thumbnailUrl":"http:\/\/www.ucaldas.edu.co\/images\/archivo_digital1.jpg","articleSection":["Actualidad","Universidad al D\u00eda"],"inLanguage":"es"},{"@type":"WebPage","@id":"https:\/\/www.ucaldas.edu.co\/portal\/revista-arcadia-recomendo-visitar-archivo-de-fotografia-historica-de-u-de-caldas-2\/","url":"https:\/\/www.ucaldas.edu.co\/portal\/revista-arcadia-recomendo-visitar-archivo-de-fotografia-historica-de-u-de-caldas-2\/","name":"Revista Arcadia recomend\u00f3 visitar archivo de fotograf\u00eda hist\u00f3rica de U. de Caldas .","isPartOf":{"@id":"https:\/\/www.ucaldas.edu.co\/portal\/#website"},"primaryImageOfPage":{"@id":"https:\/\/www.ucaldas.edu.co\/portal\/revista-arcadia-recomendo-visitar-archivo-de-fotografia-historica-de-u-de-caldas-2\/#primaryimage"},"image":{"@id":"https:\/\/www.ucaldas.edu.co\/portal\/revista-arcadia-recomendo-visitar-archivo-de-fotografia-historica-de-u-de-caldas-2\/#primaryimage"},"thumbnailUrl":"http:\/\/www.ucaldas.edu.co\/images\/archivo_digital1.jpg","datePublished":"2012-02-29T14:40:32+00:00","breadcrumb":{"@id":"https:\/\/www.ucaldas.edu.co\/portal\/revista-arcadia-recomendo-visitar-archivo-de-fotografia-historica-de-u-de-caldas-2\/#breadcrumb"},"inLanguage":"es","potentialAction":[{"@type":"ReadAction","target":["https:\/\/www.ucaldas.edu.co\/portal\/revista-arcadia-recomendo-visitar-archivo-de-fotografia-historica-de-u-de-caldas-2\/"]}]},{"@type":"ImageObject","inLanguage":"es","@id":"https:\/\/www.ucaldas.edu.co\/portal\/revista-arcadia-recomendo-visitar-archivo-de-fotografia-historica-de-u-de-caldas-2\/#primaryimage","url":"http:\/\/www.ucaldas.edu.co\/images\/archivo_digital1.jpg","contentUrl":"http:\/\/www.ucaldas.edu.co\/images\/archivo_digital1.jpg"},{"@type":"BreadcrumbList","@id":"https:\/\/www.ucaldas.edu.co\/portal\/revista-arcadia-recomendo-visitar-archivo-de-fotografia-historica-de-u-de-caldas-2\/#breadcrumb","itemListElement":[{"@type":"ListItem","position":1,"name":"Portada","item":"https:\/\/www.ucaldas.edu.co\/portal\/"},{"@type":"ListItem","position":2,"name":"Revista Arcadia recomend\u00f3 visitar archivo de fotograf\u00eda hist\u00f3rica de U. de Caldas"}]},{"@type":"WebSite","@id":"https:\/\/www.ucaldas.edu.co\/portal\/#website","url":"https:\/\/www.ucaldas.edu.co\/portal\/","name":"Universidad de Caldas","description":"","publisher":{"@id":"https:\/\/www.ucaldas.edu.co\/portal\/#organization"},"alternateName":"U. de Caldas","potentialAction":[{"@type":"SearchAction","target":{"@type":"EntryPoint","urlTemplate":"https:\/\/www.ucaldas.edu.co\/portal\/?s={search_term_string}"},"query-input":{"@type":"PropertyValueSpecification","valueRequired":true,"valueName":"search_term_string"}}],"inLanguage":"es"},{"@type":"Organization","@id":"https:\/\/www.ucaldas.edu.co\/portal\/#organization","name":"Universidad de Caldas","alternateName":"U. de Caldas","url":"https:\/\/www.ucaldas.edu.co\/portal\/","logo":{"@type":"ImageObject","inLanguage":"es","@id":"https:\/\/www.ucaldas.edu.co\/portal\/#\/schema\/logo\/image\/","url":"https:\/\/www.ucaldas.edu.co\/portal\/wp-content\/uploads\/2023\/11\/Logo_horizontal_oscuroU-2023.png","contentUrl":"https:\/\/www.ucaldas.edu.co\/portal\/wp-content\/uploads\/2023\/11\/Logo_horizontal_oscuroU-2023.png","width":263,"height":101,"caption":"Universidad de Caldas"},"image":{"@id":"https:\/\/www.ucaldas.edu.co\/portal\/#\/schema\/logo\/image\/"},"sameAs":["https:\/\/www.facebook.com\/udecaldas","https:\/\/x.com\/udecaldas","https:\/\/www.youtube.com\/universidadcaldas","https:\/\/www.instagram.com\/udecaldas\/"]},{"@type":"Person","@id":"https:\/\/www.ucaldas.edu.co\/portal\/#\/schema\/person\/a1b482e23449158b4bc319926c074fdf","name":"ofiprensa","image":{"@type":"ImageObject","inLanguage":"es","@id":"https:\/\/www.ucaldas.edu.co\/portal\/wp-content\/litespeed\/avatar\/09ea5085e600095a7a811142c6944527.jpg?ver=1777497608","url":"https:\/\/www.ucaldas.edu.co\/portal\/wp-content\/litespeed\/avatar\/09ea5085e600095a7a811142c6944527.jpg?ver=1777497608","contentUrl":"https:\/\/www.ucaldas.edu.co\/portal\/wp-content\/litespeed\/avatar\/09ea5085e600095a7a811142c6944527.jpg?ver=1777497608","caption":"ofiprensa"},"url":"https:\/\/www.ucaldas.edu.co\/portal\/author\/ofiprensa\/"}]}},"_links":{"self":[{"href":"https:\/\/www.ucaldas.edu.co\/portal\/wp-json\/wp\/v2\/posts\/13104","targetHints":{"allow":["GET"]}}],"collection":[{"href":"https:\/\/www.ucaldas.edu.co\/portal\/wp-json\/wp\/v2\/posts"}],"about":[{"href":"https:\/\/www.ucaldas.edu.co\/portal\/wp-json\/wp\/v2\/types\/post"}],"author":[{"embeddable":true,"href":"https:\/\/www.ucaldas.edu.co\/portal\/wp-json\/wp\/v2\/users\/2"}],"replies":[{"embeddable":true,"href":"https:\/\/www.ucaldas.edu.co\/portal\/wp-json\/wp\/v2\/comments?post=13104"}],"version-history":[{"count":0,"href":"https:\/\/www.ucaldas.edu.co\/portal\/wp-json\/wp\/v2\/posts\/13104\/revisions"}],"wp:attachment":[{"href":"https:\/\/www.ucaldas.edu.co\/portal\/wp-json\/wp\/v2\/media?parent=13104"}],"wp:term":[{"taxonomy":"category","embeddable":true,"href":"https:\/\/www.ucaldas.edu.co\/portal\/wp-json\/wp\/v2\/categories?post=13104"},{"taxonomy":"post_tag","embeddable":true,"href":"https:\/\/www.ucaldas.edu.co\/portal\/wp-json\/wp\/v2\/tags?post=13104"}],"curies":[{"name":"wp","href":"https:\/\/api.w.org\/{rel}","templated":true}]}}