{"id":12821,"date":"2012-10-08T15:07:58","date_gmt":"2012-10-08T20:07:58","guid":{"rendered":"https:\/\/www.ucaldas.edu.co\/portal\/?p=12821"},"modified":"2012-10-08T15:07:58","modified_gmt":"2012-10-08T20:07:58","slug":"este-ano-florencia-samana-tiene-29-egresados-de-u-de-caldas","status":"publish","type":"post","link":"https:\/\/www.ucaldas.edu.co\/portal\/este-ano-florencia-samana-tiene-29-egresados-de-u-de-caldas\/","title":{"rendered":"Este a\u00f1o Florencia (Saman\u00e1) tiene  29 egresados de U. de Caldas"},"content":{"rendered":"<p>Instituci\u00f3n gradu\u00f3 t\u00e9cnicos profesionales, en ese corregimiento caldense<\/p>\n<hr \/>\n<p>&nbsp;<\/p>\n<p align=\"right\">08\/10\/2012<br \/>\nRedacci\u00f3n: Margarita Laverde Galvis<\/p>\n<p align=\"right\">\n<table border=\"0\">\n<tbody>\n<tr>\n<td>\u00a0<img loading=\"lazy\" decoding=\"async\" style=\"border: 0px\" title=\"Este a\u00f1o Florencia (Saman\u00e1) tiene  29 egresados de U. de Caldas\" alt=\"Grados Florencia\" src=\"http:\/\/www.ucaldas.edu.co\/images\/tmp\/grados_florencia.jpg\" width=\"240\" height=\"160\" border=\"0\" \/><\/p>\n<h4>Foto: Margarita Laverde\/ Prensa U. de Caldas<\/h4>\n<\/td>\n<td>La\u00a0<b>comunidad de Florencia<\/b>\u00a0(Saman\u00e1)\u00a0<b>ya cuenta con 29 egresados<\/b>\u00a0de la\u00a0<b>Universidad de Caldas este 2012<\/b>, quienes\u00a0<b>recibieron<\/b>\u00a0su\u00a0<b>t\u00edtulo<\/b>\u00a0como<b>T\u00e9cnicos Profesionales<\/b>\u00a0en\u00a0<b>Formulaci\u00f3n<\/b>\u00a0e\u00a0<b>Implementaci\u00f3n<\/b>\u00a0de\u00a0<b>Proyectos Agropecuarios<\/b>\u00a0de la Instituci\u00f3n. El\u00a0<b>6 de octubre<\/b>\u00a0<b>de este a\u00f1o ser\u00e1 un d\u00eda hist\u00f3rico<\/b>\u00a0para esta regi\u00f3n, pues\u00a0<b>se cristaliz\u00f3 el esfuerzo de los j\u00f3venes y las alianzas educativas<\/b>.<\/td>\n<\/tr>\n<\/tbody>\n<\/table>\n<p>&nbsp;<\/p>\n<p>&nbsp;<\/p>\n<p>Los\u00a0<b>egresados hacen parte del proyecto\u00a0<i>La Universidad en el Campo<\/i><\/b>, del\u00a0<b>Programa Educaci\u00f3n para la Competitividad<\/b>. Esta es la tercera graduaci\u00f3n de esta iniciativa,\u00a0que promueve la\u00a0<b>Gobernaci\u00f3n de Caldas, Comit\u00e9 de Cafeteros de Caldas, Chec\u00a0<\/b>y\u00a0<b>alcald\u00edas municipales<\/b>, con el apoyo de la\u00a0<b>U. de Caldas<\/b>,\u00a0<b>U. de Manizales<\/b>\u00a0y\u00a0<b>U. Cat\u00f3lica de Manizales.<\/b><\/p>\n<p><b>La intenci\u00f3n es que estos j\u00f3venes<\/b>\u00a0de la Instituci\u00f3n Educativa Pio XII\u00a0<b>contin\u00faen en el Programa Profesional en Administraci\u00f3n de Empresas Agropecuarias.<\/b><\/p>\n<p>&nbsp;<\/p>\n<p>El\u00a0<b>Vicerrector Administrativo de la U. de Caldas<\/b>, Fabio Hernando Arias Orozco, y el\u00a0<b>Secretario General de la Instituci\u00f3n<\/b>, Fernando Duque Garc\u00eda, representaron a la U. de Caldas, que cont\u00f3 con la participaci\u00f3n del\u00a0<b>Gobernador de Caldas,\u00a0<\/b>Guido Echeverri Piedrah\u00edta, el\u00a0<b>Secretario de Educaci\u00f3n de Caldas,\u00a0<\/b>Tulio Marulanda Mej\u00eda, adem\u00e1s de representantes de la alianza.<\/p>\n<p>&nbsp;<\/p>\n<p>Para el\u00a0<b>Gobernador de Caldas,\u00a0<\/b>Guido Echeverri Piedrah\u00edta: \u201cestamos realizando dos proyectos b\u00e1sicos para el desarrollo del departamento: La U. en el Campo, que pretende formar j\u00f3venes del sector rural para darles oportunidades y cautivarlos, y el otro es Educaci\u00f3n para la Competitividad, que nos llevar\u00e1 a invertir $24 mil millones en estos cuatro a\u00f1os, para formar 20 mil j\u00f3venes en carreras profesionales\u201d.<\/p>\n<p>&nbsp;<\/p>\n<p>El\u00a0<b>Secretario General de la U. de Caldas,\u00a0<\/b>Fernando Duque Garc\u00eda<b>,\u00a0<\/b>dijo: \u201ceste es un hecho hist\u00f3rico para el Oriente de Caldas, al ver materializado el sue\u00f1o de tener la Universidad en esta regi\u00f3n tan apartada. Tambi\u00e9n es un hecho hist\u00f3rico para la U. de Caldas, por poder materializar el proyecto educativo institucional, donde la Instituci\u00f3n debe hacer una presencia activa en la regi\u00f3n\u201d.<\/p>\n<p>&nbsp;<\/p>\n<p>Durante el acto,\u00a0<b>Bernardo Rivera S\u00e1nchez, Director Ejecutivo de la Asociaci\u00f3n Colombiana de Universidades (Asc\u00fan) y exrector de la U. de Caldas,\u00a0<\/b>expres\u00f3: \u201cestoy convencido de que hoy la U. de Caldas hace gala de su nombre, porque est\u00e1 haciendo presencia en todo el departamento y es expresi\u00f3n de su responsabilidad social con unas comunidades bastante deprimidas y marginadas\u201d.<\/p>\n<p>&nbsp;<\/p>\n<p><b>Una de las graduadas del programa<\/b>, \u00c9rika Lineth Hern\u00e1ndez Saavedra,<b>\u00a0<\/b>expres\u00f3: \u201cpara m\u00ed significa un paso muy grande: mi futuro, el inicio de mi vida profesional, y prosperidad de mi comunidad y la m\u00eda\u201d.<\/p>\n<p>&nbsp;<\/p>\n<p><b>Sinergia<br \/>\nTulio Marulanda Mej\u00eda, Secretario de Educaci\u00f3n de Caldas<br \/>\n<\/b>Es sumamente grato volver despu\u00e9s de muchos a\u00f1os a unos grados en esta regi\u00f3n, pues desde 1998 no se repet\u00eda un acto como estos. Para la comunidad, el poder graduar en sus propios terrenos a sus hijos y ver que se pueden formar en carreras que tienen que ver con las necesidades de la regi\u00f3n, se tiene que constituir en un hecho hist\u00f3rico y significativo, digno de celebrar.<\/p>\n<p>&nbsp;<\/p>\n<p><b>Wilder Iberson Escobar Ort\u00edz, Alcalde de Saman\u00e1 (Caldas)<br \/>\n<\/b>Este es un verdadero ejemplo de descentralizaci\u00f3n, por el poder contar con la posibilidad de tener graduados en este corregimiento. Es un sue\u00f1o hecho realidad, y a trav\u00e9s de la alianza publica privada es la muestra de que cuando se ahondan esfuerzos se pueden lograr objetivos tan importantes como este.<\/p>\n<p>&nbsp;<\/p>\n<p><a href=\"http:\/\/www.facebook.com\/media\/set\/?set=a.419179878143883.99451.107054166023124&amp;type=3\" target=\"_blank\">Conozca im\u00e1genes de la graduaci\u00f3n del Programa La U. en el Campo, que se realiz\u00f3 en Florencia (Saman\u00e1)<\/a><\/p>\n<p>&nbsp;<\/p>\n<p><b>Informes:\u00a0<\/b>Oficina de Prensa, tel\u00e9fono 878 15 00, extensi\u00f3n 12 167.<\/p>\n<p>&nbsp;<\/p>\n","protected":false},"excerpt":{"rendered":"<p>Instituci\u00f3n gradu\u00f3 t\u00e9cnicos profesionales, en ese corregimiento caldense &nbsp; 08\/10\/2012 Redacci\u00f3n: Margarita Laverde Galvis \u00a0 Foto: Margarita Laverde\/ Prensa U. de Caldas La\u00a0comunidad de Florencia\u00a0(Saman\u00e1)\u00a0ya cuenta con 29 egresados\u00a0de la\u00a0Universidad de Caldas este 2012, quienes\u00a0recibieron\u00a0su\u00a0t\u00edtulo\u00a0comoT\u00e9cnicos Profesionales\u00a0en\u00a0Formulaci\u00f3n\u00a0e\u00a0Implementaci\u00f3n\u00a0de\u00a0Proyectos Agropecuarios\u00a0de la Instituci\u00f3n. El\u00a06 de octubre\u00a0de este a\u00f1o ser\u00e1 un d\u00eda hist\u00f3rico\u00a0para esta regi\u00f3n, pues\u00a0se cristaliz\u00f3 el esfuerzo de [&hellip;]<\/p>\n","protected":false},"author":2,"featured_media":0,"comment_status":"closed","ping_status":"closed","sticky":false,"template":"","format":"standard","meta":{"footnotes":""},"categories":[48,53],"tags":[],"class_list":["post-12821","post","type-post","status-publish","format-standard","hentry","category-actualidad","category-universidad-al-dia"],"yoast_head":"<!-- This site is optimized with the Yoast SEO plugin v27.4 - https:\/\/yoast.com\/product\/yoast-seo-wordpress\/ -->\n<title>Este a\u00f1o Florencia (Saman\u00e1) tiene 29 egresados de U. de Caldas .<\/title>\n<meta name=\"robots\" content=\"index, follow, max-snippet:-1, max-image-preview:large, max-video-preview:-1\" \/>\n<link rel=\"canonical\" href=\"https:\/\/www.ucaldas.edu.co\/portal\/este-ano-florencia-samana-tiene-29-egresados-de-u-de-caldas\/\" \/>\n<script type=\"application\/ld+json\" class=\"yoast-schema-graph\">{\"@context\":\"https:\\\/\\\/schema.org\",\"@graph\":[{\"@type\":\"Article\",\"@id\":\"https:\\\/\\\/www.ucaldas.edu.co\\\/portal\\\/este-ano-florencia-samana-tiene-29-egresados-de-u-de-caldas\\\/#article\",\"isPartOf\":{\"@id\":\"https:\\\/\\\/www.ucaldas.edu.co\\\/portal\\\/este-ano-florencia-samana-tiene-29-egresados-de-u-de-caldas\\\/\"},\"author\":{\"name\":\"ofiprensa\",\"@id\":\"https:\\\/\\\/www.ucaldas.edu.co\\\/portal\\\/#\\\/schema\\\/person\\\/a1b482e23449158b4bc319926c074fdf\"},\"headline\":\"Este a\u00f1o Florencia (Saman\u00e1) tiene 29 egresados de U. de Caldas\",\"datePublished\":\"2012-10-08T20:07:58+00:00\",\"mainEntityOfPage\":{\"@id\":\"https:\\\/\\\/www.ucaldas.edu.co\\\/portal\\\/este-ano-florencia-samana-tiene-29-egresados-de-u-de-caldas\\\/\"},\"wordCount\":674,\"publisher\":{\"@id\":\"https:\\\/\\\/www.ucaldas.edu.co\\\/portal\\\/#organization\"},\"image\":{\"@id\":\"https:\\\/\\\/www.ucaldas.edu.co\\\/portal\\\/este-ano-florencia-samana-tiene-29-egresados-de-u-de-caldas\\\/#primaryimage\"},\"thumbnailUrl\":\"http:\\\/\\\/www.ucaldas.edu.co\\\/images\\\/tmp\\\/grados_florencia.jpg\",\"articleSection\":[\"Actualidad\",\"Universidad al D\u00eda\"],\"inLanguage\":\"es\"},{\"@type\":\"WebPage\",\"@id\":\"https:\\\/\\\/www.ucaldas.edu.co\\\/portal\\\/este-ano-florencia-samana-tiene-29-egresados-de-u-de-caldas\\\/\",\"url\":\"https:\\\/\\\/www.ucaldas.edu.co\\\/portal\\\/este-ano-florencia-samana-tiene-29-egresados-de-u-de-caldas\\\/\",\"name\":\"Este a\u00f1o Florencia (Saman\u00e1) tiene 29 egresados de U. de Caldas .\",\"isPartOf\":{\"@id\":\"https:\\\/\\\/www.ucaldas.edu.co\\\/portal\\\/#website\"},\"primaryImageOfPage\":{\"@id\":\"https:\\\/\\\/www.ucaldas.edu.co\\\/portal\\\/este-ano-florencia-samana-tiene-29-egresados-de-u-de-caldas\\\/#primaryimage\"},\"image\":{\"@id\":\"https:\\\/\\\/www.ucaldas.edu.co\\\/portal\\\/este-ano-florencia-samana-tiene-29-egresados-de-u-de-caldas\\\/#primaryimage\"},\"thumbnailUrl\":\"http:\\\/\\\/www.ucaldas.edu.co\\\/images\\\/tmp\\\/grados_florencia.jpg\",\"datePublished\":\"2012-10-08T20:07:58+00:00\",\"breadcrumb\":{\"@id\":\"https:\\\/\\\/www.ucaldas.edu.co\\\/portal\\\/este-ano-florencia-samana-tiene-29-egresados-de-u-de-caldas\\\/#breadcrumb\"},\"inLanguage\":\"es\",\"potentialAction\":[{\"@type\":\"ReadAction\",\"target\":[\"https:\\\/\\\/www.ucaldas.edu.co\\\/portal\\\/este-ano-florencia-samana-tiene-29-egresados-de-u-de-caldas\\\/\"]}]},{\"@type\":\"ImageObject\",\"inLanguage\":\"es\",\"@id\":\"https:\\\/\\\/www.ucaldas.edu.co\\\/portal\\\/este-ano-florencia-samana-tiene-29-egresados-de-u-de-caldas\\\/#primaryimage\",\"url\":\"http:\\\/\\\/www.ucaldas.edu.co\\\/images\\\/tmp\\\/grados_florencia.jpg\",\"contentUrl\":\"http:\\\/\\\/www.ucaldas.edu.co\\\/images\\\/tmp\\\/grados_florencia.jpg\"},{\"@type\":\"BreadcrumbList\",\"@id\":\"https:\\\/\\\/www.ucaldas.edu.co\\\/portal\\\/este-ano-florencia-samana-tiene-29-egresados-de-u-de-caldas\\\/#breadcrumb\",\"itemListElement\":[{\"@type\":\"ListItem\",\"position\":1,\"name\":\"Portada\",\"item\":\"https:\\\/\\\/www.ucaldas.edu.co\\\/portal\\\/\"},{\"@type\":\"ListItem\",\"position\":2,\"name\":\"Este a\u00f1o Florencia (Saman\u00e1) tiene 29 egresados de U. de Caldas\"}]},{\"@type\":\"WebSite\",\"@id\":\"https:\\\/\\\/www.ucaldas.edu.co\\\/portal\\\/#website\",\"url\":\"https:\\\/\\\/www.ucaldas.edu.co\\\/portal\\\/\",\"name\":\"Universidad de Caldas\",\"description\":\"\",\"publisher\":{\"@id\":\"https:\\\/\\\/www.ucaldas.edu.co\\\/portal\\\/#organization\"},\"alternateName\":\"U. de Caldas\",\"potentialAction\":[{\"@type\":\"SearchAction\",\"target\":{\"@type\":\"EntryPoint\",\"urlTemplate\":\"https:\\\/\\\/www.ucaldas.edu.co\\\/portal\\\/?s={search_term_string}\"},\"query-input\":{\"@type\":\"PropertyValueSpecification\",\"valueRequired\":true,\"valueName\":\"search_term_string\"}}],\"inLanguage\":\"es\"},{\"@type\":\"Organization\",\"@id\":\"https:\\\/\\\/www.ucaldas.edu.co\\\/portal\\\/#organization\",\"name\":\"Universidad de Caldas\",\"alternateName\":\"U. de Caldas\",\"url\":\"https:\\\/\\\/www.ucaldas.edu.co\\\/portal\\\/\",\"logo\":{\"@type\":\"ImageObject\",\"inLanguage\":\"es\",\"@id\":\"https:\\\/\\\/www.ucaldas.edu.co\\\/portal\\\/#\\\/schema\\\/logo\\\/image\\\/\",\"url\":\"https:\\\/\\\/www.ucaldas.edu.co\\\/portal\\\/wp-content\\\/uploads\\\/2023\\\/11\\\/Logo_horizontal_oscuroU-2023.png\",\"contentUrl\":\"https:\\\/\\\/www.ucaldas.edu.co\\\/portal\\\/wp-content\\\/uploads\\\/2023\\\/11\\\/Logo_horizontal_oscuroU-2023.png\",\"width\":263,\"height\":101,\"caption\":\"Universidad de Caldas\"},\"image\":{\"@id\":\"https:\\\/\\\/www.ucaldas.edu.co\\\/portal\\\/#\\\/schema\\\/logo\\\/image\\\/\"},\"sameAs\":[\"https:\\\/\\\/www.facebook.com\\\/udecaldas\",\"https:\\\/\\\/x.com\\\/udecaldas\",\"https:\\\/\\\/www.youtube.com\\\/universidadcaldas\",\"https:\\\/\\\/www.instagram.com\\\/udecaldas\\\/\"]},{\"@type\":\"Person\",\"@id\":\"https:\\\/\\\/www.ucaldas.edu.co\\\/portal\\\/#\\\/schema\\\/person\\\/a1b482e23449158b4bc319926c074fdf\",\"name\":\"ofiprensa\",\"image\":{\"@type\":\"ImageObject\",\"inLanguage\":\"es\",\"@id\":\"https:\\\/\\\/www.ucaldas.edu.co\\\/portal\\\/wp-content\\\/litespeed\\\/avatar\\\/09ea5085e600095a7a811142c6944527.jpg?ver=1776892805\",\"url\":\"https:\\\/\\\/www.ucaldas.edu.co\\\/portal\\\/wp-content\\\/litespeed\\\/avatar\\\/09ea5085e600095a7a811142c6944527.jpg?ver=1776892805\",\"contentUrl\":\"https:\\\/\\\/www.ucaldas.edu.co\\\/portal\\\/wp-content\\\/litespeed\\\/avatar\\\/09ea5085e600095a7a811142c6944527.jpg?ver=1776892805\",\"caption\":\"ofiprensa\"},\"url\":\"https:\\\/\\\/www.ucaldas.edu.co\\\/portal\\\/author\\\/ofiprensa\\\/\"}]}<\/script>\n<!-- \/ Yoast SEO plugin. -->","yoast_head_json":{"title":"Este a\u00f1o Florencia (Saman\u00e1) tiene 29 egresados de U. de Caldas .","robots":{"index":"index","follow":"follow","max-snippet":"max-snippet:-1","max-image-preview":"max-image-preview:large","max-video-preview":"max-video-preview:-1"},"canonical":"https:\/\/www.ucaldas.edu.co\/portal\/este-ano-florencia-samana-tiene-29-egresados-de-u-de-caldas\/","schema":{"@context":"https:\/\/schema.org","@graph":[{"@type":"Article","@id":"https:\/\/www.ucaldas.edu.co\/portal\/este-ano-florencia-samana-tiene-29-egresados-de-u-de-caldas\/#article","isPartOf":{"@id":"https:\/\/www.ucaldas.edu.co\/portal\/este-ano-florencia-samana-tiene-29-egresados-de-u-de-caldas\/"},"author":{"name":"ofiprensa","@id":"https:\/\/www.ucaldas.edu.co\/portal\/#\/schema\/person\/a1b482e23449158b4bc319926c074fdf"},"headline":"Este a\u00f1o Florencia (Saman\u00e1) tiene 29 egresados de U. de Caldas","datePublished":"2012-10-08T20:07:58+00:00","mainEntityOfPage":{"@id":"https:\/\/www.ucaldas.edu.co\/portal\/este-ano-florencia-samana-tiene-29-egresados-de-u-de-caldas\/"},"wordCount":674,"publisher":{"@id":"https:\/\/www.ucaldas.edu.co\/portal\/#organization"},"image":{"@id":"https:\/\/www.ucaldas.edu.co\/portal\/este-ano-florencia-samana-tiene-29-egresados-de-u-de-caldas\/#primaryimage"},"thumbnailUrl":"http:\/\/www.ucaldas.edu.co\/images\/tmp\/grados_florencia.jpg","articleSection":["Actualidad","Universidad al D\u00eda"],"inLanguage":"es"},{"@type":"WebPage","@id":"https:\/\/www.ucaldas.edu.co\/portal\/este-ano-florencia-samana-tiene-29-egresados-de-u-de-caldas\/","url":"https:\/\/www.ucaldas.edu.co\/portal\/este-ano-florencia-samana-tiene-29-egresados-de-u-de-caldas\/","name":"Este a\u00f1o Florencia (Saman\u00e1) tiene 29 egresados de U. de Caldas .","isPartOf":{"@id":"https:\/\/www.ucaldas.edu.co\/portal\/#website"},"primaryImageOfPage":{"@id":"https:\/\/www.ucaldas.edu.co\/portal\/este-ano-florencia-samana-tiene-29-egresados-de-u-de-caldas\/#primaryimage"},"image":{"@id":"https:\/\/www.ucaldas.edu.co\/portal\/este-ano-florencia-samana-tiene-29-egresados-de-u-de-caldas\/#primaryimage"},"thumbnailUrl":"http:\/\/www.ucaldas.edu.co\/images\/tmp\/grados_florencia.jpg","datePublished":"2012-10-08T20:07:58+00:00","breadcrumb":{"@id":"https:\/\/www.ucaldas.edu.co\/portal\/este-ano-florencia-samana-tiene-29-egresados-de-u-de-caldas\/#breadcrumb"},"inLanguage":"es","potentialAction":[{"@type":"ReadAction","target":["https:\/\/www.ucaldas.edu.co\/portal\/este-ano-florencia-samana-tiene-29-egresados-de-u-de-caldas\/"]}]},{"@type":"ImageObject","inLanguage":"es","@id":"https:\/\/www.ucaldas.edu.co\/portal\/este-ano-florencia-samana-tiene-29-egresados-de-u-de-caldas\/#primaryimage","url":"http:\/\/www.ucaldas.edu.co\/images\/tmp\/grados_florencia.jpg","contentUrl":"http:\/\/www.ucaldas.edu.co\/images\/tmp\/grados_florencia.jpg"},{"@type":"BreadcrumbList","@id":"https:\/\/www.ucaldas.edu.co\/portal\/este-ano-florencia-samana-tiene-29-egresados-de-u-de-caldas\/#breadcrumb","itemListElement":[{"@type":"ListItem","position":1,"name":"Portada","item":"https:\/\/www.ucaldas.edu.co\/portal\/"},{"@type":"ListItem","position":2,"name":"Este a\u00f1o Florencia (Saman\u00e1) tiene 29 egresados de U. de Caldas"}]},{"@type":"WebSite","@id":"https:\/\/www.ucaldas.edu.co\/portal\/#website","url":"https:\/\/www.ucaldas.edu.co\/portal\/","name":"Universidad de Caldas","description":"","publisher":{"@id":"https:\/\/www.ucaldas.edu.co\/portal\/#organization"},"alternateName":"U. de Caldas","potentialAction":[{"@type":"SearchAction","target":{"@type":"EntryPoint","urlTemplate":"https:\/\/www.ucaldas.edu.co\/portal\/?s={search_term_string}"},"query-input":{"@type":"PropertyValueSpecification","valueRequired":true,"valueName":"search_term_string"}}],"inLanguage":"es"},{"@type":"Organization","@id":"https:\/\/www.ucaldas.edu.co\/portal\/#organization","name":"Universidad de Caldas","alternateName":"U. de Caldas","url":"https:\/\/www.ucaldas.edu.co\/portal\/","logo":{"@type":"ImageObject","inLanguage":"es","@id":"https:\/\/www.ucaldas.edu.co\/portal\/#\/schema\/logo\/image\/","url":"https:\/\/www.ucaldas.edu.co\/portal\/wp-content\/uploads\/2023\/11\/Logo_horizontal_oscuroU-2023.png","contentUrl":"https:\/\/www.ucaldas.edu.co\/portal\/wp-content\/uploads\/2023\/11\/Logo_horizontal_oscuroU-2023.png","width":263,"height":101,"caption":"Universidad de Caldas"},"image":{"@id":"https:\/\/www.ucaldas.edu.co\/portal\/#\/schema\/logo\/image\/"},"sameAs":["https:\/\/www.facebook.com\/udecaldas","https:\/\/x.com\/udecaldas","https:\/\/www.youtube.com\/universidadcaldas","https:\/\/www.instagram.com\/udecaldas\/"]},{"@type":"Person","@id":"https:\/\/www.ucaldas.edu.co\/portal\/#\/schema\/person\/a1b482e23449158b4bc319926c074fdf","name":"ofiprensa","image":{"@type":"ImageObject","inLanguage":"es","@id":"https:\/\/www.ucaldas.edu.co\/portal\/wp-content\/litespeed\/avatar\/09ea5085e600095a7a811142c6944527.jpg?ver=1776892805","url":"https:\/\/www.ucaldas.edu.co\/portal\/wp-content\/litespeed\/avatar\/09ea5085e600095a7a811142c6944527.jpg?ver=1776892805","contentUrl":"https:\/\/www.ucaldas.edu.co\/portal\/wp-content\/litespeed\/avatar\/09ea5085e600095a7a811142c6944527.jpg?ver=1776892805","caption":"ofiprensa"},"url":"https:\/\/www.ucaldas.edu.co\/portal\/author\/ofiprensa\/"}]}},"_links":{"self":[{"href":"https:\/\/www.ucaldas.edu.co\/portal\/wp-json\/wp\/v2\/posts\/12821","targetHints":{"allow":["GET"]}}],"collection":[{"href":"https:\/\/www.ucaldas.edu.co\/portal\/wp-json\/wp\/v2\/posts"}],"about":[{"href":"https:\/\/www.ucaldas.edu.co\/portal\/wp-json\/wp\/v2\/types\/post"}],"author":[{"embeddable":true,"href":"https:\/\/www.ucaldas.edu.co\/portal\/wp-json\/wp\/v2\/users\/2"}],"replies":[{"embeddable":true,"href":"https:\/\/www.ucaldas.edu.co\/portal\/wp-json\/wp\/v2\/comments?post=12821"}],"version-history":[{"count":0,"href":"https:\/\/www.ucaldas.edu.co\/portal\/wp-json\/wp\/v2\/posts\/12821\/revisions"}],"wp:attachment":[{"href":"https:\/\/www.ucaldas.edu.co\/portal\/wp-json\/wp\/v2\/media?parent=12821"}],"wp:term":[{"taxonomy":"category","embeddable":true,"href":"https:\/\/www.ucaldas.edu.co\/portal\/wp-json\/wp\/v2\/categories?post=12821"},{"taxonomy":"post_tag","embeddable":true,"href":"https:\/\/www.ucaldas.edu.co\/portal\/wp-json\/wp\/v2\/tags?post=12821"}],"curies":[{"name":"wp","href":"https:\/\/api.w.org\/{rel}","templated":true}]}}