{"id":12573,"date":"2012-09-28T09:45:49","date_gmt":"2012-09-28T14:45:49","guid":{"rendered":"https:\/\/www.ucaldas.edu.co\/portal\/?p=12573"},"modified":"2012-09-28T09:45:49","modified_gmt":"2012-09-28T14:45:49","slug":"u-de-caldas-le-cumplio-al-dia-sin-carro-no-se-reportaron-vehiculos-ni-motos-en-parqueaderos","status":"publish","type":"post","link":"https:\/\/www.ucaldas.edu.co\/portal\/u-de-caldas-le-cumplio-al-dia-sin-carro-no-se-reportaron-vehiculos-ni-motos-en-parqueaderos\/","title":{"rendered":"U. de Caldas le cumpli\u00f3 al D\u00eda sin carro: no se reportaron veh\u00edculos ni motos en parqueaderos"},"content":{"rendered":"<p align=\"center\">Las cifras lo demuestran: la Instituci\u00f3n se toma el planeta en serio<\/p>\n<p><b>Septiembre 28 del 2012 <\/b><\/p>\n<p>&nbsp;<\/p>\n<p><b>BOLET\u00cdN VERDE 08<\/b><\/p>\n<p align=\"center\"><span style=\"text-decoration: underline\"><\/p>\n<p><\/span><\/p>\n<p align=\"right\">28\/09\/2012<\/p>\n<hr \/>\n<p align=\"right\">Redacci\u00f3n: Margarita Laverde Galvis<\/p>\n<p><b>\u00a0<\/b><\/p>\n<table border=\"0\">\n<tbody>\n<tr>\n<td>\u00a0<img loading=\"lazy\" decoding=\"async\" style=\"border: 0px\" title=\"D\u00eda sin Carro\" alt=\"D\u00eda sin Carro\" src=\"http:\/\/www.ucaldas.edu.co\/images\/tmp\/balance_y_reporte_dia_sin_carro_ucaldas_2012.jpg\" width=\"240\" height=\"150\" border=\"0\" \/><\/p>\n<h4>Foto: Guillermo Sarmiento Estrada\/ Prensa U. de Caldas.<\/h4>\n<\/td>\n<td><b>Un resultado de cero veh\u00edculos y motos<\/b> en <b>todos los campus<\/b> de la <b>Universidad de Caldas<\/b> es el <b>balance<\/b> de la Instituci\u00f3n <b>en el D\u00eda sin carro<\/b>, que se celebr\u00f3 <b>este viernes 28 de septiembre<\/b> del 2012. Adem\u00e1s, <b>durante la jornada no circul\u00f3 ning\u00fan<\/b> <b>veh\u00edculo<\/b> <b>de la Universidad.<\/b><\/td>\n<\/tr>\n<\/tbody>\n<\/table>\n<p>&nbsp;<\/p>\n<p><b>\u00a0<\/b><\/p>\n<p>Henry Gonz\u00e1lez Gonz\u00e1lez, <b>L\u00edder del Grupo Interno de Sostenibilidad Ambiental de la U. de Caldas, <\/b>inform\u00f3: \u201cteniendo en cuenta que en la Instituci\u00f3n hay m\u00e1s 300 carros hacemos un c\u00e1lculo de que se dejaron de producir 27 kilogramos de gases de efecto invernadero\u201d.<\/p>\n<p>&nbsp;<\/p>\n<p>\u201cEste es un aporte desde una comunidad acad\u00e9mica comprometida con las iniciativas de la ciudad, porque si bien exist\u00eda la opci\u00f3n de parquear en \u00e1reas aleda\u00f1as a la U. de Caldas, o llegar m\u00e1s temprano a la Instituci\u00f3n, la comunidad acudi\u00f3 al llamado de la Alcald\u00eda de Manizales. Una vez m\u00e1s le apostamos a las propuestas de la ciudad\u201d, ratific\u00f3 Gonz\u00e1lez Gonz\u00e1lez.<\/p>\n<p>&nbsp;<\/p>\n<p><a href=\"http:\/\/www.facebook.com\/media\/set\/?set=a.415361008525770.98162.107054166023124&amp;type=3\" target=\"_blank\">Conozca im\u00e1genes del D\u00eda sin carro en la U. de Caldas<\/a><\/p>\n<p><a href=\"http:\/\/www.facebook.com\/media\/set\/?set=a.415361008525770.98162.107054166023124&amp;type=3\" target=\"_blank\">\u00a0<\/a><\/p>\n<p><a href=\"http:\/\/desarrollo.ucaldas.edu.co\/archivo\/index.php?option=com_content&amp;view=article&amp;catid=419%3Auniversidad-al-dia&amp;id=6306%3Au-de-caldas-recibio-310-automotores-menos-en-el-dia-sin-carro&amp;Itemid=1039\" target=\"_blank\">En el 2011 la U. de Caldas recibi\u00f3 menos automotores, pues s\u00f3lo 13 veh\u00edculos \u00a0ingresaron a la Instituci\u00f3n en el D\u00eda Sin Carro (ver nota aqu\u00ed)<\/a>, el ingreso de motos y veh\u00edculos se redujo en un 96%.<\/p>\n<p>&nbsp;<\/p>\n<p><b>Informes:<\/b> Oficina de Sistemas, tel\u00e9fono 878 15 00 extensi\u00f3n 11 604.<\/p>\n","protected":false},"excerpt":{"rendered":"<p>Las cifras lo demuestran: la Instituci\u00f3n se toma el planeta en serio Septiembre 28 del 2012 &nbsp; BOLET\u00cdN VERDE 08 28\/09\/2012 Redacci\u00f3n: Margarita Laverde Galvis \u00a0 \u00a0 Foto: Guillermo Sarmiento Estrada\/ Prensa U. de Caldas. Un resultado de cero veh\u00edculos y motos en todos los campus de la Universidad de Caldas es el balance de [&hellip;]<\/p>\n","protected":false},"author":2,"featured_media":0,"comment_status":"closed","ping_status":"closed","sticky":false,"template":"","format":"standard","meta":{"footnotes":""},"categories":[48,53],"tags":[],"class_list":["post-12573","post","type-post","status-publish","format-standard","hentry","category-actualidad","category-universidad-al-dia"],"yoast_head":"<!-- This site is optimized with the Yoast SEO plugin v27.5 - https:\/\/yoast.com\/product\/yoast-seo-wordpress\/ -->\n<title>U. de Caldas le cumpli\u00f3 al D\u00eda sin carro: no se reportaron veh\u00edculos ni motos en parqueaderos .<\/title>\n<meta name=\"robots\" content=\"index, follow, max-snippet:-1, max-image-preview:large, max-video-preview:-1\" \/>\n<link rel=\"canonical\" href=\"https:\/\/www.ucaldas.edu.co\/portal\/u-de-caldas-le-cumplio-al-dia-sin-carro-no-se-reportaron-vehiculos-ni-motos-en-parqueaderos\/\" \/>\n<script type=\"application\/ld+json\" class=\"yoast-schema-graph\">{\"@context\":\"https:\\\/\\\/schema.org\",\"@graph\":[{\"@type\":\"Article\",\"@id\":\"https:\\\/\\\/www.ucaldas.edu.co\\\/portal\\\/u-de-caldas-le-cumplio-al-dia-sin-carro-no-se-reportaron-vehiculos-ni-motos-en-parqueaderos\\\/#article\",\"isPartOf\":{\"@id\":\"https:\\\/\\\/www.ucaldas.edu.co\\\/portal\\\/u-de-caldas-le-cumplio-al-dia-sin-carro-no-se-reportaron-vehiculos-ni-motos-en-parqueaderos\\\/\"},\"author\":{\"name\":\"ofiprensa\",\"@id\":\"https:\\\/\\\/www.ucaldas.edu.co\\\/portal\\\/#\\\/schema\\\/person\\\/a1b482e23449158b4bc319926c074fdf\"},\"headline\":\"U. de Caldas le cumpli\u00f3 al D\u00eda sin carro: no se reportaron veh\u00edculos ni motos en parqueaderos\",\"datePublished\":\"2012-09-28T14:45:49+00:00\",\"mainEntityOfPage\":{\"@id\":\"https:\\\/\\\/www.ucaldas.edu.co\\\/portal\\\/u-de-caldas-le-cumplio-al-dia-sin-carro-no-se-reportaron-vehiculos-ni-motos-en-parqueaderos\\\/\"},\"wordCount\":286,\"publisher\":{\"@id\":\"https:\\\/\\\/www.ucaldas.edu.co\\\/portal\\\/#organization\"},\"image\":{\"@id\":\"https:\\\/\\\/www.ucaldas.edu.co\\\/portal\\\/u-de-caldas-le-cumplio-al-dia-sin-carro-no-se-reportaron-vehiculos-ni-motos-en-parqueaderos\\\/#primaryimage\"},\"thumbnailUrl\":\"http:\\\/\\\/www.ucaldas.edu.co\\\/images\\\/tmp\\\/balance_y_reporte_dia_sin_carro_ucaldas_2012.jpg\",\"articleSection\":[\"Actualidad\",\"Universidad al D\u00eda\"],\"inLanguage\":\"es\"},{\"@type\":\"WebPage\",\"@id\":\"https:\\\/\\\/www.ucaldas.edu.co\\\/portal\\\/u-de-caldas-le-cumplio-al-dia-sin-carro-no-se-reportaron-vehiculos-ni-motos-en-parqueaderos\\\/\",\"url\":\"https:\\\/\\\/www.ucaldas.edu.co\\\/portal\\\/u-de-caldas-le-cumplio-al-dia-sin-carro-no-se-reportaron-vehiculos-ni-motos-en-parqueaderos\\\/\",\"name\":\"U. de Caldas le cumpli\u00f3 al D\u00eda sin carro: no se reportaron veh\u00edculos ni motos en parqueaderos .\",\"isPartOf\":{\"@id\":\"https:\\\/\\\/www.ucaldas.edu.co\\\/portal\\\/#website\"},\"primaryImageOfPage\":{\"@id\":\"https:\\\/\\\/www.ucaldas.edu.co\\\/portal\\\/u-de-caldas-le-cumplio-al-dia-sin-carro-no-se-reportaron-vehiculos-ni-motos-en-parqueaderos\\\/#primaryimage\"},\"image\":{\"@id\":\"https:\\\/\\\/www.ucaldas.edu.co\\\/portal\\\/u-de-caldas-le-cumplio-al-dia-sin-carro-no-se-reportaron-vehiculos-ni-motos-en-parqueaderos\\\/#primaryimage\"},\"thumbnailUrl\":\"http:\\\/\\\/www.ucaldas.edu.co\\\/images\\\/tmp\\\/balance_y_reporte_dia_sin_carro_ucaldas_2012.jpg\",\"datePublished\":\"2012-09-28T14:45:49+00:00\",\"breadcrumb\":{\"@id\":\"https:\\\/\\\/www.ucaldas.edu.co\\\/portal\\\/u-de-caldas-le-cumplio-al-dia-sin-carro-no-se-reportaron-vehiculos-ni-motos-en-parqueaderos\\\/#breadcrumb\"},\"inLanguage\":\"es\",\"potentialAction\":[{\"@type\":\"ReadAction\",\"target\":[\"https:\\\/\\\/www.ucaldas.edu.co\\\/portal\\\/u-de-caldas-le-cumplio-al-dia-sin-carro-no-se-reportaron-vehiculos-ni-motos-en-parqueaderos\\\/\"]}]},{\"@type\":\"ImageObject\",\"inLanguage\":\"es\",\"@id\":\"https:\\\/\\\/www.ucaldas.edu.co\\\/portal\\\/u-de-caldas-le-cumplio-al-dia-sin-carro-no-se-reportaron-vehiculos-ni-motos-en-parqueaderos\\\/#primaryimage\",\"url\":\"http:\\\/\\\/www.ucaldas.edu.co\\\/images\\\/tmp\\\/balance_y_reporte_dia_sin_carro_ucaldas_2012.jpg\",\"contentUrl\":\"http:\\\/\\\/www.ucaldas.edu.co\\\/images\\\/tmp\\\/balance_y_reporte_dia_sin_carro_ucaldas_2012.jpg\"},{\"@type\":\"BreadcrumbList\",\"@id\":\"https:\\\/\\\/www.ucaldas.edu.co\\\/portal\\\/u-de-caldas-le-cumplio-al-dia-sin-carro-no-se-reportaron-vehiculos-ni-motos-en-parqueaderos\\\/#breadcrumb\",\"itemListElement\":[{\"@type\":\"ListItem\",\"position\":1,\"name\":\"Portada\",\"item\":\"https:\\\/\\\/www.ucaldas.edu.co\\\/portal\\\/\"},{\"@type\":\"ListItem\",\"position\":2,\"name\":\"U. de Caldas le cumpli\u00f3 al D\u00eda sin carro: no se reportaron veh\u00edculos ni motos en parqueaderos\"}]},{\"@type\":\"WebSite\",\"@id\":\"https:\\\/\\\/www.ucaldas.edu.co\\\/portal\\\/#website\",\"url\":\"https:\\\/\\\/www.ucaldas.edu.co\\\/portal\\\/\",\"name\":\"Universidad de Caldas\",\"description\":\"\",\"publisher\":{\"@id\":\"https:\\\/\\\/www.ucaldas.edu.co\\\/portal\\\/#organization\"},\"alternateName\":\"U. de Caldas\",\"potentialAction\":[{\"@type\":\"SearchAction\",\"target\":{\"@type\":\"EntryPoint\",\"urlTemplate\":\"https:\\\/\\\/www.ucaldas.edu.co\\\/portal\\\/?s={search_term_string}\"},\"query-input\":{\"@type\":\"PropertyValueSpecification\",\"valueRequired\":true,\"valueName\":\"search_term_string\"}}],\"inLanguage\":\"es\"},{\"@type\":\"Organization\",\"@id\":\"https:\\\/\\\/www.ucaldas.edu.co\\\/portal\\\/#organization\",\"name\":\"Universidad de Caldas\",\"alternateName\":\"U. de Caldas\",\"url\":\"https:\\\/\\\/www.ucaldas.edu.co\\\/portal\\\/\",\"logo\":{\"@type\":\"ImageObject\",\"inLanguage\":\"es\",\"@id\":\"https:\\\/\\\/www.ucaldas.edu.co\\\/portal\\\/#\\\/schema\\\/logo\\\/image\\\/\",\"url\":\"https:\\\/\\\/www.ucaldas.edu.co\\\/portal\\\/wp-content\\\/uploads\\\/2023\\\/11\\\/Logo_horizontal_oscuroU-2023.png\",\"contentUrl\":\"https:\\\/\\\/www.ucaldas.edu.co\\\/portal\\\/wp-content\\\/uploads\\\/2023\\\/11\\\/Logo_horizontal_oscuroU-2023.png\",\"width\":263,\"height\":101,\"caption\":\"Universidad de Caldas\"},\"image\":{\"@id\":\"https:\\\/\\\/www.ucaldas.edu.co\\\/portal\\\/#\\\/schema\\\/logo\\\/image\\\/\"},\"sameAs\":[\"https:\\\/\\\/www.facebook.com\\\/udecaldas\",\"https:\\\/\\\/x.com\\\/udecaldas\",\"https:\\\/\\\/www.youtube.com\\\/universidadcaldas\",\"https:\\\/\\\/www.instagram.com\\\/udecaldas\\\/\"]},{\"@type\":\"Person\",\"@id\":\"https:\\\/\\\/www.ucaldas.edu.co\\\/portal\\\/#\\\/schema\\\/person\\\/a1b482e23449158b4bc319926c074fdf\",\"name\":\"ofiprensa\",\"image\":{\"@type\":\"ImageObject\",\"inLanguage\":\"es\",\"@id\":\"https:\\\/\\\/www.ucaldas.edu.co\\\/portal\\\/wp-content\\\/litespeed\\\/avatar\\\/09ea5085e600095a7a811142c6944527.jpg?ver=1777497608\",\"url\":\"https:\\\/\\\/www.ucaldas.edu.co\\\/portal\\\/wp-content\\\/litespeed\\\/avatar\\\/09ea5085e600095a7a811142c6944527.jpg?ver=1777497608\",\"contentUrl\":\"https:\\\/\\\/www.ucaldas.edu.co\\\/portal\\\/wp-content\\\/litespeed\\\/avatar\\\/09ea5085e600095a7a811142c6944527.jpg?ver=1777497608\",\"caption\":\"ofiprensa\"},\"url\":\"https:\\\/\\\/www.ucaldas.edu.co\\\/portal\\\/author\\\/ofiprensa\\\/\"}]}<\/script>\n<!-- \/ Yoast SEO plugin. -->","yoast_head_json":{"title":"U. de Caldas le cumpli\u00f3 al D\u00eda sin carro: no se reportaron veh\u00edculos ni motos en parqueaderos .","robots":{"index":"index","follow":"follow","max-snippet":"max-snippet:-1","max-image-preview":"max-image-preview:large","max-video-preview":"max-video-preview:-1"},"canonical":"https:\/\/www.ucaldas.edu.co\/portal\/u-de-caldas-le-cumplio-al-dia-sin-carro-no-se-reportaron-vehiculos-ni-motos-en-parqueaderos\/","schema":{"@context":"https:\/\/schema.org","@graph":[{"@type":"Article","@id":"https:\/\/www.ucaldas.edu.co\/portal\/u-de-caldas-le-cumplio-al-dia-sin-carro-no-se-reportaron-vehiculos-ni-motos-en-parqueaderos\/#article","isPartOf":{"@id":"https:\/\/www.ucaldas.edu.co\/portal\/u-de-caldas-le-cumplio-al-dia-sin-carro-no-se-reportaron-vehiculos-ni-motos-en-parqueaderos\/"},"author":{"name":"ofiprensa","@id":"https:\/\/www.ucaldas.edu.co\/portal\/#\/schema\/person\/a1b482e23449158b4bc319926c074fdf"},"headline":"U. de Caldas le cumpli\u00f3 al D\u00eda sin carro: no se reportaron veh\u00edculos ni motos en parqueaderos","datePublished":"2012-09-28T14:45:49+00:00","mainEntityOfPage":{"@id":"https:\/\/www.ucaldas.edu.co\/portal\/u-de-caldas-le-cumplio-al-dia-sin-carro-no-se-reportaron-vehiculos-ni-motos-en-parqueaderos\/"},"wordCount":286,"publisher":{"@id":"https:\/\/www.ucaldas.edu.co\/portal\/#organization"},"image":{"@id":"https:\/\/www.ucaldas.edu.co\/portal\/u-de-caldas-le-cumplio-al-dia-sin-carro-no-se-reportaron-vehiculos-ni-motos-en-parqueaderos\/#primaryimage"},"thumbnailUrl":"http:\/\/www.ucaldas.edu.co\/images\/tmp\/balance_y_reporte_dia_sin_carro_ucaldas_2012.jpg","articleSection":["Actualidad","Universidad al D\u00eda"],"inLanguage":"es"},{"@type":"WebPage","@id":"https:\/\/www.ucaldas.edu.co\/portal\/u-de-caldas-le-cumplio-al-dia-sin-carro-no-se-reportaron-vehiculos-ni-motos-en-parqueaderos\/","url":"https:\/\/www.ucaldas.edu.co\/portal\/u-de-caldas-le-cumplio-al-dia-sin-carro-no-se-reportaron-vehiculos-ni-motos-en-parqueaderos\/","name":"U. de Caldas le cumpli\u00f3 al D\u00eda sin carro: no se reportaron veh\u00edculos ni motos en parqueaderos .","isPartOf":{"@id":"https:\/\/www.ucaldas.edu.co\/portal\/#website"},"primaryImageOfPage":{"@id":"https:\/\/www.ucaldas.edu.co\/portal\/u-de-caldas-le-cumplio-al-dia-sin-carro-no-se-reportaron-vehiculos-ni-motos-en-parqueaderos\/#primaryimage"},"image":{"@id":"https:\/\/www.ucaldas.edu.co\/portal\/u-de-caldas-le-cumplio-al-dia-sin-carro-no-se-reportaron-vehiculos-ni-motos-en-parqueaderos\/#primaryimage"},"thumbnailUrl":"http:\/\/www.ucaldas.edu.co\/images\/tmp\/balance_y_reporte_dia_sin_carro_ucaldas_2012.jpg","datePublished":"2012-09-28T14:45:49+00:00","breadcrumb":{"@id":"https:\/\/www.ucaldas.edu.co\/portal\/u-de-caldas-le-cumplio-al-dia-sin-carro-no-se-reportaron-vehiculos-ni-motos-en-parqueaderos\/#breadcrumb"},"inLanguage":"es","potentialAction":[{"@type":"ReadAction","target":["https:\/\/www.ucaldas.edu.co\/portal\/u-de-caldas-le-cumplio-al-dia-sin-carro-no-se-reportaron-vehiculos-ni-motos-en-parqueaderos\/"]}]},{"@type":"ImageObject","inLanguage":"es","@id":"https:\/\/www.ucaldas.edu.co\/portal\/u-de-caldas-le-cumplio-al-dia-sin-carro-no-se-reportaron-vehiculos-ni-motos-en-parqueaderos\/#primaryimage","url":"http:\/\/www.ucaldas.edu.co\/images\/tmp\/balance_y_reporte_dia_sin_carro_ucaldas_2012.jpg","contentUrl":"http:\/\/www.ucaldas.edu.co\/images\/tmp\/balance_y_reporte_dia_sin_carro_ucaldas_2012.jpg"},{"@type":"BreadcrumbList","@id":"https:\/\/www.ucaldas.edu.co\/portal\/u-de-caldas-le-cumplio-al-dia-sin-carro-no-se-reportaron-vehiculos-ni-motos-en-parqueaderos\/#breadcrumb","itemListElement":[{"@type":"ListItem","position":1,"name":"Portada","item":"https:\/\/www.ucaldas.edu.co\/portal\/"},{"@type":"ListItem","position":2,"name":"U. de Caldas le cumpli\u00f3 al D\u00eda sin carro: no se reportaron veh\u00edculos ni motos en parqueaderos"}]},{"@type":"WebSite","@id":"https:\/\/www.ucaldas.edu.co\/portal\/#website","url":"https:\/\/www.ucaldas.edu.co\/portal\/","name":"Universidad de Caldas","description":"","publisher":{"@id":"https:\/\/www.ucaldas.edu.co\/portal\/#organization"},"alternateName":"U. de Caldas","potentialAction":[{"@type":"SearchAction","target":{"@type":"EntryPoint","urlTemplate":"https:\/\/www.ucaldas.edu.co\/portal\/?s={search_term_string}"},"query-input":{"@type":"PropertyValueSpecification","valueRequired":true,"valueName":"search_term_string"}}],"inLanguage":"es"},{"@type":"Organization","@id":"https:\/\/www.ucaldas.edu.co\/portal\/#organization","name":"Universidad de Caldas","alternateName":"U. de Caldas","url":"https:\/\/www.ucaldas.edu.co\/portal\/","logo":{"@type":"ImageObject","inLanguage":"es","@id":"https:\/\/www.ucaldas.edu.co\/portal\/#\/schema\/logo\/image\/","url":"https:\/\/www.ucaldas.edu.co\/portal\/wp-content\/uploads\/2023\/11\/Logo_horizontal_oscuroU-2023.png","contentUrl":"https:\/\/www.ucaldas.edu.co\/portal\/wp-content\/uploads\/2023\/11\/Logo_horizontal_oscuroU-2023.png","width":263,"height":101,"caption":"Universidad de Caldas"},"image":{"@id":"https:\/\/www.ucaldas.edu.co\/portal\/#\/schema\/logo\/image\/"},"sameAs":["https:\/\/www.facebook.com\/udecaldas","https:\/\/x.com\/udecaldas","https:\/\/www.youtube.com\/universidadcaldas","https:\/\/www.instagram.com\/udecaldas\/"]},{"@type":"Person","@id":"https:\/\/www.ucaldas.edu.co\/portal\/#\/schema\/person\/a1b482e23449158b4bc319926c074fdf","name":"ofiprensa","image":{"@type":"ImageObject","inLanguage":"es","@id":"https:\/\/www.ucaldas.edu.co\/portal\/wp-content\/litespeed\/avatar\/09ea5085e600095a7a811142c6944527.jpg?ver=1777497608","url":"https:\/\/www.ucaldas.edu.co\/portal\/wp-content\/litespeed\/avatar\/09ea5085e600095a7a811142c6944527.jpg?ver=1777497608","contentUrl":"https:\/\/www.ucaldas.edu.co\/portal\/wp-content\/litespeed\/avatar\/09ea5085e600095a7a811142c6944527.jpg?ver=1777497608","caption":"ofiprensa"},"url":"https:\/\/www.ucaldas.edu.co\/portal\/author\/ofiprensa\/"}]}},"_links":{"self":[{"href":"https:\/\/www.ucaldas.edu.co\/portal\/wp-json\/wp\/v2\/posts\/12573","targetHints":{"allow":["GET"]}}],"collection":[{"href":"https:\/\/www.ucaldas.edu.co\/portal\/wp-json\/wp\/v2\/posts"}],"about":[{"href":"https:\/\/www.ucaldas.edu.co\/portal\/wp-json\/wp\/v2\/types\/post"}],"author":[{"embeddable":true,"href":"https:\/\/www.ucaldas.edu.co\/portal\/wp-json\/wp\/v2\/users\/2"}],"replies":[{"embeddable":true,"href":"https:\/\/www.ucaldas.edu.co\/portal\/wp-json\/wp\/v2\/comments?post=12573"}],"version-history":[{"count":0,"href":"https:\/\/www.ucaldas.edu.co\/portal\/wp-json\/wp\/v2\/posts\/12573\/revisions"}],"wp:attachment":[{"href":"https:\/\/www.ucaldas.edu.co\/portal\/wp-json\/wp\/v2\/media?parent=12573"}],"wp:term":[{"taxonomy":"category","embeddable":true,"href":"https:\/\/www.ucaldas.edu.co\/portal\/wp-json\/wp\/v2\/categories?post=12573"},{"taxonomy":"post_tag","embeddable":true,"href":"https:\/\/www.ucaldas.edu.co\/portal\/wp-json\/wp\/v2\/tags?post=12573"}],"curies":[{"name":"wp","href":"https:\/\/api.w.org\/{rel}","templated":true}]}}