{"id":12571,"date":"2012-09-28T09:44:52","date_gmt":"2012-09-28T14:44:52","guid":{"rendered":"https:\/\/www.ucaldas.edu.co\/portal\/?p=12571"},"modified":"2012-09-28T09:44:52","modified_gmt":"2012-09-28T14:44:52","slug":"en-u-de-caldas-se-discutieron-perspectivas-de-investigacion-filosofica-actual","status":"publish","type":"post","link":"https:\/\/www.ucaldas.edu.co\/portal\/en-u-de-caldas-se-discutieron-perspectivas-de-investigacion-filosofica-actual\/","title":{"rendered":"En U. de Caldas se discutieron perspectivas de investigaci\u00f3n filos\u00f3fica actual"},"content":{"rendered":"<p align=\"center\">Unos 800 fil\u00f3sofos asistieron al IV Congreso Colombiano de Filosof\u00eda<\/p>\n<p align=\"right\">28\/09\/2012<\/p>\n<hr \/>\n<p align=\"right\">Redacci\u00f3n: Mar\u00eda Fernanda Restrepo Torres<\/p>\n<table border=\"0\">\n<tbody>\n<tr>\n<td><img loading=\"lazy\" decoding=\"async\" style=\"border: 0px\" title=\"Congreso\" alt=\"Congreso\" src=\"http:\/\/www.ucaldas.edu.co\/images\/tmp\/invitados_congreso_nacional_filosofia_ucaldas_2012.jpg\" width=\"240\" height=\"150\" border=\"0\" \/><\/p>\n<h4>Foto: Guillermo Sarmiento Estrada\/ Prensa U. de Caldas.<\/h4>\n<\/td>\n<td><b>Unos<\/b> <b>800 fil\u00f3sofos <\/b>visitaron la <b>Universidad de Caldas<\/b>, para <b>participar<\/b> en el <b>IV Congreso<\/b> <b>Colombiano de Filosof\u00eda, <\/b>que se celebr\u00f3 en la Instituci\u00f3n entre el<b> 24 y el 28<\/b> de <b>septiembre <\/b>del <b>2012.<\/b><\/td>\n<\/tr>\n<\/tbody>\n<\/table>\n<p>&nbsp;<\/p>\n<p>En el encuentro <b>se vivenci\u00f3 el grado de desarrollo que ha alcanzado la investigaci\u00f3n filos\u00f3fica en Colombia<\/b> y gracias al volumen de invitados al evento, <b>se gener\u00f3 una ocupaci\u00f3n hotelera importante<\/b>. Para esta versi\u00f3n, el <b>pa\u00eds invitado fue Chile<\/b>.<\/p>\n<p>Hugo Renato Ochoa, <b>docente de la Universidad Cat\u00f3lica de Valpara\u00edso<\/b> (Chile) y <b>doctor en Filosof\u00eda<\/b>, manifest\u00f3: \u201cla influencia de las cuestiones filos\u00f3ficas es fundamental en la sociedad. Creo que para Colombia, por el momento pol\u00edtico, social y cultural que est\u00e1 viviendo, tiene especial relevancia\u201d.<\/p>\n<p><b>III Simposio Nacional de Filosof\u00eda y Psiquiatr\u00eda<br \/>\n<\/b>Dentro de la programaci\u00f3n de este encuentro, tambi\u00e9n se realiz\u00f3 tambi\u00e9n el <b>III Simposio Nacional de Filosof\u00eda y Psiquiatr\u00eda, <\/b>el jueves 27 de septiembre del 2012. Una de las ponentes nacionales en este simposio fue Flor Emilce Cely \u00c1vila, <b>Directora del Programa de Filosof\u00eda<\/b> de la <b>Universidad del Bosque <\/b>(Bogot\u00e1).<\/p>\n<p>Sobre su ponencia <i>El yo como construcci\u00f3n social: lo que ense\u00f1a la esquizofrenia, <\/i>Cely \u00c1vila explic\u00f3: \u201ctrabajamos una rama de la filosof\u00eda que es la fenomenolog\u00eda, como una tesis que nos ayuda a explicar qu\u00e9 sucede con el paciente esquizofr\u00e9nico. Esta tesis plantea que se trata de un trastorno del sentido m\u00ednimo experiencial del yo y esto afecta las relaciones intersubjetivas de estos pacientes\u201d.<\/p>\n<p>Entre los <b>invitados internacionales<\/b> estuvieron David Miller (University of Warwick, <b>Reino Unido<\/b>), Michael Devitt\u00a0 (University of New York, <b>Estados Unidos<\/b>), Harry Reader (University of Texas, <b>Estados Unido<\/b>s), Bert Van Roermund (Tilburg University, de <b>Holanda<\/b>) y Jean Michael Roy (\u00c9cole Normale Sup\u00e9rieure De Lettres Et Sciences Humaines, de <b>Francia<\/b>).<\/p>\n<p><a href=\"http:\/\/www.facebook.com\/media\/set\/?set=a.414087111986493.97616.107054166023124&amp;type=3\" target=\"_blank\">Conozca im\u00e1genes del IV Congreso Colombiano de Filosof\u00eda<\/a><br \/>\n<b>Informes:<\/b> Departamento de Filosof\u00eda, 886 27 20 extensi\u00f3n 21 151.<\/p>\n","protected":false},"excerpt":{"rendered":"<p>Unos 800 fil\u00f3sofos asistieron al IV Congreso Colombiano de Filosof\u00eda 28\/09\/2012 Redacci\u00f3n: Mar\u00eda Fernanda Restrepo Torres Foto: Guillermo Sarmiento Estrada\/ Prensa U. de Caldas. Unos 800 fil\u00f3sofos visitaron la Universidad de Caldas, para participar en el IV Congreso Colombiano de Filosof\u00eda, que se celebr\u00f3 en la Instituci\u00f3n entre el 24 y el 28 de septiembre [&hellip;]<\/p>\n","protected":false},"author":2,"featured_media":0,"comment_status":"closed","ping_status":"closed","sticky":false,"template":"","format":"standard","meta":{"footnotes":""},"categories":[48,53],"tags":[],"class_list":["post-12571","post","type-post","status-publish","format-standard","hentry","category-actualidad","category-universidad-al-dia"],"yoast_head":"<!-- This site is optimized with the Yoast SEO plugin v27.5 - https:\/\/yoast.com\/product\/yoast-seo-wordpress\/ -->\n<title>En U. de Caldas se discutieron perspectivas de investigaci\u00f3n filos\u00f3fica actual .<\/title>\n<meta name=\"robots\" content=\"index, follow, max-snippet:-1, max-image-preview:large, max-video-preview:-1\" \/>\n<link rel=\"canonical\" href=\"https:\/\/www.ucaldas.edu.co\/portal\/en-u-de-caldas-se-discutieron-perspectivas-de-investigacion-filosofica-actual\/\" \/>\n<script type=\"application\/ld+json\" class=\"yoast-schema-graph\">{\"@context\":\"https:\\\/\\\/schema.org\",\"@graph\":[{\"@type\":\"Article\",\"@id\":\"https:\\\/\\\/www.ucaldas.edu.co\\\/portal\\\/en-u-de-caldas-se-discutieron-perspectivas-de-investigacion-filosofica-actual\\\/#article\",\"isPartOf\":{\"@id\":\"https:\\\/\\\/www.ucaldas.edu.co\\\/portal\\\/en-u-de-caldas-se-discutieron-perspectivas-de-investigacion-filosofica-actual\\\/\"},\"author\":{\"name\":\"ofiprensa\",\"@id\":\"https:\\\/\\\/www.ucaldas.edu.co\\\/portal\\\/#\\\/schema\\\/person\\\/a1b482e23449158b4bc319926c074fdf\"},\"headline\":\"En U. de Caldas se discutieron perspectivas de investigaci\u00f3n filos\u00f3fica actual\",\"datePublished\":\"2012-09-28T14:44:52+00:00\",\"mainEntityOfPage\":{\"@id\":\"https:\\\/\\\/www.ucaldas.edu.co\\\/portal\\\/en-u-de-caldas-se-discutieron-perspectivas-de-investigacion-filosofica-actual\\\/\"},\"wordCount\":364,\"publisher\":{\"@id\":\"https:\\\/\\\/www.ucaldas.edu.co\\\/portal\\\/#organization\"},\"image\":{\"@id\":\"https:\\\/\\\/www.ucaldas.edu.co\\\/portal\\\/en-u-de-caldas-se-discutieron-perspectivas-de-investigacion-filosofica-actual\\\/#primaryimage\"},\"thumbnailUrl\":\"http:\\\/\\\/www.ucaldas.edu.co\\\/images\\\/tmp\\\/invitados_congreso_nacional_filosofia_ucaldas_2012.jpg\",\"articleSection\":[\"Actualidad\",\"Universidad al D\u00eda\"],\"inLanguage\":\"es\"},{\"@type\":\"WebPage\",\"@id\":\"https:\\\/\\\/www.ucaldas.edu.co\\\/portal\\\/en-u-de-caldas-se-discutieron-perspectivas-de-investigacion-filosofica-actual\\\/\",\"url\":\"https:\\\/\\\/www.ucaldas.edu.co\\\/portal\\\/en-u-de-caldas-se-discutieron-perspectivas-de-investigacion-filosofica-actual\\\/\",\"name\":\"En U. de Caldas se discutieron perspectivas de investigaci\u00f3n filos\u00f3fica actual .\",\"isPartOf\":{\"@id\":\"https:\\\/\\\/www.ucaldas.edu.co\\\/portal\\\/#website\"},\"primaryImageOfPage\":{\"@id\":\"https:\\\/\\\/www.ucaldas.edu.co\\\/portal\\\/en-u-de-caldas-se-discutieron-perspectivas-de-investigacion-filosofica-actual\\\/#primaryimage\"},\"image\":{\"@id\":\"https:\\\/\\\/www.ucaldas.edu.co\\\/portal\\\/en-u-de-caldas-se-discutieron-perspectivas-de-investigacion-filosofica-actual\\\/#primaryimage\"},\"thumbnailUrl\":\"http:\\\/\\\/www.ucaldas.edu.co\\\/images\\\/tmp\\\/invitados_congreso_nacional_filosofia_ucaldas_2012.jpg\",\"datePublished\":\"2012-09-28T14:44:52+00:00\",\"breadcrumb\":{\"@id\":\"https:\\\/\\\/www.ucaldas.edu.co\\\/portal\\\/en-u-de-caldas-se-discutieron-perspectivas-de-investigacion-filosofica-actual\\\/#breadcrumb\"},\"inLanguage\":\"es\",\"potentialAction\":[{\"@type\":\"ReadAction\",\"target\":[\"https:\\\/\\\/www.ucaldas.edu.co\\\/portal\\\/en-u-de-caldas-se-discutieron-perspectivas-de-investigacion-filosofica-actual\\\/\"]}]},{\"@type\":\"ImageObject\",\"inLanguage\":\"es\",\"@id\":\"https:\\\/\\\/www.ucaldas.edu.co\\\/portal\\\/en-u-de-caldas-se-discutieron-perspectivas-de-investigacion-filosofica-actual\\\/#primaryimage\",\"url\":\"http:\\\/\\\/www.ucaldas.edu.co\\\/images\\\/tmp\\\/invitados_congreso_nacional_filosofia_ucaldas_2012.jpg\",\"contentUrl\":\"http:\\\/\\\/www.ucaldas.edu.co\\\/images\\\/tmp\\\/invitados_congreso_nacional_filosofia_ucaldas_2012.jpg\"},{\"@type\":\"BreadcrumbList\",\"@id\":\"https:\\\/\\\/www.ucaldas.edu.co\\\/portal\\\/en-u-de-caldas-se-discutieron-perspectivas-de-investigacion-filosofica-actual\\\/#breadcrumb\",\"itemListElement\":[{\"@type\":\"ListItem\",\"position\":1,\"name\":\"Portada\",\"item\":\"https:\\\/\\\/www.ucaldas.edu.co\\\/portal\\\/\"},{\"@type\":\"ListItem\",\"position\":2,\"name\":\"En U. de Caldas se discutieron perspectivas de investigaci\u00f3n filos\u00f3fica actual\"}]},{\"@type\":\"WebSite\",\"@id\":\"https:\\\/\\\/www.ucaldas.edu.co\\\/portal\\\/#website\",\"url\":\"https:\\\/\\\/www.ucaldas.edu.co\\\/portal\\\/\",\"name\":\"Universidad de Caldas\",\"description\":\"\",\"publisher\":{\"@id\":\"https:\\\/\\\/www.ucaldas.edu.co\\\/portal\\\/#organization\"},\"alternateName\":\"U. de Caldas\",\"potentialAction\":[{\"@type\":\"SearchAction\",\"target\":{\"@type\":\"EntryPoint\",\"urlTemplate\":\"https:\\\/\\\/www.ucaldas.edu.co\\\/portal\\\/?s={search_term_string}\"},\"query-input\":{\"@type\":\"PropertyValueSpecification\",\"valueRequired\":true,\"valueName\":\"search_term_string\"}}],\"inLanguage\":\"es\"},{\"@type\":\"Organization\",\"@id\":\"https:\\\/\\\/www.ucaldas.edu.co\\\/portal\\\/#organization\",\"name\":\"Universidad de Caldas\",\"alternateName\":\"U. de Caldas\",\"url\":\"https:\\\/\\\/www.ucaldas.edu.co\\\/portal\\\/\",\"logo\":{\"@type\":\"ImageObject\",\"inLanguage\":\"es\",\"@id\":\"https:\\\/\\\/www.ucaldas.edu.co\\\/portal\\\/#\\\/schema\\\/logo\\\/image\\\/\",\"url\":\"https:\\\/\\\/www.ucaldas.edu.co\\\/portal\\\/wp-content\\\/uploads\\\/2023\\\/11\\\/Logo_horizontal_oscuroU-2023.png\",\"contentUrl\":\"https:\\\/\\\/www.ucaldas.edu.co\\\/portal\\\/wp-content\\\/uploads\\\/2023\\\/11\\\/Logo_horizontal_oscuroU-2023.png\",\"width\":263,\"height\":101,\"caption\":\"Universidad de Caldas\"},\"image\":{\"@id\":\"https:\\\/\\\/www.ucaldas.edu.co\\\/portal\\\/#\\\/schema\\\/logo\\\/image\\\/\"},\"sameAs\":[\"https:\\\/\\\/www.facebook.com\\\/udecaldas\",\"https:\\\/\\\/x.com\\\/udecaldas\",\"https:\\\/\\\/www.youtube.com\\\/universidadcaldas\",\"https:\\\/\\\/www.instagram.com\\\/udecaldas\\\/\"]},{\"@type\":\"Person\",\"@id\":\"https:\\\/\\\/www.ucaldas.edu.co\\\/portal\\\/#\\\/schema\\\/person\\\/a1b482e23449158b4bc319926c074fdf\",\"name\":\"ofiprensa\",\"image\":{\"@type\":\"ImageObject\",\"inLanguage\":\"es\",\"@id\":\"https:\\\/\\\/www.ucaldas.edu.co\\\/portal\\\/wp-content\\\/litespeed\\\/avatar\\\/09ea5085e600095a7a811142c6944527.jpg?ver=1777497608\",\"url\":\"https:\\\/\\\/www.ucaldas.edu.co\\\/portal\\\/wp-content\\\/litespeed\\\/avatar\\\/09ea5085e600095a7a811142c6944527.jpg?ver=1777497608\",\"contentUrl\":\"https:\\\/\\\/www.ucaldas.edu.co\\\/portal\\\/wp-content\\\/litespeed\\\/avatar\\\/09ea5085e600095a7a811142c6944527.jpg?ver=1777497608\",\"caption\":\"ofiprensa\"},\"url\":\"https:\\\/\\\/www.ucaldas.edu.co\\\/portal\\\/author\\\/ofiprensa\\\/\"}]}<\/script>\n<!-- \/ Yoast SEO plugin. -->","yoast_head_json":{"title":"En U. de Caldas se discutieron perspectivas de investigaci\u00f3n filos\u00f3fica actual .","robots":{"index":"index","follow":"follow","max-snippet":"max-snippet:-1","max-image-preview":"max-image-preview:large","max-video-preview":"max-video-preview:-1"},"canonical":"https:\/\/www.ucaldas.edu.co\/portal\/en-u-de-caldas-se-discutieron-perspectivas-de-investigacion-filosofica-actual\/","schema":{"@context":"https:\/\/schema.org","@graph":[{"@type":"Article","@id":"https:\/\/www.ucaldas.edu.co\/portal\/en-u-de-caldas-se-discutieron-perspectivas-de-investigacion-filosofica-actual\/#article","isPartOf":{"@id":"https:\/\/www.ucaldas.edu.co\/portal\/en-u-de-caldas-se-discutieron-perspectivas-de-investigacion-filosofica-actual\/"},"author":{"name":"ofiprensa","@id":"https:\/\/www.ucaldas.edu.co\/portal\/#\/schema\/person\/a1b482e23449158b4bc319926c074fdf"},"headline":"En U. de Caldas se discutieron perspectivas de investigaci\u00f3n filos\u00f3fica actual","datePublished":"2012-09-28T14:44:52+00:00","mainEntityOfPage":{"@id":"https:\/\/www.ucaldas.edu.co\/portal\/en-u-de-caldas-se-discutieron-perspectivas-de-investigacion-filosofica-actual\/"},"wordCount":364,"publisher":{"@id":"https:\/\/www.ucaldas.edu.co\/portal\/#organization"},"image":{"@id":"https:\/\/www.ucaldas.edu.co\/portal\/en-u-de-caldas-se-discutieron-perspectivas-de-investigacion-filosofica-actual\/#primaryimage"},"thumbnailUrl":"http:\/\/www.ucaldas.edu.co\/images\/tmp\/invitados_congreso_nacional_filosofia_ucaldas_2012.jpg","articleSection":["Actualidad","Universidad al D\u00eda"],"inLanguage":"es"},{"@type":"WebPage","@id":"https:\/\/www.ucaldas.edu.co\/portal\/en-u-de-caldas-se-discutieron-perspectivas-de-investigacion-filosofica-actual\/","url":"https:\/\/www.ucaldas.edu.co\/portal\/en-u-de-caldas-se-discutieron-perspectivas-de-investigacion-filosofica-actual\/","name":"En U. de Caldas se discutieron perspectivas de investigaci\u00f3n filos\u00f3fica actual .","isPartOf":{"@id":"https:\/\/www.ucaldas.edu.co\/portal\/#website"},"primaryImageOfPage":{"@id":"https:\/\/www.ucaldas.edu.co\/portal\/en-u-de-caldas-se-discutieron-perspectivas-de-investigacion-filosofica-actual\/#primaryimage"},"image":{"@id":"https:\/\/www.ucaldas.edu.co\/portal\/en-u-de-caldas-se-discutieron-perspectivas-de-investigacion-filosofica-actual\/#primaryimage"},"thumbnailUrl":"http:\/\/www.ucaldas.edu.co\/images\/tmp\/invitados_congreso_nacional_filosofia_ucaldas_2012.jpg","datePublished":"2012-09-28T14:44:52+00:00","breadcrumb":{"@id":"https:\/\/www.ucaldas.edu.co\/portal\/en-u-de-caldas-se-discutieron-perspectivas-de-investigacion-filosofica-actual\/#breadcrumb"},"inLanguage":"es","potentialAction":[{"@type":"ReadAction","target":["https:\/\/www.ucaldas.edu.co\/portal\/en-u-de-caldas-se-discutieron-perspectivas-de-investigacion-filosofica-actual\/"]}]},{"@type":"ImageObject","inLanguage":"es","@id":"https:\/\/www.ucaldas.edu.co\/portal\/en-u-de-caldas-se-discutieron-perspectivas-de-investigacion-filosofica-actual\/#primaryimage","url":"http:\/\/www.ucaldas.edu.co\/images\/tmp\/invitados_congreso_nacional_filosofia_ucaldas_2012.jpg","contentUrl":"http:\/\/www.ucaldas.edu.co\/images\/tmp\/invitados_congreso_nacional_filosofia_ucaldas_2012.jpg"},{"@type":"BreadcrumbList","@id":"https:\/\/www.ucaldas.edu.co\/portal\/en-u-de-caldas-se-discutieron-perspectivas-de-investigacion-filosofica-actual\/#breadcrumb","itemListElement":[{"@type":"ListItem","position":1,"name":"Portada","item":"https:\/\/www.ucaldas.edu.co\/portal\/"},{"@type":"ListItem","position":2,"name":"En U. de Caldas se discutieron perspectivas de investigaci\u00f3n filos\u00f3fica actual"}]},{"@type":"WebSite","@id":"https:\/\/www.ucaldas.edu.co\/portal\/#website","url":"https:\/\/www.ucaldas.edu.co\/portal\/","name":"Universidad de Caldas","description":"","publisher":{"@id":"https:\/\/www.ucaldas.edu.co\/portal\/#organization"},"alternateName":"U. de Caldas","potentialAction":[{"@type":"SearchAction","target":{"@type":"EntryPoint","urlTemplate":"https:\/\/www.ucaldas.edu.co\/portal\/?s={search_term_string}"},"query-input":{"@type":"PropertyValueSpecification","valueRequired":true,"valueName":"search_term_string"}}],"inLanguage":"es"},{"@type":"Organization","@id":"https:\/\/www.ucaldas.edu.co\/portal\/#organization","name":"Universidad de Caldas","alternateName":"U. de Caldas","url":"https:\/\/www.ucaldas.edu.co\/portal\/","logo":{"@type":"ImageObject","inLanguage":"es","@id":"https:\/\/www.ucaldas.edu.co\/portal\/#\/schema\/logo\/image\/","url":"https:\/\/www.ucaldas.edu.co\/portal\/wp-content\/uploads\/2023\/11\/Logo_horizontal_oscuroU-2023.png","contentUrl":"https:\/\/www.ucaldas.edu.co\/portal\/wp-content\/uploads\/2023\/11\/Logo_horizontal_oscuroU-2023.png","width":263,"height":101,"caption":"Universidad de Caldas"},"image":{"@id":"https:\/\/www.ucaldas.edu.co\/portal\/#\/schema\/logo\/image\/"},"sameAs":["https:\/\/www.facebook.com\/udecaldas","https:\/\/x.com\/udecaldas","https:\/\/www.youtube.com\/universidadcaldas","https:\/\/www.instagram.com\/udecaldas\/"]},{"@type":"Person","@id":"https:\/\/www.ucaldas.edu.co\/portal\/#\/schema\/person\/a1b482e23449158b4bc319926c074fdf","name":"ofiprensa","image":{"@type":"ImageObject","inLanguage":"es","@id":"https:\/\/www.ucaldas.edu.co\/portal\/wp-content\/litespeed\/avatar\/09ea5085e600095a7a811142c6944527.jpg?ver=1777497608","url":"https:\/\/www.ucaldas.edu.co\/portal\/wp-content\/litespeed\/avatar\/09ea5085e600095a7a811142c6944527.jpg?ver=1777497608","contentUrl":"https:\/\/www.ucaldas.edu.co\/portal\/wp-content\/litespeed\/avatar\/09ea5085e600095a7a811142c6944527.jpg?ver=1777497608","caption":"ofiprensa"},"url":"https:\/\/www.ucaldas.edu.co\/portal\/author\/ofiprensa\/"}]}},"_links":{"self":[{"href":"https:\/\/www.ucaldas.edu.co\/portal\/wp-json\/wp\/v2\/posts\/12571","targetHints":{"allow":["GET"]}}],"collection":[{"href":"https:\/\/www.ucaldas.edu.co\/portal\/wp-json\/wp\/v2\/posts"}],"about":[{"href":"https:\/\/www.ucaldas.edu.co\/portal\/wp-json\/wp\/v2\/types\/post"}],"author":[{"embeddable":true,"href":"https:\/\/www.ucaldas.edu.co\/portal\/wp-json\/wp\/v2\/users\/2"}],"replies":[{"embeddable":true,"href":"https:\/\/www.ucaldas.edu.co\/portal\/wp-json\/wp\/v2\/comments?post=12571"}],"version-history":[{"count":0,"href":"https:\/\/www.ucaldas.edu.co\/portal\/wp-json\/wp\/v2\/posts\/12571\/revisions"}],"wp:attachment":[{"href":"https:\/\/www.ucaldas.edu.co\/portal\/wp-json\/wp\/v2\/media?parent=12571"}],"wp:term":[{"taxonomy":"category","embeddable":true,"href":"https:\/\/www.ucaldas.edu.co\/portal\/wp-json\/wp\/v2\/categories?post=12571"},{"taxonomy":"post_tag","embeddable":true,"href":"https:\/\/www.ucaldas.edu.co\/portal\/wp-json\/wp\/v2\/tags?post=12571"}],"curies":[{"name":"wp","href":"https:\/\/api.w.org\/{rel}","templated":true}]}}