{"id":12569,"date":"2012-09-28T09:43:41","date_gmt":"2012-09-28T14:43:41","guid":{"rendered":"https:\/\/www.ucaldas.edu.co\/portal\/?p=12569"},"modified":"2012-09-28T09:43:41","modified_gmt":"2012-09-28T14:43:41","slug":"experta-brasilena-hablo-de-politicas-publicas-de-educacion-en-america-latina-en-u-de-caldas","status":"publish","type":"post","link":"https:\/\/www.ucaldas.edu.co\/portal\/experta-brasilena-hablo-de-politicas-publicas-de-educacion-en-america-latina-en-u-de-caldas\/","title":{"rendered":"Experta brasile\u00f1a habl\u00f3 de pol\u00edticas p\u00fablicas de educaci\u00f3n en Am\u00e9rica Latina, en U. de Caldas"},"content":{"rendered":"<p align=\"center\"><span style=\"text-decoration: underline\">\u00a0<\/span><\/p>\n<p align=\"center\">Dalilia Andrade De Olivira, de U. Federal de Minas Gerais (Brasil), visit\u00f3 la Instituci\u00f3n<\/p>\n<p align=\"right\">28\/09\/2012<\/p>\n<hr \/>\n<p align=\"right\">Redacci\u00f3n: Margarita Laverde Galvis<\/p>\n<table border=\"0\">\n<tbody>\n<tr>\n<td>\u00a0<img loading=\"lazy\" decoding=\"async\" style=\"border: 0px\" title=\"Visita\" alt=\"Visita\" src=\"http:\/\/www.ucaldas.edu.co\/images\/tmp\/visita_experta_en_educacion_brasil_2012.jpg\" width=\"240\" height=\"150\" border=\"0\" \/><\/p>\n<h4>Foto: Guillermo Sarmiento Estrada\/ Prensa U. de Caldas.<\/h4>\n<\/td>\n<td>La <b>Presidenta de la Asociaci\u00f3n Nacional de Investigaci\u00f3n y Postgrado en Educaci\u00f3n de Brasil<\/b>, Dalila\u00a0 Andrade De Oliveira, <b>visit\u00f3 la Universidad de Caldas<\/b> este <b>viernes 28<\/b> de <b>septiembre<\/b> del 2012, para <b>ofrecer<\/b> una <b>conferencia<\/b> sobre <b>pol\u00edticas\u00a0 p\u00fablicas\u00a0 en el sector educativo.<\/b><\/td>\n<\/tr>\n<\/tbody>\n<\/table>\n<p>&nbsp;<\/p>\n<p><b>\u00a0<\/b><\/p>\n<p>La invitada, quien es doctora en Ciencias Pol\u00edticas de la Universidad Federal de Minas Gerais, en ese pa\u00eds, inform\u00f3 que hace 13 a\u00f1os lidera la Red Latinoamericana de Estudios sobre Trabajo Docente.<\/p>\n<p>&nbsp;<\/p>\n<p>\u201cHoy tenemos la necesidad de pensar el lugar de los docentes dentro de las pol\u00edticas p\u00fablicas de educaci\u00f3n en Am\u00e9rica Latina, porque en la mayor\u00eda de nuestros pa\u00edses su condici\u00f3n es muy precaria, ya que reciben sueldos muy bajos y tienen constantemente una carrera muy amenazada\u201d, dijo De Oliveira.<\/p>\n<p>&nbsp;<\/p>\n<p>Seg\u00fan la invitada: \u201cvelamos por mejores condiciones, a partir de datos de investigaci\u00f3n. Necesitamos pensar un poco m\u00e1s detenidamente en la condici\u00f3n en que los docentes son formados y la condici\u00f3n laboral en la que ejecutan su trabajo\u201d.<\/p>\n<p>&nbsp;<\/p>\n<p>\u201cEspero que la regi\u00f3n siga avanzando, pues en este momento estamos mirando experiencias distintas, en las cuales el Estado intenta recuperar muchos espacios perdidos e intenta reconstituir la escuela p\u00fablica como un espacio para todos, por lo que es muy importante reconocer la diversidad y cultura\u201d, concluy\u00f3 la conferencista.<\/p>\n<p>&nbsp;<\/p>\n<p>El evento lo <b>organiz\u00f3<\/b> la <b>Facultad de Artes y Humanidades<\/b> de la <b>U. de Caldas.<\/b><\/p>\n<p><b>\u00a0<\/b><\/p>\n<p><a href=\"http:\/\/www.facebook.com\/media\/set\/?set=a.415394038522467.98184.107054166023124&amp;type=3\" target=\"_blank\">Conozca im\u00e1genes de la conferencia sobre pol\u00edticas p\u00fablicas en el sector educativo<\/a><\/p>\n<p><b>Informes:<\/b> Facultad de Artes y Humanidades, tel\u00e9fono 878 15 00, extensi\u00f3n 12 225.<\/p>\n","protected":false},"excerpt":{"rendered":"<p>\u00a0 Dalilia Andrade De Olivira, de U. Federal de Minas Gerais (Brasil), visit\u00f3 la Instituci\u00f3n 28\/09\/2012 Redacci\u00f3n: Margarita Laverde Galvis \u00a0 Foto: Guillermo Sarmiento Estrada\/ Prensa U. de Caldas. La Presidenta de la Asociaci\u00f3n Nacional de Investigaci\u00f3n y Postgrado en Educaci\u00f3n de Brasil, Dalila\u00a0 Andrade De Oliveira, visit\u00f3 la Universidad de Caldas este viernes 28 [&hellip;]<\/p>\n","protected":false},"author":2,"featured_media":0,"comment_status":"closed","ping_status":"closed","sticky":false,"template":"","format":"standard","meta":{"footnotes":""},"categories":[48,53],"tags":[],"class_list":["post-12569","post","type-post","status-publish","format-standard","hentry","category-actualidad","category-universidad-al-dia"],"yoast_head":"<!-- This site is optimized with the Yoast SEO plugin v27.5 - https:\/\/yoast.com\/product\/yoast-seo-wordpress\/ -->\n<title>Experta brasile\u00f1a habl\u00f3 de pol\u00edticas p\u00fablicas de educaci\u00f3n en Am\u00e9rica Latina, en U. de Caldas .<\/title>\n<meta name=\"robots\" content=\"index, follow, max-snippet:-1, max-image-preview:large, max-video-preview:-1\" \/>\n<link rel=\"canonical\" href=\"https:\/\/www.ucaldas.edu.co\/portal\/experta-brasilena-hablo-de-politicas-publicas-de-educacion-en-america-latina-en-u-de-caldas\/\" \/>\n<script type=\"application\/ld+json\" class=\"yoast-schema-graph\">{\"@context\":\"https:\\\/\\\/schema.org\",\"@graph\":[{\"@type\":\"Article\",\"@id\":\"https:\\\/\\\/www.ucaldas.edu.co\\\/portal\\\/experta-brasilena-hablo-de-politicas-publicas-de-educacion-en-america-latina-en-u-de-caldas\\\/#article\",\"isPartOf\":{\"@id\":\"https:\\\/\\\/www.ucaldas.edu.co\\\/portal\\\/experta-brasilena-hablo-de-politicas-publicas-de-educacion-en-america-latina-en-u-de-caldas\\\/\"},\"author\":{\"name\":\"ofiprensa\",\"@id\":\"https:\\\/\\\/www.ucaldas.edu.co\\\/portal\\\/#\\\/schema\\\/person\\\/a1b482e23449158b4bc319926c074fdf\"},\"headline\":\"Experta brasile\u00f1a habl\u00f3 de pol\u00edticas p\u00fablicas de educaci\u00f3n en Am\u00e9rica Latina, en U. de Caldas\",\"datePublished\":\"2012-09-28T14:43:41+00:00\",\"mainEntityOfPage\":{\"@id\":\"https:\\\/\\\/www.ucaldas.edu.co\\\/portal\\\/experta-brasilena-hablo-de-politicas-publicas-de-educacion-en-america-latina-en-u-de-caldas\\\/\"},\"wordCount\":321,\"publisher\":{\"@id\":\"https:\\\/\\\/www.ucaldas.edu.co\\\/portal\\\/#organization\"},\"image\":{\"@id\":\"https:\\\/\\\/www.ucaldas.edu.co\\\/portal\\\/experta-brasilena-hablo-de-politicas-publicas-de-educacion-en-america-latina-en-u-de-caldas\\\/#primaryimage\"},\"thumbnailUrl\":\"http:\\\/\\\/www.ucaldas.edu.co\\\/images\\\/tmp\\\/visita_experta_en_educacion_brasil_2012.jpg\",\"articleSection\":[\"Actualidad\",\"Universidad al D\u00eda\"],\"inLanguage\":\"es\"},{\"@type\":\"WebPage\",\"@id\":\"https:\\\/\\\/www.ucaldas.edu.co\\\/portal\\\/experta-brasilena-hablo-de-politicas-publicas-de-educacion-en-america-latina-en-u-de-caldas\\\/\",\"url\":\"https:\\\/\\\/www.ucaldas.edu.co\\\/portal\\\/experta-brasilena-hablo-de-politicas-publicas-de-educacion-en-america-latina-en-u-de-caldas\\\/\",\"name\":\"Experta brasile\u00f1a habl\u00f3 de pol\u00edticas p\u00fablicas de educaci\u00f3n en Am\u00e9rica Latina, en U. de Caldas .\",\"isPartOf\":{\"@id\":\"https:\\\/\\\/www.ucaldas.edu.co\\\/portal\\\/#website\"},\"primaryImageOfPage\":{\"@id\":\"https:\\\/\\\/www.ucaldas.edu.co\\\/portal\\\/experta-brasilena-hablo-de-politicas-publicas-de-educacion-en-america-latina-en-u-de-caldas\\\/#primaryimage\"},\"image\":{\"@id\":\"https:\\\/\\\/www.ucaldas.edu.co\\\/portal\\\/experta-brasilena-hablo-de-politicas-publicas-de-educacion-en-america-latina-en-u-de-caldas\\\/#primaryimage\"},\"thumbnailUrl\":\"http:\\\/\\\/www.ucaldas.edu.co\\\/images\\\/tmp\\\/visita_experta_en_educacion_brasil_2012.jpg\",\"datePublished\":\"2012-09-28T14:43:41+00:00\",\"breadcrumb\":{\"@id\":\"https:\\\/\\\/www.ucaldas.edu.co\\\/portal\\\/experta-brasilena-hablo-de-politicas-publicas-de-educacion-en-america-latina-en-u-de-caldas\\\/#breadcrumb\"},\"inLanguage\":\"es\",\"potentialAction\":[{\"@type\":\"ReadAction\",\"target\":[\"https:\\\/\\\/www.ucaldas.edu.co\\\/portal\\\/experta-brasilena-hablo-de-politicas-publicas-de-educacion-en-america-latina-en-u-de-caldas\\\/\"]}]},{\"@type\":\"ImageObject\",\"inLanguage\":\"es\",\"@id\":\"https:\\\/\\\/www.ucaldas.edu.co\\\/portal\\\/experta-brasilena-hablo-de-politicas-publicas-de-educacion-en-america-latina-en-u-de-caldas\\\/#primaryimage\",\"url\":\"http:\\\/\\\/www.ucaldas.edu.co\\\/images\\\/tmp\\\/visita_experta_en_educacion_brasil_2012.jpg\",\"contentUrl\":\"http:\\\/\\\/www.ucaldas.edu.co\\\/images\\\/tmp\\\/visita_experta_en_educacion_brasil_2012.jpg\"},{\"@type\":\"BreadcrumbList\",\"@id\":\"https:\\\/\\\/www.ucaldas.edu.co\\\/portal\\\/experta-brasilena-hablo-de-politicas-publicas-de-educacion-en-america-latina-en-u-de-caldas\\\/#breadcrumb\",\"itemListElement\":[{\"@type\":\"ListItem\",\"position\":1,\"name\":\"Portada\",\"item\":\"https:\\\/\\\/www.ucaldas.edu.co\\\/portal\\\/\"},{\"@type\":\"ListItem\",\"position\":2,\"name\":\"Experta brasile\u00f1a habl\u00f3 de pol\u00edticas p\u00fablicas de educaci\u00f3n en Am\u00e9rica Latina, en U. de Caldas\"}]},{\"@type\":\"WebSite\",\"@id\":\"https:\\\/\\\/www.ucaldas.edu.co\\\/portal\\\/#website\",\"url\":\"https:\\\/\\\/www.ucaldas.edu.co\\\/portal\\\/\",\"name\":\"Universidad de Caldas\",\"description\":\"\",\"publisher\":{\"@id\":\"https:\\\/\\\/www.ucaldas.edu.co\\\/portal\\\/#organization\"},\"alternateName\":\"U. de Caldas\",\"potentialAction\":[{\"@type\":\"SearchAction\",\"target\":{\"@type\":\"EntryPoint\",\"urlTemplate\":\"https:\\\/\\\/www.ucaldas.edu.co\\\/portal\\\/?s={search_term_string}\"},\"query-input\":{\"@type\":\"PropertyValueSpecification\",\"valueRequired\":true,\"valueName\":\"search_term_string\"}}],\"inLanguage\":\"es\"},{\"@type\":\"Organization\",\"@id\":\"https:\\\/\\\/www.ucaldas.edu.co\\\/portal\\\/#organization\",\"name\":\"Universidad de Caldas\",\"alternateName\":\"U. de Caldas\",\"url\":\"https:\\\/\\\/www.ucaldas.edu.co\\\/portal\\\/\",\"logo\":{\"@type\":\"ImageObject\",\"inLanguage\":\"es\",\"@id\":\"https:\\\/\\\/www.ucaldas.edu.co\\\/portal\\\/#\\\/schema\\\/logo\\\/image\\\/\",\"url\":\"https:\\\/\\\/www.ucaldas.edu.co\\\/portal\\\/wp-content\\\/uploads\\\/2023\\\/11\\\/Logo_horizontal_oscuroU-2023.png\",\"contentUrl\":\"https:\\\/\\\/www.ucaldas.edu.co\\\/portal\\\/wp-content\\\/uploads\\\/2023\\\/11\\\/Logo_horizontal_oscuroU-2023.png\",\"width\":263,\"height\":101,\"caption\":\"Universidad de Caldas\"},\"image\":{\"@id\":\"https:\\\/\\\/www.ucaldas.edu.co\\\/portal\\\/#\\\/schema\\\/logo\\\/image\\\/\"},\"sameAs\":[\"https:\\\/\\\/www.facebook.com\\\/udecaldas\",\"https:\\\/\\\/x.com\\\/udecaldas\",\"https:\\\/\\\/www.youtube.com\\\/universidadcaldas\",\"https:\\\/\\\/www.instagram.com\\\/udecaldas\\\/\"]},{\"@type\":\"Person\",\"@id\":\"https:\\\/\\\/www.ucaldas.edu.co\\\/portal\\\/#\\\/schema\\\/person\\\/a1b482e23449158b4bc319926c074fdf\",\"name\":\"ofiprensa\",\"image\":{\"@type\":\"ImageObject\",\"inLanguage\":\"es\",\"@id\":\"https:\\\/\\\/www.ucaldas.edu.co\\\/portal\\\/wp-content\\\/litespeed\\\/avatar\\\/09ea5085e600095a7a811142c6944527.jpg?ver=1777497608\",\"url\":\"https:\\\/\\\/www.ucaldas.edu.co\\\/portal\\\/wp-content\\\/litespeed\\\/avatar\\\/09ea5085e600095a7a811142c6944527.jpg?ver=1777497608\",\"contentUrl\":\"https:\\\/\\\/www.ucaldas.edu.co\\\/portal\\\/wp-content\\\/litespeed\\\/avatar\\\/09ea5085e600095a7a811142c6944527.jpg?ver=1777497608\",\"caption\":\"ofiprensa\"},\"url\":\"https:\\\/\\\/www.ucaldas.edu.co\\\/portal\\\/author\\\/ofiprensa\\\/\"}]}<\/script>\n<!-- \/ Yoast SEO plugin. -->","yoast_head_json":{"title":"Experta brasile\u00f1a habl\u00f3 de pol\u00edticas p\u00fablicas de educaci\u00f3n en Am\u00e9rica Latina, en U. de Caldas .","robots":{"index":"index","follow":"follow","max-snippet":"max-snippet:-1","max-image-preview":"max-image-preview:large","max-video-preview":"max-video-preview:-1"},"canonical":"https:\/\/www.ucaldas.edu.co\/portal\/experta-brasilena-hablo-de-politicas-publicas-de-educacion-en-america-latina-en-u-de-caldas\/","schema":{"@context":"https:\/\/schema.org","@graph":[{"@type":"Article","@id":"https:\/\/www.ucaldas.edu.co\/portal\/experta-brasilena-hablo-de-politicas-publicas-de-educacion-en-america-latina-en-u-de-caldas\/#article","isPartOf":{"@id":"https:\/\/www.ucaldas.edu.co\/portal\/experta-brasilena-hablo-de-politicas-publicas-de-educacion-en-america-latina-en-u-de-caldas\/"},"author":{"name":"ofiprensa","@id":"https:\/\/www.ucaldas.edu.co\/portal\/#\/schema\/person\/a1b482e23449158b4bc319926c074fdf"},"headline":"Experta brasile\u00f1a habl\u00f3 de pol\u00edticas p\u00fablicas de educaci\u00f3n en Am\u00e9rica Latina, en U. de Caldas","datePublished":"2012-09-28T14:43:41+00:00","mainEntityOfPage":{"@id":"https:\/\/www.ucaldas.edu.co\/portal\/experta-brasilena-hablo-de-politicas-publicas-de-educacion-en-america-latina-en-u-de-caldas\/"},"wordCount":321,"publisher":{"@id":"https:\/\/www.ucaldas.edu.co\/portal\/#organization"},"image":{"@id":"https:\/\/www.ucaldas.edu.co\/portal\/experta-brasilena-hablo-de-politicas-publicas-de-educacion-en-america-latina-en-u-de-caldas\/#primaryimage"},"thumbnailUrl":"http:\/\/www.ucaldas.edu.co\/images\/tmp\/visita_experta_en_educacion_brasil_2012.jpg","articleSection":["Actualidad","Universidad al D\u00eda"],"inLanguage":"es"},{"@type":"WebPage","@id":"https:\/\/www.ucaldas.edu.co\/portal\/experta-brasilena-hablo-de-politicas-publicas-de-educacion-en-america-latina-en-u-de-caldas\/","url":"https:\/\/www.ucaldas.edu.co\/portal\/experta-brasilena-hablo-de-politicas-publicas-de-educacion-en-america-latina-en-u-de-caldas\/","name":"Experta brasile\u00f1a habl\u00f3 de pol\u00edticas p\u00fablicas de educaci\u00f3n en Am\u00e9rica Latina, en U. de Caldas .","isPartOf":{"@id":"https:\/\/www.ucaldas.edu.co\/portal\/#website"},"primaryImageOfPage":{"@id":"https:\/\/www.ucaldas.edu.co\/portal\/experta-brasilena-hablo-de-politicas-publicas-de-educacion-en-america-latina-en-u-de-caldas\/#primaryimage"},"image":{"@id":"https:\/\/www.ucaldas.edu.co\/portal\/experta-brasilena-hablo-de-politicas-publicas-de-educacion-en-america-latina-en-u-de-caldas\/#primaryimage"},"thumbnailUrl":"http:\/\/www.ucaldas.edu.co\/images\/tmp\/visita_experta_en_educacion_brasil_2012.jpg","datePublished":"2012-09-28T14:43:41+00:00","breadcrumb":{"@id":"https:\/\/www.ucaldas.edu.co\/portal\/experta-brasilena-hablo-de-politicas-publicas-de-educacion-en-america-latina-en-u-de-caldas\/#breadcrumb"},"inLanguage":"es","potentialAction":[{"@type":"ReadAction","target":["https:\/\/www.ucaldas.edu.co\/portal\/experta-brasilena-hablo-de-politicas-publicas-de-educacion-en-america-latina-en-u-de-caldas\/"]}]},{"@type":"ImageObject","inLanguage":"es","@id":"https:\/\/www.ucaldas.edu.co\/portal\/experta-brasilena-hablo-de-politicas-publicas-de-educacion-en-america-latina-en-u-de-caldas\/#primaryimage","url":"http:\/\/www.ucaldas.edu.co\/images\/tmp\/visita_experta_en_educacion_brasil_2012.jpg","contentUrl":"http:\/\/www.ucaldas.edu.co\/images\/tmp\/visita_experta_en_educacion_brasil_2012.jpg"},{"@type":"BreadcrumbList","@id":"https:\/\/www.ucaldas.edu.co\/portal\/experta-brasilena-hablo-de-politicas-publicas-de-educacion-en-america-latina-en-u-de-caldas\/#breadcrumb","itemListElement":[{"@type":"ListItem","position":1,"name":"Portada","item":"https:\/\/www.ucaldas.edu.co\/portal\/"},{"@type":"ListItem","position":2,"name":"Experta brasile\u00f1a habl\u00f3 de pol\u00edticas p\u00fablicas de educaci\u00f3n en Am\u00e9rica Latina, en U. de Caldas"}]},{"@type":"WebSite","@id":"https:\/\/www.ucaldas.edu.co\/portal\/#website","url":"https:\/\/www.ucaldas.edu.co\/portal\/","name":"Universidad de Caldas","description":"","publisher":{"@id":"https:\/\/www.ucaldas.edu.co\/portal\/#organization"},"alternateName":"U. de Caldas","potentialAction":[{"@type":"SearchAction","target":{"@type":"EntryPoint","urlTemplate":"https:\/\/www.ucaldas.edu.co\/portal\/?s={search_term_string}"},"query-input":{"@type":"PropertyValueSpecification","valueRequired":true,"valueName":"search_term_string"}}],"inLanguage":"es"},{"@type":"Organization","@id":"https:\/\/www.ucaldas.edu.co\/portal\/#organization","name":"Universidad de Caldas","alternateName":"U. de Caldas","url":"https:\/\/www.ucaldas.edu.co\/portal\/","logo":{"@type":"ImageObject","inLanguage":"es","@id":"https:\/\/www.ucaldas.edu.co\/portal\/#\/schema\/logo\/image\/","url":"https:\/\/www.ucaldas.edu.co\/portal\/wp-content\/uploads\/2023\/11\/Logo_horizontal_oscuroU-2023.png","contentUrl":"https:\/\/www.ucaldas.edu.co\/portal\/wp-content\/uploads\/2023\/11\/Logo_horizontal_oscuroU-2023.png","width":263,"height":101,"caption":"Universidad de Caldas"},"image":{"@id":"https:\/\/www.ucaldas.edu.co\/portal\/#\/schema\/logo\/image\/"},"sameAs":["https:\/\/www.facebook.com\/udecaldas","https:\/\/x.com\/udecaldas","https:\/\/www.youtube.com\/universidadcaldas","https:\/\/www.instagram.com\/udecaldas\/"]},{"@type":"Person","@id":"https:\/\/www.ucaldas.edu.co\/portal\/#\/schema\/person\/a1b482e23449158b4bc319926c074fdf","name":"ofiprensa","image":{"@type":"ImageObject","inLanguage":"es","@id":"https:\/\/www.ucaldas.edu.co\/portal\/wp-content\/litespeed\/avatar\/09ea5085e600095a7a811142c6944527.jpg?ver=1777497608","url":"https:\/\/www.ucaldas.edu.co\/portal\/wp-content\/litespeed\/avatar\/09ea5085e600095a7a811142c6944527.jpg?ver=1777497608","contentUrl":"https:\/\/www.ucaldas.edu.co\/portal\/wp-content\/litespeed\/avatar\/09ea5085e600095a7a811142c6944527.jpg?ver=1777497608","caption":"ofiprensa"},"url":"https:\/\/www.ucaldas.edu.co\/portal\/author\/ofiprensa\/"}]}},"_links":{"self":[{"href":"https:\/\/www.ucaldas.edu.co\/portal\/wp-json\/wp\/v2\/posts\/12569","targetHints":{"allow":["GET"]}}],"collection":[{"href":"https:\/\/www.ucaldas.edu.co\/portal\/wp-json\/wp\/v2\/posts"}],"about":[{"href":"https:\/\/www.ucaldas.edu.co\/portal\/wp-json\/wp\/v2\/types\/post"}],"author":[{"embeddable":true,"href":"https:\/\/www.ucaldas.edu.co\/portal\/wp-json\/wp\/v2\/users\/2"}],"replies":[{"embeddable":true,"href":"https:\/\/www.ucaldas.edu.co\/portal\/wp-json\/wp\/v2\/comments?post=12569"}],"version-history":[{"count":0,"href":"https:\/\/www.ucaldas.edu.co\/portal\/wp-json\/wp\/v2\/posts\/12569\/revisions"}],"wp:attachment":[{"href":"https:\/\/www.ucaldas.edu.co\/portal\/wp-json\/wp\/v2\/media?parent=12569"}],"wp:term":[{"taxonomy":"category","embeddable":true,"href":"https:\/\/www.ucaldas.edu.co\/portal\/wp-json\/wp\/v2\/categories?post=12569"},{"taxonomy":"post_tag","embeddable":true,"href":"https:\/\/www.ucaldas.edu.co\/portal\/wp-json\/wp\/v2\/tags?post=12569"}],"curies":[{"name":"wp","href":"https:\/\/api.w.org\/{rel}","templated":true}]}}