{"id":12565,"date":"2012-09-28T09:41:44","date_gmt":"2012-09-28T14:41:44","guid":{"rendered":"https:\/\/www.ucaldas.edu.co\/portal\/?p=12565"},"modified":"2012-09-28T09:41:44","modified_gmt":"2012-09-28T14:41:44","slug":"3-programas-de-postgrado-u-de-caldas-recibieron-visita-de-pares-academicos","status":"publish","type":"post","link":"https:\/\/www.ucaldas.edu.co\/portal\/3-programas-de-postgrado-u-de-caldas-recibieron-visita-de-pares-academicos\/","title":{"rendered":"3 programas de postgrado U. de Caldas recibieron visita de pares acad\u00e9micos"},"content":{"rendered":"<p align=\"center\">Dos maestr\u00edas y una especializaci\u00f3n<\/p>\n<p align=\"right\">28\/09\/2012<\/p>\n<hr \/>\n<p align=\"right\">Redacci\u00f3n: Margarita Laverde Galvis<\/p>\n<p><b>\u00a0 \u00a0\u00a0\u00a0\u00a0\u00a0\u00a0\u00a0\u00a0\u00a0 \u00a0<\/b><\/p>\n<p><b>\u00a0<\/b><\/p>\n<table border=\"0\">\n<tbody>\n<tr>\n<td>\u00a0<img loading=\"lazy\" decoding=\"async\" style=\"border: 0px\" title=\"Visita\" alt=\"Visita\" src=\"http:\/\/www.ucaldas.edu.co\/images\/tmp\/visita_pares_academicos_a_3_programas_ucaldas_2012.jpg\" width=\"240\" height=\"150\" border=\"0\" \/><\/p>\n<h4>Foto: Guillermo Sarmieto Estrada\/ Prensa U. de Caldas.<\/h4>\n<\/td>\n<td><b>Entre el 27 y el 28 de septiembre del 2012<\/b><b> <\/b><b>se realiz\u00f3 <\/b><b>una<\/b><b> visita de pares acad\u00e9micos<\/b><b> a <\/b><b>dos maestr\u00edas<\/b><b> y <\/b><b>una especializaci\u00f3n<\/b><b> de las <\/b><b>facultades<\/b><b> de <\/b><b>Ciencias para la<\/b><b> <\/b><b>Salud<\/b><b> y de <\/b><b>Ciencias Agropecuarias<\/b><b> de la <\/b><b>Universidad de Caldas<\/b><b>.<\/b><\/td>\n<\/tr>\n<\/tbody>\n<\/table>\n<p>&nbsp;<\/p>\n<p><b>\u00a0<\/b><\/p>\n<p><b>Se trata de los programas de <\/b><b>Especializaci\u00f3n en Evaluaci\u00f3n T\u00e9cnica y Econ\u00f3mica de Impactos Ambientales<\/b><b>, de la <\/b><b>Facultad de Ciencias Agropecuarias<\/b><b>, que <\/b><b>recibi\u00f3 visita para renovaci\u00f3n de<\/b><\/p>\n<p><b>Registro Calificado. <\/b><\/p>\n<p><b>\u00a0<\/b><\/p>\n<p><b>Por su parte, la <\/b><b>Maestr\u00eda en Salud P\u00fablica <\/b><b>y la <\/b><b>Maestr\u00eda en Ecolog\u00eda Humana y Saberes Ambientales<\/b><b>, de la Facultad de Ciencias para la Salud, <\/b><b>fueron visitadas para la solicitud del Registro Calificado.<\/b><\/p>\n<p><b>\u00a0<\/b><\/p>\n<p><b>Los <\/b><b>pares visitantes<\/b><b> fueron Luz\u00a0 <\/b><b>Adriana Echavarria\u00a0 S\u00e1nchez, <\/b><b>Carlos Rene Ram\u00edrez Rodr\u00edguez, Hernando Rodr\u00edguez \u00a0Zambrano, Benjam\u00edn Herazo Acu\u00f1a y Javier Hernando Eslava Schmalbach.<\/b><\/p>\n<p><b>\u00a0<\/b><\/p>\n<p><b>Carmenza Gallego Giraldo, <\/b><b>Jefe de la Oficina de Evaluaci\u00f3n y Calidad Acad\u00e9mica de la U. de Caldas, <\/b><b>dijo: \u201csiempre hemos dicho que el hecho de tener visita de pares, para nuevos programas o renovaci\u00f3n de Registro Calificado, es una ventana de aprendizaje, en tanto sus miradas como acad\u00e9micos enriquecen las propuestas curriculares que queremos darle al medio y a la sociedad\u201d.<\/b><\/p>\n<p><b>\u00a0<\/b><\/p>\n<p><b><a href=\"http:\/\/www.facebook.com\/media\/set\/?set=a.415006718561199.98062.107054166023124&amp;type=3\" target=\"_blank\">Conozca im\u00e1genes de la visita de pares acad\u00e9micos a tres programas de la U. de Caldas<\/a><\/b><\/p>\n<p><b>\u00a0<\/b><\/p>\n<p><b>Informes: <\/b><b>Oficina de Prensa, tel\u00e9fono 878 15 00, extensi\u00f3n 12 167.<\/p>\n<p><\/b><\/p>\n","protected":false},"excerpt":{"rendered":"<p>Dos maestr\u00edas y una especializaci\u00f3n 28\/09\/2012 Redacci\u00f3n: Margarita Laverde Galvis \u00a0 \u00a0\u00a0\u00a0\u00a0\u00a0\u00a0\u00a0\u00a0\u00a0 \u00a0 \u00a0 \u00a0 Foto: Guillermo Sarmieto Estrada\/ Prensa U. de Caldas. Entre el 27 y el 28 de septiembre del 2012 se realiz\u00f3 una visita de pares acad\u00e9micos a dos maestr\u00edas y una especializaci\u00f3n de las facultades de Ciencias para la Salud y [&hellip;]<\/p>\n","protected":false},"author":2,"featured_media":0,"comment_status":"closed","ping_status":"closed","sticky":false,"template":"","format":"standard","meta":{"footnotes":""},"categories":[48,53],"tags":[],"class_list":["post-12565","post","type-post","status-publish","format-standard","hentry","category-actualidad","category-universidad-al-dia"],"yoast_head":"<!-- This site is optimized with the Yoast SEO plugin v27.5 - https:\/\/yoast.com\/product\/yoast-seo-wordpress\/ -->\n<title>3 programas de postgrado U. de Caldas recibieron visita de pares acad\u00e9micos .<\/title>\n<meta name=\"robots\" content=\"index, follow, max-snippet:-1, max-image-preview:large, max-video-preview:-1\" \/>\n<link rel=\"canonical\" href=\"https:\/\/www.ucaldas.edu.co\/portal\/3-programas-de-postgrado-u-de-caldas-recibieron-visita-de-pares-academicos\/\" \/>\n<script type=\"application\/ld+json\" class=\"yoast-schema-graph\">{\"@context\":\"https:\\\/\\\/schema.org\",\"@graph\":[{\"@type\":\"Article\",\"@id\":\"https:\\\/\\\/www.ucaldas.edu.co\\\/portal\\\/3-programas-de-postgrado-u-de-caldas-recibieron-visita-de-pares-academicos\\\/#article\",\"isPartOf\":{\"@id\":\"https:\\\/\\\/www.ucaldas.edu.co\\\/portal\\\/3-programas-de-postgrado-u-de-caldas-recibieron-visita-de-pares-academicos\\\/\"},\"author\":{\"name\":\"ofiprensa\",\"@id\":\"https:\\\/\\\/www.ucaldas.edu.co\\\/portal\\\/#\\\/schema\\\/person\\\/a1b482e23449158b4bc319926c074fdf\"},\"headline\":\"3 programas de postgrado U. de Caldas recibieron visita de pares acad\u00e9micos\",\"datePublished\":\"2012-09-28T14:41:44+00:00\",\"mainEntityOfPage\":{\"@id\":\"https:\\\/\\\/www.ucaldas.edu.co\\\/portal\\\/3-programas-de-postgrado-u-de-caldas-recibieron-visita-de-pares-academicos\\\/\"},\"wordCount\":264,\"publisher\":{\"@id\":\"https:\\\/\\\/www.ucaldas.edu.co\\\/portal\\\/#organization\"},\"image\":{\"@id\":\"https:\\\/\\\/www.ucaldas.edu.co\\\/portal\\\/3-programas-de-postgrado-u-de-caldas-recibieron-visita-de-pares-academicos\\\/#primaryimage\"},\"thumbnailUrl\":\"http:\\\/\\\/www.ucaldas.edu.co\\\/images\\\/tmp\\\/visita_pares_academicos_a_3_programas_ucaldas_2012.jpg\",\"articleSection\":[\"Actualidad\",\"Universidad al D\u00eda\"],\"inLanguage\":\"es\"},{\"@type\":\"WebPage\",\"@id\":\"https:\\\/\\\/www.ucaldas.edu.co\\\/portal\\\/3-programas-de-postgrado-u-de-caldas-recibieron-visita-de-pares-academicos\\\/\",\"url\":\"https:\\\/\\\/www.ucaldas.edu.co\\\/portal\\\/3-programas-de-postgrado-u-de-caldas-recibieron-visita-de-pares-academicos\\\/\",\"name\":\"3 programas de postgrado U. de Caldas recibieron visita de pares acad\u00e9micos .\",\"isPartOf\":{\"@id\":\"https:\\\/\\\/www.ucaldas.edu.co\\\/portal\\\/#website\"},\"primaryImageOfPage\":{\"@id\":\"https:\\\/\\\/www.ucaldas.edu.co\\\/portal\\\/3-programas-de-postgrado-u-de-caldas-recibieron-visita-de-pares-academicos\\\/#primaryimage\"},\"image\":{\"@id\":\"https:\\\/\\\/www.ucaldas.edu.co\\\/portal\\\/3-programas-de-postgrado-u-de-caldas-recibieron-visita-de-pares-academicos\\\/#primaryimage\"},\"thumbnailUrl\":\"http:\\\/\\\/www.ucaldas.edu.co\\\/images\\\/tmp\\\/visita_pares_academicos_a_3_programas_ucaldas_2012.jpg\",\"datePublished\":\"2012-09-28T14:41:44+00:00\",\"breadcrumb\":{\"@id\":\"https:\\\/\\\/www.ucaldas.edu.co\\\/portal\\\/3-programas-de-postgrado-u-de-caldas-recibieron-visita-de-pares-academicos\\\/#breadcrumb\"},\"inLanguage\":\"es\",\"potentialAction\":[{\"@type\":\"ReadAction\",\"target\":[\"https:\\\/\\\/www.ucaldas.edu.co\\\/portal\\\/3-programas-de-postgrado-u-de-caldas-recibieron-visita-de-pares-academicos\\\/\"]}]},{\"@type\":\"ImageObject\",\"inLanguage\":\"es\",\"@id\":\"https:\\\/\\\/www.ucaldas.edu.co\\\/portal\\\/3-programas-de-postgrado-u-de-caldas-recibieron-visita-de-pares-academicos\\\/#primaryimage\",\"url\":\"http:\\\/\\\/www.ucaldas.edu.co\\\/images\\\/tmp\\\/visita_pares_academicos_a_3_programas_ucaldas_2012.jpg\",\"contentUrl\":\"http:\\\/\\\/www.ucaldas.edu.co\\\/images\\\/tmp\\\/visita_pares_academicos_a_3_programas_ucaldas_2012.jpg\"},{\"@type\":\"BreadcrumbList\",\"@id\":\"https:\\\/\\\/www.ucaldas.edu.co\\\/portal\\\/3-programas-de-postgrado-u-de-caldas-recibieron-visita-de-pares-academicos\\\/#breadcrumb\",\"itemListElement\":[{\"@type\":\"ListItem\",\"position\":1,\"name\":\"Portada\",\"item\":\"https:\\\/\\\/www.ucaldas.edu.co\\\/portal\\\/\"},{\"@type\":\"ListItem\",\"position\":2,\"name\":\"3 programas de postgrado U. de Caldas recibieron visita de pares acad\u00e9micos\"}]},{\"@type\":\"WebSite\",\"@id\":\"https:\\\/\\\/www.ucaldas.edu.co\\\/portal\\\/#website\",\"url\":\"https:\\\/\\\/www.ucaldas.edu.co\\\/portal\\\/\",\"name\":\"Universidad de Caldas\",\"description\":\"\",\"publisher\":{\"@id\":\"https:\\\/\\\/www.ucaldas.edu.co\\\/portal\\\/#organization\"},\"alternateName\":\"U. de Caldas\",\"potentialAction\":[{\"@type\":\"SearchAction\",\"target\":{\"@type\":\"EntryPoint\",\"urlTemplate\":\"https:\\\/\\\/www.ucaldas.edu.co\\\/portal\\\/?s={search_term_string}\"},\"query-input\":{\"@type\":\"PropertyValueSpecification\",\"valueRequired\":true,\"valueName\":\"search_term_string\"}}],\"inLanguage\":\"es\"},{\"@type\":\"Organization\",\"@id\":\"https:\\\/\\\/www.ucaldas.edu.co\\\/portal\\\/#organization\",\"name\":\"Universidad de Caldas\",\"alternateName\":\"U. de Caldas\",\"url\":\"https:\\\/\\\/www.ucaldas.edu.co\\\/portal\\\/\",\"logo\":{\"@type\":\"ImageObject\",\"inLanguage\":\"es\",\"@id\":\"https:\\\/\\\/www.ucaldas.edu.co\\\/portal\\\/#\\\/schema\\\/logo\\\/image\\\/\",\"url\":\"https:\\\/\\\/www.ucaldas.edu.co\\\/portal\\\/wp-content\\\/uploads\\\/2023\\\/11\\\/Logo_horizontal_oscuroU-2023.png\",\"contentUrl\":\"https:\\\/\\\/www.ucaldas.edu.co\\\/portal\\\/wp-content\\\/uploads\\\/2023\\\/11\\\/Logo_horizontal_oscuroU-2023.png\",\"width\":263,\"height\":101,\"caption\":\"Universidad de Caldas\"},\"image\":{\"@id\":\"https:\\\/\\\/www.ucaldas.edu.co\\\/portal\\\/#\\\/schema\\\/logo\\\/image\\\/\"},\"sameAs\":[\"https:\\\/\\\/www.facebook.com\\\/udecaldas\",\"https:\\\/\\\/x.com\\\/udecaldas\",\"https:\\\/\\\/www.youtube.com\\\/universidadcaldas\",\"https:\\\/\\\/www.instagram.com\\\/udecaldas\\\/\"]},{\"@type\":\"Person\",\"@id\":\"https:\\\/\\\/www.ucaldas.edu.co\\\/portal\\\/#\\\/schema\\\/person\\\/a1b482e23449158b4bc319926c074fdf\",\"name\":\"ofiprensa\",\"image\":{\"@type\":\"ImageObject\",\"inLanguage\":\"es\",\"@id\":\"https:\\\/\\\/www.ucaldas.edu.co\\\/portal\\\/wp-content\\\/litespeed\\\/avatar\\\/09ea5085e600095a7a811142c6944527.jpg?ver=1777497608\",\"url\":\"https:\\\/\\\/www.ucaldas.edu.co\\\/portal\\\/wp-content\\\/litespeed\\\/avatar\\\/09ea5085e600095a7a811142c6944527.jpg?ver=1777497608\",\"contentUrl\":\"https:\\\/\\\/www.ucaldas.edu.co\\\/portal\\\/wp-content\\\/litespeed\\\/avatar\\\/09ea5085e600095a7a811142c6944527.jpg?ver=1777497608\",\"caption\":\"ofiprensa\"},\"url\":\"https:\\\/\\\/www.ucaldas.edu.co\\\/portal\\\/author\\\/ofiprensa\\\/\"}]}<\/script>\n<!-- \/ Yoast SEO plugin. -->","yoast_head_json":{"title":"3 programas de postgrado U. de Caldas recibieron visita de pares acad\u00e9micos .","robots":{"index":"index","follow":"follow","max-snippet":"max-snippet:-1","max-image-preview":"max-image-preview:large","max-video-preview":"max-video-preview:-1"},"canonical":"https:\/\/www.ucaldas.edu.co\/portal\/3-programas-de-postgrado-u-de-caldas-recibieron-visita-de-pares-academicos\/","schema":{"@context":"https:\/\/schema.org","@graph":[{"@type":"Article","@id":"https:\/\/www.ucaldas.edu.co\/portal\/3-programas-de-postgrado-u-de-caldas-recibieron-visita-de-pares-academicos\/#article","isPartOf":{"@id":"https:\/\/www.ucaldas.edu.co\/portal\/3-programas-de-postgrado-u-de-caldas-recibieron-visita-de-pares-academicos\/"},"author":{"name":"ofiprensa","@id":"https:\/\/www.ucaldas.edu.co\/portal\/#\/schema\/person\/a1b482e23449158b4bc319926c074fdf"},"headline":"3 programas de postgrado U. de Caldas recibieron visita de pares acad\u00e9micos","datePublished":"2012-09-28T14:41:44+00:00","mainEntityOfPage":{"@id":"https:\/\/www.ucaldas.edu.co\/portal\/3-programas-de-postgrado-u-de-caldas-recibieron-visita-de-pares-academicos\/"},"wordCount":264,"publisher":{"@id":"https:\/\/www.ucaldas.edu.co\/portal\/#organization"},"image":{"@id":"https:\/\/www.ucaldas.edu.co\/portal\/3-programas-de-postgrado-u-de-caldas-recibieron-visita-de-pares-academicos\/#primaryimage"},"thumbnailUrl":"http:\/\/www.ucaldas.edu.co\/images\/tmp\/visita_pares_academicos_a_3_programas_ucaldas_2012.jpg","articleSection":["Actualidad","Universidad al D\u00eda"],"inLanguage":"es"},{"@type":"WebPage","@id":"https:\/\/www.ucaldas.edu.co\/portal\/3-programas-de-postgrado-u-de-caldas-recibieron-visita-de-pares-academicos\/","url":"https:\/\/www.ucaldas.edu.co\/portal\/3-programas-de-postgrado-u-de-caldas-recibieron-visita-de-pares-academicos\/","name":"3 programas de postgrado U. de Caldas recibieron visita de pares acad\u00e9micos .","isPartOf":{"@id":"https:\/\/www.ucaldas.edu.co\/portal\/#website"},"primaryImageOfPage":{"@id":"https:\/\/www.ucaldas.edu.co\/portal\/3-programas-de-postgrado-u-de-caldas-recibieron-visita-de-pares-academicos\/#primaryimage"},"image":{"@id":"https:\/\/www.ucaldas.edu.co\/portal\/3-programas-de-postgrado-u-de-caldas-recibieron-visita-de-pares-academicos\/#primaryimage"},"thumbnailUrl":"http:\/\/www.ucaldas.edu.co\/images\/tmp\/visita_pares_academicos_a_3_programas_ucaldas_2012.jpg","datePublished":"2012-09-28T14:41:44+00:00","breadcrumb":{"@id":"https:\/\/www.ucaldas.edu.co\/portal\/3-programas-de-postgrado-u-de-caldas-recibieron-visita-de-pares-academicos\/#breadcrumb"},"inLanguage":"es","potentialAction":[{"@type":"ReadAction","target":["https:\/\/www.ucaldas.edu.co\/portal\/3-programas-de-postgrado-u-de-caldas-recibieron-visita-de-pares-academicos\/"]}]},{"@type":"ImageObject","inLanguage":"es","@id":"https:\/\/www.ucaldas.edu.co\/portal\/3-programas-de-postgrado-u-de-caldas-recibieron-visita-de-pares-academicos\/#primaryimage","url":"http:\/\/www.ucaldas.edu.co\/images\/tmp\/visita_pares_academicos_a_3_programas_ucaldas_2012.jpg","contentUrl":"http:\/\/www.ucaldas.edu.co\/images\/tmp\/visita_pares_academicos_a_3_programas_ucaldas_2012.jpg"},{"@type":"BreadcrumbList","@id":"https:\/\/www.ucaldas.edu.co\/portal\/3-programas-de-postgrado-u-de-caldas-recibieron-visita-de-pares-academicos\/#breadcrumb","itemListElement":[{"@type":"ListItem","position":1,"name":"Portada","item":"https:\/\/www.ucaldas.edu.co\/portal\/"},{"@type":"ListItem","position":2,"name":"3 programas de postgrado U. de Caldas recibieron visita de pares acad\u00e9micos"}]},{"@type":"WebSite","@id":"https:\/\/www.ucaldas.edu.co\/portal\/#website","url":"https:\/\/www.ucaldas.edu.co\/portal\/","name":"Universidad de Caldas","description":"","publisher":{"@id":"https:\/\/www.ucaldas.edu.co\/portal\/#organization"},"alternateName":"U. de Caldas","potentialAction":[{"@type":"SearchAction","target":{"@type":"EntryPoint","urlTemplate":"https:\/\/www.ucaldas.edu.co\/portal\/?s={search_term_string}"},"query-input":{"@type":"PropertyValueSpecification","valueRequired":true,"valueName":"search_term_string"}}],"inLanguage":"es"},{"@type":"Organization","@id":"https:\/\/www.ucaldas.edu.co\/portal\/#organization","name":"Universidad de Caldas","alternateName":"U. de Caldas","url":"https:\/\/www.ucaldas.edu.co\/portal\/","logo":{"@type":"ImageObject","inLanguage":"es","@id":"https:\/\/www.ucaldas.edu.co\/portal\/#\/schema\/logo\/image\/","url":"https:\/\/www.ucaldas.edu.co\/portal\/wp-content\/uploads\/2023\/11\/Logo_horizontal_oscuroU-2023.png","contentUrl":"https:\/\/www.ucaldas.edu.co\/portal\/wp-content\/uploads\/2023\/11\/Logo_horizontal_oscuroU-2023.png","width":263,"height":101,"caption":"Universidad de Caldas"},"image":{"@id":"https:\/\/www.ucaldas.edu.co\/portal\/#\/schema\/logo\/image\/"},"sameAs":["https:\/\/www.facebook.com\/udecaldas","https:\/\/x.com\/udecaldas","https:\/\/www.youtube.com\/universidadcaldas","https:\/\/www.instagram.com\/udecaldas\/"]},{"@type":"Person","@id":"https:\/\/www.ucaldas.edu.co\/portal\/#\/schema\/person\/a1b482e23449158b4bc319926c074fdf","name":"ofiprensa","image":{"@type":"ImageObject","inLanguage":"es","@id":"https:\/\/www.ucaldas.edu.co\/portal\/wp-content\/litespeed\/avatar\/09ea5085e600095a7a811142c6944527.jpg?ver=1777497608","url":"https:\/\/www.ucaldas.edu.co\/portal\/wp-content\/litespeed\/avatar\/09ea5085e600095a7a811142c6944527.jpg?ver=1777497608","contentUrl":"https:\/\/www.ucaldas.edu.co\/portal\/wp-content\/litespeed\/avatar\/09ea5085e600095a7a811142c6944527.jpg?ver=1777497608","caption":"ofiprensa"},"url":"https:\/\/www.ucaldas.edu.co\/portal\/author\/ofiprensa\/"}]}},"_links":{"self":[{"href":"https:\/\/www.ucaldas.edu.co\/portal\/wp-json\/wp\/v2\/posts\/12565","targetHints":{"allow":["GET"]}}],"collection":[{"href":"https:\/\/www.ucaldas.edu.co\/portal\/wp-json\/wp\/v2\/posts"}],"about":[{"href":"https:\/\/www.ucaldas.edu.co\/portal\/wp-json\/wp\/v2\/types\/post"}],"author":[{"embeddable":true,"href":"https:\/\/www.ucaldas.edu.co\/portal\/wp-json\/wp\/v2\/users\/2"}],"replies":[{"embeddable":true,"href":"https:\/\/www.ucaldas.edu.co\/portal\/wp-json\/wp\/v2\/comments?post=12565"}],"version-history":[{"count":0,"href":"https:\/\/www.ucaldas.edu.co\/portal\/wp-json\/wp\/v2\/posts\/12565\/revisions"}],"wp:attachment":[{"href":"https:\/\/www.ucaldas.edu.co\/portal\/wp-json\/wp\/v2\/media?parent=12565"}],"wp:term":[{"taxonomy":"category","embeddable":true,"href":"https:\/\/www.ucaldas.edu.co\/portal\/wp-json\/wp\/v2\/categories?post=12565"},{"taxonomy":"post_tag","embeddable":true,"href":"https:\/\/www.ucaldas.edu.co\/portal\/wp-json\/wp\/v2\/tags?post=12565"}],"curies":[{"name":"wp","href":"https:\/\/api.w.org\/{rel}","templated":true}]}}