{"id":12535,"date":"2012-09-26T09:26:58","date_gmt":"2012-09-26T14:26:58","guid":{"rendered":"https:\/\/www.ucaldas.edu.co\/portal\/?p=12535"},"modified":"2012-09-26T09:26:58","modified_gmt":"2012-09-26T14:26:58","slug":"de-nuevo-la-u-de-caldas-le-apuesta-al-dia-sin-carro","status":"publish","type":"post","link":"https:\/\/www.ucaldas.edu.co\/portal\/de-nuevo-la-u-de-caldas-le-apuesta-al-dia-sin-carro\/","title":{"rendered":"De nuevo, la U. de Caldas le apuesta al D\u00eda sin carro"},"content":{"rendered":"<p align=\"center\">Este viernes 28 de septiembre del 2012<\/p>\n<p><b>Septiembre 26 del 2012 <\/b><\/p>\n<p>&nbsp;<\/p>\n<p><b>BOLET\u00cdN VERDE 06<\/b><\/p>\n<p align=\"center\"><span style=\"text-decoration: underline\"><br \/>\n<\/span><b><br \/>\n<\/b><\/p>\n<p align=\"right\">26\/09\/2012<\/p>\n<hr \/>\n<p align=\"right\">Redacci\u00f3n: Margarita Laverde Galvis<\/p>\n<p align=\"right\">\n<table border=\"0\">\n<tbody>\n<tr>\n<td><img loading=\"lazy\" decoding=\"async\" title=\"D\u00eda sin carro\" alt=\"D\u00eda sin carro\" src=\"http:\/\/desarrollo.ucaldas.edu.co\/archivo\/images\/tmp\/dia_sin_carro_autos.jpg\" width=\"240\" height=\"150\" border=\"0\" \/><\/td>\n<td>Como una <b>forma de g<\/b><b>enerar cultura<\/b> <b>en torno a la movilidad<\/b> y la <b>construcci\u00f3n de ciudad<\/b>, este <b>viernes 28<\/b> de <b>septiembre<\/b> del 2012, <b>de 6:00 a.m. a 7:00 p.m.,<\/b> se llevar\u00e1 a cabo el <b>D\u00eda sin carro, <\/b>una <b>iniciativa ambiental<\/b> que promueve la <b>Administraci\u00f3n Municipal<\/b> y a la que <b>se une la Universidad de Caldas.<\/b><\/td>\n<\/tr>\n<\/tbody>\n<\/table>\n<p>&nbsp;<\/p>\n<p><b>Ser\u00e1 en el <\/b><b>\u00e1rea urbana de Manizales<\/b> (Caldas), \u00a0<b>Pereira<\/b> (Risaralda), <b>Armenia<\/b> (Quind\u00edo), al igual que en los municipios caldenses de <b>Neira y Villamar\u00eda<\/b>. La <b>restricci\u00f3n incluye veh\u00edculos oficiales y particulares, as\u00ed como motos.<\/b><\/p>\n<p>Por esto, los <b>parqueaderos<\/b> de la <b>U. de Caldas<\/b> tambi\u00e9n <b>estar\u00e1n cerrados<\/b> en el mismo horario. Respecto al tema, Henry Gonz\u00e1lez Gonz\u00e1lez, <b>L\u00edder del Grupo Interno de Sostenibilidad Ambiental de la Instituci\u00f3n<\/b>, coment\u00f3: \u201cla invitaci\u00f3n es unirse a un llamado de regi\u00f3n. Esperamos que la comunidad se vincule al evento caminando, usando las bicicletas o el servicio de transporte p\u00fablico\u201d.<\/p>\n<p>\u201cEste es un proceso cultural. Ese d\u00eda, m\u00e1s que un trabajo de descontaminaci\u00f3n, lo que se quiere es mostrar las otras formas de ver la ciudad: despejada y con otras opciones de movilidad. La Instituci\u00f3n siempre est\u00e1 dispuesta a participar en estas actividades, por lo que estaremos en la Plaza de Bol\u00edvar de la ciudad, presentando nuestros avances en residuos s\u00f3lidos\u201d, agreg\u00f3 Gonz\u00e1lez Gonz\u00e1lez.<\/p>\n<p><b>La Oficina de Prensa de la Universidad lo invita a caminar, durante el D\u00eda sin carro.<\/b><\/p>\n<p><a href=\"http:\/\/desarrollo.ucaldas.edu.co\/archivo\/index.php?option=com_content&amp;view=article&amp;catid=419%3Auniversidad-al-dia&amp;id=6306%3Au-de-caldas-recibio-310-automotores-menos-en-el-dia-sin-carro&amp;Itemid=1039\" target=\"_blank\">En el 2011 la U. de Caldas recibi\u00f3 310 automotores menos, en el D\u00eda Sin Carro (ver nota aqu\u00ed)<\/a>, se calcul\u00f3 que la reducci\u00f3n de emisiones de CO2 fue de 279 kilogramos.<br \/>\n<a href=\"http:\/\/desarrollo.ucaldas.edu.co\/archivo\/images\/tmp\/decreto0361diasincarro2012.pdf\" target=\"_blank\">Conozca aqu\u00ed la resoluci\u00f3n por la cual la Alcald\u00eda de Manizales define el D\u00eda sin carro<\/a><\/p>\n<p>&nbsp;<\/p>\n<p><a href=\"http:\/\/desarrollo.ucaldas.edu.co\/archivo\/index.php?option=com_content&amp;view=article&amp;catid=419%3Auniversidad-al-dia&amp;id=7794%3Adia-sin-carro-&amp;Itemid=1039\" target=\"_blank\">Conozca aqu\u00ed m\u00e1s informaci\u00f3n sobre el D\u00eda sin carro<\/a><\/p>\n<p>&nbsp;<\/p>\n<p><b>Informes:<\/b><b> <\/b>Grupo Interno Sostenibilidad Ambiental, tel\u00e9fono 878 15 00, extensi\u00f3n 13 669.<\/p>\n<p>&nbsp;<\/p>\n","protected":false},"excerpt":{"rendered":"<p>Este viernes 28 de septiembre del 2012 Septiembre 26 del 2012 &nbsp; BOLET\u00cdN VERDE 06 26\/09\/2012 Redacci\u00f3n: Margarita Laverde Galvis Como una forma de generar cultura en torno a la movilidad y la construcci\u00f3n de ciudad, este viernes 28 de septiembre del 2012, de 6:00 a.m. a 7:00 p.m., se llevar\u00e1 a cabo el D\u00eda [&hellip;]<\/p>\n","protected":false},"author":2,"featured_media":0,"comment_status":"closed","ping_status":"closed","sticky":false,"template":"","format":"standard","meta":{"footnotes":""},"categories":[48,53],"tags":[],"class_list":["post-12535","post","type-post","status-publish","format-standard","hentry","category-actualidad","category-universidad-al-dia"],"yoast_head":"<!-- This site is optimized with the Yoast SEO plugin v27.5 - https:\/\/yoast.com\/product\/yoast-seo-wordpress\/ -->\n<title>De nuevo, la U. de Caldas le apuesta al D\u00eda sin carro .<\/title>\n<meta name=\"robots\" content=\"index, follow, max-snippet:-1, max-image-preview:large, max-video-preview:-1\" \/>\n<link rel=\"canonical\" href=\"https:\/\/www.ucaldas.edu.co\/portal\/de-nuevo-la-u-de-caldas-le-apuesta-al-dia-sin-carro\/\" \/>\n<script type=\"application\/ld+json\" class=\"yoast-schema-graph\">{\"@context\":\"https:\\\/\\\/schema.org\",\"@graph\":[{\"@type\":\"Article\",\"@id\":\"https:\\\/\\\/www.ucaldas.edu.co\\\/portal\\\/de-nuevo-la-u-de-caldas-le-apuesta-al-dia-sin-carro\\\/#article\",\"isPartOf\":{\"@id\":\"https:\\\/\\\/www.ucaldas.edu.co\\\/portal\\\/de-nuevo-la-u-de-caldas-le-apuesta-al-dia-sin-carro\\\/\"},\"author\":{\"name\":\"ofiprensa\",\"@id\":\"https:\\\/\\\/www.ucaldas.edu.co\\\/portal\\\/#\\\/schema\\\/person\\\/a1b482e23449158b4bc319926c074fdf\"},\"headline\":\"De nuevo, la U. de Caldas le apuesta al D\u00eda sin carro\",\"datePublished\":\"2012-09-26T14:26:58+00:00\",\"mainEntityOfPage\":{\"@id\":\"https:\\\/\\\/www.ucaldas.edu.co\\\/portal\\\/de-nuevo-la-u-de-caldas-le-apuesta-al-dia-sin-carro\\\/\"},\"wordCount\":356,\"publisher\":{\"@id\":\"https:\\\/\\\/www.ucaldas.edu.co\\\/portal\\\/#organization\"},\"image\":{\"@id\":\"https:\\\/\\\/www.ucaldas.edu.co\\\/portal\\\/de-nuevo-la-u-de-caldas-le-apuesta-al-dia-sin-carro\\\/#primaryimage\"},\"thumbnailUrl\":\"http:\\\/\\\/desarrollo.ucaldas.edu.co\\\/archivo\\\/images\\\/tmp\\\/dia_sin_carro_autos.jpg\",\"articleSection\":[\"Actualidad\",\"Universidad al D\u00eda\"],\"inLanguage\":\"es\"},{\"@type\":\"WebPage\",\"@id\":\"https:\\\/\\\/www.ucaldas.edu.co\\\/portal\\\/de-nuevo-la-u-de-caldas-le-apuesta-al-dia-sin-carro\\\/\",\"url\":\"https:\\\/\\\/www.ucaldas.edu.co\\\/portal\\\/de-nuevo-la-u-de-caldas-le-apuesta-al-dia-sin-carro\\\/\",\"name\":\"De nuevo, la U. de Caldas le apuesta al D\u00eda sin carro .\",\"isPartOf\":{\"@id\":\"https:\\\/\\\/www.ucaldas.edu.co\\\/portal\\\/#website\"},\"primaryImageOfPage\":{\"@id\":\"https:\\\/\\\/www.ucaldas.edu.co\\\/portal\\\/de-nuevo-la-u-de-caldas-le-apuesta-al-dia-sin-carro\\\/#primaryimage\"},\"image\":{\"@id\":\"https:\\\/\\\/www.ucaldas.edu.co\\\/portal\\\/de-nuevo-la-u-de-caldas-le-apuesta-al-dia-sin-carro\\\/#primaryimage\"},\"thumbnailUrl\":\"http:\\\/\\\/desarrollo.ucaldas.edu.co\\\/archivo\\\/images\\\/tmp\\\/dia_sin_carro_autos.jpg\",\"datePublished\":\"2012-09-26T14:26:58+00:00\",\"breadcrumb\":{\"@id\":\"https:\\\/\\\/www.ucaldas.edu.co\\\/portal\\\/de-nuevo-la-u-de-caldas-le-apuesta-al-dia-sin-carro\\\/#breadcrumb\"},\"inLanguage\":\"es\",\"potentialAction\":[{\"@type\":\"ReadAction\",\"target\":[\"https:\\\/\\\/www.ucaldas.edu.co\\\/portal\\\/de-nuevo-la-u-de-caldas-le-apuesta-al-dia-sin-carro\\\/\"]}]},{\"@type\":\"ImageObject\",\"inLanguage\":\"es\",\"@id\":\"https:\\\/\\\/www.ucaldas.edu.co\\\/portal\\\/de-nuevo-la-u-de-caldas-le-apuesta-al-dia-sin-carro\\\/#primaryimage\",\"url\":\"http:\\\/\\\/desarrollo.ucaldas.edu.co\\\/archivo\\\/images\\\/tmp\\\/dia_sin_carro_autos.jpg\",\"contentUrl\":\"http:\\\/\\\/desarrollo.ucaldas.edu.co\\\/archivo\\\/images\\\/tmp\\\/dia_sin_carro_autos.jpg\"},{\"@type\":\"BreadcrumbList\",\"@id\":\"https:\\\/\\\/www.ucaldas.edu.co\\\/portal\\\/de-nuevo-la-u-de-caldas-le-apuesta-al-dia-sin-carro\\\/#breadcrumb\",\"itemListElement\":[{\"@type\":\"ListItem\",\"position\":1,\"name\":\"Portada\",\"item\":\"https:\\\/\\\/www.ucaldas.edu.co\\\/portal\\\/\"},{\"@type\":\"ListItem\",\"position\":2,\"name\":\"De nuevo, la U. de Caldas le apuesta al D\u00eda sin carro\"}]},{\"@type\":\"WebSite\",\"@id\":\"https:\\\/\\\/www.ucaldas.edu.co\\\/portal\\\/#website\",\"url\":\"https:\\\/\\\/www.ucaldas.edu.co\\\/portal\\\/\",\"name\":\"Universidad de Caldas\",\"description\":\"\",\"publisher\":{\"@id\":\"https:\\\/\\\/www.ucaldas.edu.co\\\/portal\\\/#organization\"},\"alternateName\":\"U. de Caldas\",\"potentialAction\":[{\"@type\":\"SearchAction\",\"target\":{\"@type\":\"EntryPoint\",\"urlTemplate\":\"https:\\\/\\\/www.ucaldas.edu.co\\\/portal\\\/?s={search_term_string}\"},\"query-input\":{\"@type\":\"PropertyValueSpecification\",\"valueRequired\":true,\"valueName\":\"search_term_string\"}}],\"inLanguage\":\"es\"},{\"@type\":\"Organization\",\"@id\":\"https:\\\/\\\/www.ucaldas.edu.co\\\/portal\\\/#organization\",\"name\":\"Universidad de Caldas\",\"alternateName\":\"U. de Caldas\",\"url\":\"https:\\\/\\\/www.ucaldas.edu.co\\\/portal\\\/\",\"logo\":{\"@type\":\"ImageObject\",\"inLanguage\":\"es\",\"@id\":\"https:\\\/\\\/www.ucaldas.edu.co\\\/portal\\\/#\\\/schema\\\/logo\\\/image\\\/\",\"url\":\"https:\\\/\\\/www.ucaldas.edu.co\\\/portal\\\/wp-content\\\/uploads\\\/2023\\\/11\\\/Logo_horizontal_oscuroU-2023.png\",\"contentUrl\":\"https:\\\/\\\/www.ucaldas.edu.co\\\/portal\\\/wp-content\\\/uploads\\\/2023\\\/11\\\/Logo_horizontal_oscuroU-2023.png\",\"width\":263,\"height\":101,\"caption\":\"Universidad de Caldas\"},\"image\":{\"@id\":\"https:\\\/\\\/www.ucaldas.edu.co\\\/portal\\\/#\\\/schema\\\/logo\\\/image\\\/\"},\"sameAs\":[\"https:\\\/\\\/www.facebook.com\\\/udecaldas\",\"https:\\\/\\\/x.com\\\/udecaldas\",\"https:\\\/\\\/www.youtube.com\\\/universidadcaldas\",\"https:\\\/\\\/www.instagram.com\\\/udecaldas\\\/\"]},{\"@type\":\"Person\",\"@id\":\"https:\\\/\\\/www.ucaldas.edu.co\\\/portal\\\/#\\\/schema\\\/person\\\/a1b482e23449158b4bc319926c074fdf\",\"name\":\"ofiprensa\",\"image\":{\"@type\":\"ImageObject\",\"inLanguage\":\"es\",\"@id\":\"https:\\\/\\\/www.ucaldas.edu.co\\\/portal\\\/wp-content\\\/litespeed\\\/avatar\\\/09ea5085e600095a7a811142c6944527.jpg?ver=1777497608\",\"url\":\"https:\\\/\\\/www.ucaldas.edu.co\\\/portal\\\/wp-content\\\/litespeed\\\/avatar\\\/09ea5085e600095a7a811142c6944527.jpg?ver=1777497608\",\"contentUrl\":\"https:\\\/\\\/www.ucaldas.edu.co\\\/portal\\\/wp-content\\\/litespeed\\\/avatar\\\/09ea5085e600095a7a811142c6944527.jpg?ver=1777497608\",\"caption\":\"ofiprensa\"},\"url\":\"https:\\\/\\\/www.ucaldas.edu.co\\\/portal\\\/author\\\/ofiprensa\\\/\"}]}<\/script>\n<!-- \/ Yoast SEO plugin. -->","yoast_head_json":{"title":"De nuevo, la U. de Caldas le apuesta al D\u00eda sin carro .","robots":{"index":"index","follow":"follow","max-snippet":"max-snippet:-1","max-image-preview":"max-image-preview:large","max-video-preview":"max-video-preview:-1"},"canonical":"https:\/\/www.ucaldas.edu.co\/portal\/de-nuevo-la-u-de-caldas-le-apuesta-al-dia-sin-carro\/","schema":{"@context":"https:\/\/schema.org","@graph":[{"@type":"Article","@id":"https:\/\/www.ucaldas.edu.co\/portal\/de-nuevo-la-u-de-caldas-le-apuesta-al-dia-sin-carro\/#article","isPartOf":{"@id":"https:\/\/www.ucaldas.edu.co\/portal\/de-nuevo-la-u-de-caldas-le-apuesta-al-dia-sin-carro\/"},"author":{"name":"ofiprensa","@id":"https:\/\/www.ucaldas.edu.co\/portal\/#\/schema\/person\/a1b482e23449158b4bc319926c074fdf"},"headline":"De nuevo, la U. de Caldas le apuesta al D\u00eda sin carro","datePublished":"2012-09-26T14:26:58+00:00","mainEntityOfPage":{"@id":"https:\/\/www.ucaldas.edu.co\/portal\/de-nuevo-la-u-de-caldas-le-apuesta-al-dia-sin-carro\/"},"wordCount":356,"publisher":{"@id":"https:\/\/www.ucaldas.edu.co\/portal\/#organization"},"image":{"@id":"https:\/\/www.ucaldas.edu.co\/portal\/de-nuevo-la-u-de-caldas-le-apuesta-al-dia-sin-carro\/#primaryimage"},"thumbnailUrl":"http:\/\/desarrollo.ucaldas.edu.co\/archivo\/images\/tmp\/dia_sin_carro_autos.jpg","articleSection":["Actualidad","Universidad al D\u00eda"],"inLanguage":"es"},{"@type":"WebPage","@id":"https:\/\/www.ucaldas.edu.co\/portal\/de-nuevo-la-u-de-caldas-le-apuesta-al-dia-sin-carro\/","url":"https:\/\/www.ucaldas.edu.co\/portal\/de-nuevo-la-u-de-caldas-le-apuesta-al-dia-sin-carro\/","name":"De nuevo, la U. de Caldas le apuesta al D\u00eda sin carro .","isPartOf":{"@id":"https:\/\/www.ucaldas.edu.co\/portal\/#website"},"primaryImageOfPage":{"@id":"https:\/\/www.ucaldas.edu.co\/portal\/de-nuevo-la-u-de-caldas-le-apuesta-al-dia-sin-carro\/#primaryimage"},"image":{"@id":"https:\/\/www.ucaldas.edu.co\/portal\/de-nuevo-la-u-de-caldas-le-apuesta-al-dia-sin-carro\/#primaryimage"},"thumbnailUrl":"http:\/\/desarrollo.ucaldas.edu.co\/archivo\/images\/tmp\/dia_sin_carro_autos.jpg","datePublished":"2012-09-26T14:26:58+00:00","breadcrumb":{"@id":"https:\/\/www.ucaldas.edu.co\/portal\/de-nuevo-la-u-de-caldas-le-apuesta-al-dia-sin-carro\/#breadcrumb"},"inLanguage":"es","potentialAction":[{"@type":"ReadAction","target":["https:\/\/www.ucaldas.edu.co\/portal\/de-nuevo-la-u-de-caldas-le-apuesta-al-dia-sin-carro\/"]}]},{"@type":"ImageObject","inLanguage":"es","@id":"https:\/\/www.ucaldas.edu.co\/portal\/de-nuevo-la-u-de-caldas-le-apuesta-al-dia-sin-carro\/#primaryimage","url":"http:\/\/desarrollo.ucaldas.edu.co\/archivo\/images\/tmp\/dia_sin_carro_autos.jpg","contentUrl":"http:\/\/desarrollo.ucaldas.edu.co\/archivo\/images\/tmp\/dia_sin_carro_autos.jpg"},{"@type":"BreadcrumbList","@id":"https:\/\/www.ucaldas.edu.co\/portal\/de-nuevo-la-u-de-caldas-le-apuesta-al-dia-sin-carro\/#breadcrumb","itemListElement":[{"@type":"ListItem","position":1,"name":"Portada","item":"https:\/\/www.ucaldas.edu.co\/portal\/"},{"@type":"ListItem","position":2,"name":"De nuevo, la U. de Caldas le apuesta al D\u00eda sin carro"}]},{"@type":"WebSite","@id":"https:\/\/www.ucaldas.edu.co\/portal\/#website","url":"https:\/\/www.ucaldas.edu.co\/portal\/","name":"Universidad de Caldas","description":"","publisher":{"@id":"https:\/\/www.ucaldas.edu.co\/portal\/#organization"},"alternateName":"U. de Caldas","potentialAction":[{"@type":"SearchAction","target":{"@type":"EntryPoint","urlTemplate":"https:\/\/www.ucaldas.edu.co\/portal\/?s={search_term_string}"},"query-input":{"@type":"PropertyValueSpecification","valueRequired":true,"valueName":"search_term_string"}}],"inLanguage":"es"},{"@type":"Organization","@id":"https:\/\/www.ucaldas.edu.co\/portal\/#organization","name":"Universidad de Caldas","alternateName":"U. de Caldas","url":"https:\/\/www.ucaldas.edu.co\/portal\/","logo":{"@type":"ImageObject","inLanguage":"es","@id":"https:\/\/www.ucaldas.edu.co\/portal\/#\/schema\/logo\/image\/","url":"https:\/\/www.ucaldas.edu.co\/portal\/wp-content\/uploads\/2023\/11\/Logo_horizontal_oscuroU-2023.png","contentUrl":"https:\/\/www.ucaldas.edu.co\/portal\/wp-content\/uploads\/2023\/11\/Logo_horizontal_oscuroU-2023.png","width":263,"height":101,"caption":"Universidad de Caldas"},"image":{"@id":"https:\/\/www.ucaldas.edu.co\/portal\/#\/schema\/logo\/image\/"},"sameAs":["https:\/\/www.facebook.com\/udecaldas","https:\/\/x.com\/udecaldas","https:\/\/www.youtube.com\/universidadcaldas","https:\/\/www.instagram.com\/udecaldas\/"]},{"@type":"Person","@id":"https:\/\/www.ucaldas.edu.co\/portal\/#\/schema\/person\/a1b482e23449158b4bc319926c074fdf","name":"ofiprensa","image":{"@type":"ImageObject","inLanguage":"es","@id":"https:\/\/www.ucaldas.edu.co\/portal\/wp-content\/litespeed\/avatar\/09ea5085e600095a7a811142c6944527.jpg?ver=1777497608","url":"https:\/\/www.ucaldas.edu.co\/portal\/wp-content\/litespeed\/avatar\/09ea5085e600095a7a811142c6944527.jpg?ver=1777497608","contentUrl":"https:\/\/www.ucaldas.edu.co\/portal\/wp-content\/litespeed\/avatar\/09ea5085e600095a7a811142c6944527.jpg?ver=1777497608","caption":"ofiprensa"},"url":"https:\/\/www.ucaldas.edu.co\/portal\/author\/ofiprensa\/"}]}},"_links":{"self":[{"href":"https:\/\/www.ucaldas.edu.co\/portal\/wp-json\/wp\/v2\/posts\/12535","targetHints":{"allow":["GET"]}}],"collection":[{"href":"https:\/\/www.ucaldas.edu.co\/portal\/wp-json\/wp\/v2\/posts"}],"about":[{"href":"https:\/\/www.ucaldas.edu.co\/portal\/wp-json\/wp\/v2\/types\/post"}],"author":[{"embeddable":true,"href":"https:\/\/www.ucaldas.edu.co\/portal\/wp-json\/wp\/v2\/users\/2"}],"replies":[{"embeddable":true,"href":"https:\/\/www.ucaldas.edu.co\/portal\/wp-json\/wp\/v2\/comments?post=12535"}],"version-history":[{"count":0,"href":"https:\/\/www.ucaldas.edu.co\/portal\/wp-json\/wp\/v2\/posts\/12535\/revisions"}],"wp:attachment":[{"href":"https:\/\/www.ucaldas.edu.co\/portal\/wp-json\/wp\/v2\/media?parent=12535"}],"wp:term":[{"taxonomy":"category","embeddable":true,"href":"https:\/\/www.ucaldas.edu.co\/portal\/wp-json\/wp\/v2\/categories?post=12535"},{"taxonomy":"post_tag","embeddable":true,"href":"https:\/\/www.ucaldas.edu.co\/portal\/wp-json\/wp\/v2\/tags?post=12535"}],"curies":[{"name":"wp","href":"https:\/\/api.w.org\/{rel}","templated":true}]}}