{"id":12533,"date":"2012-09-26T09:26:04","date_gmt":"2012-09-26T14:26:04","guid":{"rendered":"https:\/\/www.ucaldas.edu.co\/portal\/?p=12533"},"modified":"2012-09-26T09:26:04","modified_gmt":"2012-09-26T14:26:04","slug":"u-de-caldas-presento-congreso-internacional-de-creacion-innovacion-y-negocios","status":"publish","type":"post","link":"https:\/\/www.ucaldas.edu.co\/portal\/u-de-caldas-presento-congreso-internacional-de-creacion-innovacion-y-negocios\/","title":{"rendered":"U. de Caldas present\u00f3 Congreso Internacional de Creaci\u00f3n, Innovaci\u00f3n y Negocios"},"content":{"rendered":"<p align=\"center\">En lanzamiento del evento se expuso importancia del encuentro<\/p>\n<p align=\"right\">26\/09\/2012<\/p>\n<hr \/>\n<p align=\"right\">Redacci\u00f3n: Margarita Laverde Galvis<\/p>\n<p><b>\u00a0<\/b><\/p>\n<p>&nbsp;<\/p>\n<table border=\"0\">\n<tbody>\n<tr>\n<td>\u00a0<img loading=\"lazy\" decoding=\"async\" style=\"border: 0px\" title=\"Congreso Internacional\" alt=\"Congreso Internacional\" src=\"http:\/\/www.ucaldas.edu.co\/images\/tmp\/lanzamiento_congreso_internacional_innovacion_2012.jpg\" width=\"240\" height=\"150\" border=\"0\" \/><\/p>\n<h4>Foto: Guillermo Sarmiento Estrada\/ Prensa U. de Caldas.<\/h4>\n<\/td>\n<td><b>Del 25 al 27 de octubre del 2012 se realizar\u00e1<\/b> en la <b>Universidad de Caldas<\/b> el <b><i>Congreso Internacional: Creaci\u00f3n, Innovaci\u00f3n y Negocios<\/i><\/b><i>. <\/i>El <b>lanzamiento del evento<\/b> se llev\u00f3\u00a0 a cabo este <b>mi\u00e9rcoles 26<\/b> de <b>septiembre<\/b> del 2012, donde <b>se present\u00f3 el certamen<\/b>, que <b>expondr\u00e1 propuestas de innovaci\u00f3n empresarial.<\/b><\/td>\n<\/tr>\n<\/tbody>\n<\/table>\n<p>&nbsp;<\/p>\n<p>&nbsp;<\/p>\n<p>\u201cEl congreso nace como iniciativa de la Oficina de Egresados de la U. de Caldas, en el encuentro de este a\u00f1o. Contamos con el apoyo de los doctorados en Ciencias Biom\u00e9dicas, y en Dise\u00f1o y Creaci\u00f3n de la Instituci\u00f3n\u201d, dijo Gloria Esperanza Garc\u00eda Quintero, <b>Directora de la Oficina de Egresados de la Universidad.<\/b><\/p>\n<p>&nbsp;<\/p>\n<p>\u201cVeremos ejemplos de innovaci\u00f3n empresarial, donde 26 propuestas expondr\u00e1n qu\u00e9 es lo pertinente de sus servicios. Adem\u00e1s les contaremos c\u00f3mo hacer alianzas, posicionar su negocio, entre otros. Esperamos la participaci\u00f3n de 550 personas\u201d, agreg\u00f3 Garc\u00eda Quintero.<\/p>\n<p>&nbsp;<\/p>\n<p>La Directora de la Oficina de Egresados reitero: \u201clos invitamos a vincularse al evento y este lanzamiento es muy importante, para que la gente planifique con tiempo este espacio, para que se lo gocen\u201d.<\/p>\n<p>&nbsp;<\/p>\n<p>El <b>encuentro cont\u00f3<\/b> con la <b>participaci\u00f3n<\/b> del <b>Rector de la Instituci\u00f3n<\/b>, Ricardo G\u00f3mez Giraldo; las <b>vicerrectoras<\/b> <b>Acad\u00e9mica<\/b> y <b>de Proyecci\u00f3n Universitaria<\/b> de la Universidad, <b>adem\u00e1s de profesores<\/b> <b>e investigadores<\/b> de la <b>U. de Caldas.<\/b><\/p>\n<p>&nbsp;<\/p>\n<p><b>Sinergia<\/b><\/p>\n<p><b>Eduardo Pineda Villegas, Secretario de Competitividad y Fomento Empresarial de la Alcald\u00eda de Manizales<\/b><\/p>\n<p>Estamos apoyando el evento con recursos y \u00e1rea operativa, adem\u00e1s de la convocatoria para industriales y emprendedores de la ciudad.<\/p>\n<p>&nbsp;<\/p>\n<p><b>Miguel Trujillo Londo\u00f1o, Secretario de Desarrollo Econ\u00f3mico de Caldas<\/b><\/p>\n<p>Este congreso tiene que ser el primer eslab\u00f3n para que empiece a tener un renombre nacional e internacional y sea un encuentro que congregue los mejores acad\u00e9micos y profesionales. Caldas y Manizales se est\u00e1n proyectando como una regi\u00f3n del conocimiento y ya se est\u00e1n viendo los frutos.<\/p>\n<p>&nbsp;<\/p>\n<p><b>Precongreso<\/b><\/p>\n<p>Carlos Augusto Gonz\u00e1lez Correa, <b>Coordinador del Doctorado en Ciencias Biom\u00e9dicas de la U. de Caldas, <\/b>es el <b>Coordinador del Precongreso del evento, denominado <i>Caf\u00e9 y Salud.<\/i><\/b><\/p>\n<p><b>\u00a0<\/b><\/p>\n<p>\u201cContaremos con una experta de la U. de Columbia (Estados Unidos), quien disertar\u00e1 sobre las propiedades de un derivado del caf\u00e9, para tratar personas con sobrepeso y problemas de l\u00edpidos. Tambi\u00e9n tendremos un investigador de Cenifac\u00e9, quien descubri\u00f3 una enzima para producir las sustancias mencionadas\u201d, coment\u00f3 Gonz\u00e1lez Correa.<\/p>\n<p>&nbsp;<\/p>\n<p>El Coordinador del Precongreso tambi\u00e9n dijo: \u201clos gobiernos en el mundo est\u00e1n haciendo un llamado a que los investigadores le aporten a la sociedad de una manera directa. Colombia no ha entrado en la din\u00e1mica de innovar y generar nuevos conocimientos, pero estamos entrando en el tema\u201d.<\/p>\n<p>&nbsp;<\/p>\n<p>\u201cPara ello se requiere tener m\u00e1s en cuenta a los cient\u00edficos, pero sobre todo, generar confianza mutua, entre los investigadores, gobierno, empresarios. Debe ser un trabajo de todos y para todos\u201d, agreg\u00f3 el profesor.<\/p>\n<p>&nbsp;<\/p>\n<p><a href=\"http:\/\/www.facebook.com\/media\/set\/?set=a.414669951928209.97936.107054166023124&amp;type=3\" target=\"_blank\">Conozca im\u00e1genes del Lanzamiento del Congreso Internacional: Creaci\u00f3n, Innovaci\u00f3n y Negocios<\/a><\/p>\n<p>&nbsp;<\/p>\n<p>Conozca m\u00e1s detalles del evento en la p\u00e1gina web <a href=\"http:\/\/egresados.ucaldas.edu.co\/\" target=\"_blank\">http:\/\/egresados.ucaldas.edu.co\/<\/a><\/p>\n<p><b>\u00a0<\/b><\/p>\n<p><b>Informes:<\/b> Oficina de Egresados, tel\u00e9fono 878 15 00 extensi\u00f3n 17 156.<\/p>\n<p>&nbsp;<\/p>\n","protected":false},"excerpt":{"rendered":"<p>En lanzamiento del evento se expuso importancia del encuentro 26\/09\/2012 Redacci\u00f3n: Margarita Laverde Galvis \u00a0 &nbsp; \u00a0 Foto: Guillermo Sarmiento Estrada\/ Prensa U. de Caldas. Del 25 al 27 de octubre del 2012 se realizar\u00e1 en la Universidad de Caldas el Congreso Internacional: Creaci\u00f3n, Innovaci\u00f3n y Negocios. El lanzamiento del evento se llev\u00f3\u00a0 a cabo [&hellip;]<\/p>\n","protected":false},"author":2,"featured_media":0,"comment_status":"closed","ping_status":"closed","sticky":false,"template":"","format":"standard","meta":{"footnotes":""},"categories":[48,53],"tags":[],"class_list":["post-12533","post","type-post","status-publish","format-standard","hentry","category-actualidad","category-universidad-al-dia"],"yoast_head":"<!-- This site is optimized with the Yoast SEO plugin v27.5 - https:\/\/yoast.com\/product\/yoast-seo-wordpress\/ -->\n<title>U. de Caldas present\u00f3 Congreso Internacional de Creaci\u00f3n, Innovaci\u00f3n y Negocios .<\/title>\n<meta name=\"robots\" content=\"index, follow, max-snippet:-1, max-image-preview:large, max-video-preview:-1\" \/>\n<link rel=\"canonical\" href=\"https:\/\/www.ucaldas.edu.co\/portal\/u-de-caldas-presento-congreso-internacional-de-creacion-innovacion-y-negocios\/\" \/>\n<script type=\"application\/ld+json\" class=\"yoast-schema-graph\">{\"@context\":\"https:\\\/\\\/schema.org\",\"@graph\":[{\"@type\":\"Article\",\"@id\":\"https:\\\/\\\/www.ucaldas.edu.co\\\/portal\\\/u-de-caldas-presento-congreso-internacional-de-creacion-innovacion-y-negocios\\\/#article\",\"isPartOf\":{\"@id\":\"https:\\\/\\\/www.ucaldas.edu.co\\\/portal\\\/u-de-caldas-presento-congreso-internacional-de-creacion-innovacion-y-negocios\\\/\"},\"author\":{\"name\":\"ofiprensa\",\"@id\":\"https:\\\/\\\/www.ucaldas.edu.co\\\/portal\\\/#\\\/schema\\\/person\\\/a1b482e23449158b4bc319926c074fdf\"},\"headline\":\"U. de Caldas present\u00f3 Congreso Internacional de Creaci\u00f3n, Innovaci\u00f3n y Negocios\",\"datePublished\":\"2012-09-26T14:26:04+00:00\",\"mainEntityOfPage\":{\"@id\":\"https:\\\/\\\/www.ucaldas.edu.co\\\/portal\\\/u-de-caldas-presento-congreso-internacional-de-creacion-innovacion-y-negocios\\\/\"},\"wordCount\":573,\"publisher\":{\"@id\":\"https:\\\/\\\/www.ucaldas.edu.co\\\/portal\\\/#organization\"},\"image\":{\"@id\":\"https:\\\/\\\/www.ucaldas.edu.co\\\/portal\\\/u-de-caldas-presento-congreso-internacional-de-creacion-innovacion-y-negocios\\\/#primaryimage\"},\"thumbnailUrl\":\"http:\\\/\\\/www.ucaldas.edu.co\\\/images\\\/tmp\\\/lanzamiento_congreso_internacional_innovacion_2012.jpg\",\"articleSection\":[\"Actualidad\",\"Universidad al D\u00eda\"],\"inLanguage\":\"es\"},{\"@type\":\"WebPage\",\"@id\":\"https:\\\/\\\/www.ucaldas.edu.co\\\/portal\\\/u-de-caldas-presento-congreso-internacional-de-creacion-innovacion-y-negocios\\\/\",\"url\":\"https:\\\/\\\/www.ucaldas.edu.co\\\/portal\\\/u-de-caldas-presento-congreso-internacional-de-creacion-innovacion-y-negocios\\\/\",\"name\":\"U. de Caldas present\u00f3 Congreso Internacional de Creaci\u00f3n, Innovaci\u00f3n y Negocios .\",\"isPartOf\":{\"@id\":\"https:\\\/\\\/www.ucaldas.edu.co\\\/portal\\\/#website\"},\"primaryImageOfPage\":{\"@id\":\"https:\\\/\\\/www.ucaldas.edu.co\\\/portal\\\/u-de-caldas-presento-congreso-internacional-de-creacion-innovacion-y-negocios\\\/#primaryimage\"},\"image\":{\"@id\":\"https:\\\/\\\/www.ucaldas.edu.co\\\/portal\\\/u-de-caldas-presento-congreso-internacional-de-creacion-innovacion-y-negocios\\\/#primaryimage\"},\"thumbnailUrl\":\"http:\\\/\\\/www.ucaldas.edu.co\\\/images\\\/tmp\\\/lanzamiento_congreso_internacional_innovacion_2012.jpg\",\"datePublished\":\"2012-09-26T14:26:04+00:00\",\"breadcrumb\":{\"@id\":\"https:\\\/\\\/www.ucaldas.edu.co\\\/portal\\\/u-de-caldas-presento-congreso-internacional-de-creacion-innovacion-y-negocios\\\/#breadcrumb\"},\"inLanguage\":\"es\",\"potentialAction\":[{\"@type\":\"ReadAction\",\"target\":[\"https:\\\/\\\/www.ucaldas.edu.co\\\/portal\\\/u-de-caldas-presento-congreso-internacional-de-creacion-innovacion-y-negocios\\\/\"]}]},{\"@type\":\"ImageObject\",\"inLanguage\":\"es\",\"@id\":\"https:\\\/\\\/www.ucaldas.edu.co\\\/portal\\\/u-de-caldas-presento-congreso-internacional-de-creacion-innovacion-y-negocios\\\/#primaryimage\",\"url\":\"http:\\\/\\\/www.ucaldas.edu.co\\\/images\\\/tmp\\\/lanzamiento_congreso_internacional_innovacion_2012.jpg\",\"contentUrl\":\"http:\\\/\\\/www.ucaldas.edu.co\\\/images\\\/tmp\\\/lanzamiento_congreso_internacional_innovacion_2012.jpg\"},{\"@type\":\"BreadcrumbList\",\"@id\":\"https:\\\/\\\/www.ucaldas.edu.co\\\/portal\\\/u-de-caldas-presento-congreso-internacional-de-creacion-innovacion-y-negocios\\\/#breadcrumb\",\"itemListElement\":[{\"@type\":\"ListItem\",\"position\":1,\"name\":\"Portada\",\"item\":\"https:\\\/\\\/www.ucaldas.edu.co\\\/portal\\\/\"},{\"@type\":\"ListItem\",\"position\":2,\"name\":\"U. de Caldas present\u00f3 Congreso Internacional de Creaci\u00f3n, Innovaci\u00f3n y Negocios\"}]},{\"@type\":\"WebSite\",\"@id\":\"https:\\\/\\\/www.ucaldas.edu.co\\\/portal\\\/#website\",\"url\":\"https:\\\/\\\/www.ucaldas.edu.co\\\/portal\\\/\",\"name\":\"Universidad de Caldas\",\"description\":\"\",\"publisher\":{\"@id\":\"https:\\\/\\\/www.ucaldas.edu.co\\\/portal\\\/#organization\"},\"alternateName\":\"U. de Caldas\",\"potentialAction\":[{\"@type\":\"SearchAction\",\"target\":{\"@type\":\"EntryPoint\",\"urlTemplate\":\"https:\\\/\\\/www.ucaldas.edu.co\\\/portal\\\/?s={search_term_string}\"},\"query-input\":{\"@type\":\"PropertyValueSpecification\",\"valueRequired\":true,\"valueName\":\"search_term_string\"}}],\"inLanguage\":\"es\"},{\"@type\":\"Organization\",\"@id\":\"https:\\\/\\\/www.ucaldas.edu.co\\\/portal\\\/#organization\",\"name\":\"Universidad de Caldas\",\"alternateName\":\"U. de Caldas\",\"url\":\"https:\\\/\\\/www.ucaldas.edu.co\\\/portal\\\/\",\"logo\":{\"@type\":\"ImageObject\",\"inLanguage\":\"es\",\"@id\":\"https:\\\/\\\/www.ucaldas.edu.co\\\/portal\\\/#\\\/schema\\\/logo\\\/image\\\/\",\"url\":\"https:\\\/\\\/www.ucaldas.edu.co\\\/portal\\\/wp-content\\\/uploads\\\/2023\\\/11\\\/Logo_horizontal_oscuroU-2023.png\",\"contentUrl\":\"https:\\\/\\\/www.ucaldas.edu.co\\\/portal\\\/wp-content\\\/uploads\\\/2023\\\/11\\\/Logo_horizontal_oscuroU-2023.png\",\"width\":263,\"height\":101,\"caption\":\"Universidad de Caldas\"},\"image\":{\"@id\":\"https:\\\/\\\/www.ucaldas.edu.co\\\/portal\\\/#\\\/schema\\\/logo\\\/image\\\/\"},\"sameAs\":[\"https:\\\/\\\/www.facebook.com\\\/udecaldas\",\"https:\\\/\\\/x.com\\\/udecaldas\",\"https:\\\/\\\/www.youtube.com\\\/universidadcaldas\",\"https:\\\/\\\/www.instagram.com\\\/udecaldas\\\/\"]},{\"@type\":\"Person\",\"@id\":\"https:\\\/\\\/www.ucaldas.edu.co\\\/portal\\\/#\\\/schema\\\/person\\\/a1b482e23449158b4bc319926c074fdf\",\"name\":\"ofiprensa\",\"image\":{\"@type\":\"ImageObject\",\"inLanguage\":\"es\",\"@id\":\"https:\\\/\\\/www.ucaldas.edu.co\\\/portal\\\/wp-content\\\/litespeed\\\/avatar\\\/09ea5085e600095a7a811142c6944527.jpg?ver=1777497608\",\"url\":\"https:\\\/\\\/www.ucaldas.edu.co\\\/portal\\\/wp-content\\\/litespeed\\\/avatar\\\/09ea5085e600095a7a811142c6944527.jpg?ver=1777497608\",\"contentUrl\":\"https:\\\/\\\/www.ucaldas.edu.co\\\/portal\\\/wp-content\\\/litespeed\\\/avatar\\\/09ea5085e600095a7a811142c6944527.jpg?ver=1777497608\",\"caption\":\"ofiprensa\"},\"url\":\"https:\\\/\\\/www.ucaldas.edu.co\\\/portal\\\/author\\\/ofiprensa\\\/\"}]}<\/script>\n<!-- \/ Yoast SEO plugin. -->","yoast_head_json":{"title":"U. de Caldas present\u00f3 Congreso Internacional de Creaci\u00f3n, Innovaci\u00f3n y Negocios .","robots":{"index":"index","follow":"follow","max-snippet":"max-snippet:-1","max-image-preview":"max-image-preview:large","max-video-preview":"max-video-preview:-1"},"canonical":"https:\/\/www.ucaldas.edu.co\/portal\/u-de-caldas-presento-congreso-internacional-de-creacion-innovacion-y-negocios\/","schema":{"@context":"https:\/\/schema.org","@graph":[{"@type":"Article","@id":"https:\/\/www.ucaldas.edu.co\/portal\/u-de-caldas-presento-congreso-internacional-de-creacion-innovacion-y-negocios\/#article","isPartOf":{"@id":"https:\/\/www.ucaldas.edu.co\/portal\/u-de-caldas-presento-congreso-internacional-de-creacion-innovacion-y-negocios\/"},"author":{"name":"ofiprensa","@id":"https:\/\/www.ucaldas.edu.co\/portal\/#\/schema\/person\/a1b482e23449158b4bc319926c074fdf"},"headline":"U. de Caldas present\u00f3 Congreso Internacional de Creaci\u00f3n, Innovaci\u00f3n y Negocios","datePublished":"2012-09-26T14:26:04+00:00","mainEntityOfPage":{"@id":"https:\/\/www.ucaldas.edu.co\/portal\/u-de-caldas-presento-congreso-internacional-de-creacion-innovacion-y-negocios\/"},"wordCount":573,"publisher":{"@id":"https:\/\/www.ucaldas.edu.co\/portal\/#organization"},"image":{"@id":"https:\/\/www.ucaldas.edu.co\/portal\/u-de-caldas-presento-congreso-internacional-de-creacion-innovacion-y-negocios\/#primaryimage"},"thumbnailUrl":"http:\/\/www.ucaldas.edu.co\/images\/tmp\/lanzamiento_congreso_internacional_innovacion_2012.jpg","articleSection":["Actualidad","Universidad al D\u00eda"],"inLanguage":"es"},{"@type":"WebPage","@id":"https:\/\/www.ucaldas.edu.co\/portal\/u-de-caldas-presento-congreso-internacional-de-creacion-innovacion-y-negocios\/","url":"https:\/\/www.ucaldas.edu.co\/portal\/u-de-caldas-presento-congreso-internacional-de-creacion-innovacion-y-negocios\/","name":"U. de Caldas present\u00f3 Congreso Internacional de Creaci\u00f3n, Innovaci\u00f3n y Negocios .","isPartOf":{"@id":"https:\/\/www.ucaldas.edu.co\/portal\/#website"},"primaryImageOfPage":{"@id":"https:\/\/www.ucaldas.edu.co\/portal\/u-de-caldas-presento-congreso-internacional-de-creacion-innovacion-y-negocios\/#primaryimage"},"image":{"@id":"https:\/\/www.ucaldas.edu.co\/portal\/u-de-caldas-presento-congreso-internacional-de-creacion-innovacion-y-negocios\/#primaryimage"},"thumbnailUrl":"http:\/\/www.ucaldas.edu.co\/images\/tmp\/lanzamiento_congreso_internacional_innovacion_2012.jpg","datePublished":"2012-09-26T14:26:04+00:00","breadcrumb":{"@id":"https:\/\/www.ucaldas.edu.co\/portal\/u-de-caldas-presento-congreso-internacional-de-creacion-innovacion-y-negocios\/#breadcrumb"},"inLanguage":"es","potentialAction":[{"@type":"ReadAction","target":["https:\/\/www.ucaldas.edu.co\/portal\/u-de-caldas-presento-congreso-internacional-de-creacion-innovacion-y-negocios\/"]}]},{"@type":"ImageObject","inLanguage":"es","@id":"https:\/\/www.ucaldas.edu.co\/portal\/u-de-caldas-presento-congreso-internacional-de-creacion-innovacion-y-negocios\/#primaryimage","url":"http:\/\/www.ucaldas.edu.co\/images\/tmp\/lanzamiento_congreso_internacional_innovacion_2012.jpg","contentUrl":"http:\/\/www.ucaldas.edu.co\/images\/tmp\/lanzamiento_congreso_internacional_innovacion_2012.jpg"},{"@type":"BreadcrumbList","@id":"https:\/\/www.ucaldas.edu.co\/portal\/u-de-caldas-presento-congreso-internacional-de-creacion-innovacion-y-negocios\/#breadcrumb","itemListElement":[{"@type":"ListItem","position":1,"name":"Portada","item":"https:\/\/www.ucaldas.edu.co\/portal\/"},{"@type":"ListItem","position":2,"name":"U. de Caldas present\u00f3 Congreso Internacional de Creaci\u00f3n, Innovaci\u00f3n y Negocios"}]},{"@type":"WebSite","@id":"https:\/\/www.ucaldas.edu.co\/portal\/#website","url":"https:\/\/www.ucaldas.edu.co\/portal\/","name":"Universidad de Caldas","description":"","publisher":{"@id":"https:\/\/www.ucaldas.edu.co\/portal\/#organization"},"alternateName":"U. de Caldas","potentialAction":[{"@type":"SearchAction","target":{"@type":"EntryPoint","urlTemplate":"https:\/\/www.ucaldas.edu.co\/portal\/?s={search_term_string}"},"query-input":{"@type":"PropertyValueSpecification","valueRequired":true,"valueName":"search_term_string"}}],"inLanguage":"es"},{"@type":"Organization","@id":"https:\/\/www.ucaldas.edu.co\/portal\/#organization","name":"Universidad de Caldas","alternateName":"U. de Caldas","url":"https:\/\/www.ucaldas.edu.co\/portal\/","logo":{"@type":"ImageObject","inLanguage":"es","@id":"https:\/\/www.ucaldas.edu.co\/portal\/#\/schema\/logo\/image\/","url":"https:\/\/www.ucaldas.edu.co\/portal\/wp-content\/uploads\/2023\/11\/Logo_horizontal_oscuroU-2023.png","contentUrl":"https:\/\/www.ucaldas.edu.co\/portal\/wp-content\/uploads\/2023\/11\/Logo_horizontal_oscuroU-2023.png","width":263,"height":101,"caption":"Universidad de Caldas"},"image":{"@id":"https:\/\/www.ucaldas.edu.co\/portal\/#\/schema\/logo\/image\/"},"sameAs":["https:\/\/www.facebook.com\/udecaldas","https:\/\/x.com\/udecaldas","https:\/\/www.youtube.com\/universidadcaldas","https:\/\/www.instagram.com\/udecaldas\/"]},{"@type":"Person","@id":"https:\/\/www.ucaldas.edu.co\/portal\/#\/schema\/person\/a1b482e23449158b4bc319926c074fdf","name":"ofiprensa","image":{"@type":"ImageObject","inLanguage":"es","@id":"https:\/\/www.ucaldas.edu.co\/portal\/wp-content\/litespeed\/avatar\/09ea5085e600095a7a811142c6944527.jpg?ver=1777497608","url":"https:\/\/www.ucaldas.edu.co\/portal\/wp-content\/litespeed\/avatar\/09ea5085e600095a7a811142c6944527.jpg?ver=1777497608","contentUrl":"https:\/\/www.ucaldas.edu.co\/portal\/wp-content\/litespeed\/avatar\/09ea5085e600095a7a811142c6944527.jpg?ver=1777497608","caption":"ofiprensa"},"url":"https:\/\/www.ucaldas.edu.co\/portal\/author\/ofiprensa\/"}]}},"_links":{"self":[{"href":"https:\/\/www.ucaldas.edu.co\/portal\/wp-json\/wp\/v2\/posts\/12533","targetHints":{"allow":["GET"]}}],"collection":[{"href":"https:\/\/www.ucaldas.edu.co\/portal\/wp-json\/wp\/v2\/posts"}],"about":[{"href":"https:\/\/www.ucaldas.edu.co\/portal\/wp-json\/wp\/v2\/types\/post"}],"author":[{"embeddable":true,"href":"https:\/\/www.ucaldas.edu.co\/portal\/wp-json\/wp\/v2\/users\/2"}],"replies":[{"embeddable":true,"href":"https:\/\/www.ucaldas.edu.co\/portal\/wp-json\/wp\/v2\/comments?post=12533"}],"version-history":[{"count":0,"href":"https:\/\/www.ucaldas.edu.co\/portal\/wp-json\/wp\/v2\/posts\/12533\/revisions"}],"wp:attachment":[{"href":"https:\/\/www.ucaldas.edu.co\/portal\/wp-json\/wp\/v2\/media?parent=12533"}],"wp:term":[{"taxonomy":"category","embeddable":true,"href":"https:\/\/www.ucaldas.edu.co\/portal\/wp-json\/wp\/v2\/categories?post=12533"},{"taxonomy":"post_tag","embeddable":true,"href":"https:\/\/www.ucaldas.edu.co\/portal\/wp-json\/wp\/v2\/tags?post=12533"}],"curies":[{"name":"wp","href":"https:\/\/api.w.org\/{rel}","templated":true}]}}