{"id":12531,"date":"2012-09-26T09:24:57","date_gmt":"2012-09-26T14:24:57","guid":{"rendered":"https:\/\/www.ucaldas.edu.co\/portal\/?p=12531"},"modified":"2012-09-26T09:24:57","modified_gmt":"2012-09-26T14:24:57","slug":"profesor-mexicano-orienta-dos-cursos-sobre-ciudades-y-juventud-en-u-de-caldas","status":"publish","type":"post","link":"https:\/\/www.ucaldas.edu.co\/portal\/profesor-mexicano-orienta-dos-cursos-sobre-ciudades-y-juventud-en-u-de-caldas\/","title":{"rendered":"Profesor mexicano orienta dos cursos sobre ciudades y juventud, en U. de Caldas"},"content":{"rendered":"<p align=\"center\">Se trata de Jos\u00e9 Guadalupe Rivera Gonz\u00e1lez, de la U. Aut\u00f3noma de San Lu\u00eds Potos\u00ed<\/p>\n<p align=\"right\">26\/09\/2012<\/p>\n<hr \/>\n<p align=\"right\">Redacci\u00f3n: Margarita Laverde Galvis<\/p>\n<p><b>\u00a0<\/b><\/p>\n<table border=\"0\">\n<tbody>\n<tr>\n<td>\u00a0<img loading=\"lazy\" decoding=\"async\" style=\"border: 0px\" title=\"Invitado\" alt=\"Invitado\" src=\"http:\/\/www.ucaldas.edu.co\/images\/tmp\/invitado_mexicano_curso_antropologia_2012.jpg\" width=\"240\" height=\"150\" border=\"0\" \/><\/p>\n<h4>Foto: Guillermo Sarmiento Estrada\/ Prensa U. de Caldas.<\/h4>\n<\/td>\n<td>Con el <b>objetivo<\/b> de <b>intercambiar ideas y experiencias<\/b> <b>con estudiantes e investigadores de Colombia<\/b>, <b>a partir<\/b> de las <b>vivencias en M\u00e9xico<\/b>, Jos\u00e9 Guadalupe Rivera Gonz\u00e1lez, <b>profesor<\/b> de la <b>Universidad Aut\u00f3noma de San Lu\u00eds Potos\u00ed, <\/b>de ese pa\u00eds,<b> visita<\/b> la <b>Universidad de Caldas<\/b> desde este <b>mi\u00e9rcoles 26<\/b> de <b>septiembre <\/b>y <b>hasta<\/b> el <b>s\u00e1bado 6<\/b> de <b>octubre<\/b> del 2012.<\/td>\n<\/tr>\n<\/tbody>\n<\/table>\n<p>&nbsp;<\/p>\n<p>&nbsp;<\/p>\n<p>El invitado <b>orientar\u00e1 dos cursos<\/b> sobre <i>Antropolog\u00edas de las ciudades en Am\u00e9rica Latina<\/i> y J<i>uventudes en Am\u00e9rica Latina: exclusiones, violencias e identidades.<\/i><\/p>\n<p>&nbsp;<\/p>\n<p>\u201cRespecto al tema de los j\u00f3venes, es un tema muy complejo porque muchas veces su alternativas es la migraci\u00f3n. M\u00e9xico es un pa\u00eds de paso para muchos migrantes de pa\u00edses de Centroam\u00e9rica y el pa\u00eds enfrenta uno de los m\u00e1s grandes problemas de violencia de los \u00faltimos a\u00f1os, por el narcotr\u00e1fico\u201d, coment\u00f3 Rivera Gonz\u00e1lez.<\/p>\n<p>&nbsp;<\/p>\n<p>\u201cEste es un tema asociado a toda la regi\u00f3n. Busco analizar las condiciones que enfrenta hoy este sector, uno de los m\u00e1s vulnerables. Respecto al tema de las ciudades, mi mensaje es sobre el reto de ciudades que crecen sin un orden, con falta de servicios, violencia e inseguridad\u201d, agreg\u00f3 el invitado.<\/p>\n<p>&nbsp;<\/p>\n<p>\u201cEn Am\u00e9rica Latina hemos visto c\u00f3mo este fen\u00f3meno ha crecido de manera significativa, pues hoy en d\u00eda el 70% de la poblaci\u00f3n de estos pa\u00edses vive en ciudades y es en donde est\u00e1 residiendo un alto porcentaje de la poblaci\u00f3n, lo que implica riesgos, situaciones que como acad\u00e9micos y pol\u00edticos se deben atender. Son problemas latentes\u201d.<\/p>\n<p>&nbsp;<\/p>\n<p>El encuentro lo <b>organiza<\/b> el <b>Instituto de Investigaciones en Ciencias Sociales y Humanas<\/b> (ICSH) de la Instituci\u00f3n.<\/p>\n<p>&nbsp;<\/p>\n<p><a href=\"http:\/\/www.facebook.com\/media\/set\/?set=a.414734178588453.97971.107054166023124&amp;type=3\" target=\"_blank\">Conozca im\u00e1genes de la visita de profesor de la Universidad Aut\u00f3noma de San Lu\u00eds Potos\u00ed (M\u00e9xico) a la U. de Caldas<\/a><\/p>\n<p>&nbsp;<\/p>\n<p><b>Informes: <\/b>ICSH, tel\u00e9fono 878 15 00, extensi\u00f3n 18 031.<\/p>\n<p>&nbsp;<\/p>\n","protected":false},"excerpt":{"rendered":"<p>Se trata de Jos\u00e9 Guadalupe Rivera Gonz\u00e1lez, de la U. Aut\u00f3noma de San Lu\u00eds Potos\u00ed 26\/09\/2012 Redacci\u00f3n: Margarita Laverde Galvis \u00a0 \u00a0 Foto: Guillermo Sarmiento Estrada\/ Prensa U. de Caldas. Con el objetivo de intercambiar ideas y experiencias con estudiantes e investigadores de Colombia, a partir de las vivencias en M\u00e9xico, Jos\u00e9 Guadalupe Rivera Gonz\u00e1lez, [&hellip;]<\/p>\n","protected":false},"author":2,"featured_media":0,"comment_status":"closed","ping_status":"closed","sticky":false,"template":"","format":"standard","meta":{"footnotes":""},"categories":[48,53],"tags":[],"class_list":["post-12531","post","type-post","status-publish","format-standard","hentry","category-actualidad","category-universidad-al-dia"],"yoast_head":"<!-- This site is optimized with the Yoast SEO plugin v27.5 - https:\/\/yoast.com\/product\/yoast-seo-wordpress\/ -->\n<title>Profesor mexicano orienta dos cursos sobre ciudades y juventud, en U. de Caldas .<\/title>\n<meta name=\"robots\" content=\"index, follow, max-snippet:-1, max-image-preview:large, max-video-preview:-1\" \/>\n<link rel=\"canonical\" href=\"https:\/\/www.ucaldas.edu.co\/portal\/profesor-mexicano-orienta-dos-cursos-sobre-ciudades-y-juventud-en-u-de-caldas\/\" \/>\n<script type=\"application\/ld+json\" class=\"yoast-schema-graph\">{\"@context\":\"https:\\\/\\\/schema.org\",\"@graph\":[{\"@type\":\"Article\",\"@id\":\"https:\\\/\\\/www.ucaldas.edu.co\\\/portal\\\/profesor-mexicano-orienta-dos-cursos-sobre-ciudades-y-juventud-en-u-de-caldas\\\/#article\",\"isPartOf\":{\"@id\":\"https:\\\/\\\/www.ucaldas.edu.co\\\/portal\\\/profesor-mexicano-orienta-dos-cursos-sobre-ciudades-y-juventud-en-u-de-caldas\\\/\"},\"author\":{\"name\":\"ofiprensa\",\"@id\":\"https:\\\/\\\/www.ucaldas.edu.co\\\/portal\\\/#\\\/schema\\\/person\\\/a1b482e23449158b4bc319926c074fdf\"},\"headline\":\"Profesor mexicano orienta dos cursos sobre ciudades y juventud, en U. de Caldas\",\"datePublished\":\"2012-09-26T14:24:57+00:00\",\"mainEntityOfPage\":{\"@id\":\"https:\\\/\\\/www.ucaldas.edu.co\\\/portal\\\/profesor-mexicano-orienta-dos-cursos-sobre-ciudades-y-juventud-en-u-de-caldas\\\/\"},\"wordCount\":371,\"publisher\":{\"@id\":\"https:\\\/\\\/www.ucaldas.edu.co\\\/portal\\\/#organization\"},\"image\":{\"@id\":\"https:\\\/\\\/www.ucaldas.edu.co\\\/portal\\\/profesor-mexicano-orienta-dos-cursos-sobre-ciudades-y-juventud-en-u-de-caldas\\\/#primaryimage\"},\"thumbnailUrl\":\"http:\\\/\\\/www.ucaldas.edu.co\\\/images\\\/tmp\\\/invitado_mexicano_curso_antropologia_2012.jpg\",\"articleSection\":[\"Actualidad\",\"Universidad al D\u00eda\"],\"inLanguage\":\"es\"},{\"@type\":\"WebPage\",\"@id\":\"https:\\\/\\\/www.ucaldas.edu.co\\\/portal\\\/profesor-mexicano-orienta-dos-cursos-sobre-ciudades-y-juventud-en-u-de-caldas\\\/\",\"url\":\"https:\\\/\\\/www.ucaldas.edu.co\\\/portal\\\/profesor-mexicano-orienta-dos-cursos-sobre-ciudades-y-juventud-en-u-de-caldas\\\/\",\"name\":\"Profesor mexicano orienta dos cursos sobre ciudades y juventud, en U. de Caldas .\",\"isPartOf\":{\"@id\":\"https:\\\/\\\/www.ucaldas.edu.co\\\/portal\\\/#website\"},\"primaryImageOfPage\":{\"@id\":\"https:\\\/\\\/www.ucaldas.edu.co\\\/portal\\\/profesor-mexicano-orienta-dos-cursos-sobre-ciudades-y-juventud-en-u-de-caldas\\\/#primaryimage\"},\"image\":{\"@id\":\"https:\\\/\\\/www.ucaldas.edu.co\\\/portal\\\/profesor-mexicano-orienta-dos-cursos-sobre-ciudades-y-juventud-en-u-de-caldas\\\/#primaryimage\"},\"thumbnailUrl\":\"http:\\\/\\\/www.ucaldas.edu.co\\\/images\\\/tmp\\\/invitado_mexicano_curso_antropologia_2012.jpg\",\"datePublished\":\"2012-09-26T14:24:57+00:00\",\"breadcrumb\":{\"@id\":\"https:\\\/\\\/www.ucaldas.edu.co\\\/portal\\\/profesor-mexicano-orienta-dos-cursos-sobre-ciudades-y-juventud-en-u-de-caldas\\\/#breadcrumb\"},\"inLanguage\":\"es\",\"potentialAction\":[{\"@type\":\"ReadAction\",\"target\":[\"https:\\\/\\\/www.ucaldas.edu.co\\\/portal\\\/profesor-mexicano-orienta-dos-cursos-sobre-ciudades-y-juventud-en-u-de-caldas\\\/\"]}]},{\"@type\":\"ImageObject\",\"inLanguage\":\"es\",\"@id\":\"https:\\\/\\\/www.ucaldas.edu.co\\\/portal\\\/profesor-mexicano-orienta-dos-cursos-sobre-ciudades-y-juventud-en-u-de-caldas\\\/#primaryimage\",\"url\":\"http:\\\/\\\/www.ucaldas.edu.co\\\/images\\\/tmp\\\/invitado_mexicano_curso_antropologia_2012.jpg\",\"contentUrl\":\"http:\\\/\\\/www.ucaldas.edu.co\\\/images\\\/tmp\\\/invitado_mexicano_curso_antropologia_2012.jpg\"},{\"@type\":\"BreadcrumbList\",\"@id\":\"https:\\\/\\\/www.ucaldas.edu.co\\\/portal\\\/profesor-mexicano-orienta-dos-cursos-sobre-ciudades-y-juventud-en-u-de-caldas\\\/#breadcrumb\",\"itemListElement\":[{\"@type\":\"ListItem\",\"position\":1,\"name\":\"Portada\",\"item\":\"https:\\\/\\\/www.ucaldas.edu.co\\\/portal\\\/\"},{\"@type\":\"ListItem\",\"position\":2,\"name\":\"Profesor mexicano orienta dos cursos sobre ciudades y juventud, en U. de Caldas\"}]},{\"@type\":\"WebSite\",\"@id\":\"https:\\\/\\\/www.ucaldas.edu.co\\\/portal\\\/#website\",\"url\":\"https:\\\/\\\/www.ucaldas.edu.co\\\/portal\\\/\",\"name\":\"Universidad de Caldas\",\"description\":\"\",\"publisher\":{\"@id\":\"https:\\\/\\\/www.ucaldas.edu.co\\\/portal\\\/#organization\"},\"alternateName\":\"U. de Caldas\",\"potentialAction\":[{\"@type\":\"SearchAction\",\"target\":{\"@type\":\"EntryPoint\",\"urlTemplate\":\"https:\\\/\\\/www.ucaldas.edu.co\\\/portal\\\/?s={search_term_string}\"},\"query-input\":{\"@type\":\"PropertyValueSpecification\",\"valueRequired\":true,\"valueName\":\"search_term_string\"}}],\"inLanguage\":\"es\"},{\"@type\":\"Organization\",\"@id\":\"https:\\\/\\\/www.ucaldas.edu.co\\\/portal\\\/#organization\",\"name\":\"Universidad de Caldas\",\"alternateName\":\"U. de Caldas\",\"url\":\"https:\\\/\\\/www.ucaldas.edu.co\\\/portal\\\/\",\"logo\":{\"@type\":\"ImageObject\",\"inLanguage\":\"es\",\"@id\":\"https:\\\/\\\/www.ucaldas.edu.co\\\/portal\\\/#\\\/schema\\\/logo\\\/image\\\/\",\"url\":\"https:\\\/\\\/www.ucaldas.edu.co\\\/portal\\\/wp-content\\\/uploads\\\/2023\\\/11\\\/Logo_horizontal_oscuroU-2023.png\",\"contentUrl\":\"https:\\\/\\\/www.ucaldas.edu.co\\\/portal\\\/wp-content\\\/uploads\\\/2023\\\/11\\\/Logo_horizontal_oscuroU-2023.png\",\"width\":263,\"height\":101,\"caption\":\"Universidad de Caldas\"},\"image\":{\"@id\":\"https:\\\/\\\/www.ucaldas.edu.co\\\/portal\\\/#\\\/schema\\\/logo\\\/image\\\/\"},\"sameAs\":[\"https:\\\/\\\/www.facebook.com\\\/udecaldas\",\"https:\\\/\\\/x.com\\\/udecaldas\",\"https:\\\/\\\/www.youtube.com\\\/universidadcaldas\",\"https:\\\/\\\/www.instagram.com\\\/udecaldas\\\/\"]},{\"@type\":\"Person\",\"@id\":\"https:\\\/\\\/www.ucaldas.edu.co\\\/portal\\\/#\\\/schema\\\/person\\\/a1b482e23449158b4bc319926c074fdf\",\"name\":\"ofiprensa\",\"image\":{\"@type\":\"ImageObject\",\"inLanguage\":\"es\",\"@id\":\"https:\\\/\\\/www.ucaldas.edu.co\\\/portal\\\/wp-content\\\/litespeed\\\/avatar\\\/09ea5085e600095a7a811142c6944527.jpg?ver=1777497608\",\"url\":\"https:\\\/\\\/www.ucaldas.edu.co\\\/portal\\\/wp-content\\\/litespeed\\\/avatar\\\/09ea5085e600095a7a811142c6944527.jpg?ver=1777497608\",\"contentUrl\":\"https:\\\/\\\/www.ucaldas.edu.co\\\/portal\\\/wp-content\\\/litespeed\\\/avatar\\\/09ea5085e600095a7a811142c6944527.jpg?ver=1777497608\",\"caption\":\"ofiprensa\"},\"url\":\"https:\\\/\\\/www.ucaldas.edu.co\\\/portal\\\/author\\\/ofiprensa\\\/\"}]}<\/script>\n<!-- \/ Yoast SEO plugin. -->","yoast_head_json":{"title":"Profesor mexicano orienta dos cursos sobre ciudades y juventud, en U. de Caldas .","robots":{"index":"index","follow":"follow","max-snippet":"max-snippet:-1","max-image-preview":"max-image-preview:large","max-video-preview":"max-video-preview:-1"},"canonical":"https:\/\/www.ucaldas.edu.co\/portal\/profesor-mexicano-orienta-dos-cursos-sobre-ciudades-y-juventud-en-u-de-caldas\/","schema":{"@context":"https:\/\/schema.org","@graph":[{"@type":"Article","@id":"https:\/\/www.ucaldas.edu.co\/portal\/profesor-mexicano-orienta-dos-cursos-sobre-ciudades-y-juventud-en-u-de-caldas\/#article","isPartOf":{"@id":"https:\/\/www.ucaldas.edu.co\/portal\/profesor-mexicano-orienta-dos-cursos-sobre-ciudades-y-juventud-en-u-de-caldas\/"},"author":{"name":"ofiprensa","@id":"https:\/\/www.ucaldas.edu.co\/portal\/#\/schema\/person\/a1b482e23449158b4bc319926c074fdf"},"headline":"Profesor mexicano orienta dos cursos sobre ciudades y juventud, en U. de Caldas","datePublished":"2012-09-26T14:24:57+00:00","mainEntityOfPage":{"@id":"https:\/\/www.ucaldas.edu.co\/portal\/profesor-mexicano-orienta-dos-cursos-sobre-ciudades-y-juventud-en-u-de-caldas\/"},"wordCount":371,"publisher":{"@id":"https:\/\/www.ucaldas.edu.co\/portal\/#organization"},"image":{"@id":"https:\/\/www.ucaldas.edu.co\/portal\/profesor-mexicano-orienta-dos-cursos-sobre-ciudades-y-juventud-en-u-de-caldas\/#primaryimage"},"thumbnailUrl":"http:\/\/www.ucaldas.edu.co\/images\/tmp\/invitado_mexicano_curso_antropologia_2012.jpg","articleSection":["Actualidad","Universidad al D\u00eda"],"inLanguage":"es"},{"@type":"WebPage","@id":"https:\/\/www.ucaldas.edu.co\/portal\/profesor-mexicano-orienta-dos-cursos-sobre-ciudades-y-juventud-en-u-de-caldas\/","url":"https:\/\/www.ucaldas.edu.co\/portal\/profesor-mexicano-orienta-dos-cursos-sobre-ciudades-y-juventud-en-u-de-caldas\/","name":"Profesor mexicano orienta dos cursos sobre ciudades y juventud, en U. de Caldas .","isPartOf":{"@id":"https:\/\/www.ucaldas.edu.co\/portal\/#website"},"primaryImageOfPage":{"@id":"https:\/\/www.ucaldas.edu.co\/portal\/profesor-mexicano-orienta-dos-cursos-sobre-ciudades-y-juventud-en-u-de-caldas\/#primaryimage"},"image":{"@id":"https:\/\/www.ucaldas.edu.co\/portal\/profesor-mexicano-orienta-dos-cursos-sobre-ciudades-y-juventud-en-u-de-caldas\/#primaryimage"},"thumbnailUrl":"http:\/\/www.ucaldas.edu.co\/images\/tmp\/invitado_mexicano_curso_antropologia_2012.jpg","datePublished":"2012-09-26T14:24:57+00:00","breadcrumb":{"@id":"https:\/\/www.ucaldas.edu.co\/portal\/profesor-mexicano-orienta-dos-cursos-sobre-ciudades-y-juventud-en-u-de-caldas\/#breadcrumb"},"inLanguage":"es","potentialAction":[{"@type":"ReadAction","target":["https:\/\/www.ucaldas.edu.co\/portal\/profesor-mexicano-orienta-dos-cursos-sobre-ciudades-y-juventud-en-u-de-caldas\/"]}]},{"@type":"ImageObject","inLanguage":"es","@id":"https:\/\/www.ucaldas.edu.co\/portal\/profesor-mexicano-orienta-dos-cursos-sobre-ciudades-y-juventud-en-u-de-caldas\/#primaryimage","url":"http:\/\/www.ucaldas.edu.co\/images\/tmp\/invitado_mexicano_curso_antropologia_2012.jpg","contentUrl":"http:\/\/www.ucaldas.edu.co\/images\/tmp\/invitado_mexicano_curso_antropologia_2012.jpg"},{"@type":"BreadcrumbList","@id":"https:\/\/www.ucaldas.edu.co\/portal\/profesor-mexicano-orienta-dos-cursos-sobre-ciudades-y-juventud-en-u-de-caldas\/#breadcrumb","itemListElement":[{"@type":"ListItem","position":1,"name":"Portada","item":"https:\/\/www.ucaldas.edu.co\/portal\/"},{"@type":"ListItem","position":2,"name":"Profesor mexicano orienta dos cursos sobre ciudades y juventud, en U. de Caldas"}]},{"@type":"WebSite","@id":"https:\/\/www.ucaldas.edu.co\/portal\/#website","url":"https:\/\/www.ucaldas.edu.co\/portal\/","name":"Universidad de Caldas","description":"","publisher":{"@id":"https:\/\/www.ucaldas.edu.co\/portal\/#organization"},"alternateName":"U. de Caldas","potentialAction":[{"@type":"SearchAction","target":{"@type":"EntryPoint","urlTemplate":"https:\/\/www.ucaldas.edu.co\/portal\/?s={search_term_string}"},"query-input":{"@type":"PropertyValueSpecification","valueRequired":true,"valueName":"search_term_string"}}],"inLanguage":"es"},{"@type":"Organization","@id":"https:\/\/www.ucaldas.edu.co\/portal\/#organization","name":"Universidad de Caldas","alternateName":"U. de Caldas","url":"https:\/\/www.ucaldas.edu.co\/portal\/","logo":{"@type":"ImageObject","inLanguage":"es","@id":"https:\/\/www.ucaldas.edu.co\/portal\/#\/schema\/logo\/image\/","url":"https:\/\/www.ucaldas.edu.co\/portal\/wp-content\/uploads\/2023\/11\/Logo_horizontal_oscuroU-2023.png","contentUrl":"https:\/\/www.ucaldas.edu.co\/portal\/wp-content\/uploads\/2023\/11\/Logo_horizontal_oscuroU-2023.png","width":263,"height":101,"caption":"Universidad de Caldas"},"image":{"@id":"https:\/\/www.ucaldas.edu.co\/portal\/#\/schema\/logo\/image\/"},"sameAs":["https:\/\/www.facebook.com\/udecaldas","https:\/\/x.com\/udecaldas","https:\/\/www.youtube.com\/universidadcaldas","https:\/\/www.instagram.com\/udecaldas\/"]},{"@type":"Person","@id":"https:\/\/www.ucaldas.edu.co\/portal\/#\/schema\/person\/a1b482e23449158b4bc319926c074fdf","name":"ofiprensa","image":{"@type":"ImageObject","inLanguage":"es","@id":"https:\/\/www.ucaldas.edu.co\/portal\/wp-content\/litespeed\/avatar\/09ea5085e600095a7a811142c6944527.jpg?ver=1777497608","url":"https:\/\/www.ucaldas.edu.co\/portal\/wp-content\/litespeed\/avatar\/09ea5085e600095a7a811142c6944527.jpg?ver=1777497608","contentUrl":"https:\/\/www.ucaldas.edu.co\/portal\/wp-content\/litespeed\/avatar\/09ea5085e600095a7a811142c6944527.jpg?ver=1777497608","caption":"ofiprensa"},"url":"https:\/\/www.ucaldas.edu.co\/portal\/author\/ofiprensa\/"}]}},"_links":{"self":[{"href":"https:\/\/www.ucaldas.edu.co\/portal\/wp-json\/wp\/v2\/posts\/12531","targetHints":{"allow":["GET"]}}],"collection":[{"href":"https:\/\/www.ucaldas.edu.co\/portal\/wp-json\/wp\/v2\/posts"}],"about":[{"href":"https:\/\/www.ucaldas.edu.co\/portal\/wp-json\/wp\/v2\/types\/post"}],"author":[{"embeddable":true,"href":"https:\/\/www.ucaldas.edu.co\/portal\/wp-json\/wp\/v2\/users\/2"}],"replies":[{"embeddable":true,"href":"https:\/\/www.ucaldas.edu.co\/portal\/wp-json\/wp\/v2\/comments?post=12531"}],"version-history":[{"count":0,"href":"https:\/\/www.ucaldas.edu.co\/portal\/wp-json\/wp\/v2\/posts\/12531\/revisions"}],"wp:attachment":[{"href":"https:\/\/www.ucaldas.edu.co\/portal\/wp-json\/wp\/v2\/media?parent=12531"}],"wp:term":[{"taxonomy":"category","embeddable":true,"href":"https:\/\/www.ucaldas.edu.co\/portal\/wp-json\/wp\/v2\/categories?post=12531"},{"taxonomy":"post_tag","embeddable":true,"href":"https:\/\/www.ucaldas.edu.co\/portal\/wp-json\/wp\/v2\/tags?post=12531"}],"curies":[{"name":"wp","href":"https:\/\/api.w.org\/{rel}","templated":true}]}}