{"id":12529,"date":"2012-09-26T09:23:51","date_gmt":"2012-09-26T14:23:51","guid":{"rendered":"https:\/\/www.ucaldas.edu.co\/portal\/?p=12529"},"modified":"2012-09-26T09:23:51","modified_gmt":"2012-09-26T14:23:51","slug":"u-de-caldas-realizo-conversatorio-sobre-futuro-de-la-ganaderia","status":"publish","type":"post","link":"https:\/\/www.ucaldas.edu.co\/portal\/u-de-caldas-realizo-conversatorio-sobre-futuro-de-la-ganaderia\/","title":{"rendered":"U. de Caldas realiz\u00f3 conversatorio sobre futuro de la ganader\u00eda"},"content":{"rendered":"<p align=\"center\">En encuentro de Asociaci\u00f3n de Egresados de Medicina Veterinaria y Zootecnia de la Instituci\u00f3n<\/p>\n<p align=\"right\">26\/09\/2012<\/p>\n<hr \/>\n<p align=\"right\">Redacci\u00f3n: Mar\u00eda Fernanda Restrepo Torres<\/p>\n<table border=\"0\">\n<tbody>\n<tr>\n<td>\u00a0<img loading=\"lazy\" decoding=\"async\" style=\"border: 0px\" title=\"Ganader\u00eda\" alt=\"Ganader\u00eda\" src=\"http:\/\/www.ucaldas.edu.co\/images\/tmp\/conversatorio_ganaderia_asevez_2012.jpg\" width=\"240\" height=\"150\" border=\"0\" \/><\/p>\n<h4>Foto: Guillermo Sarmiento Estrada\/ Prensa U. de Caldas.<\/h4>\n<\/td>\n<td>Con el fin de <b>brindar<\/b> <b>perspectivas <\/b>sobre el <b>porvenir <\/b>del <b>sector ganadero<\/b> y la <b>importancia<\/b> de las <b>asociaciones<\/b> entre <b>integrantes<\/b> de este <b>gremio<\/b>, se realiz\u00f3 el <b>segundo conversatorio<\/b> sobre <b><i>El Futuro de la Ganader\u00eda<\/i><\/b><i>, <\/i>organizado por la <b>Asociaci\u00f3n<\/b> de <b>Egresados <\/b>de<b> Medicina Veterinaria <\/b>y<b> Zootecnia (Asevez)<\/b> de la <b>Universidad de Caldas<\/b>.<\/td>\n<\/tr>\n<\/tbody>\n<\/table>\n<p>&nbsp;<\/p>\n<p>El encuentro se celebr\u00f3 el <b>mi\u00e9rcoles 26<\/b> de <b>septiembre<\/b> de 2012 con la <b>presencia<\/b> del <b>Asesor <\/b>del <b>Ministro de Agricultura<\/b> <b>de Colombia<\/b>, Luis Alejandro Perea Albarrac\u00edn. Tambi\u00e9n <b>participaron<\/b> <b>miembros de Asevez<\/b>, el <b>Comit\u00e9 <\/b>de<b> Ganaderos de Caldas<\/b>, <b>Asoganabol<\/b> (Valle), <b>Unilac<\/b> (Antioquia), entre otros.<\/p>\n<p><b>Perspectivas de la ganader\u00eda<br \/>\n<\/b>De acuerdo con <b>Perea Albarrac\u00edn<\/b>, \u201cdesde el Ministerio consideramos que, a pesar de la incertidumbre que agobia el sector, hay una din\u00e1mica comercial en el mundo con solicitudes de prote\u00edna de origen animal (carne y leche) que crece d\u00eda a d\u00eda y la tendencia es que ese crecimiento sea de mayor incidencia en las pr\u00f3ximas d\u00e9cadas\u201d.<\/p>\n<p>\u201cLa necesidad de alimento para el mundo de hoy, de acuerdo con los c\u00e1lculos de la ONU, en los pr\u00f3ximos 30 o 40 a\u00f1os se debe incrementar en un 70% respecto a las actuales existencias. Esto da un panorama de lo amplio y del potencial que puede ser el mercado de prote\u00edna animal\u201d, puntualiz\u00f3 el asesor del Ministerio.<\/p>\n<p>Oscar Perea Botero, <b>M\u00e9dico Veterinario Zootecnista de la U. de Caldas<\/b>, coment\u00f3: \u201centre las perspectivas expuestas hay varios temas principales: la importancia de la asociaci\u00f3n entre miembros del gremio, para negociar con grandes mercados y obtener beneficios econ\u00f3micos en recursos e insumos\u201d.<\/p>\n<p>\u201cOtro tema, que ya se est\u00e1 viviendo en algunas zonas es la escasez de agua. Un novillo normalmente consume entre 50 y 60 litros de agua diarios, una vaca para producir un litro de leche necesita entre 1 y 2 litros de agua e igualmente los pastos necesitan el l\u00edquido.\u00a0 Vamos a plantear los impactos que genera la sequ\u00eda, como contrarrestarlos y prepararnos para estos procesos\u201d, finaliz\u00f3 Perea Botero.<\/p>\n<p><a href=\"https:\/\/www.facebook.com\/media\/set\/?set=a.414731791922025.97970.107054166023124&amp;type=3\" target=\"_blank\">Observe im\u00e1genes del segundo conversatorio sobre <i>El Futuro de la Ganader\u00eda<\/i><\/a><\/p>\n<p><b>Informes:<\/b> en el Comit\u00e9 Departamental de Ganaderos de Caldas, tel\u00e9fono 886 57 59 o en Asevez, tel\u00e9fono 887 64 36.<\/p>\n","protected":false},"excerpt":{"rendered":"<p>En encuentro de Asociaci\u00f3n de Egresados de Medicina Veterinaria y Zootecnia de la Instituci\u00f3n 26\/09\/2012 Redacci\u00f3n: Mar\u00eda Fernanda Restrepo Torres \u00a0 Foto: Guillermo Sarmiento Estrada\/ Prensa U. de Caldas. Con el fin de brindar perspectivas sobre el porvenir del sector ganadero y la importancia de las asociaciones entre integrantes de este gremio, se realiz\u00f3 el [&hellip;]<\/p>\n","protected":false},"author":2,"featured_media":0,"comment_status":"closed","ping_status":"closed","sticky":false,"template":"","format":"standard","meta":{"footnotes":""},"categories":[48,53],"tags":[],"class_list":["post-12529","post","type-post","status-publish","format-standard","hentry","category-actualidad","category-universidad-al-dia"],"yoast_head":"<!-- This site is optimized with the Yoast SEO plugin v27.5 - https:\/\/yoast.com\/product\/yoast-seo-wordpress\/ -->\n<title>U. de Caldas realiz\u00f3 conversatorio sobre futuro de la ganader\u00eda .<\/title>\n<meta name=\"robots\" content=\"index, follow, max-snippet:-1, max-image-preview:large, max-video-preview:-1\" \/>\n<link rel=\"canonical\" href=\"https:\/\/www.ucaldas.edu.co\/portal\/u-de-caldas-realizo-conversatorio-sobre-futuro-de-la-ganaderia\/\" \/>\n<script type=\"application\/ld+json\" class=\"yoast-schema-graph\">{\"@context\":\"https:\\\/\\\/schema.org\",\"@graph\":[{\"@type\":\"Article\",\"@id\":\"https:\\\/\\\/www.ucaldas.edu.co\\\/portal\\\/u-de-caldas-realizo-conversatorio-sobre-futuro-de-la-ganaderia\\\/#article\",\"isPartOf\":{\"@id\":\"https:\\\/\\\/www.ucaldas.edu.co\\\/portal\\\/u-de-caldas-realizo-conversatorio-sobre-futuro-de-la-ganaderia\\\/\"},\"author\":{\"name\":\"ofiprensa\",\"@id\":\"https:\\\/\\\/www.ucaldas.edu.co\\\/portal\\\/#\\\/schema\\\/person\\\/a1b482e23449158b4bc319926c074fdf\"},\"headline\":\"U. de Caldas realiz\u00f3 conversatorio sobre futuro de la ganader\u00eda\",\"datePublished\":\"2012-09-26T14:23:51+00:00\",\"mainEntityOfPage\":{\"@id\":\"https:\\\/\\\/www.ucaldas.edu.co\\\/portal\\\/u-de-caldas-realizo-conversatorio-sobre-futuro-de-la-ganaderia\\\/\"},\"wordCount\":408,\"publisher\":{\"@id\":\"https:\\\/\\\/www.ucaldas.edu.co\\\/portal\\\/#organization\"},\"image\":{\"@id\":\"https:\\\/\\\/www.ucaldas.edu.co\\\/portal\\\/u-de-caldas-realizo-conversatorio-sobre-futuro-de-la-ganaderia\\\/#primaryimage\"},\"thumbnailUrl\":\"http:\\\/\\\/www.ucaldas.edu.co\\\/images\\\/tmp\\\/conversatorio_ganaderia_asevez_2012.jpg\",\"articleSection\":[\"Actualidad\",\"Universidad al D\u00eda\"],\"inLanguage\":\"es\"},{\"@type\":\"WebPage\",\"@id\":\"https:\\\/\\\/www.ucaldas.edu.co\\\/portal\\\/u-de-caldas-realizo-conversatorio-sobre-futuro-de-la-ganaderia\\\/\",\"url\":\"https:\\\/\\\/www.ucaldas.edu.co\\\/portal\\\/u-de-caldas-realizo-conversatorio-sobre-futuro-de-la-ganaderia\\\/\",\"name\":\"U. de Caldas realiz\u00f3 conversatorio sobre futuro de la ganader\u00eda .\",\"isPartOf\":{\"@id\":\"https:\\\/\\\/www.ucaldas.edu.co\\\/portal\\\/#website\"},\"primaryImageOfPage\":{\"@id\":\"https:\\\/\\\/www.ucaldas.edu.co\\\/portal\\\/u-de-caldas-realizo-conversatorio-sobre-futuro-de-la-ganaderia\\\/#primaryimage\"},\"image\":{\"@id\":\"https:\\\/\\\/www.ucaldas.edu.co\\\/portal\\\/u-de-caldas-realizo-conversatorio-sobre-futuro-de-la-ganaderia\\\/#primaryimage\"},\"thumbnailUrl\":\"http:\\\/\\\/www.ucaldas.edu.co\\\/images\\\/tmp\\\/conversatorio_ganaderia_asevez_2012.jpg\",\"datePublished\":\"2012-09-26T14:23:51+00:00\",\"breadcrumb\":{\"@id\":\"https:\\\/\\\/www.ucaldas.edu.co\\\/portal\\\/u-de-caldas-realizo-conversatorio-sobre-futuro-de-la-ganaderia\\\/#breadcrumb\"},\"inLanguage\":\"es\",\"potentialAction\":[{\"@type\":\"ReadAction\",\"target\":[\"https:\\\/\\\/www.ucaldas.edu.co\\\/portal\\\/u-de-caldas-realizo-conversatorio-sobre-futuro-de-la-ganaderia\\\/\"]}]},{\"@type\":\"ImageObject\",\"inLanguage\":\"es\",\"@id\":\"https:\\\/\\\/www.ucaldas.edu.co\\\/portal\\\/u-de-caldas-realizo-conversatorio-sobre-futuro-de-la-ganaderia\\\/#primaryimage\",\"url\":\"http:\\\/\\\/www.ucaldas.edu.co\\\/images\\\/tmp\\\/conversatorio_ganaderia_asevez_2012.jpg\",\"contentUrl\":\"http:\\\/\\\/www.ucaldas.edu.co\\\/images\\\/tmp\\\/conversatorio_ganaderia_asevez_2012.jpg\"},{\"@type\":\"BreadcrumbList\",\"@id\":\"https:\\\/\\\/www.ucaldas.edu.co\\\/portal\\\/u-de-caldas-realizo-conversatorio-sobre-futuro-de-la-ganaderia\\\/#breadcrumb\",\"itemListElement\":[{\"@type\":\"ListItem\",\"position\":1,\"name\":\"Portada\",\"item\":\"https:\\\/\\\/www.ucaldas.edu.co\\\/portal\\\/\"},{\"@type\":\"ListItem\",\"position\":2,\"name\":\"U. de Caldas realiz\u00f3 conversatorio sobre futuro de la ganader\u00eda\"}]},{\"@type\":\"WebSite\",\"@id\":\"https:\\\/\\\/www.ucaldas.edu.co\\\/portal\\\/#website\",\"url\":\"https:\\\/\\\/www.ucaldas.edu.co\\\/portal\\\/\",\"name\":\"Universidad de Caldas\",\"description\":\"\",\"publisher\":{\"@id\":\"https:\\\/\\\/www.ucaldas.edu.co\\\/portal\\\/#organization\"},\"alternateName\":\"U. de Caldas\",\"potentialAction\":[{\"@type\":\"SearchAction\",\"target\":{\"@type\":\"EntryPoint\",\"urlTemplate\":\"https:\\\/\\\/www.ucaldas.edu.co\\\/portal\\\/?s={search_term_string}\"},\"query-input\":{\"@type\":\"PropertyValueSpecification\",\"valueRequired\":true,\"valueName\":\"search_term_string\"}}],\"inLanguage\":\"es\"},{\"@type\":\"Organization\",\"@id\":\"https:\\\/\\\/www.ucaldas.edu.co\\\/portal\\\/#organization\",\"name\":\"Universidad de Caldas\",\"alternateName\":\"U. de Caldas\",\"url\":\"https:\\\/\\\/www.ucaldas.edu.co\\\/portal\\\/\",\"logo\":{\"@type\":\"ImageObject\",\"inLanguage\":\"es\",\"@id\":\"https:\\\/\\\/www.ucaldas.edu.co\\\/portal\\\/#\\\/schema\\\/logo\\\/image\\\/\",\"url\":\"https:\\\/\\\/www.ucaldas.edu.co\\\/portal\\\/wp-content\\\/uploads\\\/2023\\\/11\\\/Logo_horizontal_oscuroU-2023.png\",\"contentUrl\":\"https:\\\/\\\/www.ucaldas.edu.co\\\/portal\\\/wp-content\\\/uploads\\\/2023\\\/11\\\/Logo_horizontal_oscuroU-2023.png\",\"width\":263,\"height\":101,\"caption\":\"Universidad de Caldas\"},\"image\":{\"@id\":\"https:\\\/\\\/www.ucaldas.edu.co\\\/portal\\\/#\\\/schema\\\/logo\\\/image\\\/\"},\"sameAs\":[\"https:\\\/\\\/www.facebook.com\\\/udecaldas\",\"https:\\\/\\\/x.com\\\/udecaldas\",\"https:\\\/\\\/www.youtube.com\\\/universidadcaldas\",\"https:\\\/\\\/www.instagram.com\\\/udecaldas\\\/\"]},{\"@type\":\"Person\",\"@id\":\"https:\\\/\\\/www.ucaldas.edu.co\\\/portal\\\/#\\\/schema\\\/person\\\/a1b482e23449158b4bc319926c074fdf\",\"name\":\"ofiprensa\",\"image\":{\"@type\":\"ImageObject\",\"inLanguage\":\"es\",\"@id\":\"https:\\\/\\\/www.ucaldas.edu.co\\\/portal\\\/wp-content\\\/litespeed\\\/avatar\\\/09ea5085e600095a7a811142c6944527.jpg?ver=1777497608\",\"url\":\"https:\\\/\\\/www.ucaldas.edu.co\\\/portal\\\/wp-content\\\/litespeed\\\/avatar\\\/09ea5085e600095a7a811142c6944527.jpg?ver=1777497608\",\"contentUrl\":\"https:\\\/\\\/www.ucaldas.edu.co\\\/portal\\\/wp-content\\\/litespeed\\\/avatar\\\/09ea5085e600095a7a811142c6944527.jpg?ver=1777497608\",\"caption\":\"ofiprensa\"},\"url\":\"https:\\\/\\\/www.ucaldas.edu.co\\\/portal\\\/author\\\/ofiprensa\\\/\"}]}<\/script>\n<!-- \/ Yoast SEO plugin. -->","yoast_head_json":{"title":"U. de Caldas realiz\u00f3 conversatorio sobre futuro de la ganader\u00eda .","robots":{"index":"index","follow":"follow","max-snippet":"max-snippet:-1","max-image-preview":"max-image-preview:large","max-video-preview":"max-video-preview:-1"},"canonical":"https:\/\/www.ucaldas.edu.co\/portal\/u-de-caldas-realizo-conversatorio-sobre-futuro-de-la-ganaderia\/","schema":{"@context":"https:\/\/schema.org","@graph":[{"@type":"Article","@id":"https:\/\/www.ucaldas.edu.co\/portal\/u-de-caldas-realizo-conversatorio-sobre-futuro-de-la-ganaderia\/#article","isPartOf":{"@id":"https:\/\/www.ucaldas.edu.co\/portal\/u-de-caldas-realizo-conversatorio-sobre-futuro-de-la-ganaderia\/"},"author":{"name":"ofiprensa","@id":"https:\/\/www.ucaldas.edu.co\/portal\/#\/schema\/person\/a1b482e23449158b4bc319926c074fdf"},"headline":"U. de Caldas realiz\u00f3 conversatorio sobre futuro de la ganader\u00eda","datePublished":"2012-09-26T14:23:51+00:00","mainEntityOfPage":{"@id":"https:\/\/www.ucaldas.edu.co\/portal\/u-de-caldas-realizo-conversatorio-sobre-futuro-de-la-ganaderia\/"},"wordCount":408,"publisher":{"@id":"https:\/\/www.ucaldas.edu.co\/portal\/#organization"},"image":{"@id":"https:\/\/www.ucaldas.edu.co\/portal\/u-de-caldas-realizo-conversatorio-sobre-futuro-de-la-ganaderia\/#primaryimage"},"thumbnailUrl":"http:\/\/www.ucaldas.edu.co\/images\/tmp\/conversatorio_ganaderia_asevez_2012.jpg","articleSection":["Actualidad","Universidad al D\u00eda"],"inLanguage":"es"},{"@type":"WebPage","@id":"https:\/\/www.ucaldas.edu.co\/portal\/u-de-caldas-realizo-conversatorio-sobre-futuro-de-la-ganaderia\/","url":"https:\/\/www.ucaldas.edu.co\/portal\/u-de-caldas-realizo-conversatorio-sobre-futuro-de-la-ganaderia\/","name":"U. de Caldas realiz\u00f3 conversatorio sobre futuro de la ganader\u00eda .","isPartOf":{"@id":"https:\/\/www.ucaldas.edu.co\/portal\/#website"},"primaryImageOfPage":{"@id":"https:\/\/www.ucaldas.edu.co\/portal\/u-de-caldas-realizo-conversatorio-sobre-futuro-de-la-ganaderia\/#primaryimage"},"image":{"@id":"https:\/\/www.ucaldas.edu.co\/portal\/u-de-caldas-realizo-conversatorio-sobre-futuro-de-la-ganaderia\/#primaryimage"},"thumbnailUrl":"http:\/\/www.ucaldas.edu.co\/images\/tmp\/conversatorio_ganaderia_asevez_2012.jpg","datePublished":"2012-09-26T14:23:51+00:00","breadcrumb":{"@id":"https:\/\/www.ucaldas.edu.co\/portal\/u-de-caldas-realizo-conversatorio-sobre-futuro-de-la-ganaderia\/#breadcrumb"},"inLanguage":"es","potentialAction":[{"@type":"ReadAction","target":["https:\/\/www.ucaldas.edu.co\/portal\/u-de-caldas-realizo-conversatorio-sobre-futuro-de-la-ganaderia\/"]}]},{"@type":"ImageObject","inLanguage":"es","@id":"https:\/\/www.ucaldas.edu.co\/portal\/u-de-caldas-realizo-conversatorio-sobre-futuro-de-la-ganaderia\/#primaryimage","url":"http:\/\/www.ucaldas.edu.co\/images\/tmp\/conversatorio_ganaderia_asevez_2012.jpg","contentUrl":"http:\/\/www.ucaldas.edu.co\/images\/tmp\/conversatorio_ganaderia_asevez_2012.jpg"},{"@type":"BreadcrumbList","@id":"https:\/\/www.ucaldas.edu.co\/portal\/u-de-caldas-realizo-conversatorio-sobre-futuro-de-la-ganaderia\/#breadcrumb","itemListElement":[{"@type":"ListItem","position":1,"name":"Portada","item":"https:\/\/www.ucaldas.edu.co\/portal\/"},{"@type":"ListItem","position":2,"name":"U. de Caldas realiz\u00f3 conversatorio sobre futuro de la ganader\u00eda"}]},{"@type":"WebSite","@id":"https:\/\/www.ucaldas.edu.co\/portal\/#website","url":"https:\/\/www.ucaldas.edu.co\/portal\/","name":"Universidad de Caldas","description":"","publisher":{"@id":"https:\/\/www.ucaldas.edu.co\/portal\/#organization"},"alternateName":"U. de Caldas","potentialAction":[{"@type":"SearchAction","target":{"@type":"EntryPoint","urlTemplate":"https:\/\/www.ucaldas.edu.co\/portal\/?s={search_term_string}"},"query-input":{"@type":"PropertyValueSpecification","valueRequired":true,"valueName":"search_term_string"}}],"inLanguage":"es"},{"@type":"Organization","@id":"https:\/\/www.ucaldas.edu.co\/portal\/#organization","name":"Universidad de Caldas","alternateName":"U. de Caldas","url":"https:\/\/www.ucaldas.edu.co\/portal\/","logo":{"@type":"ImageObject","inLanguage":"es","@id":"https:\/\/www.ucaldas.edu.co\/portal\/#\/schema\/logo\/image\/","url":"https:\/\/www.ucaldas.edu.co\/portal\/wp-content\/uploads\/2023\/11\/Logo_horizontal_oscuroU-2023.png","contentUrl":"https:\/\/www.ucaldas.edu.co\/portal\/wp-content\/uploads\/2023\/11\/Logo_horizontal_oscuroU-2023.png","width":263,"height":101,"caption":"Universidad de Caldas"},"image":{"@id":"https:\/\/www.ucaldas.edu.co\/portal\/#\/schema\/logo\/image\/"},"sameAs":["https:\/\/www.facebook.com\/udecaldas","https:\/\/x.com\/udecaldas","https:\/\/www.youtube.com\/universidadcaldas","https:\/\/www.instagram.com\/udecaldas\/"]},{"@type":"Person","@id":"https:\/\/www.ucaldas.edu.co\/portal\/#\/schema\/person\/a1b482e23449158b4bc319926c074fdf","name":"ofiprensa","image":{"@type":"ImageObject","inLanguage":"es","@id":"https:\/\/www.ucaldas.edu.co\/portal\/wp-content\/litespeed\/avatar\/09ea5085e600095a7a811142c6944527.jpg?ver=1777497608","url":"https:\/\/www.ucaldas.edu.co\/portal\/wp-content\/litespeed\/avatar\/09ea5085e600095a7a811142c6944527.jpg?ver=1777497608","contentUrl":"https:\/\/www.ucaldas.edu.co\/portal\/wp-content\/litespeed\/avatar\/09ea5085e600095a7a811142c6944527.jpg?ver=1777497608","caption":"ofiprensa"},"url":"https:\/\/www.ucaldas.edu.co\/portal\/author\/ofiprensa\/"}]}},"_links":{"self":[{"href":"https:\/\/www.ucaldas.edu.co\/portal\/wp-json\/wp\/v2\/posts\/12529","targetHints":{"allow":["GET"]}}],"collection":[{"href":"https:\/\/www.ucaldas.edu.co\/portal\/wp-json\/wp\/v2\/posts"}],"about":[{"href":"https:\/\/www.ucaldas.edu.co\/portal\/wp-json\/wp\/v2\/types\/post"}],"author":[{"embeddable":true,"href":"https:\/\/www.ucaldas.edu.co\/portal\/wp-json\/wp\/v2\/users\/2"}],"replies":[{"embeddable":true,"href":"https:\/\/www.ucaldas.edu.co\/portal\/wp-json\/wp\/v2\/comments?post=12529"}],"version-history":[{"count":0,"href":"https:\/\/www.ucaldas.edu.co\/portal\/wp-json\/wp\/v2\/posts\/12529\/revisions"}],"wp:attachment":[{"href":"https:\/\/www.ucaldas.edu.co\/portal\/wp-json\/wp\/v2\/media?parent=12529"}],"wp:term":[{"taxonomy":"category","embeddable":true,"href":"https:\/\/www.ucaldas.edu.co\/portal\/wp-json\/wp\/v2\/categories?post=12529"},{"taxonomy":"post_tag","embeddable":true,"href":"https:\/\/www.ucaldas.edu.co\/portal\/wp-json\/wp\/v2\/tags?post=12529"}],"curies":[{"name":"wp","href":"https:\/\/api.w.org\/{rel}","templated":true}]}}