{"id":12527,"date":"2012-09-26T09:22:56","date_gmt":"2012-09-26T14:22:56","guid":{"rendered":"https:\/\/www.ucaldas.edu.co\/portal\/?p=12527"},"modified":"2012-09-26T09:22:56","modified_gmt":"2012-09-26T14:22:56","slug":"en-u-de-caldas-se-analizo-la-importancia-del-patrimonio-naturalistico","status":"publish","type":"post","link":"https:\/\/www.ucaldas.edu.co\/portal\/en-u-de-caldas-se-analizo-la-importancia-del-patrimonio-naturalistico\/","title":{"rendered":"En U. de Caldas se analiz\u00f3 la importancia del patrimonio natural\u00edstico"},"content":{"rendered":"<p align=\"center\">En ciclo de conferencias del Mes del Patrimonio<\/p>\n<p align=\"right\">26\/09\/2012<\/p>\n<hr \/>\n<p align=\"right\">Redacci\u00f3n: Margarita Laverde Galvis<\/p>\n<table border=\"0\">\n<tbody>\n<tr>\n<td>\u00a0<img loading=\"lazy\" decoding=\"async\" style=\"border: 0px\" title=\"Conferencia museo\" alt=\"Conferencia museo\" src=\"http:\/\/www.ucaldas.edu.co\/images\/tmp\/charla_museo_patrimonio_2012_historia_natural.jpg\" width=\"240\" height=\"150\" border=\"0\" \/><\/p>\n<h4>Foto: Lizeth Vargas\/ Prensa U. de Caldas<\/h4>\n<\/td>\n<td>La <b>segunda conferencia<\/b> del <b>Mes del Patrimonio <\/b>sobre <i>El patrimonio natural\u00ecstico y su importancia en la biodiversidad regional <\/i>la <b>orient\u00f3<\/b> el m\u00e9dico veterinario Juli\u00e1n Adolfo Salazar, <b>Curador <\/b>de la <b>Colecci\u00f3n de Historia Natural<\/b> del <b>Centro de Museos<\/b> de la <b>Universidad de Caldas<\/b>, el pasado martes 25 de septiembre del 2012.<\/td>\n<\/tr>\n<\/tbody>\n<\/table>\n<p>&nbsp;<\/p>\n<p>&nbsp;<\/p>\n<p>\u201cLos museos de historia natural son los testigos que atesoran el patrimonio natural\u00edstico colombiano. Estos salvaguardan, clasifican e investigan la flora y fauna del pa\u00eds, pues son los \u00fanicos \u00f3rganos donde se estudia la diversidad y sus ecosistemas\u201d, coment\u00f3 Salazar.<\/p>\n<p>&nbsp;<\/p>\n<p>\u201cTanto el Centro de Museos de la U. de Caldas, como el Museo del Ecoparque Los Yarumos, son los \u00fanicos lugares del Eje Cafetero, donde se encuentra la historia natural de diversas regiones\u201d, agreg\u00f3 el conferencista.<\/p>\n<p>&nbsp;<\/p>\n<p>Esta <b>serie de conferencias<\/b> las <b>organiza<\/b> el <b>Centro de Museos<\/b> de la <b>U. de Caldas.<\/b><\/p>\n<p>&nbsp;<\/p>\n<p><a href=\"http:\/\/www.facebook.com\/media\/set\/?set=a.414425951952609.97796.107054166023124&amp;type=3\" target=\"_blank\">Conozca im\u00e1genes de la conferencia sobre el Mes del Patrimonio<\/a><\/p>\n<p>&nbsp;<\/p>\n<p><a href=\"http:\/\/desarrollo.ucaldas.edu.co\/archivo\/index.php?option=com_content&amp;view=article&amp;catid=419%3Auniversidad-al-dia&amp;id=7759%3Aconferencias-del-mes-del-patrimonio&amp;Itemid=1039\" target=\"_blank\">Conozca aqu\u00ed m\u00e1s detalles del evento<\/a><\/p>\n<p>&nbsp;<\/p>\n<p><b>Informes: <\/b>Centro de Museos, tel\u00e9fono 886 27 20, extensi\u00f3n 24 133.<\/p>\n","protected":false},"excerpt":{"rendered":"<p>En ciclo de conferencias del Mes del Patrimonio 26\/09\/2012 Redacci\u00f3n: Margarita Laverde Galvis \u00a0 Foto: Lizeth Vargas\/ Prensa U. de Caldas La segunda conferencia del Mes del Patrimonio sobre El patrimonio natural\u00ecstico y su importancia en la biodiversidad regional la orient\u00f3 el m\u00e9dico veterinario Juli\u00e1n Adolfo Salazar, Curador de la Colecci\u00f3n de Historia Natural del [&hellip;]<\/p>\n","protected":false},"author":2,"featured_media":0,"comment_status":"closed","ping_status":"closed","sticky":false,"template":"","format":"standard","meta":{"footnotes":""},"categories":[48,53],"tags":[],"class_list":["post-12527","post","type-post","status-publish","format-standard","hentry","category-actualidad","category-universidad-al-dia"],"yoast_head":"<!-- This site is optimized with the Yoast SEO plugin v27.5 - https:\/\/yoast.com\/product\/yoast-seo-wordpress\/ -->\n<title>En U. de Caldas se analiz\u00f3 la importancia del patrimonio natural\u00edstico .<\/title>\n<meta name=\"robots\" content=\"index, follow, max-snippet:-1, max-image-preview:large, max-video-preview:-1\" \/>\n<link rel=\"canonical\" href=\"https:\/\/www.ucaldas.edu.co\/portal\/en-u-de-caldas-se-analizo-la-importancia-del-patrimonio-naturalistico\/\" \/>\n<script type=\"application\/ld+json\" class=\"yoast-schema-graph\">{\"@context\":\"https:\\\/\\\/schema.org\",\"@graph\":[{\"@type\":\"Article\",\"@id\":\"https:\\\/\\\/www.ucaldas.edu.co\\\/portal\\\/en-u-de-caldas-se-analizo-la-importancia-del-patrimonio-naturalistico\\\/#article\",\"isPartOf\":{\"@id\":\"https:\\\/\\\/www.ucaldas.edu.co\\\/portal\\\/en-u-de-caldas-se-analizo-la-importancia-del-patrimonio-naturalistico\\\/\"},\"author\":{\"name\":\"ofiprensa\",\"@id\":\"https:\\\/\\\/www.ucaldas.edu.co\\\/portal\\\/#\\\/schema\\\/person\\\/a1b482e23449158b4bc319926c074fdf\"},\"headline\":\"En U. de Caldas se analiz\u00f3 la importancia del patrimonio natural\u00edstico\",\"datePublished\":\"2012-09-26T14:22:56+00:00\",\"mainEntityOfPage\":{\"@id\":\"https:\\\/\\\/www.ucaldas.edu.co\\\/portal\\\/en-u-de-caldas-se-analizo-la-importancia-del-patrimonio-naturalistico\\\/\"},\"wordCount\":210,\"publisher\":{\"@id\":\"https:\\\/\\\/www.ucaldas.edu.co\\\/portal\\\/#organization\"},\"image\":{\"@id\":\"https:\\\/\\\/www.ucaldas.edu.co\\\/portal\\\/en-u-de-caldas-se-analizo-la-importancia-del-patrimonio-naturalistico\\\/#primaryimage\"},\"thumbnailUrl\":\"http:\\\/\\\/www.ucaldas.edu.co\\\/images\\\/tmp\\\/charla_museo_patrimonio_2012_historia_natural.jpg\",\"articleSection\":[\"Actualidad\",\"Universidad al D\u00eda\"],\"inLanguage\":\"es\"},{\"@type\":\"WebPage\",\"@id\":\"https:\\\/\\\/www.ucaldas.edu.co\\\/portal\\\/en-u-de-caldas-se-analizo-la-importancia-del-patrimonio-naturalistico\\\/\",\"url\":\"https:\\\/\\\/www.ucaldas.edu.co\\\/portal\\\/en-u-de-caldas-se-analizo-la-importancia-del-patrimonio-naturalistico\\\/\",\"name\":\"En U. de Caldas se analiz\u00f3 la importancia del patrimonio natural\u00edstico .\",\"isPartOf\":{\"@id\":\"https:\\\/\\\/www.ucaldas.edu.co\\\/portal\\\/#website\"},\"primaryImageOfPage\":{\"@id\":\"https:\\\/\\\/www.ucaldas.edu.co\\\/portal\\\/en-u-de-caldas-se-analizo-la-importancia-del-patrimonio-naturalistico\\\/#primaryimage\"},\"image\":{\"@id\":\"https:\\\/\\\/www.ucaldas.edu.co\\\/portal\\\/en-u-de-caldas-se-analizo-la-importancia-del-patrimonio-naturalistico\\\/#primaryimage\"},\"thumbnailUrl\":\"http:\\\/\\\/www.ucaldas.edu.co\\\/images\\\/tmp\\\/charla_museo_patrimonio_2012_historia_natural.jpg\",\"datePublished\":\"2012-09-26T14:22:56+00:00\",\"breadcrumb\":{\"@id\":\"https:\\\/\\\/www.ucaldas.edu.co\\\/portal\\\/en-u-de-caldas-se-analizo-la-importancia-del-patrimonio-naturalistico\\\/#breadcrumb\"},\"inLanguage\":\"es\",\"potentialAction\":[{\"@type\":\"ReadAction\",\"target\":[\"https:\\\/\\\/www.ucaldas.edu.co\\\/portal\\\/en-u-de-caldas-se-analizo-la-importancia-del-patrimonio-naturalistico\\\/\"]}]},{\"@type\":\"ImageObject\",\"inLanguage\":\"es\",\"@id\":\"https:\\\/\\\/www.ucaldas.edu.co\\\/portal\\\/en-u-de-caldas-se-analizo-la-importancia-del-patrimonio-naturalistico\\\/#primaryimage\",\"url\":\"http:\\\/\\\/www.ucaldas.edu.co\\\/images\\\/tmp\\\/charla_museo_patrimonio_2012_historia_natural.jpg\",\"contentUrl\":\"http:\\\/\\\/www.ucaldas.edu.co\\\/images\\\/tmp\\\/charla_museo_patrimonio_2012_historia_natural.jpg\"},{\"@type\":\"BreadcrumbList\",\"@id\":\"https:\\\/\\\/www.ucaldas.edu.co\\\/portal\\\/en-u-de-caldas-se-analizo-la-importancia-del-patrimonio-naturalistico\\\/#breadcrumb\",\"itemListElement\":[{\"@type\":\"ListItem\",\"position\":1,\"name\":\"Portada\",\"item\":\"https:\\\/\\\/www.ucaldas.edu.co\\\/portal\\\/\"},{\"@type\":\"ListItem\",\"position\":2,\"name\":\"En U. de Caldas se analiz\u00f3 la importancia del patrimonio natural\u00edstico\"}]},{\"@type\":\"WebSite\",\"@id\":\"https:\\\/\\\/www.ucaldas.edu.co\\\/portal\\\/#website\",\"url\":\"https:\\\/\\\/www.ucaldas.edu.co\\\/portal\\\/\",\"name\":\"Universidad de Caldas\",\"description\":\"\",\"publisher\":{\"@id\":\"https:\\\/\\\/www.ucaldas.edu.co\\\/portal\\\/#organization\"},\"alternateName\":\"U. de Caldas\",\"potentialAction\":[{\"@type\":\"SearchAction\",\"target\":{\"@type\":\"EntryPoint\",\"urlTemplate\":\"https:\\\/\\\/www.ucaldas.edu.co\\\/portal\\\/?s={search_term_string}\"},\"query-input\":{\"@type\":\"PropertyValueSpecification\",\"valueRequired\":true,\"valueName\":\"search_term_string\"}}],\"inLanguage\":\"es\"},{\"@type\":\"Organization\",\"@id\":\"https:\\\/\\\/www.ucaldas.edu.co\\\/portal\\\/#organization\",\"name\":\"Universidad de Caldas\",\"alternateName\":\"U. de Caldas\",\"url\":\"https:\\\/\\\/www.ucaldas.edu.co\\\/portal\\\/\",\"logo\":{\"@type\":\"ImageObject\",\"inLanguage\":\"es\",\"@id\":\"https:\\\/\\\/www.ucaldas.edu.co\\\/portal\\\/#\\\/schema\\\/logo\\\/image\\\/\",\"url\":\"https:\\\/\\\/www.ucaldas.edu.co\\\/portal\\\/wp-content\\\/uploads\\\/2023\\\/11\\\/Logo_horizontal_oscuroU-2023.png\",\"contentUrl\":\"https:\\\/\\\/www.ucaldas.edu.co\\\/portal\\\/wp-content\\\/uploads\\\/2023\\\/11\\\/Logo_horizontal_oscuroU-2023.png\",\"width\":263,\"height\":101,\"caption\":\"Universidad de Caldas\"},\"image\":{\"@id\":\"https:\\\/\\\/www.ucaldas.edu.co\\\/portal\\\/#\\\/schema\\\/logo\\\/image\\\/\"},\"sameAs\":[\"https:\\\/\\\/www.facebook.com\\\/udecaldas\",\"https:\\\/\\\/x.com\\\/udecaldas\",\"https:\\\/\\\/www.youtube.com\\\/universidadcaldas\",\"https:\\\/\\\/www.instagram.com\\\/udecaldas\\\/\"]},{\"@type\":\"Person\",\"@id\":\"https:\\\/\\\/www.ucaldas.edu.co\\\/portal\\\/#\\\/schema\\\/person\\\/a1b482e23449158b4bc319926c074fdf\",\"name\":\"ofiprensa\",\"image\":{\"@type\":\"ImageObject\",\"inLanguage\":\"es\",\"@id\":\"https:\\\/\\\/www.ucaldas.edu.co\\\/portal\\\/wp-content\\\/litespeed\\\/avatar\\\/09ea5085e600095a7a811142c6944527.jpg?ver=1777497608\",\"url\":\"https:\\\/\\\/www.ucaldas.edu.co\\\/portal\\\/wp-content\\\/litespeed\\\/avatar\\\/09ea5085e600095a7a811142c6944527.jpg?ver=1777497608\",\"contentUrl\":\"https:\\\/\\\/www.ucaldas.edu.co\\\/portal\\\/wp-content\\\/litespeed\\\/avatar\\\/09ea5085e600095a7a811142c6944527.jpg?ver=1777497608\",\"caption\":\"ofiprensa\"},\"url\":\"https:\\\/\\\/www.ucaldas.edu.co\\\/portal\\\/author\\\/ofiprensa\\\/\"}]}<\/script>\n<!-- \/ Yoast SEO plugin. -->","yoast_head_json":{"title":"En U. de Caldas se analiz\u00f3 la importancia del patrimonio natural\u00edstico .","robots":{"index":"index","follow":"follow","max-snippet":"max-snippet:-1","max-image-preview":"max-image-preview:large","max-video-preview":"max-video-preview:-1"},"canonical":"https:\/\/www.ucaldas.edu.co\/portal\/en-u-de-caldas-se-analizo-la-importancia-del-patrimonio-naturalistico\/","schema":{"@context":"https:\/\/schema.org","@graph":[{"@type":"Article","@id":"https:\/\/www.ucaldas.edu.co\/portal\/en-u-de-caldas-se-analizo-la-importancia-del-patrimonio-naturalistico\/#article","isPartOf":{"@id":"https:\/\/www.ucaldas.edu.co\/portal\/en-u-de-caldas-se-analizo-la-importancia-del-patrimonio-naturalistico\/"},"author":{"name":"ofiprensa","@id":"https:\/\/www.ucaldas.edu.co\/portal\/#\/schema\/person\/a1b482e23449158b4bc319926c074fdf"},"headline":"En U. de Caldas se analiz\u00f3 la importancia del patrimonio natural\u00edstico","datePublished":"2012-09-26T14:22:56+00:00","mainEntityOfPage":{"@id":"https:\/\/www.ucaldas.edu.co\/portal\/en-u-de-caldas-se-analizo-la-importancia-del-patrimonio-naturalistico\/"},"wordCount":210,"publisher":{"@id":"https:\/\/www.ucaldas.edu.co\/portal\/#organization"},"image":{"@id":"https:\/\/www.ucaldas.edu.co\/portal\/en-u-de-caldas-se-analizo-la-importancia-del-patrimonio-naturalistico\/#primaryimage"},"thumbnailUrl":"http:\/\/www.ucaldas.edu.co\/images\/tmp\/charla_museo_patrimonio_2012_historia_natural.jpg","articleSection":["Actualidad","Universidad al D\u00eda"],"inLanguage":"es"},{"@type":"WebPage","@id":"https:\/\/www.ucaldas.edu.co\/portal\/en-u-de-caldas-se-analizo-la-importancia-del-patrimonio-naturalistico\/","url":"https:\/\/www.ucaldas.edu.co\/portal\/en-u-de-caldas-se-analizo-la-importancia-del-patrimonio-naturalistico\/","name":"En U. de Caldas se analiz\u00f3 la importancia del patrimonio natural\u00edstico .","isPartOf":{"@id":"https:\/\/www.ucaldas.edu.co\/portal\/#website"},"primaryImageOfPage":{"@id":"https:\/\/www.ucaldas.edu.co\/portal\/en-u-de-caldas-se-analizo-la-importancia-del-patrimonio-naturalistico\/#primaryimage"},"image":{"@id":"https:\/\/www.ucaldas.edu.co\/portal\/en-u-de-caldas-se-analizo-la-importancia-del-patrimonio-naturalistico\/#primaryimage"},"thumbnailUrl":"http:\/\/www.ucaldas.edu.co\/images\/tmp\/charla_museo_patrimonio_2012_historia_natural.jpg","datePublished":"2012-09-26T14:22:56+00:00","breadcrumb":{"@id":"https:\/\/www.ucaldas.edu.co\/portal\/en-u-de-caldas-se-analizo-la-importancia-del-patrimonio-naturalistico\/#breadcrumb"},"inLanguage":"es","potentialAction":[{"@type":"ReadAction","target":["https:\/\/www.ucaldas.edu.co\/portal\/en-u-de-caldas-se-analizo-la-importancia-del-patrimonio-naturalistico\/"]}]},{"@type":"ImageObject","inLanguage":"es","@id":"https:\/\/www.ucaldas.edu.co\/portal\/en-u-de-caldas-se-analizo-la-importancia-del-patrimonio-naturalistico\/#primaryimage","url":"http:\/\/www.ucaldas.edu.co\/images\/tmp\/charla_museo_patrimonio_2012_historia_natural.jpg","contentUrl":"http:\/\/www.ucaldas.edu.co\/images\/tmp\/charla_museo_patrimonio_2012_historia_natural.jpg"},{"@type":"BreadcrumbList","@id":"https:\/\/www.ucaldas.edu.co\/portal\/en-u-de-caldas-se-analizo-la-importancia-del-patrimonio-naturalistico\/#breadcrumb","itemListElement":[{"@type":"ListItem","position":1,"name":"Portada","item":"https:\/\/www.ucaldas.edu.co\/portal\/"},{"@type":"ListItem","position":2,"name":"En U. de Caldas se analiz\u00f3 la importancia del patrimonio natural\u00edstico"}]},{"@type":"WebSite","@id":"https:\/\/www.ucaldas.edu.co\/portal\/#website","url":"https:\/\/www.ucaldas.edu.co\/portal\/","name":"Universidad de Caldas","description":"","publisher":{"@id":"https:\/\/www.ucaldas.edu.co\/portal\/#organization"},"alternateName":"U. de Caldas","potentialAction":[{"@type":"SearchAction","target":{"@type":"EntryPoint","urlTemplate":"https:\/\/www.ucaldas.edu.co\/portal\/?s={search_term_string}"},"query-input":{"@type":"PropertyValueSpecification","valueRequired":true,"valueName":"search_term_string"}}],"inLanguage":"es"},{"@type":"Organization","@id":"https:\/\/www.ucaldas.edu.co\/portal\/#organization","name":"Universidad de Caldas","alternateName":"U. de Caldas","url":"https:\/\/www.ucaldas.edu.co\/portal\/","logo":{"@type":"ImageObject","inLanguage":"es","@id":"https:\/\/www.ucaldas.edu.co\/portal\/#\/schema\/logo\/image\/","url":"https:\/\/www.ucaldas.edu.co\/portal\/wp-content\/uploads\/2023\/11\/Logo_horizontal_oscuroU-2023.png","contentUrl":"https:\/\/www.ucaldas.edu.co\/portal\/wp-content\/uploads\/2023\/11\/Logo_horizontal_oscuroU-2023.png","width":263,"height":101,"caption":"Universidad de Caldas"},"image":{"@id":"https:\/\/www.ucaldas.edu.co\/portal\/#\/schema\/logo\/image\/"},"sameAs":["https:\/\/www.facebook.com\/udecaldas","https:\/\/x.com\/udecaldas","https:\/\/www.youtube.com\/universidadcaldas","https:\/\/www.instagram.com\/udecaldas\/"]},{"@type":"Person","@id":"https:\/\/www.ucaldas.edu.co\/portal\/#\/schema\/person\/a1b482e23449158b4bc319926c074fdf","name":"ofiprensa","image":{"@type":"ImageObject","inLanguage":"es","@id":"https:\/\/www.ucaldas.edu.co\/portal\/wp-content\/litespeed\/avatar\/09ea5085e600095a7a811142c6944527.jpg?ver=1777497608","url":"https:\/\/www.ucaldas.edu.co\/portal\/wp-content\/litespeed\/avatar\/09ea5085e600095a7a811142c6944527.jpg?ver=1777497608","contentUrl":"https:\/\/www.ucaldas.edu.co\/portal\/wp-content\/litespeed\/avatar\/09ea5085e600095a7a811142c6944527.jpg?ver=1777497608","caption":"ofiprensa"},"url":"https:\/\/www.ucaldas.edu.co\/portal\/author\/ofiprensa\/"}]}},"_links":{"self":[{"href":"https:\/\/www.ucaldas.edu.co\/portal\/wp-json\/wp\/v2\/posts\/12527","targetHints":{"allow":["GET"]}}],"collection":[{"href":"https:\/\/www.ucaldas.edu.co\/portal\/wp-json\/wp\/v2\/posts"}],"about":[{"href":"https:\/\/www.ucaldas.edu.co\/portal\/wp-json\/wp\/v2\/types\/post"}],"author":[{"embeddable":true,"href":"https:\/\/www.ucaldas.edu.co\/portal\/wp-json\/wp\/v2\/users\/2"}],"replies":[{"embeddable":true,"href":"https:\/\/www.ucaldas.edu.co\/portal\/wp-json\/wp\/v2\/comments?post=12527"}],"version-history":[{"count":0,"href":"https:\/\/www.ucaldas.edu.co\/portal\/wp-json\/wp\/v2\/posts\/12527\/revisions"}],"wp:attachment":[{"href":"https:\/\/www.ucaldas.edu.co\/portal\/wp-json\/wp\/v2\/media?parent=12527"}],"wp:term":[{"taxonomy":"category","embeddable":true,"href":"https:\/\/www.ucaldas.edu.co\/portal\/wp-json\/wp\/v2\/categories?post=12527"},{"taxonomy":"post_tag","embeddable":true,"href":"https:\/\/www.ucaldas.edu.co\/portal\/wp-json\/wp\/v2\/tags?post=12527"}],"curies":[{"name":"wp","href":"https:\/\/api.w.org\/{rel}","templated":true}]}}