{"id":11969,"date":"2014-06-17T16:08:52","date_gmt":"2014-06-17T21:08:52","guid":{"rendered":"https:\/\/www.ucaldas.edu.co\/portal\/?p=11969"},"modified":"2014-06-17T16:08:52","modified_gmt":"2014-06-17T21:08:52","slug":"convencion-internacional-de-flautistas-hizo-reconocimiento-a-u-de-caldas","status":"publish","type":"post","link":"https:\/\/www.ucaldas.edu.co\/portal\/convencion-internacional-de-flautistas-hizo-reconocimiento-a-u-de-caldas\/","title":{"rendered":"Convenci\u00f3n Internacional de Flautistas  hizo reconocimiento a U. de Caldas"},"content":{"rendered":"<p align=\"center\"><span style=\"text-decoration: underline;\">DESTAC\u00d3 PARTICIPACI\u00d3N DE C\u00c1TEDRA DE FLAUTA EN EL EVENTO<\/span><span style=\"text-decoration: underline;\"><br \/>\n<\/span><b>Convenci\u00f3n Internacional de Flautistas \u00a0hizo reconocimiento a U. de Caldas<\/b><\/p>\n<p align=\"center\"><a href=\"https:\/\/www.ucaldas.edu.co\/portal\/wp-content\/uploads\/2014\/06\/10175001_700995196629015_1577380433247546287_n.jpg\"><img loading=\"lazy\" decoding=\"async\" class=\"aligncenter size-medium wp-image-11970\" alt=\"10175001_700995196629015_1577380433247546287_n\" src=\"https:\/\/www.ucaldas.edu.co\/portal\/wp-content\/uploads\/2014\/06\/10175001_700995196629015_1577380433247546287_n-300x236.jpg\" width=\"300\" height=\"236\" \/><\/a><\/p>\n<p align=\"center\">\n<p style=\"text-align: center;\" align=\"right\">Foto: Margarita Laverde \/ Prensa U. de Caldas<\/p>\n<p align=\"right\">17\/6\/2014<\/p>\n<p align=\"right\">Redacci\u00f3n: Margarita Laverde<b><\/b><\/p>\n<p style=\"text-align: justify;\">La\u00a0<b>C\u00e1tedra de Flauta<\/b>\u00a0de la\u00a0<b>Universidad de Caldas recibi\u00f3<\/b>\u00a0un\u00a0<b>reconocimiento<\/b>\u00a0por su participaci\u00f3n en el VII\u00a0<b>Convenci\u00f3n Internacional de Flautistas en el Centro del Mundo<\/b>, evento que tuvo lugar en Quito (Ecuador) del 1 al 8 de junio del 2014.<!--more--><\/p>\n<p style=\"text-align: justify;\" align=\"left\">\u00a0<b>Unas 20 personas viajaron, con el apoyo de la Oficina de Internacionalizaci\u00f3n y la Facultad de Artes y Humanidade<\/b>s de la Instituci\u00f3n. Ricardo Giraldo Zuluaga, profesor de flauta de la U. de Caldas, entreg\u00f3 un balance del viaje: \u201cfue fenomenal. Viaj\u00f3 toda la C\u00e1tedra de Flauta de la Instituci\u00f3n. Tocamos como grupo, se realizaron charlas y fui uno de los profesores invitados al encuentro\u201d.<\/p>\n<p style=\"text-align: justify;\" align=\"left\">En el evento participaron invitados de\u00a0Francia, Estados Unidos, Noruega, Jap\u00f3n, Italia, Brasil, Chile, Colombia y Ecuador.<\/p>\n<p style=\"text-align: justify;\" align=\"left\"><a href=\"https:\/\/www.facebook.com\/media\/set\/?set=a.700995169962351.1073742846.107054166023124&amp;type=1&amp;l=141f20233c\" target=\"_blank\">Conozca im\u00e1genes del reconocimiento para la U. de Caldas en el VII Convenci\u00f3n Internacional de Flautistas en el Centro del Mundo<\/a><\/p>\n<p style=\"text-align: justify;\" align=\"left\"><b>Informes:<\/b>\u00a0Oficina de Prensa, tel\u00e9fono 878 15 00 extensi\u00f3n 12 167.<\/p>\n<p align=\"left\"><b>\u00a0<\/b><\/p>\n","protected":false},"excerpt":{"rendered":"<p>DESTAC\u00d3 PARTICIPACI\u00d3N DE C\u00c1TEDRA DE FLAUTA EN EL EVENTO Convenci\u00f3n Internacional de Flautistas \u00a0hizo reconocimiento a U. de Caldas Foto: Margarita Laverde \/ Prensa U. de Caldas 17\/6\/2014 Redacci\u00f3n: Margarita Laverde La\u00a0C\u00e1tedra de Flauta\u00a0de la\u00a0Universidad de Caldas recibi\u00f3\u00a0un\u00a0reconocimiento\u00a0por su participaci\u00f3n en el VII\u00a0Convenci\u00f3n Internacional de Flautistas en el Centro del Mundo, evento que tuvo lugar [&hellip;]<\/p>\n","protected":false},"author":2,"featured_media":0,"comment_status":"closed","ping_status":"closed","sticky":false,"template":"","format":"standard","meta":{"footnotes":""},"categories":[48,53],"tags":[1870,73,87,95,893,945,1254],"class_list":["post-11969","post","type-post","status-publish","format-standard","hentry","category-actualidad","category-universidad-al-dia","tag-ecuador","tag-proyeccion","tag-estudiante","tag-universidad-de-caldas","tag-flauta","tag-jazz","tag-facultad-de-artes-y-humanidades"],"yoast_head":"<!-- This site is optimized with the Yoast SEO plugin v27.5 - https:\/\/yoast.com\/product\/yoast-seo-wordpress\/ -->\n<title>Convenci\u00f3n Internacional de Flautistas hizo reconocimiento a U. de Caldas .<\/title>\n<meta name=\"robots\" content=\"index, follow, max-snippet:-1, max-image-preview:large, max-video-preview:-1\" \/>\n<link rel=\"canonical\" href=\"https:\/\/www.ucaldas.edu.co\/portal\/convencion-internacional-de-flautistas-hizo-reconocimiento-a-u-de-caldas\/\" \/>\n<script type=\"application\/ld+json\" class=\"yoast-schema-graph\">{\"@context\":\"https:\\\/\\\/schema.org\",\"@graph\":[{\"@type\":\"Article\",\"@id\":\"https:\\\/\\\/www.ucaldas.edu.co\\\/portal\\\/convencion-internacional-de-flautistas-hizo-reconocimiento-a-u-de-caldas\\\/#article\",\"isPartOf\":{\"@id\":\"https:\\\/\\\/www.ucaldas.edu.co\\\/portal\\\/convencion-internacional-de-flautistas-hizo-reconocimiento-a-u-de-caldas\\\/\"},\"author\":{\"name\":\"ofiprensa\",\"@id\":\"https:\\\/\\\/www.ucaldas.edu.co\\\/portal\\\/#\\\/schema\\\/person\\\/a1b482e23449158b4bc319926c074fdf\"},\"headline\":\"Convenci\u00f3n Internacional de Flautistas hizo reconocimiento a U. de Caldas\",\"datePublished\":\"2014-06-17T21:08:52+00:00\",\"mainEntityOfPage\":{\"@id\":\"https:\\\/\\\/www.ucaldas.edu.co\\\/portal\\\/convencion-internacional-de-flautistas-hizo-reconocimiento-a-u-de-caldas\\\/\"},\"wordCount\":202,\"publisher\":{\"@id\":\"https:\\\/\\\/www.ucaldas.edu.co\\\/portal\\\/#organization\"},\"image\":{\"@id\":\"https:\\\/\\\/www.ucaldas.edu.co\\\/portal\\\/convencion-internacional-de-flautistas-hizo-reconocimiento-a-u-de-caldas\\\/#primaryimage\"},\"thumbnailUrl\":\"https:\\\/\\\/www.ucaldas.edu.co\\\/portal\\\/wp-content\\\/uploads\\\/2014\\\/06\\\/10175001_700995196629015_1577380433247546287_n-300x236.jpg\",\"keywords\":[\"Ecuador\",\"Proyecci\u00f3n\",\"Estudiante\",\"Universidad De Caldas\",\"flauta\",\"jazz\",\"Facultad de Artes y Humanidades\"],\"articleSection\":[\"Actualidad\",\"Universidad al D\u00eda\"],\"inLanguage\":\"es\"},{\"@type\":\"WebPage\",\"@id\":\"https:\\\/\\\/www.ucaldas.edu.co\\\/portal\\\/convencion-internacional-de-flautistas-hizo-reconocimiento-a-u-de-caldas\\\/\",\"url\":\"https:\\\/\\\/www.ucaldas.edu.co\\\/portal\\\/convencion-internacional-de-flautistas-hizo-reconocimiento-a-u-de-caldas\\\/\",\"name\":\"Convenci\u00f3n Internacional de Flautistas hizo reconocimiento a U. de Caldas .\",\"isPartOf\":{\"@id\":\"https:\\\/\\\/www.ucaldas.edu.co\\\/portal\\\/#website\"},\"primaryImageOfPage\":{\"@id\":\"https:\\\/\\\/www.ucaldas.edu.co\\\/portal\\\/convencion-internacional-de-flautistas-hizo-reconocimiento-a-u-de-caldas\\\/#primaryimage\"},\"image\":{\"@id\":\"https:\\\/\\\/www.ucaldas.edu.co\\\/portal\\\/convencion-internacional-de-flautistas-hizo-reconocimiento-a-u-de-caldas\\\/#primaryimage\"},\"thumbnailUrl\":\"https:\\\/\\\/www.ucaldas.edu.co\\\/portal\\\/wp-content\\\/uploads\\\/2014\\\/06\\\/10175001_700995196629015_1577380433247546287_n-300x236.jpg\",\"datePublished\":\"2014-06-17T21:08:52+00:00\",\"breadcrumb\":{\"@id\":\"https:\\\/\\\/www.ucaldas.edu.co\\\/portal\\\/convencion-internacional-de-flautistas-hizo-reconocimiento-a-u-de-caldas\\\/#breadcrumb\"},\"inLanguage\":\"es\",\"potentialAction\":[{\"@type\":\"ReadAction\",\"target\":[\"https:\\\/\\\/www.ucaldas.edu.co\\\/portal\\\/convencion-internacional-de-flautistas-hizo-reconocimiento-a-u-de-caldas\\\/\"]}]},{\"@type\":\"ImageObject\",\"inLanguage\":\"es\",\"@id\":\"https:\\\/\\\/www.ucaldas.edu.co\\\/portal\\\/convencion-internacional-de-flautistas-hizo-reconocimiento-a-u-de-caldas\\\/#primaryimage\",\"url\":\"https:\\\/\\\/www.ucaldas.edu.co\\\/portal\\\/wp-content\\\/uploads\\\/2014\\\/06\\\/10175001_700995196629015_1577380433247546287_n-300x236.jpg\",\"contentUrl\":\"https:\\\/\\\/www.ucaldas.edu.co\\\/portal\\\/wp-content\\\/uploads\\\/2014\\\/06\\\/10175001_700995196629015_1577380433247546287_n-300x236.jpg\"},{\"@type\":\"BreadcrumbList\",\"@id\":\"https:\\\/\\\/www.ucaldas.edu.co\\\/portal\\\/convencion-internacional-de-flautistas-hizo-reconocimiento-a-u-de-caldas\\\/#breadcrumb\",\"itemListElement\":[{\"@type\":\"ListItem\",\"position\":1,\"name\":\"Portada\",\"item\":\"https:\\\/\\\/www.ucaldas.edu.co\\\/portal\\\/\"},{\"@type\":\"ListItem\",\"position\":2,\"name\":\"Convenci\u00f3n Internacional de Flautistas hizo reconocimiento a U. de Caldas\"}]},{\"@type\":\"WebSite\",\"@id\":\"https:\\\/\\\/www.ucaldas.edu.co\\\/portal\\\/#website\",\"url\":\"https:\\\/\\\/www.ucaldas.edu.co\\\/portal\\\/\",\"name\":\"Universidad de Caldas\",\"description\":\"\",\"publisher\":{\"@id\":\"https:\\\/\\\/www.ucaldas.edu.co\\\/portal\\\/#organization\"},\"alternateName\":\"U. de Caldas\",\"potentialAction\":[{\"@type\":\"SearchAction\",\"target\":{\"@type\":\"EntryPoint\",\"urlTemplate\":\"https:\\\/\\\/www.ucaldas.edu.co\\\/portal\\\/?s={search_term_string}\"},\"query-input\":{\"@type\":\"PropertyValueSpecification\",\"valueRequired\":true,\"valueName\":\"search_term_string\"}}],\"inLanguage\":\"es\"},{\"@type\":\"Organization\",\"@id\":\"https:\\\/\\\/www.ucaldas.edu.co\\\/portal\\\/#organization\",\"name\":\"Universidad de Caldas\",\"alternateName\":\"U. de Caldas\",\"url\":\"https:\\\/\\\/www.ucaldas.edu.co\\\/portal\\\/\",\"logo\":{\"@type\":\"ImageObject\",\"inLanguage\":\"es\",\"@id\":\"https:\\\/\\\/www.ucaldas.edu.co\\\/portal\\\/#\\\/schema\\\/logo\\\/image\\\/\",\"url\":\"https:\\\/\\\/www.ucaldas.edu.co\\\/portal\\\/wp-content\\\/uploads\\\/2023\\\/11\\\/Logo_horizontal_oscuroU-2023.png\",\"contentUrl\":\"https:\\\/\\\/www.ucaldas.edu.co\\\/portal\\\/wp-content\\\/uploads\\\/2023\\\/11\\\/Logo_horizontal_oscuroU-2023.png\",\"width\":263,\"height\":101,\"caption\":\"Universidad de Caldas\"},\"image\":{\"@id\":\"https:\\\/\\\/www.ucaldas.edu.co\\\/portal\\\/#\\\/schema\\\/logo\\\/image\\\/\"},\"sameAs\":[\"https:\\\/\\\/www.facebook.com\\\/udecaldas\",\"https:\\\/\\\/x.com\\\/udecaldas\",\"https:\\\/\\\/www.youtube.com\\\/universidadcaldas\",\"https:\\\/\\\/www.instagram.com\\\/udecaldas\\\/\"]},{\"@type\":\"Person\",\"@id\":\"https:\\\/\\\/www.ucaldas.edu.co\\\/portal\\\/#\\\/schema\\\/person\\\/a1b482e23449158b4bc319926c074fdf\",\"name\":\"ofiprensa\",\"image\":{\"@type\":\"ImageObject\",\"inLanguage\":\"es\",\"@id\":\"https:\\\/\\\/www.ucaldas.edu.co\\\/portal\\\/wp-content\\\/litespeed\\\/avatar\\\/09ea5085e600095a7a811142c6944527.jpg?ver=1777497608\",\"url\":\"https:\\\/\\\/www.ucaldas.edu.co\\\/portal\\\/wp-content\\\/litespeed\\\/avatar\\\/09ea5085e600095a7a811142c6944527.jpg?ver=1777497608\",\"contentUrl\":\"https:\\\/\\\/www.ucaldas.edu.co\\\/portal\\\/wp-content\\\/litespeed\\\/avatar\\\/09ea5085e600095a7a811142c6944527.jpg?ver=1777497608\",\"caption\":\"ofiprensa\"},\"url\":\"https:\\\/\\\/www.ucaldas.edu.co\\\/portal\\\/author\\\/ofiprensa\\\/\"}]}<\/script>\n<!-- \/ Yoast SEO plugin. -->","yoast_head_json":{"title":"Convenci\u00f3n Internacional de Flautistas hizo reconocimiento a U. de Caldas .","robots":{"index":"index","follow":"follow","max-snippet":"max-snippet:-1","max-image-preview":"max-image-preview:large","max-video-preview":"max-video-preview:-1"},"canonical":"https:\/\/www.ucaldas.edu.co\/portal\/convencion-internacional-de-flautistas-hizo-reconocimiento-a-u-de-caldas\/","schema":{"@context":"https:\/\/schema.org","@graph":[{"@type":"Article","@id":"https:\/\/www.ucaldas.edu.co\/portal\/convencion-internacional-de-flautistas-hizo-reconocimiento-a-u-de-caldas\/#article","isPartOf":{"@id":"https:\/\/www.ucaldas.edu.co\/portal\/convencion-internacional-de-flautistas-hizo-reconocimiento-a-u-de-caldas\/"},"author":{"name":"ofiprensa","@id":"https:\/\/www.ucaldas.edu.co\/portal\/#\/schema\/person\/a1b482e23449158b4bc319926c074fdf"},"headline":"Convenci\u00f3n Internacional de Flautistas hizo reconocimiento a U. de Caldas","datePublished":"2014-06-17T21:08:52+00:00","mainEntityOfPage":{"@id":"https:\/\/www.ucaldas.edu.co\/portal\/convencion-internacional-de-flautistas-hizo-reconocimiento-a-u-de-caldas\/"},"wordCount":202,"publisher":{"@id":"https:\/\/www.ucaldas.edu.co\/portal\/#organization"},"image":{"@id":"https:\/\/www.ucaldas.edu.co\/portal\/convencion-internacional-de-flautistas-hizo-reconocimiento-a-u-de-caldas\/#primaryimage"},"thumbnailUrl":"https:\/\/www.ucaldas.edu.co\/portal\/wp-content\/uploads\/2014\/06\/10175001_700995196629015_1577380433247546287_n-300x236.jpg","keywords":["Ecuador","Proyecci\u00f3n","Estudiante","Universidad De Caldas","flauta","jazz","Facultad de Artes y Humanidades"],"articleSection":["Actualidad","Universidad al D\u00eda"],"inLanguage":"es"},{"@type":"WebPage","@id":"https:\/\/www.ucaldas.edu.co\/portal\/convencion-internacional-de-flautistas-hizo-reconocimiento-a-u-de-caldas\/","url":"https:\/\/www.ucaldas.edu.co\/portal\/convencion-internacional-de-flautistas-hizo-reconocimiento-a-u-de-caldas\/","name":"Convenci\u00f3n Internacional de Flautistas hizo reconocimiento a U. de Caldas .","isPartOf":{"@id":"https:\/\/www.ucaldas.edu.co\/portal\/#website"},"primaryImageOfPage":{"@id":"https:\/\/www.ucaldas.edu.co\/portal\/convencion-internacional-de-flautistas-hizo-reconocimiento-a-u-de-caldas\/#primaryimage"},"image":{"@id":"https:\/\/www.ucaldas.edu.co\/portal\/convencion-internacional-de-flautistas-hizo-reconocimiento-a-u-de-caldas\/#primaryimage"},"thumbnailUrl":"https:\/\/www.ucaldas.edu.co\/portal\/wp-content\/uploads\/2014\/06\/10175001_700995196629015_1577380433247546287_n-300x236.jpg","datePublished":"2014-06-17T21:08:52+00:00","breadcrumb":{"@id":"https:\/\/www.ucaldas.edu.co\/portal\/convencion-internacional-de-flautistas-hizo-reconocimiento-a-u-de-caldas\/#breadcrumb"},"inLanguage":"es","potentialAction":[{"@type":"ReadAction","target":["https:\/\/www.ucaldas.edu.co\/portal\/convencion-internacional-de-flautistas-hizo-reconocimiento-a-u-de-caldas\/"]}]},{"@type":"ImageObject","inLanguage":"es","@id":"https:\/\/www.ucaldas.edu.co\/portal\/convencion-internacional-de-flautistas-hizo-reconocimiento-a-u-de-caldas\/#primaryimage","url":"https:\/\/www.ucaldas.edu.co\/portal\/wp-content\/uploads\/2014\/06\/10175001_700995196629015_1577380433247546287_n-300x236.jpg","contentUrl":"https:\/\/www.ucaldas.edu.co\/portal\/wp-content\/uploads\/2014\/06\/10175001_700995196629015_1577380433247546287_n-300x236.jpg"},{"@type":"BreadcrumbList","@id":"https:\/\/www.ucaldas.edu.co\/portal\/convencion-internacional-de-flautistas-hizo-reconocimiento-a-u-de-caldas\/#breadcrumb","itemListElement":[{"@type":"ListItem","position":1,"name":"Portada","item":"https:\/\/www.ucaldas.edu.co\/portal\/"},{"@type":"ListItem","position":2,"name":"Convenci\u00f3n Internacional de Flautistas hizo reconocimiento a U. de Caldas"}]},{"@type":"WebSite","@id":"https:\/\/www.ucaldas.edu.co\/portal\/#website","url":"https:\/\/www.ucaldas.edu.co\/portal\/","name":"Universidad de Caldas","description":"","publisher":{"@id":"https:\/\/www.ucaldas.edu.co\/portal\/#organization"},"alternateName":"U. de Caldas","potentialAction":[{"@type":"SearchAction","target":{"@type":"EntryPoint","urlTemplate":"https:\/\/www.ucaldas.edu.co\/portal\/?s={search_term_string}"},"query-input":{"@type":"PropertyValueSpecification","valueRequired":true,"valueName":"search_term_string"}}],"inLanguage":"es"},{"@type":"Organization","@id":"https:\/\/www.ucaldas.edu.co\/portal\/#organization","name":"Universidad de Caldas","alternateName":"U. de Caldas","url":"https:\/\/www.ucaldas.edu.co\/portal\/","logo":{"@type":"ImageObject","inLanguage":"es","@id":"https:\/\/www.ucaldas.edu.co\/portal\/#\/schema\/logo\/image\/","url":"https:\/\/www.ucaldas.edu.co\/portal\/wp-content\/uploads\/2023\/11\/Logo_horizontal_oscuroU-2023.png","contentUrl":"https:\/\/www.ucaldas.edu.co\/portal\/wp-content\/uploads\/2023\/11\/Logo_horizontal_oscuroU-2023.png","width":263,"height":101,"caption":"Universidad de Caldas"},"image":{"@id":"https:\/\/www.ucaldas.edu.co\/portal\/#\/schema\/logo\/image\/"},"sameAs":["https:\/\/www.facebook.com\/udecaldas","https:\/\/x.com\/udecaldas","https:\/\/www.youtube.com\/universidadcaldas","https:\/\/www.instagram.com\/udecaldas\/"]},{"@type":"Person","@id":"https:\/\/www.ucaldas.edu.co\/portal\/#\/schema\/person\/a1b482e23449158b4bc319926c074fdf","name":"ofiprensa","image":{"@type":"ImageObject","inLanguage":"es","@id":"https:\/\/www.ucaldas.edu.co\/portal\/wp-content\/litespeed\/avatar\/09ea5085e600095a7a811142c6944527.jpg?ver=1777497608","url":"https:\/\/www.ucaldas.edu.co\/portal\/wp-content\/litespeed\/avatar\/09ea5085e600095a7a811142c6944527.jpg?ver=1777497608","contentUrl":"https:\/\/www.ucaldas.edu.co\/portal\/wp-content\/litespeed\/avatar\/09ea5085e600095a7a811142c6944527.jpg?ver=1777497608","caption":"ofiprensa"},"url":"https:\/\/www.ucaldas.edu.co\/portal\/author\/ofiprensa\/"}]}},"_links":{"self":[{"href":"https:\/\/www.ucaldas.edu.co\/portal\/wp-json\/wp\/v2\/posts\/11969","targetHints":{"allow":["GET"]}}],"collection":[{"href":"https:\/\/www.ucaldas.edu.co\/portal\/wp-json\/wp\/v2\/posts"}],"about":[{"href":"https:\/\/www.ucaldas.edu.co\/portal\/wp-json\/wp\/v2\/types\/post"}],"author":[{"embeddable":true,"href":"https:\/\/www.ucaldas.edu.co\/portal\/wp-json\/wp\/v2\/users\/2"}],"replies":[{"embeddable":true,"href":"https:\/\/www.ucaldas.edu.co\/portal\/wp-json\/wp\/v2\/comments?post=11969"}],"version-history":[{"count":0,"href":"https:\/\/www.ucaldas.edu.co\/portal\/wp-json\/wp\/v2\/posts\/11969\/revisions"}],"wp:attachment":[{"href":"https:\/\/www.ucaldas.edu.co\/portal\/wp-json\/wp\/v2\/media?parent=11969"}],"wp:term":[{"taxonomy":"category","embeddable":true,"href":"https:\/\/www.ucaldas.edu.co\/portal\/wp-json\/wp\/v2\/categories?post=11969"},{"taxonomy":"post_tag","embeddable":true,"href":"https:\/\/www.ucaldas.edu.co\/portal\/wp-json\/wp\/v2\/tags?post=11969"}],"curies":[{"name":"wp","href":"https:\/\/api.w.org\/{rel}","templated":true}]}}