{"id":11716,"date":"2012-09-26T09:40:55","date_gmt":"2012-09-26T14:40:55","guid":{"rendered":"https:\/\/www.ucaldas.edu.co\/portal\/?p=11716"},"modified":"2012-09-26T09:40:55","modified_gmt":"2012-09-26T14:40:55","slug":"jornadas-de-socializacion-de-presupuesto-u-de-caldas","status":"publish","type":"post","link":"https:\/\/www.ucaldas.edu.co\/portal\/jornadas-de-socializacion-de-presupuesto-u-de-caldas\/","title":{"rendered":"Jornadas de socializaci\u00f3n de presupuesto U. de Caldas"},"content":{"rendered":"<p><b>oct 18, 22, 25 y 26 <\/b><\/p>\n<hr \/>\n<table border=\"0\">\n<tbody>\n<tr>\n<td>\u00a0<img loading=\"lazy\" decoding=\"async\" style=\"border: 0px\" title=\"Presupuesto\" alt=\"Presupuesto\" src=\"http:\/\/www.ucaldas.edu.co\/images\/tmp\/charla_colfuturo.jpg\" width=\"240\" height=\"160\" border=\"0\" \/><\/td>\n<td><b>Descripci\u00f3n: <\/b>la U. de Caldas dar\u00e1 a conocer aspectos relevantes de su presupuesto general 2013 y detallar\u00e1 aspectos del presupuesto de cada facultad, generando la posibilidad de recibir las inquietudes de los asistentes y orientar la inversi\u00f3n de los fondos especiales.<\/td>\n<\/tr>\n<\/tbody>\n<\/table>\n<p><b>Horario: <\/b>el 18, 22, 25 y 26 de octubre del 2012.<br \/>\n<b>Lugares: <\/b>facultades de la U. de Caldas.<br \/>\n<b>Programaci\u00f3n:<\/b><\/p>\n<p>&nbsp;<\/p>\n<table style=\"width: 644px\" border=\"0\" cellspacing=\"0\" cellpadding=\"0\">\n<tbody>\n<tr>\n<td width=\"102\">\n<p align=\"center\"><b>D\u00cdA<\/b><\/p>\n<\/td>\n<td width=\"130\">\n<p align=\"center\"><b>HORA<\/b><\/p>\n<\/td>\n<td width=\"193\">\n<p align=\"center\"><b>LUGAR<\/b><\/p>\n<\/td>\n<td width=\"219\">\n<p align=\"center\"><b>FACULTAD <\/b><\/p>\n<\/td>\n<\/tr>\n<tr>\n<td width=\"102\">18 de octubre<\/td>\n<td width=\"130\">10:00 a.m. \u2013 12:00 m.<\/td>\n<td width=\"193\">Auditorio Danilo Cruz V\u00e9lez<\/td>\n<td width=\"219\">Facultad de Ingenier\u00edas<\/td>\n<\/tr>\n<tr>\n<td width=\"102\">22 de octubre<\/td>\n<td width=\"130\">10:00 a.m. &#8211; 12:00 m.<\/td>\n<td width=\"193\">Sala de Consejos Facultad de Ciencias Exactas y Naturales<\/td>\n<td width=\"219\">Facultad de Ciencias Exactas y Naturales<\/td>\n<\/tr>\n<tr>\n<td width=\"102\">22 de octubre<\/td>\n<td width=\"130\">4:00 p.m. &#8211; 6:00 p.m.<\/td>\n<td width=\"193\">Auditorio Danilo Cruz V\u00e9lez<\/td>\n<td width=\"219\">Facultad de Artes y Humanidades<\/td>\n<\/tr>\n<tr>\n<td width=\"102\">25 de octubre<\/td>\n<td width=\"130\">2:00 p.m. &#8211; 4:00 p.m.<\/td>\n<td width=\"193\">Auditorio del Centro de Museos<\/td>\n<td width=\"219\">Facultad de Ciencias Jur\u00eddicas<\/td>\n<\/tr>\n<tr>\n<td width=\"102\">26 de octubre<\/td>\n<td width=\"130\">7:00 a.m. &#8211; 9:00 a.m.<\/td>\n<td width=\"193\">Auditorio Ernesto Guti\u00e9rrez Arango<\/td>\n<td width=\"219\">Facultad de Ciencias para la Salud<\/td>\n<\/tr>\n<\/tbody>\n<\/table>\n<p><b>Informes: <\/b>Oficina Asesora de Planeaci\u00f3n y Sistemas, tel\u00e9fono 878 15 00, extensi\u00f3n 11 110.<\/p>\n","protected":false},"excerpt":{"rendered":"<p>oct 18, 22, 25 y 26 \u00a0 Descripci\u00f3n: la U. de Caldas dar\u00e1 a conocer aspectos relevantes de su presupuesto general 2013 y detallar\u00e1 aspectos del presupuesto de cada facultad, generando la posibilidad de recibir las inquietudes de los asistentes y orientar la inversi\u00f3n de los fondos especiales. Horario: el 18, 22, 25 y 26 [&hellip;]<\/p>\n","protected":false},"author":2,"featured_media":0,"comment_status":"closed","ping_status":"closed","sticky":false,"template":"","format":"standard","meta":{"footnotes":""},"categories":[53,48],"tags":[],"class_list":["post-11716","post","type-post","status-publish","format-standard","hentry","category-universidad-al-dia","category-actualidad"],"yoast_head":"<!-- This site is optimized with the Yoast SEO plugin v27.5 - https:\/\/yoast.com\/product\/yoast-seo-wordpress\/ -->\n<title>Jornadas de socializaci\u00f3n de presupuesto U. de Caldas .<\/title>\n<meta name=\"robots\" content=\"index, follow, max-snippet:-1, max-image-preview:large, max-video-preview:-1\" \/>\n<link rel=\"canonical\" href=\"https:\/\/www.ucaldas.edu.co\/portal\/jornadas-de-socializacion-de-presupuesto-u-de-caldas\/\" \/>\n<script type=\"application\/ld+json\" class=\"yoast-schema-graph\">{\"@context\":\"https:\\\/\\\/schema.org\",\"@graph\":[{\"@type\":\"Article\",\"@id\":\"https:\\\/\\\/www.ucaldas.edu.co\\\/portal\\\/jornadas-de-socializacion-de-presupuesto-u-de-caldas\\\/#article\",\"isPartOf\":{\"@id\":\"https:\\\/\\\/www.ucaldas.edu.co\\\/portal\\\/jornadas-de-socializacion-de-presupuesto-u-de-caldas\\\/\"},\"author\":{\"name\":\"ofiprensa\",\"@id\":\"https:\\\/\\\/www.ucaldas.edu.co\\\/portal\\\/#\\\/schema\\\/person\\\/a1b482e23449158b4bc319926c074fdf\"},\"headline\":\"Jornadas de socializaci\u00f3n de presupuesto U. de Caldas\",\"datePublished\":\"2012-09-26T14:40:55+00:00\",\"mainEntityOfPage\":{\"@id\":\"https:\\\/\\\/www.ucaldas.edu.co\\\/portal\\\/jornadas-de-socializacion-de-presupuesto-u-de-caldas\\\/\"},\"wordCount\":173,\"publisher\":{\"@id\":\"https:\\\/\\\/www.ucaldas.edu.co\\\/portal\\\/#organization\"},\"image\":{\"@id\":\"https:\\\/\\\/www.ucaldas.edu.co\\\/portal\\\/jornadas-de-socializacion-de-presupuesto-u-de-caldas\\\/#primaryimage\"},\"thumbnailUrl\":\"http:\\\/\\\/www.ucaldas.edu.co\\\/images\\\/tmp\\\/charla_colfuturo.jpg\",\"articleSection\":[\"Universidad al D\u00eda\",\"Actualidad\"],\"inLanguage\":\"es\"},{\"@type\":\"WebPage\",\"@id\":\"https:\\\/\\\/www.ucaldas.edu.co\\\/portal\\\/jornadas-de-socializacion-de-presupuesto-u-de-caldas\\\/\",\"url\":\"https:\\\/\\\/www.ucaldas.edu.co\\\/portal\\\/jornadas-de-socializacion-de-presupuesto-u-de-caldas\\\/\",\"name\":\"Jornadas de socializaci\u00f3n de presupuesto U. de Caldas .\",\"isPartOf\":{\"@id\":\"https:\\\/\\\/www.ucaldas.edu.co\\\/portal\\\/#website\"},\"primaryImageOfPage\":{\"@id\":\"https:\\\/\\\/www.ucaldas.edu.co\\\/portal\\\/jornadas-de-socializacion-de-presupuesto-u-de-caldas\\\/#primaryimage\"},\"image\":{\"@id\":\"https:\\\/\\\/www.ucaldas.edu.co\\\/portal\\\/jornadas-de-socializacion-de-presupuesto-u-de-caldas\\\/#primaryimage\"},\"thumbnailUrl\":\"http:\\\/\\\/www.ucaldas.edu.co\\\/images\\\/tmp\\\/charla_colfuturo.jpg\",\"datePublished\":\"2012-09-26T14:40:55+00:00\",\"breadcrumb\":{\"@id\":\"https:\\\/\\\/www.ucaldas.edu.co\\\/portal\\\/jornadas-de-socializacion-de-presupuesto-u-de-caldas\\\/#breadcrumb\"},\"inLanguage\":\"es\",\"potentialAction\":[{\"@type\":\"ReadAction\",\"target\":[\"https:\\\/\\\/www.ucaldas.edu.co\\\/portal\\\/jornadas-de-socializacion-de-presupuesto-u-de-caldas\\\/\"]}]},{\"@type\":\"ImageObject\",\"inLanguage\":\"es\",\"@id\":\"https:\\\/\\\/www.ucaldas.edu.co\\\/portal\\\/jornadas-de-socializacion-de-presupuesto-u-de-caldas\\\/#primaryimage\",\"url\":\"http:\\\/\\\/www.ucaldas.edu.co\\\/images\\\/tmp\\\/charla_colfuturo.jpg\",\"contentUrl\":\"http:\\\/\\\/www.ucaldas.edu.co\\\/images\\\/tmp\\\/charla_colfuturo.jpg\"},{\"@type\":\"BreadcrumbList\",\"@id\":\"https:\\\/\\\/www.ucaldas.edu.co\\\/portal\\\/jornadas-de-socializacion-de-presupuesto-u-de-caldas\\\/#breadcrumb\",\"itemListElement\":[{\"@type\":\"ListItem\",\"position\":1,\"name\":\"Portada\",\"item\":\"https:\\\/\\\/www.ucaldas.edu.co\\\/portal\\\/\"},{\"@type\":\"ListItem\",\"position\":2,\"name\":\"Jornadas de socializaci\u00f3n de presupuesto U. de Caldas\"}]},{\"@type\":\"WebSite\",\"@id\":\"https:\\\/\\\/www.ucaldas.edu.co\\\/portal\\\/#website\",\"url\":\"https:\\\/\\\/www.ucaldas.edu.co\\\/portal\\\/\",\"name\":\"Universidad de Caldas\",\"description\":\"\",\"publisher\":{\"@id\":\"https:\\\/\\\/www.ucaldas.edu.co\\\/portal\\\/#organization\"},\"alternateName\":\"U. de Caldas\",\"potentialAction\":[{\"@type\":\"SearchAction\",\"target\":{\"@type\":\"EntryPoint\",\"urlTemplate\":\"https:\\\/\\\/www.ucaldas.edu.co\\\/portal\\\/?s={search_term_string}\"},\"query-input\":{\"@type\":\"PropertyValueSpecification\",\"valueRequired\":true,\"valueName\":\"search_term_string\"}}],\"inLanguage\":\"es\"},{\"@type\":\"Organization\",\"@id\":\"https:\\\/\\\/www.ucaldas.edu.co\\\/portal\\\/#organization\",\"name\":\"Universidad de Caldas\",\"alternateName\":\"U. de Caldas\",\"url\":\"https:\\\/\\\/www.ucaldas.edu.co\\\/portal\\\/\",\"logo\":{\"@type\":\"ImageObject\",\"inLanguage\":\"es\",\"@id\":\"https:\\\/\\\/www.ucaldas.edu.co\\\/portal\\\/#\\\/schema\\\/logo\\\/image\\\/\",\"url\":\"https:\\\/\\\/www.ucaldas.edu.co\\\/portal\\\/wp-content\\\/uploads\\\/2023\\\/11\\\/Logo_horizontal_oscuroU-2023.png\",\"contentUrl\":\"https:\\\/\\\/www.ucaldas.edu.co\\\/portal\\\/wp-content\\\/uploads\\\/2023\\\/11\\\/Logo_horizontal_oscuroU-2023.png\",\"width\":263,\"height\":101,\"caption\":\"Universidad de Caldas\"},\"image\":{\"@id\":\"https:\\\/\\\/www.ucaldas.edu.co\\\/portal\\\/#\\\/schema\\\/logo\\\/image\\\/\"},\"sameAs\":[\"https:\\\/\\\/www.facebook.com\\\/udecaldas\",\"https:\\\/\\\/x.com\\\/udecaldas\",\"https:\\\/\\\/www.youtube.com\\\/universidadcaldas\",\"https:\\\/\\\/www.instagram.com\\\/udecaldas\\\/\"]},{\"@type\":\"Person\",\"@id\":\"https:\\\/\\\/www.ucaldas.edu.co\\\/portal\\\/#\\\/schema\\\/person\\\/a1b482e23449158b4bc319926c074fdf\",\"name\":\"ofiprensa\",\"image\":{\"@type\":\"ImageObject\",\"inLanguage\":\"es\",\"@id\":\"https:\\\/\\\/www.ucaldas.edu.co\\\/portal\\\/wp-content\\\/litespeed\\\/avatar\\\/09ea5085e600095a7a811142c6944527.jpg?ver=1777497608\",\"url\":\"https:\\\/\\\/www.ucaldas.edu.co\\\/portal\\\/wp-content\\\/litespeed\\\/avatar\\\/09ea5085e600095a7a811142c6944527.jpg?ver=1777497608\",\"contentUrl\":\"https:\\\/\\\/www.ucaldas.edu.co\\\/portal\\\/wp-content\\\/litespeed\\\/avatar\\\/09ea5085e600095a7a811142c6944527.jpg?ver=1777497608\",\"caption\":\"ofiprensa\"},\"url\":\"https:\\\/\\\/www.ucaldas.edu.co\\\/portal\\\/author\\\/ofiprensa\\\/\"}]}<\/script>\n<!-- \/ Yoast SEO plugin. -->","yoast_head_json":{"title":"Jornadas de socializaci\u00f3n de presupuesto U. de Caldas .","robots":{"index":"index","follow":"follow","max-snippet":"max-snippet:-1","max-image-preview":"max-image-preview:large","max-video-preview":"max-video-preview:-1"},"canonical":"https:\/\/www.ucaldas.edu.co\/portal\/jornadas-de-socializacion-de-presupuesto-u-de-caldas\/","schema":{"@context":"https:\/\/schema.org","@graph":[{"@type":"Article","@id":"https:\/\/www.ucaldas.edu.co\/portal\/jornadas-de-socializacion-de-presupuesto-u-de-caldas\/#article","isPartOf":{"@id":"https:\/\/www.ucaldas.edu.co\/portal\/jornadas-de-socializacion-de-presupuesto-u-de-caldas\/"},"author":{"name":"ofiprensa","@id":"https:\/\/www.ucaldas.edu.co\/portal\/#\/schema\/person\/a1b482e23449158b4bc319926c074fdf"},"headline":"Jornadas de socializaci\u00f3n de presupuesto U. de Caldas","datePublished":"2012-09-26T14:40:55+00:00","mainEntityOfPage":{"@id":"https:\/\/www.ucaldas.edu.co\/portal\/jornadas-de-socializacion-de-presupuesto-u-de-caldas\/"},"wordCount":173,"publisher":{"@id":"https:\/\/www.ucaldas.edu.co\/portal\/#organization"},"image":{"@id":"https:\/\/www.ucaldas.edu.co\/portal\/jornadas-de-socializacion-de-presupuesto-u-de-caldas\/#primaryimage"},"thumbnailUrl":"http:\/\/www.ucaldas.edu.co\/images\/tmp\/charla_colfuturo.jpg","articleSection":["Universidad al D\u00eda","Actualidad"],"inLanguage":"es"},{"@type":"WebPage","@id":"https:\/\/www.ucaldas.edu.co\/portal\/jornadas-de-socializacion-de-presupuesto-u-de-caldas\/","url":"https:\/\/www.ucaldas.edu.co\/portal\/jornadas-de-socializacion-de-presupuesto-u-de-caldas\/","name":"Jornadas de socializaci\u00f3n de presupuesto U. de Caldas .","isPartOf":{"@id":"https:\/\/www.ucaldas.edu.co\/portal\/#website"},"primaryImageOfPage":{"@id":"https:\/\/www.ucaldas.edu.co\/portal\/jornadas-de-socializacion-de-presupuesto-u-de-caldas\/#primaryimage"},"image":{"@id":"https:\/\/www.ucaldas.edu.co\/portal\/jornadas-de-socializacion-de-presupuesto-u-de-caldas\/#primaryimage"},"thumbnailUrl":"http:\/\/www.ucaldas.edu.co\/images\/tmp\/charla_colfuturo.jpg","datePublished":"2012-09-26T14:40:55+00:00","breadcrumb":{"@id":"https:\/\/www.ucaldas.edu.co\/portal\/jornadas-de-socializacion-de-presupuesto-u-de-caldas\/#breadcrumb"},"inLanguage":"es","potentialAction":[{"@type":"ReadAction","target":["https:\/\/www.ucaldas.edu.co\/portal\/jornadas-de-socializacion-de-presupuesto-u-de-caldas\/"]}]},{"@type":"ImageObject","inLanguage":"es","@id":"https:\/\/www.ucaldas.edu.co\/portal\/jornadas-de-socializacion-de-presupuesto-u-de-caldas\/#primaryimage","url":"http:\/\/www.ucaldas.edu.co\/images\/tmp\/charla_colfuturo.jpg","contentUrl":"http:\/\/www.ucaldas.edu.co\/images\/tmp\/charla_colfuturo.jpg"},{"@type":"BreadcrumbList","@id":"https:\/\/www.ucaldas.edu.co\/portal\/jornadas-de-socializacion-de-presupuesto-u-de-caldas\/#breadcrumb","itemListElement":[{"@type":"ListItem","position":1,"name":"Portada","item":"https:\/\/www.ucaldas.edu.co\/portal\/"},{"@type":"ListItem","position":2,"name":"Jornadas de socializaci\u00f3n de presupuesto U. de Caldas"}]},{"@type":"WebSite","@id":"https:\/\/www.ucaldas.edu.co\/portal\/#website","url":"https:\/\/www.ucaldas.edu.co\/portal\/","name":"Universidad de Caldas","description":"","publisher":{"@id":"https:\/\/www.ucaldas.edu.co\/portal\/#organization"},"alternateName":"U. de Caldas","potentialAction":[{"@type":"SearchAction","target":{"@type":"EntryPoint","urlTemplate":"https:\/\/www.ucaldas.edu.co\/portal\/?s={search_term_string}"},"query-input":{"@type":"PropertyValueSpecification","valueRequired":true,"valueName":"search_term_string"}}],"inLanguage":"es"},{"@type":"Organization","@id":"https:\/\/www.ucaldas.edu.co\/portal\/#organization","name":"Universidad de Caldas","alternateName":"U. de Caldas","url":"https:\/\/www.ucaldas.edu.co\/portal\/","logo":{"@type":"ImageObject","inLanguage":"es","@id":"https:\/\/www.ucaldas.edu.co\/portal\/#\/schema\/logo\/image\/","url":"https:\/\/www.ucaldas.edu.co\/portal\/wp-content\/uploads\/2023\/11\/Logo_horizontal_oscuroU-2023.png","contentUrl":"https:\/\/www.ucaldas.edu.co\/portal\/wp-content\/uploads\/2023\/11\/Logo_horizontal_oscuroU-2023.png","width":263,"height":101,"caption":"Universidad de Caldas"},"image":{"@id":"https:\/\/www.ucaldas.edu.co\/portal\/#\/schema\/logo\/image\/"},"sameAs":["https:\/\/www.facebook.com\/udecaldas","https:\/\/x.com\/udecaldas","https:\/\/www.youtube.com\/universidadcaldas","https:\/\/www.instagram.com\/udecaldas\/"]},{"@type":"Person","@id":"https:\/\/www.ucaldas.edu.co\/portal\/#\/schema\/person\/a1b482e23449158b4bc319926c074fdf","name":"ofiprensa","image":{"@type":"ImageObject","inLanguage":"es","@id":"https:\/\/www.ucaldas.edu.co\/portal\/wp-content\/litespeed\/avatar\/09ea5085e600095a7a811142c6944527.jpg?ver=1777497608","url":"https:\/\/www.ucaldas.edu.co\/portal\/wp-content\/litespeed\/avatar\/09ea5085e600095a7a811142c6944527.jpg?ver=1777497608","contentUrl":"https:\/\/www.ucaldas.edu.co\/portal\/wp-content\/litespeed\/avatar\/09ea5085e600095a7a811142c6944527.jpg?ver=1777497608","caption":"ofiprensa"},"url":"https:\/\/www.ucaldas.edu.co\/portal\/author\/ofiprensa\/"}]}},"_links":{"self":[{"href":"https:\/\/www.ucaldas.edu.co\/portal\/wp-json\/wp\/v2\/posts\/11716","targetHints":{"allow":["GET"]}}],"collection":[{"href":"https:\/\/www.ucaldas.edu.co\/portal\/wp-json\/wp\/v2\/posts"}],"about":[{"href":"https:\/\/www.ucaldas.edu.co\/portal\/wp-json\/wp\/v2\/types\/post"}],"author":[{"embeddable":true,"href":"https:\/\/www.ucaldas.edu.co\/portal\/wp-json\/wp\/v2\/users\/2"}],"replies":[{"embeddable":true,"href":"https:\/\/www.ucaldas.edu.co\/portal\/wp-json\/wp\/v2\/comments?post=11716"}],"version-history":[{"count":0,"href":"https:\/\/www.ucaldas.edu.co\/portal\/wp-json\/wp\/v2\/posts\/11716\/revisions"}],"wp:attachment":[{"href":"https:\/\/www.ucaldas.edu.co\/portal\/wp-json\/wp\/v2\/media?parent=11716"}],"wp:term":[{"taxonomy":"category","embeddable":true,"href":"https:\/\/www.ucaldas.edu.co\/portal\/wp-json\/wp\/v2\/categories?post=11716"},{"taxonomy":"post_tag","embeddable":true,"href":"https:\/\/www.ucaldas.edu.co\/portal\/wp-json\/wp\/v2\/tags?post=11716"}],"curies":[{"name":"wp","href":"https:\/\/api.w.org\/{rel}","templated":true}]}}