{"id":11710,"date":"2012-09-25T09:39:08","date_gmt":"2012-09-25T14:39:08","guid":{"rendered":"https:\/\/www.ucaldas.edu.co\/portal\/?p=11710"},"modified":"2012-09-25T09:39:08","modified_gmt":"2012-09-25T14:39:08","slug":"u-de-caldas-es-anfitriona-de-congreso-colombiano-de-filosofia","status":"publish","type":"post","link":"https:\/\/www.ucaldas.edu.co\/portal\/u-de-caldas-es-anfitriona-de-congreso-colombiano-de-filosofia\/","title":{"rendered":"U. de Caldas es anfitriona de  Congreso Colombiano de Filosof\u00eda"},"content":{"rendered":"<p>Comenz\u00f3 en la Instituci\u00f3n uno de los encuentros investigativos m\u00e1s importantes<\/p>\n<hr \/>\n<p>&nbsp;<\/p>\n<p align=\"right\">25\/09\/2012<\/p>\n<p align=\"right\">Redacci\u00f3n: Margarita Laverde Galvis<\/p>\n<p><b>\u00a0<\/b><\/p>\n<table border=\"0\">\n<tbody>\n<tr>\n<td><img loading=\"lazy\" decoding=\"async\" style=\"border: 0px\" title=\"U. de Caldas es anfitriona de  Congreso Colombiano de Filosof\u00eda\" alt=\"Congreso Filosofia\" src=\"http:\/\/www.ucaldas.edu.co\/images\/tmp\/ucaldas_sede_congreso_colombiano_filosofia_2012.jpg\" width=\"240\" height=\"150\" border=\"0\" \/><\/td>\n<td><b>Chile<\/b>\u00a0es el\u00a0<b>pa\u00eds invitado<\/b>\u00a0al\u00a0<b>IV Congreso Colombiano de Filosof\u00eda,\u00a0<\/b>que\u00a0<b>comenz\u00f3<\/b>\u00a0el pasado lunes 24 de septiembre del 2012\u00a0<b>en la<\/b>\u00a0<b>Universidad de Caldas.\u00a0<\/b>El evento, que\u00a0<b>se llevar\u00e1 a cabo hasta<\/b>\u00a0el\u00a0<b>viernes 28<\/b>\u00a0de\u00a0<b>septiembre<\/b>, es una\u00a0<b>iniciativa<\/b>\u00a0de la\u00a0<b>Sociedad Colombiana de Filosof\u00eda<\/b>\u00a0(SCF) y el\u00a0<b>Departamento de Filosof\u00eda<\/b>\u00a0 de la Instituci\u00f3n.<\/td>\n<\/tr>\n<\/tbody>\n<\/table>\n<p>&nbsp;<\/p>\n<p>En el acto de apertura del encuentro acad\u00e9mico particip\u00f3 \u00c1lvaro Corral Cuartas,\u00a0<b>Presidente de la Sociedad Colombiana de Filosof\u00eda (SCF),<\/b>quien expres\u00f3: \u201cquiero agradecer, en nombre de la comunidad filos\u00f3fica, el hecho de estar aqu\u00ed, en un evento que congrega cada dos a\u00f1os el ejercicio de di\u00e1logo de la comunidad filos\u00f3fica en el pa\u00eds\u201d.<\/p>\n<p><b>\u00a0<\/b><\/p>\n<p>Por otra parte, Carlos Emilio Garc\u00eda Duque,\u00a0<b>Vicerrector de Investigaciones y Postgrados de la U. de Caldas,\u00a0<\/b>expres\u00f3: \u201cpara la Instituci\u00f3n representa un gusto y un inmenso honor acoger a la SCF en este congreso. Reitero nuestro reconocimiento a los miembros de la comunidad filos\u00f3fica nacional, que siempre han respondido de tan buena manera a nuestras invitaciones\u201d, coment\u00f3<\/p>\n<p><b>\u00a0<\/b><\/p>\n<p>Garc\u00eda Duque, quien tambi\u00e9n es el\u00a0<b>Vicepresidente de la SCF,\u00a0<\/b>agreg\u00f3: \u201chemos tenido la fortuna de acoger en Manizales a m\u00e1s de 40 colegas extranjeros. Quiero saludar a la nutrida delegaci\u00f3n de Chile, pa\u00eds invitado al evento\u201d.<\/p>\n<p>&nbsp;<\/p>\n<p>\u201cDebido a la calidad de las numerosas contribuciones, que se discutir\u00e1n en los espacios de la U. de Caldas, este congreso reviste particular importancia para el trabajo de la comunidad filos\u00f3fica del pa\u00eds, adem\u00e1s de testimoniar el grado de desarrollo que ha alcanzado la investigaci\u00f3n filos\u00f3fica en Colombia y en diferentes partes del mundo\u201d, concluy\u00f3 Garc\u00eda Duque.<\/p>\n<p>&nbsp;<\/p>\n<p>Entre las actividades del encuentro est\u00e1n\u00a0<b>20 simposios, 16 mesas tem\u00e1ticas, conferencias, plenarias<\/b>,\u00a0<b>presentaci\u00f3n de libros<\/b>, entre otros. Adem\u00e1s, la\u00a0<b>Asamblea General de los Miembros de la Sociedad Colombiana de Filosof\u00eda<\/b>\u00a0se realizar\u00e1\u00a0<b>viernes 28<\/b>\u00a0de\u00a0<b>septiembre<\/b>,\u00a0<b>a las 5:00 p.m.<\/b>\u00a0en la\u00a0<b>Sala Carlos N\u00e1der N\u00e1der<\/b>, Campus Central de la Instituci\u00f3n.<\/p>\n<p>&nbsp;<\/p>\n<p><a href=\"http:\/\/www.facebook.com\/media\/set\/?set=a.414087111986493.97616.107054166023124&amp;type=3\" target=\"_blank\">Conozca im\u00e1genes del IV Congreso Colombiano de Filosof\u00eda<\/a><\/p>\n<p><a href=\"http:\/\/desarrollo.ucaldas.edu.co\/archivo\/index.php?option=com_content&amp;view=article&amp;catid=419%3Auniversidad-al-dia&amp;id=7750%3Aiv-congreso-colombiano-de-filosofia&amp;Itemid=1039\" target=\"_blank\"><br \/>\nConozca aqu\u00ed m\u00e1s detalles del evento<\/a><br \/>\n<b>Informes:<\/b>\u00a0Departamento de Filosof\u00eda, tel\u00e9fono 886 27 20 extensi\u00f3n 21 151.<\/p>\n<p>&nbsp;<\/p>\n","protected":false},"excerpt":{"rendered":"<p>Comenz\u00f3 en la Instituci\u00f3n uno de los encuentros investigativos m\u00e1s importantes &nbsp; 25\/09\/2012 Redacci\u00f3n: Margarita Laverde Galvis \u00a0 Chile\u00a0es el\u00a0pa\u00eds invitado\u00a0al\u00a0IV Congreso Colombiano de Filosof\u00eda,\u00a0que\u00a0comenz\u00f3\u00a0el pasado lunes 24 de septiembre del 2012\u00a0en la\u00a0Universidad de Caldas.\u00a0El evento, que\u00a0se llevar\u00e1 a cabo hasta\u00a0el\u00a0viernes 28\u00a0de\u00a0septiembre, es una\u00a0iniciativa\u00a0de la\u00a0Sociedad Colombiana de Filosof\u00eda\u00a0(SCF) y el\u00a0Departamento de Filosof\u00eda\u00a0 de la Instituci\u00f3n. [&hellip;]<\/p>\n","protected":false},"author":2,"featured_media":0,"comment_status":"closed","ping_status":"closed","sticky":false,"template":"","format":"standard","meta":{"footnotes":""},"categories":[48,53],"tags":[],"class_list":["post-11710","post","type-post","status-publish","format-standard","hentry","category-actualidad","category-universidad-al-dia"],"yoast_head":"<!-- This site is optimized with the Yoast SEO plugin v27.5 - https:\/\/yoast.com\/product\/yoast-seo-wordpress\/ -->\n<title>U. de Caldas es anfitriona de Congreso Colombiano de Filosof\u00eda .<\/title>\n<meta name=\"robots\" content=\"index, follow, max-snippet:-1, max-image-preview:large, max-video-preview:-1\" \/>\n<link rel=\"canonical\" href=\"https:\/\/www.ucaldas.edu.co\/portal\/u-de-caldas-es-anfitriona-de-congreso-colombiano-de-filosofia\/\" \/>\n<script type=\"application\/ld+json\" class=\"yoast-schema-graph\">{\"@context\":\"https:\\\/\\\/schema.org\",\"@graph\":[{\"@type\":\"Article\",\"@id\":\"https:\\\/\\\/www.ucaldas.edu.co\\\/portal\\\/u-de-caldas-es-anfitriona-de-congreso-colombiano-de-filosofia\\\/#article\",\"isPartOf\":{\"@id\":\"https:\\\/\\\/www.ucaldas.edu.co\\\/portal\\\/u-de-caldas-es-anfitriona-de-congreso-colombiano-de-filosofia\\\/\"},\"author\":{\"name\":\"ofiprensa\",\"@id\":\"https:\\\/\\\/www.ucaldas.edu.co\\\/portal\\\/#\\\/schema\\\/person\\\/a1b482e23449158b4bc319926c074fdf\"},\"headline\":\"U. de Caldas es anfitriona de Congreso Colombiano de Filosof\u00eda\",\"datePublished\":\"2012-09-25T14:39:08+00:00\",\"mainEntityOfPage\":{\"@id\":\"https:\\\/\\\/www.ucaldas.edu.co\\\/portal\\\/u-de-caldas-es-anfitriona-de-congreso-colombiano-de-filosofia\\\/\"},\"wordCount\":404,\"publisher\":{\"@id\":\"https:\\\/\\\/www.ucaldas.edu.co\\\/portal\\\/#organization\"},\"image\":{\"@id\":\"https:\\\/\\\/www.ucaldas.edu.co\\\/portal\\\/u-de-caldas-es-anfitriona-de-congreso-colombiano-de-filosofia\\\/#primaryimage\"},\"thumbnailUrl\":\"http:\\\/\\\/www.ucaldas.edu.co\\\/images\\\/tmp\\\/ucaldas_sede_congreso_colombiano_filosofia_2012.jpg\",\"articleSection\":[\"Actualidad\",\"Universidad al D\u00eda\"],\"inLanguage\":\"es\"},{\"@type\":\"WebPage\",\"@id\":\"https:\\\/\\\/www.ucaldas.edu.co\\\/portal\\\/u-de-caldas-es-anfitriona-de-congreso-colombiano-de-filosofia\\\/\",\"url\":\"https:\\\/\\\/www.ucaldas.edu.co\\\/portal\\\/u-de-caldas-es-anfitriona-de-congreso-colombiano-de-filosofia\\\/\",\"name\":\"U. de Caldas es anfitriona de Congreso Colombiano de Filosof\u00eda .\",\"isPartOf\":{\"@id\":\"https:\\\/\\\/www.ucaldas.edu.co\\\/portal\\\/#website\"},\"primaryImageOfPage\":{\"@id\":\"https:\\\/\\\/www.ucaldas.edu.co\\\/portal\\\/u-de-caldas-es-anfitriona-de-congreso-colombiano-de-filosofia\\\/#primaryimage\"},\"image\":{\"@id\":\"https:\\\/\\\/www.ucaldas.edu.co\\\/portal\\\/u-de-caldas-es-anfitriona-de-congreso-colombiano-de-filosofia\\\/#primaryimage\"},\"thumbnailUrl\":\"http:\\\/\\\/www.ucaldas.edu.co\\\/images\\\/tmp\\\/ucaldas_sede_congreso_colombiano_filosofia_2012.jpg\",\"datePublished\":\"2012-09-25T14:39:08+00:00\",\"breadcrumb\":{\"@id\":\"https:\\\/\\\/www.ucaldas.edu.co\\\/portal\\\/u-de-caldas-es-anfitriona-de-congreso-colombiano-de-filosofia\\\/#breadcrumb\"},\"inLanguage\":\"es\",\"potentialAction\":[{\"@type\":\"ReadAction\",\"target\":[\"https:\\\/\\\/www.ucaldas.edu.co\\\/portal\\\/u-de-caldas-es-anfitriona-de-congreso-colombiano-de-filosofia\\\/\"]}]},{\"@type\":\"ImageObject\",\"inLanguage\":\"es\",\"@id\":\"https:\\\/\\\/www.ucaldas.edu.co\\\/portal\\\/u-de-caldas-es-anfitriona-de-congreso-colombiano-de-filosofia\\\/#primaryimage\",\"url\":\"http:\\\/\\\/www.ucaldas.edu.co\\\/images\\\/tmp\\\/ucaldas_sede_congreso_colombiano_filosofia_2012.jpg\",\"contentUrl\":\"http:\\\/\\\/www.ucaldas.edu.co\\\/images\\\/tmp\\\/ucaldas_sede_congreso_colombiano_filosofia_2012.jpg\"},{\"@type\":\"BreadcrumbList\",\"@id\":\"https:\\\/\\\/www.ucaldas.edu.co\\\/portal\\\/u-de-caldas-es-anfitriona-de-congreso-colombiano-de-filosofia\\\/#breadcrumb\",\"itemListElement\":[{\"@type\":\"ListItem\",\"position\":1,\"name\":\"Portada\",\"item\":\"https:\\\/\\\/www.ucaldas.edu.co\\\/portal\\\/\"},{\"@type\":\"ListItem\",\"position\":2,\"name\":\"U. de Caldas es anfitriona de Congreso Colombiano de Filosof\u00eda\"}]},{\"@type\":\"WebSite\",\"@id\":\"https:\\\/\\\/www.ucaldas.edu.co\\\/portal\\\/#website\",\"url\":\"https:\\\/\\\/www.ucaldas.edu.co\\\/portal\\\/\",\"name\":\"Universidad de Caldas\",\"description\":\"\",\"publisher\":{\"@id\":\"https:\\\/\\\/www.ucaldas.edu.co\\\/portal\\\/#organization\"},\"alternateName\":\"U. de Caldas\",\"potentialAction\":[{\"@type\":\"SearchAction\",\"target\":{\"@type\":\"EntryPoint\",\"urlTemplate\":\"https:\\\/\\\/www.ucaldas.edu.co\\\/portal\\\/?s={search_term_string}\"},\"query-input\":{\"@type\":\"PropertyValueSpecification\",\"valueRequired\":true,\"valueName\":\"search_term_string\"}}],\"inLanguage\":\"es\"},{\"@type\":\"Organization\",\"@id\":\"https:\\\/\\\/www.ucaldas.edu.co\\\/portal\\\/#organization\",\"name\":\"Universidad de Caldas\",\"alternateName\":\"U. de Caldas\",\"url\":\"https:\\\/\\\/www.ucaldas.edu.co\\\/portal\\\/\",\"logo\":{\"@type\":\"ImageObject\",\"inLanguage\":\"es\",\"@id\":\"https:\\\/\\\/www.ucaldas.edu.co\\\/portal\\\/#\\\/schema\\\/logo\\\/image\\\/\",\"url\":\"https:\\\/\\\/www.ucaldas.edu.co\\\/portal\\\/wp-content\\\/uploads\\\/2023\\\/11\\\/Logo_horizontal_oscuroU-2023.png\",\"contentUrl\":\"https:\\\/\\\/www.ucaldas.edu.co\\\/portal\\\/wp-content\\\/uploads\\\/2023\\\/11\\\/Logo_horizontal_oscuroU-2023.png\",\"width\":263,\"height\":101,\"caption\":\"Universidad de Caldas\"},\"image\":{\"@id\":\"https:\\\/\\\/www.ucaldas.edu.co\\\/portal\\\/#\\\/schema\\\/logo\\\/image\\\/\"},\"sameAs\":[\"https:\\\/\\\/www.facebook.com\\\/udecaldas\",\"https:\\\/\\\/x.com\\\/udecaldas\",\"https:\\\/\\\/www.youtube.com\\\/universidadcaldas\",\"https:\\\/\\\/www.instagram.com\\\/udecaldas\\\/\"]},{\"@type\":\"Person\",\"@id\":\"https:\\\/\\\/www.ucaldas.edu.co\\\/portal\\\/#\\\/schema\\\/person\\\/a1b482e23449158b4bc319926c074fdf\",\"name\":\"ofiprensa\",\"image\":{\"@type\":\"ImageObject\",\"inLanguage\":\"es\",\"@id\":\"https:\\\/\\\/www.ucaldas.edu.co\\\/portal\\\/wp-content\\\/litespeed\\\/avatar\\\/09ea5085e600095a7a811142c6944527.jpg?ver=1777497608\",\"url\":\"https:\\\/\\\/www.ucaldas.edu.co\\\/portal\\\/wp-content\\\/litespeed\\\/avatar\\\/09ea5085e600095a7a811142c6944527.jpg?ver=1777497608\",\"contentUrl\":\"https:\\\/\\\/www.ucaldas.edu.co\\\/portal\\\/wp-content\\\/litespeed\\\/avatar\\\/09ea5085e600095a7a811142c6944527.jpg?ver=1777497608\",\"caption\":\"ofiprensa\"},\"url\":\"https:\\\/\\\/www.ucaldas.edu.co\\\/portal\\\/author\\\/ofiprensa\\\/\"}]}<\/script>\n<!-- \/ Yoast SEO plugin. -->","yoast_head_json":{"title":"U. de Caldas es anfitriona de Congreso Colombiano de Filosof\u00eda .","robots":{"index":"index","follow":"follow","max-snippet":"max-snippet:-1","max-image-preview":"max-image-preview:large","max-video-preview":"max-video-preview:-1"},"canonical":"https:\/\/www.ucaldas.edu.co\/portal\/u-de-caldas-es-anfitriona-de-congreso-colombiano-de-filosofia\/","schema":{"@context":"https:\/\/schema.org","@graph":[{"@type":"Article","@id":"https:\/\/www.ucaldas.edu.co\/portal\/u-de-caldas-es-anfitriona-de-congreso-colombiano-de-filosofia\/#article","isPartOf":{"@id":"https:\/\/www.ucaldas.edu.co\/portal\/u-de-caldas-es-anfitriona-de-congreso-colombiano-de-filosofia\/"},"author":{"name":"ofiprensa","@id":"https:\/\/www.ucaldas.edu.co\/portal\/#\/schema\/person\/a1b482e23449158b4bc319926c074fdf"},"headline":"U. de Caldas es anfitriona de Congreso Colombiano de Filosof\u00eda","datePublished":"2012-09-25T14:39:08+00:00","mainEntityOfPage":{"@id":"https:\/\/www.ucaldas.edu.co\/portal\/u-de-caldas-es-anfitriona-de-congreso-colombiano-de-filosofia\/"},"wordCount":404,"publisher":{"@id":"https:\/\/www.ucaldas.edu.co\/portal\/#organization"},"image":{"@id":"https:\/\/www.ucaldas.edu.co\/portal\/u-de-caldas-es-anfitriona-de-congreso-colombiano-de-filosofia\/#primaryimage"},"thumbnailUrl":"http:\/\/www.ucaldas.edu.co\/images\/tmp\/ucaldas_sede_congreso_colombiano_filosofia_2012.jpg","articleSection":["Actualidad","Universidad al D\u00eda"],"inLanguage":"es"},{"@type":"WebPage","@id":"https:\/\/www.ucaldas.edu.co\/portal\/u-de-caldas-es-anfitriona-de-congreso-colombiano-de-filosofia\/","url":"https:\/\/www.ucaldas.edu.co\/portal\/u-de-caldas-es-anfitriona-de-congreso-colombiano-de-filosofia\/","name":"U. de Caldas es anfitriona de Congreso Colombiano de Filosof\u00eda .","isPartOf":{"@id":"https:\/\/www.ucaldas.edu.co\/portal\/#website"},"primaryImageOfPage":{"@id":"https:\/\/www.ucaldas.edu.co\/portal\/u-de-caldas-es-anfitriona-de-congreso-colombiano-de-filosofia\/#primaryimage"},"image":{"@id":"https:\/\/www.ucaldas.edu.co\/portal\/u-de-caldas-es-anfitriona-de-congreso-colombiano-de-filosofia\/#primaryimage"},"thumbnailUrl":"http:\/\/www.ucaldas.edu.co\/images\/tmp\/ucaldas_sede_congreso_colombiano_filosofia_2012.jpg","datePublished":"2012-09-25T14:39:08+00:00","breadcrumb":{"@id":"https:\/\/www.ucaldas.edu.co\/portal\/u-de-caldas-es-anfitriona-de-congreso-colombiano-de-filosofia\/#breadcrumb"},"inLanguage":"es","potentialAction":[{"@type":"ReadAction","target":["https:\/\/www.ucaldas.edu.co\/portal\/u-de-caldas-es-anfitriona-de-congreso-colombiano-de-filosofia\/"]}]},{"@type":"ImageObject","inLanguage":"es","@id":"https:\/\/www.ucaldas.edu.co\/portal\/u-de-caldas-es-anfitriona-de-congreso-colombiano-de-filosofia\/#primaryimage","url":"http:\/\/www.ucaldas.edu.co\/images\/tmp\/ucaldas_sede_congreso_colombiano_filosofia_2012.jpg","contentUrl":"http:\/\/www.ucaldas.edu.co\/images\/tmp\/ucaldas_sede_congreso_colombiano_filosofia_2012.jpg"},{"@type":"BreadcrumbList","@id":"https:\/\/www.ucaldas.edu.co\/portal\/u-de-caldas-es-anfitriona-de-congreso-colombiano-de-filosofia\/#breadcrumb","itemListElement":[{"@type":"ListItem","position":1,"name":"Portada","item":"https:\/\/www.ucaldas.edu.co\/portal\/"},{"@type":"ListItem","position":2,"name":"U. de Caldas es anfitriona de Congreso Colombiano de Filosof\u00eda"}]},{"@type":"WebSite","@id":"https:\/\/www.ucaldas.edu.co\/portal\/#website","url":"https:\/\/www.ucaldas.edu.co\/portal\/","name":"Universidad de Caldas","description":"","publisher":{"@id":"https:\/\/www.ucaldas.edu.co\/portal\/#organization"},"alternateName":"U. de Caldas","potentialAction":[{"@type":"SearchAction","target":{"@type":"EntryPoint","urlTemplate":"https:\/\/www.ucaldas.edu.co\/portal\/?s={search_term_string}"},"query-input":{"@type":"PropertyValueSpecification","valueRequired":true,"valueName":"search_term_string"}}],"inLanguage":"es"},{"@type":"Organization","@id":"https:\/\/www.ucaldas.edu.co\/portal\/#organization","name":"Universidad de Caldas","alternateName":"U. de Caldas","url":"https:\/\/www.ucaldas.edu.co\/portal\/","logo":{"@type":"ImageObject","inLanguage":"es","@id":"https:\/\/www.ucaldas.edu.co\/portal\/#\/schema\/logo\/image\/","url":"https:\/\/www.ucaldas.edu.co\/portal\/wp-content\/uploads\/2023\/11\/Logo_horizontal_oscuroU-2023.png","contentUrl":"https:\/\/www.ucaldas.edu.co\/portal\/wp-content\/uploads\/2023\/11\/Logo_horizontal_oscuroU-2023.png","width":263,"height":101,"caption":"Universidad de Caldas"},"image":{"@id":"https:\/\/www.ucaldas.edu.co\/portal\/#\/schema\/logo\/image\/"},"sameAs":["https:\/\/www.facebook.com\/udecaldas","https:\/\/x.com\/udecaldas","https:\/\/www.youtube.com\/universidadcaldas","https:\/\/www.instagram.com\/udecaldas\/"]},{"@type":"Person","@id":"https:\/\/www.ucaldas.edu.co\/portal\/#\/schema\/person\/a1b482e23449158b4bc319926c074fdf","name":"ofiprensa","image":{"@type":"ImageObject","inLanguage":"es","@id":"https:\/\/www.ucaldas.edu.co\/portal\/wp-content\/litespeed\/avatar\/09ea5085e600095a7a811142c6944527.jpg?ver=1777497608","url":"https:\/\/www.ucaldas.edu.co\/portal\/wp-content\/litespeed\/avatar\/09ea5085e600095a7a811142c6944527.jpg?ver=1777497608","contentUrl":"https:\/\/www.ucaldas.edu.co\/portal\/wp-content\/litespeed\/avatar\/09ea5085e600095a7a811142c6944527.jpg?ver=1777497608","caption":"ofiprensa"},"url":"https:\/\/www.ucaldas.edu.co\/portal\/author\/ofiprensa\/"}]}},"_links":{"self":[{"href":"https:\/\/www.ucaldas.edu.co\/portal\/wp-json\/wp\/v2\/posts\/11710","targetHints":{"allow":["GET"]}}],"collection":[{"href":"https:\/\/www.ucaldas.edu.co\/portal\/wp-json\/wp\/v2\/posts"}],"about":[{"href":"https:\/\/www.ucaldas.edu.co\/portal\/wp-json\/wp\/v2\/types\/post"}],"author":[{"embeddable":true,"href":"https:\/\/www.ucaldas.edu.co\/portal\/wp-json\/wp\/v2\/users\/2"}],"replies":[{"embeddable":true,"href":"https:\/\/www.ucaldas.edu.co\/portal\/wp-json\/wp\/v2\/comments?post=11710"}],"version-history":[{"count":0,"href":"https:\/\/www.ucaldas.edu.co\/portal\/wp-json\/wp\/v2\/posts\/11710\/revisions"}],"wp:attachment":[{"href":"https:\/\/www.ucaldas.edu.co\/portal\/wp-json\/wp\/v2\/media?parent=11710"}],"wp:term":[{"taxonomy":"category","embeddable":true,"href":"https:\/\/www.ucaldas.edu.co\/portal\/wp-json\/wp\/v2\/categories?post=11710"},{"taxonomy":"post_tag","embeddable":true,"href":"https:\/\/www.ucaldas.edu.co\/portal\/wp-json\/wp\/v2\/tags?post=11710"}],"curies":[{"name":"wp","href":"https:\/\/api.w.org\/{rel}","templated":true}]}}