{"id":11699,"date":"2012-09-25T09:36:36","date_gmt":"2012-09-25T14:36:36","guid":{"rendered":"https:\/\/www.ucaldas.edu.co\/portal\/?p=11699"},"modified":"2012-09-25T09:36:36","modified_gmt":"2012-09-25T14:36:36","slug":"centro-de-bibliotecas-u-de-caldas-ofrece-servicio-de-video-conferencia-de-alta-definicion","status":"publish","type":"post","link":"https:\/\/www.ucaldas.edu.co\/portal\/centro-de-bibliotecas-u-de-caldas-ofrece-servicio-de-video-conferencia-de-alta-definicion\/","title":{"rendered":"Centro de Bibliotecas U. de Caldas ofrece  servicio de video conferencia de alta definici\u00f3n"},"content":{"rendered":"<p>Resultado de convocatoria de corporaci\u00f3n Renata<\/p>\n<hr \/>\n<p>&nbsp;<\/p>\n<p align=\"right\">25\/09\/2012<\/p>\n<p align=\"right\">Redacci\u00f3n: Margarita Laverde Galvis<\/p>\n<p>&nbsp;<\/p>\n<table border=\"0\">\n<tbody>\n<tr>\n<td>&nbsp;<\/p>\n<p><img loading=\"lazy\" decoding=\"async\" style=\"border: 0px\" title=\"Centro de Bibliotecas U. de Caldas ofrece  servicio de video conferencia de alta definici\u00f3n\" alt=\"Equipo alta definicion Biblioteca U. Caldas\" src=\"http:\/\/www.ucaldas.edu.co\/images\/tmp\/equipo_biblioteca.jpg\" width=\"240\" height=\"160\" border=\"0\" \/><\/p>\n<h4>Foto: Guillermo Sarmiento\/ Prensa U. de Caldas<\/h4>\n<\/td>\n<td>El\u00a0<b>Centro de Bibliotecas<\/b>\u00a0de la\u00a0<b>Universidad de Caldas recibi\u00f3<\/b>\u00a0un\u00a0<b>kit de video<\/b>\u00a0<b>conferencia<\/b>\u00a0de\u00a0<b>alta definici\u00f3n<\/b>\u00a0con\u00a0<b>amplificaci\u00f3n de sonido<\/b>,\u00a0<b>para ofrecer<\/b>\u00a0un\u00a0<b>nuevo servicio<\/b>\u00a0a la comunidad universitaria\u00a0<b>como apoyo<\/b>\u00a0a la\u00a0<b>academia, investigaci\u00f3n y proyecci\u00f3n institucional<\/b>.<\/td>\n<\/tr>\n<\/tbody>\n<\/table>\n<p>&nbsp;<\/p>\n<p>&nbsp;<\/p>\n<p>Este es el\u00a0<b>resultado<\/b>\u00a0de la\u00a0<b>convocatoria<\/b>\u00a0que la\u00a0<b>U. de Caldas present\u00f3<\/b>\u00a0<b>a<\/b>\u00a0la Corporaci\u00f3n Red Nacional Acad\u00e9mica de Tecnolog\u00eda Avanzada (<b>Renata<\/b>) y que\u00a0<b>cont\u00f3<\/b>\u00a0con el\u00a0<b>acompa\u00f1amiento<\/b>\u00a0de la\u00a0<b>Rector\u00eda<\/b>, la\u00a0<b>Vicerrector\u00eda Administrativa<\/b>\u00a0 y la\u00a0<b>Oficina\u00a0 de Sistemas<\/b>\u00a0de la Instituci\u00f3n.<\/p>\n<p>&nbsp;<\/p>\n<p>\u201cDe la cantidad de eventos transmitidos, as\u00ed como su adecuada utilizaci\u00f3n, ser\u00e1 la asignaci\u00f3n definitiva, de tal manera que los invitamos para que aparten su espacio con antelaci\u00f3n en la Direcci\u00f3n de Biblioteca, para participaci\u00f3n\u00a0 en\u00a0 conferencias, talleres,\u00a0 encuentros, foros, charlas virtuales, entre otros\u201d, coment\u00f3 H\u00e9ctor Mario Ortiz Silva,\u00a0<b>Director del Centro de Bibliotecas de la U. de Caldas.<\/b><\/p>\n<p>&nbsp;<\/p>\n<p>El\u00a0<b>equipo de video conferencia<\/b>\u00a0y todos sus\u00a0<b>accesorios<\/b>\u00a0ya se\u00a0<b>encuentra instalado<\/b>,\u00a0<b>disponible<\/b>\u00a0y\u00a0<b>configurado<\/b>\u00a0en la\u00a0<b>Sala de Reuniones<\/b>\u00a0de la<b>Biblioteca Central<\/b>\u00a0de la Instituci\u00f3n.<\/p>\n<p>&nbsp;<\/p>\n<p><a href=\"http:\/\/www.facebook.com\/media\/set\/?set=a.414401558621715.97788.107054166023124&amp;type=1\" target=\"_blank\">Conozca im\u00e1genes de\u00a0U. de Caldas recibi\u00f3 un kit de video conferencia de alta definici\u00f3n<\/a><\/p>\n<p><b>Informes:<\/b>\u00a0Centro de Bibliotecas, tel\u00e9fono 878 15 00, extensi\u00f3n\u00a0 11 115.<\/p>\n<p>&nbsp;<\/p>\n","protected":false},"excerpt":{"rendered":"<p>Resultado de convocatoria de corporaci\u00f3n Renata &nbsp; 25\/09\/2012 Redacci\u00f3n: Margarita Laverde Galvis &nbsp; &nbsp; Foto: Guillermo Sarmiento\/ Prensa U. de Caldas El\u00a0Centro de Bibliotecas\u00a0de la\u00a0Universidad de Caldas recibi\u00f3\u00a0un\u00a0kit de video\u00a0conferencia\u00a0de\u00a0alta definici\u00f3n\u00a0con\u00a0amplificaci\u00f3n de sonido,\u00a0para ofrecer\u00a0un\u00a0nuevo servicio\u00a0a la comunidad universitaria\u00a0como apoyo\u00a0a la\u00a0academia, investigaci\u00f3n y proyecci\u00f3n institucional. &nbsp; &nbsp; Este es el\u00a0resultado\u00a0de la\u00a0convocatoria\u00a0que la\u00a0U. de Caldas present\u00f3\u00a0a\u00a0la Corporaci\u00f3n [&hellip;]<\/p>\n","protected":false},"author":2,"featured_media":0,"comment_status":"closed","ping_status":"closed","sticky":false,"template":"","format":"standard","meta":{"footnotes":""},"categories":[53,48],"tags":[],"class_list":["post-11699","post","type-post","status-publish","format-standard","hentry","category-universidad-al-dia","category-actualidad"],"yoast_head":"<!-- This site is optimized with the Yoast SEO plugin v27.5 - https:\/\/yoast.com\/product\/yoast-seo-wordpress\/ -->\n<title>Centro de Bibliotecas U. de Caldas ofrece servicio de video conferencia de alta definici\u00f3n .<\/title>\n<meta name=\"robots\" content=\"index, follow, max-snippet:-1, max-image-preview:large, max-video-preview:-1\" \/>\n<link rel=\"canonical\" href=\"https:\/\/www.ucaldas.edu.co\/portal\/centro-de-bibliotecas-u-de-caldas-ofrece-servicio-de-video-conferencia-de-alta-definicion\/\" \/>\n<script type=\"application\/ld+json\" class=\"yoast-schema-graph\">{\"@context\":\"https:\\\/\\\/schema.org\",\"@graph\":[{\"@type\":\"Article\",\"@id\":\"https:\\\/\\\/www.ucaldas.edu.co\\\/portal\\\/centro-de-bibliotecas-u-de-caldas-ofrece-servicio-de-video-conferencia-de-alta-definicion\\\/#article\",\"isPartOf\":{\"@id\":\"https:\\\/\\\/www.ucaldas.edu.co\\\/portal\\\/centro-de-bibliotecas-u-de-caldas-ofrece-servicio-de-video-conferencia-de-alta-definicion\\\/\"},\"author\":{\"name\":\"ofiprensa\",\"@id\":\"https:\\\/\\\/www.ucaldas.edu.co\\\/portal\\\/#\\\/schema\\\/person\\\/a1b482e23449158b4bc319926c074fdf\"},\"headline\":\"Centro de Bibliotecas U. de Caldas ofrece servicio de video conferencia de alta definici\u00f3n\",\"datePublished\":\"2012-09-25T14:36:36+00:00\",\"mainEntityOfPage\":{\"@id\":\"https:\\\/\\\/www.ucaldas.edu.co\\\/portal\\\/centro-de-bibliotecas-u-de-caldas-ofrece-servicio-de-video-conferencia-de-alta-definicion\\\/\"},\"wordCount\":255,\"publisher\":{\"@id\":\"https:\\\/\\\/www.ucaldas.edu.co\\\/portal\\\/#organization\"},\"image\":{\"@id\":\"https:\\\/\\\/www.ucaldas.edu.co\\\/portal\\\/centro-de-bibliotecas-u-de-caldas-ofrece-servicio-de-video-conferencia-de-alta-definicion\\\/#primaryimage\"},\"thumbnailUrl\":\"http:\\\/\\\/www.ucaldas.edu.co\\\/images\\\/tmp\\\/equipo_biblioteca.jpg\",\"articleSection\":[\"Universidad al D\u00eda\",\"Actualidad\"],\"inLanguage\":\"es\"},{\"@type\":\"WebPage\",\"@id\":\"https:\\\/\\\/www.ucaldas.edu.co\\\/portal\\\/centro-de-bibliotecas-u-de-caldas-ofrece-servicio-de-video-conferencia-de-alta-definicion\\\/\",\"url\":\"https:\\\/\\\/www.ucaldas.edu.co\\\/portal\\\/centro-de-bibliotecas-u-de-caldas-ofrece-servicio-de-video-conferencia-de-alta-definicion\\\/\",\"name\":\"Centro de Bibliotecas U. de Caldas ofrece servicio de video conferencia de alta definici\u00f3n .\",\"isPartOf\":{\"@id\":\"https:\\\/\\\/www.ucaldas.edu.co\\\/portal\\\/#website\"},\"primaryImageOfPage\":{\"@id\":\"https:\\\/\\\/www.ucaldas.edu.co\\\/portal\\\/centro-de-bibliotecas-u-de-caldas-ofrece-servicio-de-video-conferencia-de-alta-definicion\\\/#primaryimage\"},\"image\":{\"@id\":\"https:\\\/\\\/www.ucaldas.edu.co\\\/portal\\\/centro-de-bibliotecas-u-de-caldas-ofrece-servicio-de-video-conferencia-de-alta-definicion\\\/#primaryimage\"},\"thumbnailUrl\":\"http:\\\/\\\/www.ucaldas.edu.co\\\/images\\\/tmp\\\/equipo_biblioteca.jpg\",\"datePublished\":\"2012-09-25T14:36:36+00:00\",\"breadcrumb\":{\"@id\":\"https:\\\/\\\/www.ucaldas.edu.co\\\/portal\\\/centro-de-bibliotecas-u-de-caldas-ofrece-servicio-de-video-conferencia-de-alta-definicion\\\/#breadcrumb\"},\"inLanguage\":\"es\",\"potentialAction\":[{\"@type\":\"ReadAction\",\"target\":[\"https:\\\/\\\/www.ucaldas.edu.co\\\/portal\\\/centro-de-bibliotecas-u-de-caldas-ofrece-servicio-de-video-conferencia-de-alta-definicion\\\/\"]}]},{\"@type\":\"ImageObject\",\"inLanguage\":\"es\",\"@id\":\"https:\\\/\\\/www.ucaldas.edu.co\\\/portal\\\/centro-de-bibliotecas-u-de-caldas-ofrece-servicio-de-video-conferencia-de-alta-definicion\\\/#primaryimage\",\"url\":\"http:\\\/\\\/www.ucaldas.edu.co\\\/images\\\/tmp\\\/equipo_biblioteca.jpg\",\"contentUrl\":\"http:\\\/\\\/www.ucaldas.edu.co\\\/images\\\/tmp\\\/equipo_biblioteca.jpg\"},{\"@type\":\"BreadcrumbList\",\"@id\":\"https:\\\/\\\/www.ucaldas.edu.co\\\/portal\\\/centro-de-bibliotecas-u-de-caldas-ofrece-servicio-de-video-conferencia-de-alta-definicion\\\/#breadcrumb\",\"itemListElement\":[{\"@type\":\"ListItem\",\"position\":1,\"name\":\"Portada\",\"item\":\"https:\\\/\\\/www.ucaldas.edu.co\\\/portal\\\/\"},{\"@type\":\"ListItem\",\"position\":2,\"name\":\"Centro de Bibliotecas U. de Caldas ofrece servicio de video conferencia de alta definici\u00f3n\"}]},{\"@type\":\"WebSite\",\"@id\":\"https:\\\/\\\/www.ucaldas.edu.co\\\/portal\\\/#website\",\"url\":\"https:\\\/\\\/www.ucaldas.edu.co\\\/portal\\\/\",\"name\":\"Universidad de Caldas\",\"description\":\"\",\"publisher\":{\"@id\":\"https:\\\/\\\/www.ucaldas.edu.co\\\/portal\\\/#organization\"},\"alternateName\":\"U. de Caldas\",\"potentialAction\":[{\"@type\":\"SearchAction\",\"target\":{\"@type\":\"EntryPoint\",\"urlTemplate\":\"https:\\\/\\\/www.ucaldas.edu.co\\\/portal\\\/?s={search_term_string}\"},\"query-input\":{\"@type\":\"PropertyValueSpecification\",\"valueRequired\":true,\"valueName\":\"search_term_string\"}}],\"inLanguage\":\"es\"},{\"@type\":\"Organization\",\"@id\":\"https:\\\/\\\/www.ucaldas.edu.co\\\/portal\\\/#organization\",\"name\":\"Universidad de Caldas\",\"alternateName\":\"U. de Caldas\",\"url\":\"https:\\\/\\\/www.ucaldas.edu.co\\\/portal\\\/\",\"logo\":{\"@type\":\"ImageObject\",\"inLanguage\":\"es\",\"@id\":\"https:\\\/\\\/www.ucaldas.edu.co\\\/portal\\\/#\\\/schema\\\/logo\\\/image\\\/\",\"url\":\"https:\\\/\\\/www.ucaldas.edu.co\\\/portal\\\/wp-content\\\/uploads\\\/2023\\\/11\\\/Logo_horizontal_oscuroU-2023.png\",\"contentUrl\":\"https:\\\/\\\/www.ucaldas.edu.co\\\/portal\\\/wp-content\\\/uploads\\\/2023\\\/11\\\/Logo_horizontal_oscuroU-2023.png\",\"width\":263,\"height\":101,\"caption\":\"Universidad de Caldas\"},\"image\":{\"@id\":\"https:\\\/\\\/www.ucaldas.edu.co\\\/portal\\\/#\\\/schema\\\/logo\\\/image\\\/\"},\"sameAs\":[\"https:\\\/\\\/www.facebook.com\\\/udecaldas\",\"https:\\\/\\\/x.com\\\/udecaldas\",\"https:\\\/\\\/www.youtube.com\\\/universidadcaldas\",\"https:\\\/\\\/www.instagram.com\\\/udecaldas\\\/\"]},{\"@type\":\"Person\",\"@id\":\"https:\\\/\\\/www.ucaldas.edu.co\\\/portal\\\/#\\\/schema\\\/person\\\/a1b482e23449158b4bc319926c074fdf\",\"name\":\"ofiprensa\",\"image\":{\"@type\":\"ImageObject\",\"inLanguage\":\"es\",\"@id\":\"https:\\\/\\\/www.ucaldas.edu.co\\\/portal\\\/wp-content\\\/litespeed\\\/avatar\\\/09ea5085e600095a7a811142c6944527.jpg?ver=1777497608\",\"url\":\"https:\\\/\\\/www.ucaldas.edu.co\\\/portal\\\/wp-content\\\/litespeed\\\/avatar\\\/09ea5085e600095a7a811142c6944527.jpg?ver=1777497608\",\"contentUrl\":\"https:\\\/\\\/www.ucaldas.edu.co\\\/portal\\\/wp-content\\\/litespeed\\\/avatar\\\/09ea5085e600095a7a811142c6944527.jpg?ver=1777497608\",\"caption\":\"ofiprensa\"},\"url\":\"https:\\\/\\\/www.ucaldas.edu.co\\\/portal\\\/author\\\/ofiprensa\\\/\"}]}<\/script>\n<!-- \/ Yoast SEO plugin. -->","yoast_head_json":{"title":"Centro de Bibliotecas U. de Caldas ofrece servicio de video conferencia de alta definici\u00f3n .","robots":{"index":"index","follow":"follow","max-snippet":"max-snippet:-1","max-image-preview":"max-image-preview:large","max-video-preview":"max-video-preview:-1"},"canonical":"https:\/\/www.ucaldas.edu.co\/portal\/centro-de-bibliotecas-u-de-caldas-ofrece-servicio-de-video-conferencia-de-alta-definicion\/","schema":{"@context":"https:\/\/schema.org","@graph":[{"@type":"Article","@id":"https:\/\/www.ucaldas.edu.co\/portal\/centro-de-bibliotecas-u-de-caldas-ofrece-servicio-de-video-conferencia-de-alta-definicion\/#article","isPartOf":{"@id":"https:\/\/www.ucaldas.edu.co\/portal\/centro-de-bibliotecas-u-de-caldas-ofrece-servicio-de-video-conferencia-de-alta-definicion\/"},"author":{"name":"ofiprensa","@id":"https:\/\/www.ucaldas.edu.co\/portal\/#\/schema\/person\/a1b482e23449158b4bc319926c074fdf"},"headline":"Centro de Bibliotecas U. de Caldas ofrece servicio de video conferencia de alta definici\u00f3n","datePublished":"2012-09-25T14:36:36+00:00","mainEntityOfPage":{"@id":"https:\/\/www.ucaldas.edu.co\/portal\/centro-de-bibliotecas-u-de-caldas-ofrece-servicio-de-video-conferencia-de-alta-definicion\/"},"wordCount":255,"publisher":{"@id":"https:\/\/www.ucaldas.edu.co\/portal\/#organization"},"image":{"@id":"https:\/\/www.ucaldas.edu.co\/portal\/centro-de-bibliotecas-u-de-caldas-ofrece-servicio-de-video-conferencia-de-alta-definicion\/#primaryimage"},"thumbnailUrl":"http:\/\/www.ucaldas.edu.co\/images\/tmp\/equipo_biblioteca.jpg","articleSection":["Universidad al D\u00eda","Actualidad"],"inLanguage":"es"},{"@type":"WebPage","@id":"https:\/\/www.ucaldas.edu.co\/portal\/centro-de-bibliotecas-u-de-caldas-ofrece-servicio-de-video-conferencia-de-alta-definicion\/","url":"https:\/\/www.ucaldas.edu.co\/portal\/centro-de-bibliotecas-u-de-caldas-ofrece-servicio-de-video-conferencia-de-alta-definicion\/","name":"Centro de Bibliotecas U. de Caldas ofrece servicio de video conferencia de alta definici\u00f3n .","isPartOf":{"@id":"https:\/\/www.ucaldas.edu.co\/portal\/#website"},"primaryImageOfPage":{"@id":"https:\/\/www.ucaldas.edu.co\/portal\/centro-de-bibliotecas-u-de-caldas-ofrece-servicio-de-video-conferencia-de-alta-definicion\/#primaryimage"},"image":{"@id":"https:\/\/www.ucaldas.edu.co\/portal\/centro-de-bibliotecas-u-de-caldas-ofrece-servicio-de-video-conferencia-de-alta-definicion\/#primaryimage"},"thumbnailUrl":"http:\/\/www.ucaldas.edu.co\/images\/tmp\/equipo_biblioteca.jpg","datePublished":"2012-09-25T14:36:36+00:00","breadcrumb":{"@id":"https:\/\/www.ucaldas.edu.co\/portal\/centro-de-bibliotecas-u-de-caldas-ofrece-servicio-de-video-conferencia-de-alta-definicion\/#breadcrumb"},"inLanguage":"es","potentialAction":[{"@type":"ReadAction","target":["https:\/\/www.ucaldas.edu.co\/portal\/centro-de-bibliotecas-u-de-caldas-ofrece-servicio-de-video-conferencia-de-alta-definicion\/"]}]},{"@type":"ImageObject","inLanguage":"es","@id":"https:\/\/www.ucaldas.edu.co\/portal\/centro-de-bibliotecas-u-de-caldas-ofrece-servicio-de-video-conferencia-de-alta-definicion\/#primaryimage","url":"http:\/\/www.ucaldas.edu.co\/images\/tmp\/equipo_biblioteca.jpg","contentUrl":"http:\/\/www.ucaldas.edu.co\/images\/tmp\/equipo_biblioteca.jpg"},{"@type":"BreadcrumbList","@id":"https:\/\/www.ucaldas.edu.co\/portal\/centro-de-bibliotecas-u-de-caldas-ofrece-servicio-de-video-conferencia-de-alta-definicion\/#breadcrumb","itemListElement":[{"@type":"ListItem","position":1,"name":"Portada","item":"https:\/\/www.ucaldas.edu.co\/portal\/"},{"@type":"ListItem","position":2,"name":"Centro de Bibliotecas U. de Caldas ofrece servicio de video conferencia de alta definici\u00f3n"}]},{"@type":"WebSite","@id":"https:\/\/www.ucaldas.edu.co\/portal\/#website","url":"https:\/\/www.ucaldas.edu.co\/portal\/","name":"Universidad de Caldas","description":"","publisher":{"@id":"https:\/\/www.ucaldas.edu.co\/portal\/#organization"},"alternateName":"U. de Caldas","potentialAction":[{"@type":"SearchAction","target":{"@type":"EntryPoint","urlTemplate":"https:\/\/www.ucaldas.edu.co\/portal\/?s={search_term_string}"},"query-input":{"@type":"PropertyValueSpecification","valueRequired":true,"valueName":"search_term_string"}}],"inLanguage":"es"},{"@type":"Organization","@id":"https:\/\/www.ucaldas.edu.co\/portal\/#organization","name":"Universidad de Caldas","alternateName":"U. de Caldas","url":"https:\/\/www.ucaldas.edu.co\/portal\/","logo":{"@type":"ImageObject","inLanguage":"es","@id":"https:\/\/www.ucaldas.edu.co\/portal\/#\/schema\/logo\/image\/","url":"https:\/\/www.ucaldas.edu.co\/portal\/wp-content\/uploads\/2023\/11\/Logo_horizontal_oscuroU-2023.png","contentUrl":"https:\/\/www.ucaldas.edu.co\/portal\/wp-content\/uploads\/2023\/11\/Logo_horizontal_oscuroU-2023.png","width":263,"height":101,"caption":"Universidad de Caldas"},"image":{"@id":"https:\/\/www.ucaldas.edu.co\/portal\/#\/schema\/logo\/image\/"},"sameAs":["https:\/\/www.facebook.com\/udecaldas","https:\/\/x.com\/udecaldas","https:\/\/www.youtube.com\/universidadcaldas","https:\/\/www.instagram.com\/udecaldas\/"]},{"@type":"Person","@id":"https:\/\/www.ucaldas.edu.co\/portal\/#\/schema\/person\/a1b482e23449158b4bc319926c074fdf","name":"ofiprensa","image":{"@type":"ImageObject","inLanguage":"es","@id":"https:\/\/www.ucaldas.edu.co\/portal\/wp-content\/litespeed\/avatar\/09ea5085e600095a7a811142c6944527.jpg?ver=1777497608","url":"https:\/\/www.ucaldas.edu.co\/portal\/wp-content\/litespeed\/avatar\/09ea5085e600095a7a811142c6944527.jpg?ver=1777497608","contentUrl":"https:\/\/www.ucaldas.edu.co\/portal\/wp-content\/litespeed\/avatar\/09ea5085e600095a7a811142c6944527.jpg?ver=1777497608","caption":"ofiprensa"},"url":"https:\/\/www.ucaldas.edu.co\/portal\/author\/ofiprensa\/"}]}},"_links":{"self":[{"href":"https:\/\/www.ucaldas.edu.co\/portal\/wp-json\/wp\/v2\/posts\/11699","targetHints":{"allow":["GET"]}}],"collection":[{"href":"https:\/\/www.ucaldas.edu.co\/portal\/wp-json\/wp\/v2\/posts"}],"about":[{"href":"https:\/\/www.ucaldas.edu.co\/portal\/wp-json\/wp\/v2\/types\/post"}],"author":[{"embeddable":true,"href":"https:\/\/www.ucaldas.edu.co\/portal\/wp-json\/wp\/v2\/users\/2"}],"replies":[{"embeddable":true,"href":"https:\/\/www.ucaldas.edu.co\/portal\/wp-json\/wp\/v2\/comments?post=11699"}],"version-history":[{"count":0,"href":"https:\/\/www.ucaldas.edu.co\/portal\/wp-json\/wp\/v2\/posts\/11699\/revisions"}],"wp:attachment":[{"href":"https:\/\/www.ucaldas.edu.co\/portal\/wp-json\/wp\/v2\/media?parent=11699"}],"wp:term":[{"taxonomy":"category","embeddable":true,"href":"https:\/\/www.ucaldas.edu.co\/portal\/wp-json\/wp\/v2\/categories?post=11699"},{"taxonomy":"post_tag","embeddable":true,"href":"https:\/\/www.ucaldas.edu.co\/portal\/wp-json\/wp\/v2\/tags?post=11699"}],"curies":[{"name":"wp","href":"https:\/\/api.w.org\/{rel}","templated":true}]}}