{"id":11696,"date":"2012-09-24T09:35:45","date_gmt":"2012-09-24T14:35:45","guid":{"rendered":"https:\/\/www.ucaldas.edu.co\/portal\/?p=11696"},"modified":"2012-09-24T09:35:45","modified_gmt":"2012-09-24T14:35:45","slug":"u-de-caldas-realizo-historica-ceremonia-de-graduacion-en-samana-caldas","status":"publish","type":"post","link":"https:\/\/www.ucaldas.edu.co\/portal\/u-de-caldas-realizo-historica-ceremonia-de-graduacion-en-samana-caldas\/","title":{"rendered":"U. de Caldas realiz\u00f3 hist\u00f3rica ceremonia de graduaci\u00f3n, en Saman\u00e1 (Caldas)"},"content":{"rendered":"<p align=\"center\">Recibieron t\u00edtulo 21 estudiantes de dos tecnolog\u00edas de la Instituci\u00f3n<\/p>\n<p align=\"right\">24\/09\/2012<\/p>\n<hr \/>\n<p align=\"right\">Redacci\u00f3n: Mar\u00eda Fernanda Restrepo Torres<\/p>\n<table border=\"0\">\n<tbody>\n<tr>\n<td>&nbsp;<\/p>\n<p><img loading=\"lazy\" decoding=\"async\" style=\"border: 0px\" title=\"Grados Saman\u00e1\" alt=\"Grados Saman\u00e1\" src=\"http:\/\/www.ucaldas.edu.co\/images\/tmp\/primeros_grados_samana_caldas_2012.jpg\" width=\"240\" height=\"150\" border=\"0\" \/><\/p>\n<h4>Foto: Doney Aranzazu Rivera\/ Prensa U. de Caldas.<\/h4>\n<\/td>\n<td>El <b>viernes 21 de septiembre del 2012<\/b> ser\u00e1 una <b>fecha<\/b> <b>memorable <\/b>en la <b>historia<\/b> de la <b>Universidad de Caldas:<\/b> <b>21<\/b> <b>j\u00f3venes<\/b> de <b>Saman\u00e1 (Caldas)<\/b>, <b>estudiantes<\/b> de <b>dos tecnolog\u00edas<\/b> de la Instituci\u00f3n, <b>recibieron<\/b> su <b>t\u00edtulo<\/b> en una <b>ceremonia presidida<\/b> por el <b>Rector de la U. de Caldas<\/b>, Ricardo G\u00f3mez Giraldo.<\/td>\n<\/tr>\n<\/tbody>\n<\/table>\n<p>&nbsp;<\/p>\n<p>Fueron <b>14 estudiantes<\/b> de la <b>Tecnolog\u00eda en Administraci\u00f3n Judicial<\/b>, de la Facultad de Ciencias Jur\u00eddicas y Sociales y <b>siete estudiantes<\/b> de la <b>Tecnolog\u00eda en Electr\u00f3nica<\/b>, de la Facultad de Ciencias Exactas y Naturales de la Instituci\u00f3n.<\/p>\n<p>Al respecto, <b>G\u00f3mez Giraldo<\/b> manifest\u00f3 que \u201cesto se logra gracias a la responsabilidad de la Universidad con los municipios de Caldas. Hoy tenemos casi 500 estudiantes de fuera de Manizales y de otros departamentos del pa\u00eds, nos alegra que la universidad tenga este compromiso y podamos profundizarlo en el futuro\u201d.<\/p>\n<p>En la ceremonia de graduaci\u00f3n participaron, adem\u00e1s del Rector, los vicerrectores Administrativo, Acad\u00e9mica y de Proyecci\u00f3n Universitaria, el Secretario General y miembros de la Oficina de Extensi\u00f3n Cultural y de Prensa y Comunicaciones de la U. de Caldas.<\/p>\n<p>El <b>Gobernador de Caldas<\/b>, <b>Guido Echeverri Piedrah\u00edta<\/b>, quien estuvo presente en la ceremonia -al igual que el Alcalde de Saman\u00e1-, coment\u00f3 la importancia de este hecho hist\u00f3rico para la Instituci\u00f3n.<\/p>\n<p>\u201cNos satisface enormemente que la Universidad<b> <\/b>de Caldas sea exactamente eso: Universidad de Caldas. Que la Universidad salga de Manizales y llegue a la provincia lejana significa que tenemos una Instituci\u00f3n comprometida con todo el departamento\u201d.<\/p>\n<p>Los graduados manifestaron su satisfacci\u00f3n por esta etapa que culminaron y que les permite ingresar al mercado laboral.<\/p>\n<p><b>Jackeline Carvajal Bedoya, graduada de Tecnolog\u00eda en Electr\u00f3nica: <\/b>\u201cSomos muy afortunados al tener gente tan importante gradu\u00e1ndonos, es de resaltar como la Universidad ha llegado hasta Saman\u00e1 para brindarnos estas carreras, es una oportunidad que pudimos aprovechar\u201d.<\/p>\n<p><b>Sorany Gallo Cardona, graduada de Tecnolog\u00eda de Administraci\u00f3n Judicial: <\/b>\u201cEs un evento muy importante e hist\u00f3rico en Saman\u00e1. Con Fabio Arias tenemos gratitud eterna, porque fue el gestor de que la Universidad llegara nuestro municipio\u201d.<\/p>\n<p><a href=\"https:\/\/www.facebook.com\/media\/set\/?set=a.413914552003749.97549.107054166023124&amp;type=3\" target=\"_blank\">Observe im\u00e1genes de la ceremonia de graduaci\u00f3n en Saman\u00e1 (Caldas)<\/a><\/p>\n<p>&nbsp;<\/p>\n<p><b>Informes:<\/b> Oficina de Prensa, tel\u00e9fono 878 15 00 extensi\u00f3n 12 167.<\/p>\n<p>&nbsp;<\/p>\n","protected":false},"excerpt":{"rendered":"<p>Recibieron t\u00edtulo 21 estudiantes de dos tecnolog\u00edas de la Instituci\u00f3n 24\/09\/2012 Redacci\u00f3n: Mar\u00eda Fernanda Restrepo Torres &nbsp; Foto: Doney Aranzazu Rivera\/ Prensa U. de Caldas. El viernes 21 de septiembre del 2012 ser\u00e1 una fecha memorable en la historia de la Universidad de Caldas: 21 j\u00f3venes de Saman\u00e1 (Caldas), estudiantes de dos tecnolog\u00edas de la [&hellip;]<\/p>\n","protected":false},"author":2,"featured_media":0,"comment_status":"closed","ping_status":"closed","sticky":false,"template":"","format":"standard","meta":{"footnotes":""},"categories":[53,48],"tags":[],"class_list":["post-11696","post","type-post","status-publish","format-standard","hentry","category-universidad-al-dia","category-actualidad"],"yoast_head":"<!-- This site is optimized with the Yoast SEO plugin v27.5 - https:\/\/yoast.com\/product\/yoast-seo-wordpress\/ -->\n<title>U. de Caldas realiz\u00f3 hist\u00f3rica ceremonia de graduaci\u00f3n, en Saman\u00e1 (Caldas) .<\/title>\n<meta name=\"robots\" content=\"index, follow, max-snippet:-1, max-image-preview:large, max-video-preview:-1\" \/>\n<link rel=\"canonical\" href=\"https:\/\/www.ucaldas.edu.co\/portal\/u-de-caldas-realizo-historica-ceremonia-de-graduacion-en-samana-caldas\/\" \/>\n<script type=\"application\/ld+json\" class=\"yoast-schema-graph\">{\"@context\":\"https:\\\/\\\/schema.org\",\"@graph\":[{\"@type\":\"Article\",\"@id\":\"https:\\\/\\\/www.ucaldas.edu.co\\\/portal\\\/u-de-caldas-realizo-historica-ceremonia-de-graduacion-en-samana-caldas\\\/#article\",\"isPartOf\":{\"@id\":\"https:\\\/\\\/www.ucaldas.edu.co\\\/portal\\\/u-de-caldas-realizo-historica-ceremonia-de-graduacion-en-samana-caldas\\\/\"},\"author\":{\"name\":\"ofiprensa\",\"@id\":\"https:\\\/\\\/www.ucaldas.edu.co\\\/portal\\\/#\\\/schema\\\/person\\\/a1b482e23449158b4bc319926c074fdf\"},\"headline\":\"U. de Caldas realiz\u00f3 hist\u00f3rica ceremonia de graduaci\u00f3n, en Saman\u00e1 (Caldas)\",\"datePublished\":\"2012-09-24T14:35:45+00:00\",\"mainEntityOfPage\":{\"@id\":\"https:\\\/\\\/www.ucaldas.edu.co\\\/portal\\\/u-de-caldas-realizo-historica-ceremonia-de-graduacion-en-samana-caldas\\\/\"},\"wordCount\":418,\"publisher\":{\"@id\":\"https:\\\/\\\/www.ucaldas.edu.co\\\/portal\\\/#organization\"},\"image\":{\"@id\":\"https:\\\/\\\/www.ucaldas.edu.co\\\/portal\\\/u-de-caldas-realizo-historica-ceremonia-de-graduacion-en-samana-caldas\\\/#primaryimage\"},\"thumbnailUrl\":\"http:\\\/\\\/www.ucaldas.edu.co\\\/images\\\/tmp\\\/primeros_grados_samana_caldas_2012.jpg\",\"articleSection\":[\"Universidad al D\u00eda\",\"Actualidad\"],\"inLanguage\":\"es\"},{\"@type\":\"WebPage\",\"@id\":\"https:\\\/\\\/www.ucaldas.edu.co\\\/portal\\\/u-de-caldas-realizo-historica-ceremonia-de-graduacion-en-samana-caldas\\\/\",\"url\":\"https:\\\/\\\/www.ucaldas.edu.co\\\/portal\\\/u-de-caldas-realizo-historica-ceremonia-de-graduacion-en-samana-caldas\\\/\",\"name\":\"U. de Caldas realiz\u00f3 hist\u00f3rica ceremonia de graduaci\u00f3n, en Saman\u00e1 (Caldas) .\",\"isPartOf\":{\"@id\":\"https:\\\/\\\/www.ucaldas.edu.co\\\/portal\\\/#website\"},\"primaryImageOfPage\":{\"@id\":\"https:\\\/\\\/www.ucaldas.edu.co\\\/portal\\\/u-de-caldas-realizo-historica-ceremonia-de-graduacion-en-samana-caldas\\\/#primaryimage\"},\"image\":{\"@id\":\"https:\\\/\\\/www.ucaldas.edu.co\\\/portal\\\/u-de-caldas-realizo-historica-ceremonia-de-graduacion-en-samana-caldas\\\/#primaryimage\"},\"thumbnailUrl\":\"http:\\\/\\\/www.ucaldas.edu.co\\\/images\\\/tmp\\\/primeros_grados_samana_caldas_2012.jpg\",\"datePublished\":\"2012-09-24T14:35:45+00:00\",\"breadcrumb\":{\"@id\":\"https:\\\/\\\/www.ucaldas.edu.co\\\/portal\\\/u-de-caldas-realizo-historica-ceremonia-de-graduacion-en-samana-caldas\\\/#breadcrumb\"},\"inLanguage\":\"es\",\"potentialAction\":[{\"@type\":\"ReadAction\",\"target\":[\"https:\\\/\\\/www.ucaldas.edu.co\\\/portal\\\/u-de-caldas-realizo-historica-ceremonia-de-graduacion-en-samana-caldas\\\/\"]}]},{\"@type\":\"ImageObject\",\"inLanguage\":\"es\",\"@id\":\"https:\\\/\\\/www.ucaldas.edu.co\\\/portal\\\/u-de-caldas-realizo-historica-ceremonia-de-graduacion-en-samana-caldas\\\/#primaryimage\",\"url\":\"http:\\\/\\\/www.ucaldas.edu.co\\\/images\\\/tmp\\\/primeros_grados_samana_caldas_2012.jpg\",\"contentUrl\":\"http:\\\/\\\/www.ucaldas.edu.co\\\/images\\\/tmp\\\/primeros_grados_samana_caldas_2012.jpg\"},{\"@type\":\"BreadcrumbList\",\"@id\":\"https:\\\/\\\/www.ucaldas.edu.co\\\/portal\\\/u-de-caldas-realizo-historica-ceremonia-de-graduacion-en-samana-caldas\\\/#breadcrumb\",\"itemListElement\":[{\"@type\":\"ListItem\",\"position\":1,\"name\":\"Portada\",\"item\":\"https:\\\/\\\/www.ucaldas.edu.co\\\/portal\\\/\"},{\"@type\":\"ListItem\",\"position\":2,\"name\":\"U. de Caldas realiz\u00f3 hist\u00f3rica ceremonia de graduaci\u00f3n, en Saman\u00e1 (Caldas)\"}]},{\"@type\":\"WebSite\",\"@id\":\"https:\\\/\\\/www.ucaldas.edu.co\\\/portal\\\/#website\",\"url\":\"https:\\\/\\\/www.ucaldas.edu.co\\\/portal\\\/\",\"name\":\"Universidad de Caldas\",\"description\":\"\",\"publisher\":{\"@id\":\"https:\\\/\\\/www.ucaldas.edu.co\\\/portal\\\/#organization\"},\"alternateName\":\"U. de Caldas\",\"potentialAction\":[{\"@type\":\"SearchAction\",\"target\":{\"@type\":\"EntryPoint\",\"urlTemplate\":\"https:\\\/\\\/www.ucaldas.edu.co\\\/portal\\\/?s={search_term_string}\"},\"query-input\":{\"@type\":\"PropertyValueSpecification\",\"valueRequired\":true,\"valueName\":\"search_term_string\"}}],\"inLanguage\":\"es\"},{\"@type\":\"Organization\",\"@id\":\"https:\\\/\\\/www.ucaldas.edu.co\\\/portal\\\/#organization\",\"name\":\"Universidad de Caldas\",\"alternateName\":\"U. de Caldas\",\"url\":\"https:\\\/\\\/www.ucaldas.edu.co\\\/portal\\\/\",\"logo\":{\"@type\":\"ImageObject\",\"inLanguage\":\"es\",\"@id\":\"https:\\\/\\\/www.ucaldas.edu.co\\\/portal\\\/#\\\/schema\\\/logo\\\/image\\\/\",\"url\":\"https:\\\/\\\/www.ucaldas.edu.co\\\/portal\\\/wp-content\\\/uploads\\\/2023\\\/11\\\/Logo_horizontal_oscuroU-2023.png\",\"contentUrl\":\"https:\\\/\\\/www.ucaldas.edu.co\\\/portal\\\/wp-content\\\/uploads\\\/2023\\\/11\\\/Logo_horizontal_oscuroU-2023.png\",\"width\":263,\"height\":101,\"caption\":\"Universidad de Caldas\"},\"image\":{\"@id\":\"https:\\\/\\\/www.ucaldas.edu.co\\\/portal\\\/#\\\/schema\\\/logo\\\/image\\\/\"},\"sameAs\":[\"https:\\\/\\\/www.facebook.com\\\/udecaldas\",\"https:\\\/\\\/x.com\\\/udecaldas\",\"https:\\\/\\\/www.youtube.com\\\/universidadcaldas\",\"https:\\\/\\\/www.instagram.com\\\/udecaldas\\\/\"]},{\"@type\":\"Person\",\"@id\":\"https:\\\/\\\/www.ucaldas.edu.co\\\/portal\\\/#\\\/schema\\\/person\\\/a1b482e23449158b4bc319926c074fdf\",\"name\":\"ofiprensa\",\"image\":{\"@type\":\"ImageObject\",\"inLanguage\":\"es\",\"@id\":\"https:\\\/\\\/www.ucaldas.edu.co\\\/portal\\\/wp-content\\\/litespeed\\\/avatar\\\/09ea5085e600095a7a811142c6944527.jpg?ver=1777497608\",\"url\":\"https:\\\/\\\/www.ucaldas.edu.co\\\/portal\\\/wp-content\\\/litespeed\\\/avatar\\\/09ea5085e600095a7a811142c6944527.jpg?ver=1777497608\",\"contentUrl\":\"https:\\\/\\\/www.ucaldas.edu.co\\\/portal\\\/wp-content\\\/litespeed\\\/avatar\\\/09ea5085e600095a7a811142c6944527.jpg?ver=1777497608\",\"caption\":\"ofiprensa\"},\"url\":\"https:\\\/\\\/www.ucaldas.edu.co\\\/portal\\\/author\\\/ofiprensa\\\/\"}]}<\/script>\n<!-- \/ Yoast SEO plugin. -->","yoast_head_json":{"title":"U. de Caldas realiz\u00f3 hist\u00f3rica ceremonia de graduaci\u00f3n, en Saman\u00e1 (Caldas) .","robots":{"index":"index","follow":"follow","max-snippet":"max-snippet:-1","max-image-preview":"max-image-preview:large","max-video-preview":"max-video-preview:-1"},"canonical":"https:\/\/www.ucaldas.edu.co\/portal\/u-de-caldas-realizo-historica-ceremonia-de-graduacion-en-samana-caldas\/","schema":{"@context":"https:\/\/schema.org","@graph":[{"@type":"Article","@id":"https:\/\/www.ucaldas.edu.co\/portal\/u-de-caldas-realizo-historica-ceremonia-de-graduacion-en-samana-caldas\/#article","isPartOf":{"@id":"https:\/\/www.ucaldas.edu.co\/portal\/u-de-caldas-realizo-historica-ceremonia-de-graduacion-en-samana-caldas\/"},"author":{"name":"ofiprensa","@id":"https:\/\/www.ucaldas.edu.co\/portal\/#\/schema\/person\/a1b482e23449158b4bc319926c074fdf"},"headline":"U. de Caldas realiz\u00f3 hist\u00f3rica ceremonia de graduaci\u00f3n, en Saman\u00e1 (Caldas)","datePublished":"2012-09-24T14:35:45+00:00","mainEntityOfPage":{"@id":"https:\/\/www.ucaldas.edu.co\/portal\/u-de-caldas-realizo-historica-ceremonia-de-graduacion-en-samana-caldas\/"},"wordCount":418,"publisher":{"@id":"https:\/\/www.ucaldas.edu.co\/portal\/#organization"},"image":{"@id":"https:\/\/www.ucaldas.edu.co\/portal\/u-de-caldas-realizo-historica-ceremonia-de-graduacion-en-samana-caldas\/#primaryimage"},"thumbnailUrl":"http:\/\/www.ucaldas.edu.co\/images\/tmp\/primeros_grados_samana_caldas_2012.jpg","articleSection":["Universidad al D\u00eda","Actualidad"],"inLanguage":"es"},{"@type":"WebPage","@id":"https:\/\/www.ucaldas.edu.co\/portal\/u-de-caldas-realizo-historica-ceremonia-de-graduacion-en-samana-caldas\/","url":"https:\/\/www.ucaldas.edu.co\/portal\/u-de-caldas-realizo-historica-ceremonia-de-graduacion-en-samana-caldas\/","name":"U. de Caldas realiz\u00f3 hist\u00f3rica ceremonia de graduaci\u00f3n, en Saman\u00e1 (Caldas) .","isPartOf":{"@id":"https:\/\/www.ucaldas.edu.co\/portal\/#website"},"primaryImageOfPage":{"@id":"https:\/\/www.ucaldas.edu.co\/portal\/u-de-caldas-realizo-historica-ceremonia-de-graduacion-en-samana-caldas\/#primaryimage"},"image":{"@id":"https:\/\/www.ucaldas.edu.co\/portal\/u-de-caldas-realizo-historica-ceremonia-de-graduacion-en-samana-caldas\/#primaryimage"},"thumbnailUrl":"http:\/\/www.ucaldas.edu.co\/images\/tmp\/primeros_grados_samana_caldas_2012.jpg","datePublished":"2012-09-24T14:35:45+00:00","breadcrumb":{"@id":"https:\/\/www.ucaldas.edu.co\/portal\/u-de-caldas-realizo-historica-ceremonia-de-graduacion-en-samana-caldas\/#breadcrumb"},"inLanguage":"es","potentialAction":[{"@type":"ReadAction","target":["https:\/\/www.ucaldas.edu.co\/portal\/u-de-caldas-realizo-historica-ceremonia-de-graduacion-en-samana-caldas\/"]}]},{"@type":"ImageObject","inLanguage":"es","@id":"https:\/\/www.ucaldas.edu.co\/portal\/u-de-caldas-realizo-historica-ceremonia-de-graduacion-en-samana-caldas\/#primaryimage","url":"http:\/\/www.ucaldas.edu.co\/images\/tmp\/primeros_grados_samana_caldas_2012.jpg","contentUrl":"http:\/\/www.ucaldas.edu.co\/images\/tmp\/primeros_grados_samana_caldas_2012.jpg"},{"@type":"BreadcrumbList","@id":"https:\/\/www.ucaldas.edu.co\/portal\/u-de-caldas-realizo-historica-ceremonia-de-graduacion-en-samana-caldas\/#breadcrumb","itemListElement":[{"@type":"ListItem","position":1,"name":"Portada","item":"https:\/\/www.ucaldas.edu.co\/portal\/"},{"@type":"ListItem","position":2,"name":"U. de Caldas realiz\u00f3 hist\u00f3rica ceremonia de graduaci\u00f3n, en Saman\u00e1 (Caldas)"}]},{"@type":"WebSite","@id":"https:\/\/www.ucaldas.edu.co\/portal\/#website","url":"https:\/\/www.ucaldas.edu.co\/portal\/","name":"Universidad de Caldas","description":"","publisher":{"@id":"https:\/\/www.ucaldas.edu.co\/portal\/#organization"},"alternateName":"U. de Caldas","potentialAction":[{"@type":"SearchAction","target":{"@type":"EntryPoint","urlTemplate":"https:\/\/www.ucaldas.edu.co\/portal\/?s={search_term_string}"},"query-input":{"@type":"PropertyValueSpecification","valueRequired":true,"valueName":"search_term_string"}}],"inLanguage":"es"},{"@type":"Organization","@id":"https:\/\/www.ucaldas.edu.co\/portal\/#organization","name":"Universidad de Caldas","alternateName":"U. de Caldas","url":"https:\/\/www.ucaldas.edu.co\/portal\/","logo":{"@type":"ImageObject","inLanguage":"es","@id":"https:\/\/www.ucaldas.edu.co\/portal\/#\/schema\/logo\/image\/","url":"https:\/\/www.ucaldas.edu.co\/portal\/wp-content\/uploads\/2023\/11\/Logo_horizontal_oscuroU-2023.png","contentUrl":"https:\/\/www.ucaldas.edu.co\/portal\/wp-content\/uploads\/2023\/11\/Logo_horizontal_oscuroU-2023.png","width":263,"height":101,"caption":"Universidad de Caldas"},"image":{"@id":"https:\/\/www.ucaldas.edu.co\/portal\/#\/schema\/logo\/image\/"},"sameAs":["https:\/\/www.facebook.com\/udecaldas","https:\/\/x.com\/udecaldas","https:\/\/www.youtube.com\/universidadcaldas","https:\/\/www.instagram.com\/udecaldas\/"]},{"@type":"Person","@id":"https:\/\/www.ucaldas.edu.co\/portal\/#\/schema\/person\/a1b482e23449158b4bc319926c074fdf","name":"ofiprensa","image":{"@type":"ImageObject","inLanguage":"es","@id":"https:\/\/www.ucaldas.edu.co\/portal\/wp-content\/litespeed\/avatar\/09ea5085e600095a7a811142c6944527.jpg?ver=1777497608","url":"https:\/\/www.ucaldas.edu.co\/portal\/wp-content\/litespeed\/avatar\/09ea5085e600095a7a811142c6944527.jpg?ver=1777497608","contentUrl":"https:\/\/www.ucaldas.edu.co\/portal\/wp-content\/litespeed\/avatar\/09ea5085e600095a7a811142c6944527.jpg?ver=1777497608","caption":"ofiprensa"},"url":"https:\/\/www.ucaldas.edu.co\/portal\/author\/ofiprensa\/"}]}},"_links":{"self":[{"href":"https:\/\/www.ucaldas.edu.co\/portal\/wp-json\/wp\/v2\/posts\/11696","targetHints":{"allow":["GET"]}}],"collection":[{"href":"https:\/\/www.ucaldas.edu.co\/portal\/wp-json\/wp\/v2\/posts"}],"about":[{"href":"https:\/\/www.ucaldas.edu.co\/portal\/wp-json\/wp\/v2\/types\/post"}],"author":[{"embeddable":true,"href":"https:\/\/www.ucaldas.edu.co\/portal\/wp-json\/wp\/v2\/users\/2"}],"replies":[{"embeddable":true,"href":"https:\/\/www.ucaldas.edu.co\/portal\/wp-json\/wp\/v2\/comments?post=11696"}],"version-history":[{"count":0,"href":"https:\/\/www.ucaldas.edu.co\/portal\/wp-json\/wp\/v2\/posts\/11696\/revisions"}],"wp:attachment":[{"href":"https:\/\/www.ucaldas.edu.co\/portal\/wp-json\/wp\/v2\/media?parent=11696"}],"wp:term":[{"taxonomy":"category","embeddable":true,"href":"https:\/\/www.ucaldas.edu.co\/portal\/wp-json\/wp\/v2\/categories?post=11696"},{"taxonomy":"post_tag","embeddable":true,"href":"https:\/\/www.ucaldas.edu.co\/portal\/wp-json\/wp\/v2\/tags?post=11696"}],"curies":[{"name":"wp","href":"https:\/\/api.w.org\/{rel}","templated":true}]}}