{"id":11693,"date":"2012-09-24T09:34:50","date_gmt":"2012-09-24T14:34:50","guid":{"rendered":"https:\/\/www.ucaldas.edu.co\/portal\/?p=11693"},"modified":"2012-09-24T09:34:50","modified_gmt":"2012-09-24T14:34:50","slug":"al-llegar-a-municipios-la-universidad-de-caldas-hace-honor-a-su-nombre-rector-ricardo-gomez","status":"publish","type":"post","link":"https:\/\/www.ucaldas.edu.co\/portal\/al-llegar-a-municipios-la-universidad-de-caldas-hace-honor-a-su-nombre-rector-ricardo-gomez\/","title":{"rendered":"\u201cAl llegar a municipios, la Universidad de Caldas hace honor a su nombre\u201d: rector Ricardo G\u00f3mez"},"content":{"rendered":"<p align=\"center\">Mostr\u00f3 presencia regional de la Instituci\u00f3n en Foro Regional de Moralizaci\u00f3n<\/p>\n<p>&nbsp;<\/p>\n<p align=\"right\">24\/09\/2012<\/p>\n<hr \/>\n<p align=\"right\">Redacci\u00f3n: Mar\u00eda Fernanda Restrepo Torres<\/p>\n<table border=\"0\">\n<tbody>\n<tr>\n<td>&nbsp;<\/p>\n<p><img loading=\"lazy\" decoding=\"async\" style=\"border: 0px\" title=\"Foro\" alt=\"Foro\" src=\"http:\/\/www.ucaldas.edu.co\/images\/tmp\/comite_moralizacion_samana_caldas_2012.jpg\" width=\"240\" height=\"150\" border=\"0\" \/><\/p>\n<h4>Foto: Doney Aranzazu Rivera\/ Prensa U. de Caldas.<\/h4>\n<\/td>\n<td>El pasado viernes 21 de septiembre del 2012 se celebr\u00f3 en <b>Saman\u00e1<\/b> (Caldas) el <b>Foro Regional para la Moralizaci\u00f3n y el Progreso<\/b>, <b>presidido<\/b> por el <b>Gobernador de Caldas<\/b>, <b>Guido Echeverri Piedrah\u00edta<\/b> y en el que el <b>Rector de la U. de Caldas<\/b> <b>particip\u00f3<\/b> por <b>invitaci\u00f3n<\/b> de la <b>Contralor\u00eda Municipal<\/b>.<\/td>\n<\/tr>\n<\/tbody>\n<\/table>\n<p>&nbsp;<\/p>\n<p>En el foro, el <b>Rector de la U. de Caldas<\/b> present\u00f3 una disertaci\u00f3n sobre <b><i>la Universidad en la regi\u00f3n<\/i><\/b><i>, <\/i>en donde<i> <\/i>comparti\u00f3 la <b>oferta educativa<\/b> de la U. de Caldas <b>en los diferentes municipios.<\/b><\/p>\n<p><b>\u201cPr\u00e1cticamente todos los municipios de Caldas cuentan con alguna oferta educativa de la Universidad de Caldas<\/b>. En Anserma, Aguadas, Marquetalia, La Dorada, Riosucio, Salamina, Saman\u00e1 y Florencia (corregimiento de Saman\u00e1) tenemos extensiones de los Centros Regionales de Educaci\u00f3n Superior (Ceres). La universidad est\u00e1 haciendo honor a su nombre y seguiremos en esa profundidad\u201d.<\/p>\n<p><b>Participaci\u00f3n<\/b><\/p>\n<p>Alrededor de <b>500 personas asistieron al foro<\/b>, en el cual se discuti\u00f3 el estado de los proyectos e inversiones para esta zona del oriente caldense. Entre los invitados estuvo el Contralor General de Manizales, el Alcalde de Saman\u00e1 y un representante regional del Departamento de Prosperidad Social.<\/p>\n<p>\u201cLa comunidad pudo participar no solamente conociendo las inversiones p\u00fablicas que se hacen en esta regi\u00f3n, sino que tienen la oportunidad de ponderar la importancia de dichas inversiones\u201d, afirm\u00f3 el Gobernador de Caldas.<\/p>\n<p>En el foro se abordaron temas como infraestructura vial, ley de v\u00edctimas del conflicto, turismo y oferta de educaci\u00f3n superior. Varios de los asistentes al foro comentaron sus impresiones sobre el balance del encuentro.<\/p>\n<p><b>Voces<\/b><\/p>\n<p><b>Lindon Alberto Chavarriaga Montoya, Presidente de la Comisi\u00f3n Regional de Moralizaci\u00f3n de Caldas y Contralor General de Manizales<\/b>: \u201cQueremos ir a todas las comunidades y hacer estos foros regionales de moralizaci\u00f3n para conocer los problemas m\u00e1s comunes de los municipios. Buscamos promover la transparencia y las acciones de autocontrol, e igualmente la comisi\u00f3n har\u00e1 seguimiento a dichas acciones\u201d.<\/p>\n<p><b>Wilder Iverson Escobar Ortiz, Alcalde de Saman\u00e1: <\/b>\u201cEl compromiso asumido por toda la comisi\u00f3n regional de\u00a0 moralizaci\u00f3n fue muy alto, se evacuo la totalidad de la agenda. El Gobernador manifest\u00f3 toda su voluntad de gesti\u00f3n para avanzar en los diferentes proyectos y es importante articularnos entre los distintos entes territoriales para impulsar el turismo. Este tipo de esfuerzos son los que ayudan a lograr el progreso de la regi\u00f3n\u201d<\/p>\n<p><a href=\"https:\/\/www.facebook.com\/media\/set\/?set=a.412971778764693.97202.107054166023124&amp;type=3\" target=\"_blank\">Observe im\u00e1genes de <b>Foro Regional para la Moralizaci\u00f3n y el Progreso<\/b>, realizado en Saman\u00e1<\/a><\/p>\n<p><b>Informes:<\/b> Oficina de Prensa, tel\u00e9fono 878 15 00 extensi\u00f3n 12 167.<\/p>\n","protected":false},"excerpt":{"rendered":"<p>Mostr\u00f3 presencia regional de la Instituci\u00f3n en Foro Regional de Moralizaci\u00f3n &nbsp; 24\/09\/2012 Redacci\u00f3n: Mar\u00eda Fernanda Restrepo Torres &nbsp; Foto: Doney Aranzazu Rivera\/ Prensa U. de Caldas. El pasado viernes 21 de septiembre del 2012 se celebr\u00f3 en Saman\u00e1 (Caldas) el Foro Regional para la Moralizaci\u00f3n y el Progreso, presidido por el Gobernador de Caldas, [&hellip;]<\/p>\n","protected":false},"author":2,"featured_media":0,"comment_status":"closed","ping_status":"closed","sticky":false,"template":"","format":"standard","meta":{"footnotes":""},"categories":[48,53],"tags":[],"class_list":["post-11693","post","type-post","status-publish","format-standard","hentry","category-actualidad","category-universidad-al-dia"],"yoast_head":"<!-- This site is optimized with the Yoast SEO plugin v27.5 - https:\/\/yoast.com\/product\/yoast-seo-wordpress\/ -->\n<title>\u201cAl llegar a municipios, la Universidad de Caldas hace honor a su nombre\u201d: rector Ricardo G\u00f3mez .<\/title>\n<meta name=\"robots\" content=\"index, follow, max-snippet:-1, max-image-preview:large, max-video-preview:-1\" \/>\n<link rel=\"canonical\" href=\"https:\/\/www.ucaldas.edu.co\/portal\/al-llegar-a-municipios-la-universidad-de-caldas-hace-honor-a-su-nombre-rector-ricardo-gomez\/\" \/>\n<script type=\"application\/ld+json\" class=\"yoast-schema-graph\">{\"@context\":\"https:\\\/\\\/schema.org\",\"@graph\":[{\"@type\":\"Article\",\"@id\":\"https:\\\/\\\/www.ucaldas.edu.co\\\/portal\\\/al-llegar-a-municipios-la-universidad-de-caldas-hace-honor-a-su-nombre-rector-ricardo-gomez\\\/#article\",\"isPartOf\":{\"@id\":\"https:\\\/\\\/www.ucaldas.edu.co\\\/portal\\\/al-llegar-a-municipios-la-universidad-de-caldas-hace-honor-a-su-nombre-rector-ricardo-gomez\\\/\"},\"author\":{\"name\":\"ofiprensa\",\"@id\":\"https:\\\/\\\/www.ucaldas.edu.co\\\/portal\\\/#\\\/schema\\\/person\\\/a1b482e23449158b4bc319926c074fdf\"},\"headline\":\"\u201cAl llegar a municipios, la Universidad de Caldas hace honor a su nombre\u201d: rector Ricardo G\u00f3mez\",\"datePublished\":\"2012-09-24T14:34:50+00:00\",\"mainEntityOfPage\":{\"@id\":\"https:\\\/\\\/www.ucaldas.edu.co\\\/portal\\\/al-llegar-a-municipios-la-universidad-de-caldas-hace-honor-a-su-nombre-rector-ricardo-gomez\\\/\"},\"wordCount\":470,\"publisher\":{\"@id\":\"https:\\\/\\\/www.ucaldas.edu.co\\\/portal\\\/#organization\"},\"image\":{\"@id\":\"https:\\\/\\\/www.ucaldas.edu.co\\\/portal\\\/al-llegar-a-municipios-la-universidad-de-caldas-hace-honor-a-su-nombre-rector-ricardo-gomez\\\/#primaryimage\"},\"thumbnailUrl\":\"http:\\\/\\\/www.ucaldas.edu.co\\\/images\\\/tmp\\\/comite_moralizacion_samana_caldas_2012.jpg\",\"articleSection\":[\"Actualidad\",\"Universidad al D\u00eda\"],\"inLanguage\":\"es\"},{\"@type\":\"WebPage\",\"@id\":\"https:\\\/\\\/www.ucaldas.edu.co\\\/portal\\\/al-llegar-a-municipios-la-universidad-de-caldas-hace-honor-a-su-nombre-rector-ricardo-gomez\\\/\",\"url\":\"https:\\\/\\\/www.ucaldas.edu.co\\\/portal\\\/al-llegar-a-municipios-la-universidad-de-caldas-hace-honor-a-su-nombre-rector-ricardo-gomez\\\/\",\"name\":\"\u201cAl llegar a municipios, la Universidad de Caldas hace honor a su nombre\u201d: rector Ricardo G\u00f3mez .\",\"isPartOf\":{\"@id\":\"https:\\\/\\\/www.ucaldas.edu.co\\\/portal\\\/#website\"},\"primaryImageOfPage\":{\"@id\":\"https:\\\/\\\/www.ucaldas.edu.co\\\/portal\\\/al-llegar-a-municipios-la-universidad-de-caldas-hace-honor-a-su-nombre-rector-ricardo-gomez\\\/#primaryimage\"},\"image\":{\"@id\":\"https:\\\/\\\/www.ucaldas.edu.co\\\/portal\\\/al-llegar-a-municipios-la-universidad-de-caldas-hace-honor-a-su-nombre-rector-ricardo-gomez\\\/#primaryimage\"},\"thumbnailUrl\":\"http:\\\/\\\/www.ucaldas.edu.co\\\/images\\\/tmp\\\/comite_moralizacion_samana_caldas_2012.jpg\",\"datePublished\":\"2012-09-24T14:34:50+00:00\",\"breadcrumb\":{\"@id\":\"https:\\\/\\\/www.ucaldas.edu.co\\\/portal\\\/al-llegar-a-municipios-la-universidad-de-caldas-hace-honor-a-su-nombre-rector-ricardo-gomez\\\/#breadcrumb\"},\"inLanguage\":\"es\",\"potentialAction\":[{\"@type\":\"ReadAction\",\"target\":[\"https:\\\/\\\/www.ucaldas.edu.co\\\/portal\\\/al-llegar-a-municipios-la-universidad-de-caldas-hace-honor-a-su-nombre-rector-ricardo-gomez\\\/\"]}]},{\"@type\":\"ImageObject\",\"inLanguage\":\"es\",\"@id\":\"https:\\\/\\\/www.ucaldas.edu.co\\\/portal\\\/al-llegar-a-municipios-la-universidad-de-caldas-hace-honor-a-su-nombre-rector-ricardo-gomez\\\/#primaryimage\",\"url\":\"http:\\\/\\\/www.ucaldas.edu.co\\\/images\\\/tmp\\\/comite_moralizacion_samana_caldas_2012.jpg\",\"contentUrl\":\"http:\\\/\\\/www.ucaldas.edu.co\\\/images\\\/tmp\\\/comite_moralizacion_samana_caldas_2012.jpg\"},{\"@type\":\"BreadcrumbList\",\"@id\":\"https:\\\/\\\/www.ucaldas.edu.co\\\/portal\\\/al-llegar-a-municipios-la-universidad-de-caldas-hace-honor-a-su-nombre-rector-ricardo-gomez\\\/#breadcrumb\",\"itemListElement\":[{\"@type\":\"ListItem\",\"position\":1,\"name\":\"Portada\",\"item\":\"https:\\\/\\\/www.ucaldas.edu.co\\\/portal\\\/\"},{\"@type\":\"ListItem\",\"position\":2,\"name\":\"\u201cAl llegar a municipios, la Universidad de Caldas hace honor a su nombre\u201d: rector Ricardo G\u00f3mez\"}]},{\"@type\":\"WebSite\",\"@id\":\"https:\\\/\\\/www.ucaldas.edu.co\\\/portal\\\/#website\",\"url\":\"https:\\\/\\\/www.ucaldas.edu.co\\\/portal\\\/\",\"name\":\"Universidad de Caldas\",\"description\":\"\",\"publisher\":{\"@id\":\"https:\\\/\\\/www.ucaldas.edu.co\\\/portal\\\/#organization\"},\"alternateName\":\"U. de Caldas\",\"potentialAction\":[{\"@type\":\"SearchAction\",\"target\":{\"@type\":\"EntryPoint\",\"urlTemplate\":\"https:\\\/\\\/www.ucaldas.edu.co\\\/portal\\\/?s={search_term_string}\"},\"query-input\":{\"@type\":\"PropertyValueSpecification\",\"valueRequired\":true,\"valueName\":\"search_term_string\"}}],\"inLanguage\":\"es\"},{\"@type\":\"Organization\",\"@id\":\"https:\\\/\\\/www.ucaldas.edu.co\\\/portal\\\/#organization\",\"name\":\"Universidad de Caldas\",\"alternateName\":\"U. de Caldas\",\"url\":\"https:\\\/\\\/www.ucaldas.edu.co\\\/portal\\\/\",\"logo\":{\"@type\":\"ImageObject\",\"inLanguage\":\"es\",\"@id\":\"https:\\\/\\\/www.ucaldas.edu.co\\\/portal\\\/#\\\/schema\\\/logo\\\/image\\\/\",\"url\":\"https:\\\/\\\/www.ucaldas.edu.co\\\/portal\\\/wp-content\\\/uploads\\\/2023\\\/11\\\/Logo_horizontal_oscuroU-2023.png\",\"contentUrl\":\"https:\\\/\\\/www.ucaldas.edu.co\\\/portal\\\/wp-content\\\/uploads\\\/2023\\\/11\\\/Logo_horizontal_oscuroU-2023.png\",\"width\":263,\"height\":101,\"caption\":\"Universidad de Caldas\"},\"image\":{\"@id\":\"https:\\\/\\\/www.ucaldas.edu.co\\\/portal\\\/#\\\/schema\\\/logo\\\/image\\\/\"},\"sameAs\":[\"https:\\\/\\\/www.facebook.com\\\/udecaldas\",\"https:\\\/\\\/x.com\\\/udecaldas\",\"https:\\\/\\\/www.youtube.com\\\/universidadcaldas\",\"https:\\\/\\\/www.instagram.com\\\/udecaldas\\\/\"]},{\"@type\":\"Person\",\"@id\":\"https:\\\/\\\/www.ucaldas.edu.co\\\/portal\\\/#\\\/schema\\\/person\\\/a1b482e23449158b4bc319926c074fdf\",\"name\":\"ofiprensa\",\"image\":{\"@type\":\"ImageObject\",\"inLanguage\":\"es\",\"@id\":\"https:\\\/\\\/www.ucaldas.edu.co\\\/portal\\\/wp-content\\\/litespeed\\\/avatar\\\/09ea5085e600095a7a811142c6944527.jpg?ver=1777497608\",\"url\":\"https:\\\/\\\/www.ucaldas.edu.co\\\/portal\\\/wp-content\\\/litespeed\\\/avatar\\\/09ea5085e600095a7a811142c6944527.jpg?ver=1777497608\",\"contentUrl\":\"https:\\\/\\\/www.ucaldas.edu.co\\\/portal\\\/wp-content\\\/litespeed\\\/avatar\\\/09ea5085e600095a7a811142c6944527.jpg?ver=1777497608\",\"caption\":\"ofiprensa\"},\"url\":\"https:\\\/\\\/www.ucaldas.edu.co\\\/portal\\\/author\\\/ofiprensa\\\/\"}]}<\/script>\n<!-- \/ Yoast SEO plugin. -->","yoast_head_json":{"title":"\u201cAl llegar a municipios, la Universidad de Caldas hace honor a su nombre\u201d: rector Ricardo G\u00f3mez .","robots":{"index":"index","follow":"follow","max-snippet":"max-snippet:-1","max-image-preview":"max-image-preview:large","max-video-preview":"max-video-preview:-1"},"canonical":"https:\/\/www.ucaldas.edu.co\/portal\/al-llegar-a-municipios-la-universidad-de-caldas-hace-honor-a-su-nombre-rector-ricardo-gomez\/","schema":{"@context":"https:\/\/schema.org","@graph":[{"@type":"Article","@id":"https:\/\/www.ucaldas.edu.co\/portal\/al-llegar-a-municipios-la-universidad-de-caldas-hace-honor-a-su-nombre-rector-ricardo-gomez\/#article","isPartOf":{"@id":"https:\/\/www.ucaldas.edu.co\/portal\/al-llegar-a-municipios-la-universidad-de-caldas-hace-honor-a-su-nombre-rector-ricardo-gomez\/"},"author":{"name":"ofiprensa","@id":"https:\/\/www.ucaldas.edu.co\/portal\/#\/schema\/person\/a1b482e23449158b4bc319926c074fdf"},"headline":"\u201cAl llegar a municipios, la Universidad de Caldas hace honor a su nombre\u201d: rector Ricardo G\u00f3mez","datePublished":"2012-09-24T14:34:50+00:00","mainEntityOfPage":{"@id":"https:\/\/www.ucaldas.edu.co\/portal\/al-llegar-a-municipios-la-universidad-de-caldas-hace-honor-a-su-nombre-rector-ricardo-gomez\/"},"wordCount":470,"publisher":{"@id":"https:\/\/www.ucaldas.edu.co\/portal\/#organization"},"image":{"@id":"https:\/\/www.ucaldas.edu.co\/portal\/al-llegar-a-municipios-la-universidad-de-caldas-hace-honor-a-su-nombre-rector-ricardo-gomez\/#primaryimage"},"thumbnailUrl":"http:\/\/www.ucaldas.edu.co\/images\/tmp\/comite_moralizacion_samana_caldas_2012.jpg","articleSection":["Actualidad","Universidad al D\u00eda"],"inLanguage":"es"},{"@type":"WebPage","@id":"https:\/\/www.ucaldas.edu.co\/portal\/al-llegar-a-municipios-la-universidad-de-caldas-hace-honor-a-su-nombre-rector-ricardo-gomez\/","url":"https:\/\/www.ucaldas.edu.co\/portal\/al-llegar-a-municipios-la-universidad-de-caldas-hace-honor-a-su-nombre-rector-ricardo-gomez\/","name":"\u201cAl llegar a municipios, la Universidad de Caldas hace honor a su nombre\u201d: rector Ricardo G\u00f3mez .","isPartOf":{"@id":"https:\/\/www.ucaldas.edu.co\/portal\/#website"},"primaryImageOfPage":{"@id":"https:\/\/www.ucaldas.edu.co\/portal\/al-llegar-a-municipios-la-universidad-de-caldas-hace-honor-a-su-nombre-rector-ricardo-gomez\/#primaryimage"},"image":{"@id":"https:\/\/www.ucaldas.edu.co\/portal\/al-llegar-a-municipios-la-universidad-de-caldas-hace-honor-a-su-nombre-rector-ricardo-gomez\/#primaryimage"},"thumbnailUrl":"http:\/\/www.ucaldas.edu.co\/images\/tmp\/comite_moralizacion_samana_caldas_2012.jpg","datePublished":"2012-09-24T14:34:50+00:00","breadcrumb":{"@id":"https:\/\/www.ucaldas.edu.co\/portal\/al-llegar-a-municipios-la-universidad-de-caldas-hace-honor-a-su-nombre-rector-ricardo-gomez\/#breadcrumb"},"inLanguage":"es","potentialAction":[{"@type":"ReadAction","target":["https:\/\/www.ucaldas.edu.co\/portal\/al-llegar-a-municipios-la-universidad-de-caldas-hace-honor-a-su-nombre-rector-ricardo-gomez\/"]}]},{"@type":"ImageObject","inLanguage":"es","@id":"https:\/\/www.ucaldas.edu.co\/portal\/al-llegar-a-municipios-la-universidad-de-caldas-hace-honor-a-su-nombre-rector-ricardo-gomez\/#primaryimage","url":"http:\/\/www.ucaldas.edu.co\/images\/tmp\/comite_moralizacion_samana_caldas_2012.jpg","contentUrl":"http:\/\/www.ucaldas.edu.co\/images\/tmp\/comite_moralizacion_samana_caldas_2012.jpg"},{"@type":"BreadcrumbList","@id":"https:\/\/www.ucaldas.edu.co\/portal\/al-llegar-a-municipios-la-universidad-de-caldas-hace-honor-a-su-nombre-rector-ricardo-gomez\/#breadcrumb","itemListElement":[{"@type":"ListItem","position":1,"name":"Portada","item":"https:\/\/www.ucaldas.edu.co\/portal\/"},{"@type":"ListItem","position":2,"name":"\u201cAl llegar a municipios, la Universidad de Caldas hace honor a su nombre\u201d: rector Ricardo G\u00f3mez"}]},{"@type":"WebSite","@id":"https:\/\/www.ucaldas.edu.co\/portal\/#website","url":"https:\/\/www.ucaldas.edu.co\/portal\/","name":"Universidad de Caldas","description":"","publisher":{"@id":"https:\/\/www.ucaldas.edu.co\/portal\/#organization"},"alternateName":"U. de Caldas","potentialAction":[{"@type":"SearchAction","target":{"@type":"EntryPoint","urlTemplate":"https:\/\/www.ucaldas.edu.co\/portal\/?s={search_term_string}"},"query-input":{"@type":"PropertyValueSpecification","valueRequired":true,"valueName":"search_term_string"}}],"inLanguage":"es"},{"@type":"Organization","@id":"https:\/\/www.ucaldas.edu.co\/portal\/#organization","name":"Universidad de Caldas","alternateName":"U. de Caldas","url":"https:\/\/www.ucaldas.edu.co\/portal\/","logo":{"@type":"ImageObject","inLanguage":"es","@id":"https:\/\/www.ucaldas.edu.co\/portal\/#\/schema\/logo\/image\/","url":"https:\/\/www.ucaldas.edu.co\/portal\/wp-content\/uploads\/2023\/11\/Logo_horizontal_oscuroU-2023.png","contentUrl":"https:\/\/www.ucaldas.edu.co\/portal\/wp-content\/uploads\/2023\/11\/Logo_horizontal_oscuroU-2023.png","width":263,"height":101,"caption":"Universidad de Caldas"},"image":{"@id":"https:\/\/www.ucaldas.edu.co\/portal\/#\/schema\/logo\/image\/"},"sameAs":["https:\/\/www.facebook.com\/udecaldas","https:\/\/x.com\/udecaldas","https:\/\/www.youtube.com\/universidadcaldas","https:\/\/www.instagram.com\/udecaldas\/"]},{"@type":"Person","@id":"https:\/\/www.ucaldas.edu.co\/portal\/#\/schema\/person\/a1b482e23449158b4bc319926c074fdf","name":"ofiprensa","image":{"@type":"ImageObject","inLanguage":"es","@id":"https:\/\/www.ucaldas.edu.co\/portal\/wp-content\/litespeed\/avatar\/09ea5085e600095a7a811142c6944527.jpg?ver=1777497608","url":"https:\/\/www.ucaldas.edu.co\/portal\/wp-content\/litespeed\/avatar\/09ea5085e600095a7a811142c6944527.jpg?ver=1777497608","contentUrl":"https:\/\/www.ucaldas.edu.co\/portal\/wp-content\/litespeed\/avatar\/09ea5085e600095a7a811142c6944527.jpg?ver=1777497608","caption":"ofiprensa"},"url":"https:\/\/www.ucaldas.edu.co\/portal\/author\/ofiprensa\/"}]}},"_links":{"self":[{"href":"https:\/\/www.ucaldas.edu.co\/portal\/wp-json\/wp\/v2\/posts\/11693","targetHints":{"allow":["GET"]}}],"collection":[{"href":"https:\/\/www.ucaldas.edu.co\/portal\/wp-json\/wp\/v2\/posts"}],"about":[{"href":"https:\/\/www.ucaldas.edu.co\/portal\/wp-json\/wp\/v2\/types\/post"}],"author":[{"embeddable":true,"href":"https:\/\/www.ucaldas.edu.co\/portal\/wp-json\/wp\/v2\/users\/2"}],"replies":[{"embeddable":true,"href":"https:\/\/www.ucaldas.edu.co\/portal\/wp-json\/wp\/v2\/comments?post=11693"}],"version-history":[{"count":0,"href":"https:\/\/www.ucaldas.edu.co\/portal\/wp-json\/wp\/v2\/posts\/11693\/revisions"}],"wp:attachment":[{"href":"https:\/\/www.ucaldas.edu.co\/portal\/wp-json\/wp\/v2\/media?parent=11693"}],"wp:term":[{"taxonomy":"category","embeddable":true,"href":"https:\/\/www.ucaldas.edu.co\/portal\/wp-json\/wp\/v2\/categories?post=11693"},{"taxonomy":"post_tag","embeddable":true,"href":"https:\/\/www.ucaldas.edu.co\/portal\/wp-json\/wp\/v2\/tags?post=11693"}],"curies":[{"name":"wp","href":"https:\/\/api.w.org\/{rel}","templated":true}]}}