{"id":11691,"date":"2012-09-24T09:33:49","date_gmt":"2012-09-24T14:33:49","guid":{"rendered":"https:\/\/www.ucaldas.edu.co\/portal\/?p=11691"},"modified":"2012-09-24T09:33:49","modified_gmt":"2012-09-24T14:33:49","slug":"primeros-administradores-de-empresas-agropecuarias-recibieron-su-titulo-en-armenia","status":"publish","type":"post","link":"https:\/\/www.ucaldas.edu.co\/portal\/primeros-administradores-de-empresas-agropecuarias-recibieron-su-titulo-en-armenia\/","title":{"rendered":"Primeros administradores de empresas agropecuarias recibieron su t\u00edtulo, en Armenia"},"content":{"rendered":"<p align=\"center\">Se graduaron de Programa Profesional, en convenio de U. de Caldas y U. del Quind\u00edo<\/p>\n<p align=\"center\"><span style=\"text-decoration: underline\"><\/p>\n<p><\/span><\/p>\n<p>&nbsp;<\/p>\n<p align=\"right\">24\/09\/2012<\/p>\n<hr \/>\n<p align=\"right\">Redacci\u00f3n: Margarita Laverde Galvis<\/p>\n<p>&nbsp;<\/p>\n<table border=\"0\">\n<tbody>\n<tr>\n<td>&nbsp;<\/p>\n<p><img loading=\"lazy\" decoding=\"async\" style=\"border: 0px\" title=\"Grados\" alt=\"Grados\" src=\"http:\/\/www.ucaldas.edu.co\/images\/tmp\/grados_ucaldas_en_uquindio_convenio2012.jpg\" width=\"240\" height=\"150\" border=\"0\" \/><\/p>\n<h4>Foto: Margarita Laverde Galvis\/ Prensa U. de Caldas.<\/h4>\n<\/td>\n<td>La <b>Universidad de Caldas lleg\u00f3 hasta Armenia<\/b> (Quind\u00edo) el pasado s\u00e1bado 22 de septiembre del 2012 <b>para entregar<\/b> el <b>t\u00edtulo profesional<\/b> a los <b>23 estudiantes<\/b> del <b>Programa Profesional<\/b> en <b>Administraci\u00f3n de Empresas Agropecuarias<\/b> de la Instituci\u00f3n<b>, que se graduaron<\/b> como parte del <b>convenio<\/b> entre la <b>instituci\u00f3n caldense<\/b> y la <b>Universidad del Quind\u00edo.<\/b><\/td>\n<\/tr>\n<\/tbody>\n<\/table>\n<p>&nbsp;<\/p>\n<p>&nbsp;<\/p>\n<p>\u201cPara la U. de Caldas es un honor estar aqu\u00ed y poder entregar estos t\u00edtulos a nuestros egresados. Este evento es la mejor muestra de que la integraci\u00f3n regional da frutos y de que trabajando unidos podremos salir adelante\u201d, coment\u00f3 el <b>Decano de la Facultad de Ciencias Agropecuarias<\/b>, Carlos Alberto Parra Salinas, quien lider\u00f3 el acto, <b>en representaci\u00f3n del Rector de la U. de Caldas.<\/b><\/p>\n<p><b>\u00a0<\/b><\/p>\n<p>Por otra parte, Orlando Salazar Salazar, <b>Vicerrector Acad\u00e9mico y rector (e) de la U. del Quind\u00edo, <\/b>dijo: \u201csiempre debemos trabajar conjuntamente, para conseguir grandes logros\u201d.<\/p>\n<p>&nbsp;<\/p>\n<p><b>Sinergia<\/b><\/p>\n<p><b>Magda Ivone Pinz\u00f3n Fandi\u00f1o, Decana de la Facultad de Ciencias Agroindustriales de la U. del Quind\u00edo<\/b><\/p>\n<p>Estamos muy contentos de que despu\u00e9s de superar algunos inconvenientes, logramos graduar esta primera cohorte del programa. Esto nos llena de satisfacci\u00f3n, porque las universidades estamos llamadas a integrarnos, interactuar y hacer sinergias como estas.<\/p>\n<p><b>\u00a0<\/b><\/p>\n<p><b>\u00c1lvaro Adolfo Rodr\u00edguez R\u00edos, Director del Programa Profesional en Administraci\u00f3n de Empresas Agropecuarias de la U. de Caldas<\/b><\/p>\n<p>Siento que estamos cumpliendo con un deber, porque la responsabilidad del convenio se est\u00e1 cumpliendo y ojal\u00e1 este sea el inicio para ampliar esta alianza y llevar m\u00e1s procesos formativos a esta regi\u00f3n.<\/p>\n<p>&nbsp;<\/p>\n<p><b>Juli\u00e1n Tob\u00f3n Vel\u00e1squez, Coordinador del Programa Profesional en Administraci\u00f3n de Empresas Agropecuarias, en Armenia<\/b><\/p>\n<p>Es un \u00e9xito haber logrado este proceso. Para nosotros haber servido a la U. de Caldas en este convenio interinstitucional significa que el Eje Cafetero est\u00e1 unido y as\u00ed seguir\u00e1.<\/p>\n<p>&nbsp;<\/p>\n<p><b>Eimy Zo\u00e9 Ferro Cort\u00e9s, graduada del Programa Profesional en Administraci\u00f3n de Empresas Agropecuarias de la Universidad de Caldas<\/b><\/p>\n<p>Esta es una alegr\u00eda muy profunda y agradezco a las dos universidades, por haberme permitido culminar este proceso.<\/p>\n<p>&nbsp;<\/p>\n<p><a href=\"http:\/\/www.facebook.com\/media\/set\/?set=a.414034555325082.97590.107054166023124&amp;type=1\" target=\"_blank\">Conozca im\u00e1genes sobre U. de Caldas gradu\u00f3 los primeros administradores de empresas agropecuarias, en Armenia<\/a><\/p>\n<p>&nbsp;<\/p>\n<p><b>Informes:<\/b> Oficina de Prensa, tel\u00e9fono 878 15 00, extensi\u00f3n 12 167.<\/p>\n<p>&nbsp;<\/p>\n","protected":false},"excerpt":{"rendered":"<p>Se graduaron de Programa Profesional, en convenio de U. de Caldas y U. del Quind\u00edo &nbsp; 24\/09\/2012 Redacci\u00f3n: Margarita Laverde Galvis &nbsp; &nbsp; Foto: Margarita Laverde Galvis\/ Prensa U. de Caldas. La Universidad de Caldas lleg\u00f3 hasta Armenia (Quind\u00edo) el pasado s\u00e1bado 22 de septiembre del 2012 para entregar el t\u00edtulo profesional a los 23 [&hellip;]<\/p>\n","protected":false},"author":2,"featured_media":0,"comment_status":"closed","ping_status":"closed","sticky":false,"template":"","format":"standard","meta":{"footnotes":""},"categories":[48,53],"tags":[],"class_list":["post-11691","post","type-post","status-publish","format-standard","hentry","category-actualidad","category-universidad-al-dia"],"yoast_head":"<!-- This site is optimized with the Yoast SEO plugin v27.5 - https:\/\/yoast.com\/product\/yoast-seo-wordpress\/ -->\n<title>Primeros administradores de empresas agropecuarias recibieron su t\u00edtulo, en Armenia .<\/title>\n<meta name=\"robots\" content=\"index, follow, max-snippet:-1, max-image-preview:large, max-video-preview:-1\" \/>\n<link rel=\"canonical\" href=\"https:\/\/www.ucaldas.edu.co\/portal\/primeros-administradores-de-empresas-agropecuarias-recibieron-su-titulo-en-armenia\/\" \/>\n<script type=\"application\/ld+json\" class=\"yoast-schema-graph\">{\"@context\":\"https:\\\/\\\/schema.org\",\"@graph\":[{\"@type\":\"Article\",\"@id\":\"https:\\\/\\\/www.ucaldas.edu.co\\\/portal\\\/primeros-administradores-de-empresas-agropecuarias-recibieron-su-titulo-en-armenia\\\/#article\",\"isPartOf\":{\"@id\":\"https:\\\/\\\/www.ucaldas.edu.co\\\/portal\\\/primeros-administradores-de-empresas-agropecuarias-recibieron-su-titulo-en-armenia\\\/\"},\"author\":{\"name\":\"ofiprensa\",\"@id\":\"https:\\\/\\\/www.ucaldas.edu.co\\\/portal\\\/#\\\/schema\\\/person\\\/a1b482e23449158b4bc319926c074fdf\"},\"headline\":\"Primeros administradores de empresas agropecuarias recibieron su t\u00edtulo, en Armenia\",\"datePublished\":\"2012-09-24T14:33:49+00:00\",\"mainEntityOfPage\":{\"@id\":\"https:\\\/\\\/www.ucaldas.edu.co\\\/portal\\\/primeros-administradores-de-empresas-agropecuarias-recibieron-su-titulo-en-armenia\\\/\"},\"wordCount\":426,\"publisher\":{\"@id\":\"https:\\\/\\\/www.ucaldas.edu.co\\\/portal\\\/#organization\"},\"image\":{\"@id\":\"https:\\\/\\\/www.ucaldas.edu.co\\\/portal\\\/primeros-administradores-de-empresas-agropecuarias-recibieron-su-titulo-en-armenia\\\/#primaryimage\"},\"thumbnailUrl\":\"http:\\\/\\\/www.ucaldas.edu.co\\\/images\\\/tmp\\\/grados_ucaldas_en_uquindio_convenio2012.jpg\",\"articleSection\":[\"Actualidad\",\"Universidad al D\u00eda\"],\"inLanguage\":\"es\"},{\"@type\":\"WebPage\",\"@id\":\"https:\\\/\\\/www.ucaldas.edu.co\\\/portal\\\/primeros-administradores-de-empresas-agropecuarias-recibieron-su-titulo-en-armenia\\\/\",\"url\":\"https:\\\/\\\/www.ucaldas.edu.co\\\/portal\\\/primeros-administradores-de-empresas-agropecuarias-recibieron-su-titulo-en-armenia\\\/\",\"name\":\"Primeros administradores de empresas agropecuarias recibieron su t\u00edtulo, en Armenia .\",\"isPartOf\":{\"@id\":\"https:\\\/\\\/www.ucaldas.edu.co\\\/portal\\\/#website\"},\"primaryImageOfPage\":{\"@id\":\"https:\\\/\\\/www.ucaldas.edu.co\\\/portal\\\/primeros-administradores-de-empresas-agropecuarias-recibieron-su-titulo-en-armenia\\\/#primaryimage\"},\"image\":{\"@id\":\"https:\\\/\\\/www.ucaldas.edu.co\\\/portal\\\/primeros-administradores-de-empresas-agropecuarias-recibieron-su-titulo-en-armenia\\\/#primaryimage\"},\"thumbnailUrl\":\"http:\\\/\\\/www.ucaldas.edu.co\\\/images\\\/tmp\\\/grados_ucaldas_en_uquindio_convenio2012.jpg\",\"datePublished\":\"2012-09-24T14:33:49+00:00\",\"breadcrumb\":{\"@id\":\"https:\\\/\\\/www.ucaldas.edu.co\\\/portal\\\/primeros-administradores-de-empresas-agropecuarias-recibieron-su-titulo-en-armenia\\\/#breadcrumb\"},\"inLanguage\":\"es\",\"potentialAction\":[{\"@type\":\"ReadAction\",\"target\":[\"https:\\\/\\\/www.ucaldas.edu.co\\\/portal\\\/primeros-administradores-de-empresas-agropecuarias-recibieron-su-titulo-en-armenia\\\/\"]}]},{\"@type\":\"ImageObject\",\"inLanguage\":\"es\",\"@id\":\"https:\\\/\\\/www.ucaldas.edu.co\\\/portal\\\/primeros-administradores-de-empresas-agropecuarias-recibieron-su-titulo-en-armenia\\\/#primaryimage\",\"url\":\"http:\\\/\\\/www.ucaldas.edu.co\\\/images\\\/tmp\\\/grados_ucaldas_en_uquindio_convenio2012.jpg\",\"contentUrl\":\"http:\\\/\\\/www.ucaldas.edu.co\\\/images\\\/tmp\\\/grados_ucaldas_en_uquindio_convenio2012.jpg\"},{\"@type\":\"BreadcrumbList\",\"@id\":\"https:\\\/\\\/www.ucaldas.edu.co\\\/portal\\\/primeros-administradores-de-empresas-agropecuarias-recibieron-su-titulo-en-armenia\\\/#breadcrumb\",\"itemListElement\":[{\"@type\":\"ListItem\",\"position\":1,\"name\":\"Portada\",\"item\":\"https:\\\/\\\/www.ucaldas.edu.co\\\/portal\\\/\"},{\"@type\":\"ListItem\",\"position\":2,\"name\":\"Primeros administradores de empresas agropecuarias recibieron su t\u00edtulo, en Armenia\"}]},{\"@type\":\"WebSite\",\"@id\":\"https:\\\/\\\/www.ucaldas.edu.co\\\/portal\\\/#website\",\"url\":\"https:\\\/\\\/www.ucaldas.edu.co\\\/portal\\\/\",\"name\":\"Universidad de Caldas\",\"description\":\"\",\"publisher\":{\"@id\":\"https:\\\/\\\/www.ucaldas.edu.co\\\/portal\\\/#organization\"},\"alternateName\":\"U. de Caldas\",\"potentialAction\":[{\"@type\":\"SearchAction\",\"target\":{\"@type\":\"EntryPoint\",\"urlTemplate\":\"https:\\\/\\\/www.ucaldas.edu.co\\\/portal\\\/?s={search_term_string}\"},\"query-input\":{\"@type\":\"PropertyValueSpecification\",\"valueRequired\":true,\"valueName\":\"search_term_string\"}}],\"inLanguage\":\"es\"},{\"@type\":\"Organization\",\"@id\":\"https:\\\/\\\/www.ucaldas.edu.co\\\/portal\\\/#organization\",\"name\":\"Universidad de Caldas\",\"alternateName\":\"U. de Caldas\",\"url\":\"https:\\\/\\\/www.ucaldas.edu.co\\\/portal\\\/\",\"logo\":{\"@type\":\"ImageObject\",\"inLanguage\":\"es\",\"@id\":\"https:\\\/\\\/www.ucaldas.edu.co\\\/portal\\\/#\\\/schema\\\/logo\\\/image\\\/\",\"url\":\"https:\\\/\\\/www.ucaldas.edu.co\\\/portal\\\/wp-content\\\/uploads\\\/2023\\\/11\\\/Logo_horizontal_oscuroU-2023.png\",\"contentUrl\":\"https:\\\/\\\/www.ucaldas.edu.co\\\/portal\\\/wp-content\\\/uploads\\\/2023\\\/11\\\/Logo_horizontal_oscuroU-2023.png\",\"width\":263,\"height\":101,\"caption\":\"Universidad de Caldas\"},\"image\":{\"@id\":\"https:\\\/\\\/www.ucaldas.edu.co\\\/portal\\\/#\\\/schema\\\/logo\\\/image\\\/\"},\"sameAs\":[\"https:\\\/\\\/www.facebook.com\\\/udecaldas\",\"https:\\\/\\\/x.com\\\/udecaldas\",\"https:\\\/\\\/www.youtube.com\\\/universidadcaldas\",\"https:\\\/\\\/www.instagram.com\\\/udecaldas\\\/\"]},{\"@type\":\"Person\",\"@id\":\"https:\\\/\\\/www.ucaldas.edu.co\\\/portal\\\/#\\\/schema\\\/person\\\/a1b482e23449158b4bc319926c074fdf\",\"name\":\"ofiprensa\",\"image\":{\"@type\":\"ImageObject\",\"inLanguage\":\"es\",\"@id\":\"https:\\\/\\\/www.ucaldas.edu.co\\\/portal\\\/wp-content\\\/litespeed\\\/avatar\\\/09ea5085e600095a7a811142c6944527.jpg?ver=1777497608\",\"url\":\"https:\\\/\\\/www.ucaldas.edu.co\\\/portal\\\/wp-content\\\/litespeed\\\/avatar\\\/09ea5085e600095a7a811142c6944527.jpg?ver=1777497608\",\"contentUrl\":\"https:\\\/\\\/www.ucaldas.edu.co\\\/portal\\\/wp-content\\\/litespeed\\\/avatar\\\/09ea5085e600095a7a811142c6944527.jpg?ver=1777497608\",\"caption\":\"ofiprensa\"},\"url\":\"https:\\\/\\\/www.ucaldas.edu.co\\\/portal\\\/author\\\/ofiprensa\\\/\"}]}<\/script>\n<!-- \/ Yoast SEO plugin. -->","yoast_head_json":{"title":"Primeros administradores de empresas agropecuarias recibieron su t\u00edtulo, en Armenia .","robots":{"index":"index","follow":"follow","max-snippet":"max-snippet:-1","max-image-preview":"max-image-preview:large","max-video-preview":"max-video-preview:-1"},"canonical":"https:\/\/www.ucaldas.edu.co\/portal\/primeros-administradores-de-empresas-agropecuarias-recibieron-su-titulo-en-armenia\/","schema":{"@context":"https:\/\/schema.org","@graph":[{"@type":"Article","@id":"https:\/\/www.ucaldas.edu.co\/portal\/primeros-administradores-de-empresas-agropecuarias-recibieron-su-titulo-en-armenia\/#article","isPartOf":{"@id":"https:\/\/www.ucaldas.edu.co\/portal\/primeros-administradores-de-empresas-agropecuarias-recibieron-su-titulo-en-armenia\/"},"author":{"name":"ofiprensa","@id":"https:\/\/www.ucaldas.edu.co\/portal\/#\/schema\/person\/a1b482e23449158b4bc319926c074fdf"},"headline":"Primeros administradores de empresas agropecuarias recibieron su t\u00edtulo, en Armenia","datePublished":"2012-09-24T14:33:49+00:00","mainEntityOfPage":{"@id":"https:\/\/www.ucaldas.edu.co\/portal\/primeros-administradores-de-empresas-agropecuarias-recibieron-su-titulo-en-armenia\/"},"wordCount":426,"publisher":{"@id":"https:\/\/www.ucaldas.edu.co\/portal\/#organization"},"image":{"@id":"https:\/\/www.ucaldas.edu.co\/portal\/primeros-administradores-de-empresas-agropecuarias-recibieron-su-titulo-en-armenia\/#primaryimage"},"thumbnailUrl":"http:\/\/www.ucaldas.edu.co\/images\/tmp\/grados_ucaldas_en_uquindio_convenio2012.jpg","articleSection":["Actualidad","Universidad al D\u00eda"],"inLanguage":"es"},{"@type":"WebPage","@id":"https:\/\/www.ucaldas.edu.co\/portal\/primeros-administradores-de-empresas-agropecuarias-recibieron-su-titulo-en-armenia\/","url":"https:\/\/www.ucaldas.edu.co\/portal\/primeros-administradores-de-empresas-agropecuarias-recibieron-su-titulo-en-armenia\/","name":"Primeros administradores de empresas agropecuarias recibieron su t\u00edtulo, en Armenia .","isPartOf":{"@id":"https:\/\/www.ucaldas.edu.co\/portal\/#website"},"primaryImageOfPage":{"@id":"https:\/\/www.ucaldas.edu.co\/portal\/primeros-administradores-de-empresas-agropecuarias-recibieron-su-titulo-en-armenia\/#primaryimage"},"image":{"@id":"https:\/\/www.ucaldas.edu.co\/portal\/primeros-administradores-de-empresas-agropecuarias-recibieron-su-titulo-en-armenia\/#primaryimage"},"thumbnailUrl":"http:\/\/www.ucaldas.edu.co\/images\/tmp\/grados_ucaldas_en_uquindio_convenio2012.jpg","datePublished":"2012-09-24T14:33:49+00:00","breadcrumb":{"@id":"https:\/\/www.ucaldas.edu.co\/portal\/primeros-administradores-de-empresas-agropecuarias-recibieron-su-titulo-en-armenia\/#breadcrumb"},"inLanguage":"es","potentialAction":[{"@type":"ReadAction","target":["https:\/\/www.ucaldas.edu.co\/portal\/primeros-administradores-de-empresas-agropecuarias-recibieron-su-titulo-en-armenia\/"]}]},{"@type":"ImageObject","inLanguage":"es","@id":"https:\/\/www.ucaldas.edu.co\/portal\/primeros-administradores-de-empresas-agropecuarias-recibieron-su-titulo-en-armenia\/#primaryimage","url":"http:\/\/www.ucaldas.edu.co\/images\/tmp\/grados_ucaldas_en_uquindio_convenio2012.jpg","contentUrl":"http:\/\/www.ucaldas.edu.co\/images\/tmp\/grados_ucaldas_en_uquindio_convenio2012.jpg"},{"@type":"BreadcrumbList","@id":"https:\/\/www.ucaldas.edu.co\/portal\/primeros-administradores-de-empresas-agropecuarias-recibieron-su-titulo-en-armenia\/#breadcrumb","itemListElement":[{"@type":"ListItem","position":1,"name":"Portada","item":"https:\/\/www.ucaldas.edu.co\/portal\/"},{"@type":"ListItem","position":2,"name":"Primeros administradores de empresas agropecuarias recibieron su t\u00edtulo, en Armenia"}]},{"@type":"WebSite","@id":"https:\/\/www.ucaldas.edu.co\/portal\/#website","url":"https:\/\/www.ucaldas.edu.co\/portal\/","name":"Universidad de Caldas","description":"","publisher":{"@id":"https:\/\/www.ucaldas.edu.co\/portal\/#organization"},"alternateName":"U. de Caldas","potentialAction":[{"@type":"SearchAction","target":{"@type":"EntryPoint","urlTemplate":"https:\/\/www.ucaldas.edu.co\/portal\/?s={search_term_string}"},"query-input":{"@type":"PropertyValueSpecification","valueRequired":true,"valueName":"search_term_string"}}],"inLanguage":"es"},{"@type":"Organization","@id":"https:\/\/www.ucaldas.edu.co\/portal\/#organization","name":"Universidad de Caldas","alternateName":"U. de Caldas","url":"https:\/\/www.ucaldas.edu.co\/portal\/","logo":{"@type":"ImageObject","inLanguage":"es","@id":"https:\/\/www.ucaldas.edu.co\/portal\/#\/schema\/logo\/image\/","url":"https:\/\/www.ucaldas.edu.co\/portal\/wp-content\/uploads\/2023\/11\/Logo_horizontal_oscuroU-2023.png","contentUrl":"https:\/\/www.ucaldas.edu.co\/portal\/wp-content\/uploads\/2023\/11\/Logo_horizontal_oscuroU-2023.png","width":263,"height":101,"caption":"Universidad de Caldas"},"image":{"@id":"https:\/\/www.ucaldas.edu.co\/portal\/#\/schema\/logo\/image\/"},"sameAs":["https:\/\/www.facebook.com\/udecaldas","https:\/\/x.com\/udecaldas","https:\/\/www.youtube.com\/universidadcaldas","https:\/\/www.instagram.com\/udecaldas\/"]},{"@type":"Person","@id":"https:\/\/www.ucaldas.edu.co\/portal\/#\/schema\/person\/a1b482e23449158b4bc319926c074fdf","name":"ofiprensa","image":{"@type":"ImageObject","inLanguage":"es","@id":"https:\/\/www.ucaldas.edu.co\/portal\/wp-content\/litespeed\/avatar\/09ea5085e600095a7a811142c6944527.jpg?ver=1777497608","url":"https:\/\/www.ucaldas.edu.co\/portal\/wp-content\/litespeed\/avatar\/09ea5085e600095a7a811142c6944527.jpg?ver=1777497608","contentUrl":"https:\/\/www.ucaldas.edu.co\/portal\/wp-content\/litespeed\/avatar\/09ea5085e600095a7a811142c6944527.jpg?ver=1777497608","caption":"ofiprensa"},"url":"https:\/\/www.ucaldas.edu.co\/portal\/author\/ofiprensa\/"}]}},"_links":{"self":[{"href":"https:\/\/www.ucaldas.edu.co\/portal\/wp-json\/wp\/v2\/posts\/11691","targetHints":{"allow":["GET"]}}],"collection":[{"href":"https:\/\/www.ucaldas.edu.co\/portal\/wp-json\/wp\/v2\/posts"}],"about":[{"href":"https:\/\/www.ucaldas.edu.co\/portal\/wp-json\/wp\/v2\/types\/post"}],"author":[{"embeddable":true,"href":"https:\/\/www.ucaldas.edu.co\/portal\/wp-json\/wp\/v2\/users\/2"}],"replies":[{"embeddable":true,"href":"https:\/\/www.ucaldas.edu.co\/portal\/wp-json\/wp\/v2\/comments?post=11691"}],"version-history":[{"count":0,"href":"https:\/\/www.ucaldas.edu.co\/portal\/wp-json\/wp\/v2\/posts\/11691\/revisions"}],"wp:attachment":[{"href":"https:\/\/www.ucaldas.edu.co\/portal\/wp-json\/wp\/v2\/media?parent=11691"}],"wp:term":[{"taxonomy":"category","embeddable":true,"href":"https:\/\/www.ucaldas.edu.co\/portal\/wp-json\/wp\/v2\/categories?post=11691"},{"taxonomy":"post_tag","embeddable":true,"href":"https:\/\/www.ucaldas.edu.co\/portal\/wp-json\/wp\/v2\/tags?post=11691"}],"curies":[{"name":"wp","href":"https:\/\/api.w.org\/{rel}","templated":true}]}}