{"id":11689,"date":"2012-09-24T09:32:59","date_gmt":"2012-09-24T14:32:59","guid":{"rendered":"https:\/\/www.ucaldas.edu.co\/portal\/?p=11689"},"modified":"2012-09-24T09:32:59","modified_gmt":"2012-09-24T14:32:59","slug":"comenzo-en-u-de-caldas-celebracion-del-mes-del-patrimonio","status":"publish","type":"post","link":"https:\/\/www.ucaldas.edu.co\/portal\/comenzo-en-u-de-caldas-celebracion-del-mes-del-patrimonio\/","title":{"rendered":"Comenz\u00f3 en U. de Caldas celebraci\u00f3n del Mes del Patrimonio"},"content":{"rendered":"<p align=\"center\">Con encuentro sobre Paisaje Cultural Cafetero<\/p>\n<p align=\"center\"><span style=\"text-decoration: underline\"><br \/>\n<\/span><\/p>\n<p align=\"right\">24\/09\/2012<\/p>\n<hr \/>\n<p align=\"right\">Redacci\u00f3n: Margarita Laverde Galvis<\/p>\n<table border=\"0\">\n<tbody>\n<tr>\n<td>&nbsp;<\/p>\n<p><img loading=\"lazy\" decoding=\"async\" style=\"border: 0px\" title=\"PCC\" alt=\"PCC\" src=\"http:\/\/www.ucaldas.edu.co\/images\/tmp\/conferencia_patrimonio_pcc_2012.jpg\" width=\"240\" height=\"150\" border=\"0\" \/><\/p>\n<h4>Foto: Jos\u00e9 Omar L\u00f3pez Obando\/ Centro de Museos U. de Caldas.<\/h4>\n<\/td>\n<td>El<b> <i>Paisaje Cultural Cafetero, patrimonio de la humanidad<\/i><\/b><i>, <\/i>fue el <b>tema<\/b> de la <b>primera conferencia<\/b> sobre el <b>Mes del Patrimonio<\/b>, que se realiz\u00f3 en la <b>Universidad de Caldas<\/b> el pasado viernes 21 de septiembre del 2012, en un <b>evento organizado por el <\/b><b>Centro de Museos de la Instituci\u00f3n.<\/b><\/td>\n<\/tr>\n<\/tbody>\n<\/table>\n<p>&nbsp;<\/p>\n<p><i><br \/>\n<\/i>Juan Manuel Sarmiento Nova, <b>profesor de la Facultad de Arquitectura de la Universidad Nacional de Colombia Sede Manizales, <\/b>orient\u00f3 el encuentro y habl\u00f3 acerca del proceso de la declaratoria, que incluye cuatro departamentos, 51 municipios y 24 mil fincas, que est\u00e1n ocupadas por unas 80 mil personas.<\/p>\n<p>&nbsp;<\/p>\n<p>\u201cLa declaratoria nos da un sentido de pertenencia e identificaci\u00f3n, adem\u00e1s de la posibilidad econ\u00f3mico y social que tiene para todo el mundo. Desde el Observatorio para la Sostenibilidad del Patrimonio en Paisajes, de la U. Nacional de Colombia, en la que ocho instituciones, entre ellas la U. de Caldas, realizan trabajos de investigaci\u00f3n, difusi\u00f3n, entre otros\u201d, coment\u00f3 Sarmiento Nova.<\/p>\n<p>&nbsp;<\/p>\n<p><a href=\"http:\/\/www.facebook.com\/media\/set\/?set=a.414063661988838.97610.107054166023124&amp;type=1\" target=\"_blank\">Conozca im\u00e1genes de la conferencia sobre el Mes del Patrimonio<\/a><\/p>\n<p>&nbsp;<\/p>\n<p><a href=\"http:\/\/desarrollo.ucaldas.edu.co\/archivo\/index.php?option=com_content&amp;view=article&amp;catid=419%3Auniversidad-al-dia&amp;id=7759%3Aconferencias-del-mes-del-patrimonio&amp;Itemid=1039\" target=\"_blank\">Conozca aqu\u00ed m\u00e1s detalles del evento<\/a><\/p>\n<p>&nbsp;<\/p>\n<p><b>Informes: <\/b>Centro de Museos, tel\u00e9fono 886 27 20, extensi\u00f3n 24 133.<\/p>\n","protected":false},"excerpt":{"rendered":"<p>Con encuentro sobre Paisaje Cultural Cafetero 24\/09\/2012 Redacci\u00f3n: Margarita Laverde Galvis &nbsp; Foto: Jos\u00e9 Omar L\u00f3pez Obando\/ Centro de Museos U. de Caldas. El Paisaje Cultural Cafetero, patrimonio de la humanidad, fue el tema de la primera conferencia sobre el Mes del Patrimonio, que se realiz\u00f3 en la Universidad de Caldas el pasado viernes 21 [&hellip;]<\/p>\n","protected":false},"author":2,"featured_media":0,"comment_status":"closed","ping_status":"closed","sticky":false,"template":"","format":"standard","meta":{"footnotes":""},"categories":[48,53],"tags":[],"class_list":["post-11689","post","type-post","status-publish","format-standard","hentry","category-actualidad","category-universidad-al-dia"],"yoast_head":"<!-- This site is optimized with the Yoast SEO plugin v27.5 - https:\/\/yoast.com\/product\/yoast-seo-wordpress\/ -->\n<title>Comenz\u00f3 en U. de Caldas celebraci\u00f3n del Mes del Patrimonio .<\/title>\n<meta name=\"robots\" content=\"index, follow, max-snippet:-1, max-image-preview:large, max-video-preview:-1\" \/>\n<link rel=\"canonical\" href=\"https:\/\/www.ucaldas.edu.co\/portal\/comenzo-en-u-de-caldas-celebracion-del-mes-del-patrimonio\/\" \/>\n<script type=\"application\/ld+json\" class=\"yoast-schema-graph\">{\"@context\":\"https:\\\/\\\/schema.org\",\"@graph\":[{\"@type\":\"Article\",\"@id\":\"https:\\\/\\\/www.ucaldas.edu.co\\\/portal\\\/comenzo-en-u-de-caldas-celebracion-del-mes-del-patrimonio\\\/#article\",\"isPartOf\":{\"@id\":\"https:\\\/\\\/www.ucaldas.edu.co\\\/portal\\\/comenzo-en-u-de-caldas-celebracion-del-mes-del-patrimonio\\\/\"},\"author\":{\"name\":\"ofiprensa\",\"@id\":\"https:\\\/\\\/www.ucaldas.edu.co\\\/portal\\\/#\\\/schema\\\/person\\\/a1b482e23449158b4bc319926c074fdf\"},\"headline\":\"Comenz\u00f3 en U. de Caldas celebraci\u00f3n del Mes del Patrimonio\",\"datePublished\":\"2012-09-24T14:32:59+00:00\",\"mainEntityOfPage\":{\"@id\":\"https:\\\/\\\/www.ucaldas.edu.co\\\/portal\\\/comenzo-en-u-de-caldas-celebracion-del-mes-del-patrimonio\\\/\"},\"wordCount\":223,\"publisher\":{\"@id\":\"https:\\\/\\\/www.ucaldas.edu.co\\\/portal\\\/#organization\"},\"image\":{\"@id\":\"https:\\\/\\\/www.ucaldas.edu.co\\\/portal\\\/comenzo-en-u-de-caldas-celebracion-del-mes-del-patrimonio\\\/#primaryimage\"},\"thumbnailUrl\":\"http:\\\/\\\/www.ucaldas.edu.co\\\/images\\\/tmp\\\/conferencia_patrimonio_pcc_2012.jpg\",\"articleSection\":[\"Actualidad\",\"Universidad al D\u00eda\"],\"inLanguage\":\"es\"},{\"@type\":\"WebPage\",\"@id\":\"https:\\\/\\\/www.ucaldas.edu.co\\\/portal\\\/comenzo-en-u-de-caldas-celebracion-del-mes-del-patrimonio\\\/\",\"url\":\"https:\\\/\\\/www.ucaldas.edu.co\\\/portal\\\/comenzo-en-u-de-caldas-celebracion-del-mes-del-patrimonio\\\/\",\"name\":\"Comenz\u00f3 en U. de Caldas celebraci\u00f3n del Mes del Patrimonio .\",\"isPartOf\":{\"@id\":\"https:\\\/\\\/www.ucaldas.edu.co\\\/portal\\\/#website\"},\"primaryImageOfPage\":{\"@id\":\"https:\\\/\\\/www.ucaldas.edu.co\\\/portal\\\/comenzo-en-u-de-caldas-celebracion-del-mes-del-patrimonio\\\/#primaryimage\"},\"image\":{\"@id\":\"https:\\\/\\\/www.ucaldas.edu.co\\\/portal\\\/comenzo-en-u-de-caldas-celebracion-del-mes-del-patrimonio\\\/#primaryimage\"},\"thumbnailUrl\":\"http:\\\/\\\/www.ucaldas.edu.co\\\/images\\\/tmp\\\/conferencia_patrimonio_pcc_2012.jpg\",\"datePublished\":\"2012-09-24T14:32:59+00:00\",\"breadcrumb\":{\"@id\":\"https:\\\/\\\/www.ucaldas.edu.co\\\/portal\\\/comenzo-en-u-de-caldas-celebracion-del-mes-del-patrimonio\\\/#breadcrumb\"},\"inLanguage\":\"es\",\"potentialAction\":[{\"@type\":\"ReadAction\",\"target\":[\"https:\\\/\\\/www.ucaldas.edu.co\\\/portal\\\/comenzo-en-u-de-caldas-celebracion-del-mes-del-patrimonio\\\/\"]}]},{\"@type\":\"ImageObject\",\"inLanguage\":\"es\",\"@id\":\"https:\\\/\\\/www.ucaldas.edu.co\\\/portal\\\/comenzo-en-u-de-caldas-celebracion-del-mes-del-patrimonio\\\/#primaryimage\",\"url\":\"http:\\\/\\\/www.ucaldas.edu.co\\\/images\\\/tmp\\\/conferencia_patrimonio_pcc_2012.jpg\",\"contentUrl\":\"http:\\\/\\\/www.ucaldas.edu.co\\\/images\\\/tmp\\\/conferencia_patrimonio_pcc_2012.jpg\"},{\"@type\":\"BreadcrumbList\",\"@id\":\"https:\\\/\\\/www.ucaldas.edu.co\\\/portal\\\/comenzo-en-u-de-caldas-celebracion-del-mes-del-patrimonio\\\/#breadcrumb\",\"itemListElement\":[{\"@type\":\"ListItem\",\"position\":1,\"name\":\"Portada\",\"item\":\"https:\\\/\\\/www.ucaldas.edu.co\\\/portal\\\/\"},{\"@type\":\"ListItem\",\"position\":2,\"name\":\"Comenz\u00f3 en U. de Caldas celebraci\u00f3n del Mes del Patrimonio\"}]},{\"@type\":\"WebSite\",\"@id\":\"https:\\\/\\\/www.ucaldas.edu.co\\\/portal\\\/#website\",\"url\":\"https:\\\/\\\/www.ucaldas.edu.co\\\/portal\\\/\",\"name\":\"Universidad de Caldas\",\"description\":\"\",\"publisher\":{\"@id\":\"https:\\\/\\\/www.ucaldas.edu.co\\\/portal\\\/#organization\"},\"alternateName\":\"U. de Caldas\",\"potentialAction\":[{\"@type\":\"SearchAction\",\"target\":{\"@type\":\"EntryPoint\",\"urlTemplate\":\"https:\\\/\\\/www.ucaldas.edu.co\\\/portal\\\/?s={search_term_string}\"},\"query-input\":{\"@type\":\"PropertyValueSpecification\",\"valueRequired\":true,\"valueName\":\"search_term_string\"}}],\"inLanguage\":\"es\"},{\"@type\":\"Organization\",\"@id\":\"https:\\\/\\\/www.ucaldas.edu.co\\\/portal\\\/#organization\",\"name\":\"Universidad de Caldas\",\"alternateName\":\"U. de Caldas\",\"url\":\"https:\\\/\\\/www.ucaldas.edu.co\\\/portal\\\/\",\"logo\":{\"@type\":\"ImageObject\",\"inLanguage\":\"es\",\"@id\":\"https:\\\/\\\/www.ucaldas.edu.co\\\/portal\\\/#\\\/schema\\\/logo\\\/image\\\/\",\"url\":\"https:\\\/\\\/www.ucaldas.edu.co\\\/portal\\\/wp-content\\\/uploads\\\/2023\\\/11\\\/Logo_horizontal_oscuroU-2023.png\",\"contentUrl\":\"https:\\\/\\\/www.ucaldas.edu.co\\\/portal\\\/wp-content\\\/uploads\\\/2023\\\/11\\\/Logo_horizontal_oscuroU-2023.png\",\"width\":263,\"height\":101,\"caption\":\"Universidad de Caldas\"},\"image\":{\"@id\":\"https:\\\/\\\/www.ucaldas.edu.co\\\/portal\\\/#\\\/schema\\\/logo\\\/image\\\/\"},\"sameAs\":[\"https:\\\/\\\/www.facebook.com\\\/udecaldas\",\"https:\\\/\\\/x.com\\\/udecaldas\",\"https:\\\/\\\/www.youtube.com\\\/universidadcaldas\",\"https:\\\/\\\/www.instagram.com\\\/udecaldas\\\/\"]},{\"@type\":\"Person\",\"@id\":\"https:\\\/\\\/www.ucaldas.edu.co\\\/portal\\\/#\\\/schema\\\/person\\\/a1b482e23449158b4bc319926c074fdf\",\"name\":\"ofiprensa\",\"image\":{\"@type\":\"ImageObject\",\"inLanguage\":\"es\",\"@id\":\"https:\\\/\\\/www.ucaldas.edu.co\\\/portal\\\/wp-content\\\/litespeed\\\/avatar\\\/09ea5085e600095a7a811142c6944527.jpg?ver=1777497608\",\"url\":\"https:\\\/\\\/www.ucaldas.edu.co\\\/portal\\\/wp-content\\\/litespeed\\\/avatar\\\/09ea5085e600095a7a811142c6944527.jpg?ver=1777497608\",\"contentUrl\":\"https:\\\/\\\/www.ucaldas.edu.co\\\/portal\\\/wp-content\\\/litespeed\\\/avatar\\\/09ea5085e600095a7a811142c6944527.jpg?ver=1777497608\",\"caption\":\"ofiprensa\"},\"url\":\"https:\\\/\\\/www.ucaldas.edu.co\\\/portal\\\/author\\\/ofiprensa\\\/\"}]}<\/script>\n<!-- \/ Yoast SEO plugin. -->","yoast_head_json":{"title":"Comenz\u00f3 en U. de Caldas celebraci\u00f3n del Mes del Patrimonio .","robots":{"index":"index","follow":"follow","max-snippet":"max-snippet:-1","max-image-preview":"max-image-preview:large","max-video-preview":"max-video-preview:-1"},"canonical":"https:\/\/www.ucaldas.edu.co\/portal\/comenzo-en-u-de-caldas-celebracion-del-mes-del-patrimonio\/","schema":{"@context":"https:\/\/schema.org","@graph":[{"@type":"Article","@id":"https:\/\/www.ucaldas.edu.co\/portal\/comenzo-en-u-de-caldas-celebracion-del-mes-del-patrimonio\/#article","isPartOf":{"@id":"https:\/\/www.ucaldas.edu.co\/portal\/comenzo-en-u-de-caldas-celebracion-del-mes-del-patrimonio\/"},"author":{"name":"ofiprensa","@id":"https:\/\/www.ucaldas.edu.co\/portal\/#\/schema\/person\/a1b482e23449158b4bc319926c074fdf"},"headline":"Comenz\u00f3 en U. de Caldas celebraci\u00f3n del Mes del Patrimonio","datePublished":"2012-09-24T14:32:59+00:00","mainEntityOfPage":{"@id":"https:\/\/www.ucaldas.edu.co\/portal\/comenzo-en-u-de-caldas-celebracion-del-mes-del-patrimonio\/"},"wordCount":223,"publisher":{"@id":"https:\/\/www.ucaldas.edu.co\/portal\/#organization"},"image":{"@id":"https:\/\/www.ucaldas.edu.co\/portal\/comenzo-en-u-de-caldas-celebracion-del-mes-del-patrimonio\/#primaryimage"},"thumbnailUrl":"http:\/\/www.ucaldas.edu.co\/images\/tmp\/conferencia_patrimonio_pcc_2012.jpg","articleSection":["Actualidad","Universidad al D\u00eda"],"inLanguage":"es"},{"@type":"WebPage","@id":"https:\/\/www.ucaldas.edu.co\/portal\/comenzo-en-u-de-caldas-celebracion-del-mes-del-patrimonio\/","url":"https:\/\/www.ucaldas.edu.co\/portal\/comenzo-en-u-de-caldas-celebracion-del-mes-del-patrimonio\/","name":"Comenz\u00f3 en U. de Caldas celebraci\u00f3n del Mes del Patrimonio .","isPartOf":{"@id":"https:\/\/www.ucaldas.edu.co\/portal\/#website"},"primaryImageOfPage":{"@id":"https:\/\/www.ucaldas.edu.co\/portal\/comenzo-en-u-de-caldas-celebracion-del-mes-del-patrimonio\/#primaryimage"},"image":{"@id":"https:\/\/www.ucaldas.edu.co\/portal\/comenzo-en-u-de-caldas-celebracion-del-mes-del-patrimonio\/#primaryimage"},"thumbnailUrl":"http:\/\/www.ucaldas.edu.co\/images\/tmp\/conferencia_patrimonio_pcc_2012.jpg","datePublished":"2012-09-24T14:32:59+00:00","breadcrumb":{"@id":"https:\/\/www.ucaldas.edu.co\/portal\/comenzo-en-u-de-caldas-celebracion-del-mes-del-patrimonio\/#breadcrumb"},"inLanguage":"es","potentialAction":[{"@type":"ReadAction","target":["https:\/\/www.ucaldas.edu.co\/portal\/comenzo-en-u-de-caldas-celebracion-del-mes-del-patrimonio\/"]}]},{"@type":"ImageObject","inLanguage":"es","@id":"https:\/\/www.ucaldas.edu.co\/portal\/comenzo-en-u-de-caldas-celebracion-del-mes-del-patrimonio\/#primaryimage","url":"http:\/\/www.ucaldas.edu.co\/images\/tmp\/conferencia_patrimonio_pcc_2012.jpg","contentUrl":"http:\/\/www.ucaldas.edu.co\/images\/tmp\/conferencia_patrimonio_pcc_2012.jpg"},{"@type":"BreadcrumbList","@id":"https:\/\/www.ucaldas.edu.co\/portal\/comenzo-en-u-de-caldas-celebracion-del-mes-del-patrimonio\/#breadcrumb","itemListElement":[{"@type":"ListItem","position":1,"name":"Portada","item":"https:\/\/www.ucaldas.edu.co\/portal\/"},{"@type":"ListItem","position":2,"name":"Comenz\u00f3 en U. de Caldas celebraci\u00f3n del Mes del Patrimonio"}]},{"@type":"WebSite","@id":"https:\/\/www.ucaldas.edu.co\/portal\/#website","url":"https:\/\/www.ucaldas.edu.co\/portal\/","name":"Universidad de Caldas","description":"","publisher":{"@id":"https:\/\/www.ucaldas.edu.co\/portal\/#organization"},"alternateName":"U. de Caldas","potentialAction":[{"@type":"SearchAction","target":{"@type":"EntryPoint","urlTemplate":"https:\/\/www.ucaldas.edu.co\/portal\/?s={search_term_string}"},"query-input":{"@type":"PropertyValueSpecification","valueRequired":true,"valueName":"search_term_string"}}],"inLanguage":"es"},{"@type":"Organization","@id":"https:\/\/www.ucaldas.edu.co\/portal\/#organization","name":"Universidad de Caldas","alternateName":"U. de Caldas","url":"https:\/\/www.ucaldas.edu.co\/portal\/","logo":{"@type":"ImageObject","inLanguage":"es","@id":"https:\/\/www.ucaldas.edu.co\/portal\/#\/schema\/logo\/image\/","url":"https:\/\/www.ucaldas.edu.co\/portal\/wp-content\/uploads\/2023\/11\/Logo_horizontal_oscuroU-2023.png","contentUrl":"https:\/\/www.ucaldas.edu.co\/portal\/wp-content\/uploads\/2023\/11\/Logo_horizontal_oscuroU-2023.png","width":263,"height":101,"caption":"Universidad de Caldas"},"image":{"@id":"https:\/\/www.ucaldas.edu.co\/portal\/#\/schema\/logo\/image\/"},"sameAs":["https:\/\/www.facebook.com\/udecaldas","https:\/\/x.com\/udecaldas","https:\/\/www.youtube.com\/universidadcaldas","https:\/\/www.instagram.com\/udecaldas\/"]},{"@type":"Person","@id":"https:\/\/www.ucaldas.edu.co\/portal\/#\/schema\/person\/a1b482e23449158b4bc319926c074fdf","name":"ofiprensa","image":{"@type":"ImageObject","inLanguage":"es","@id":"https:\/\/www.ucaldas.edu.co\/portal\/wp-content\/litespeed\/avatar\/09ea5085e600095a7a811142c6944527.jpg?ver=1777497608","url":"https:\/\/www.ucaldas.edu.co\/portal\/wp-content\/litespeed\/avatar\/09ea5085e600095a7a811142c6944527.jpg?ver=1777497608","contentUrl":"https:\/\/www.ucaldas.edu.co\/portal\/wp-content\/litespeed\/avatar\/09ea5085e600095a7a811142c6944527.jpg?ver=1777497608","caption":"ofiprensa"},"url":"https:\/\/www.ucaldas.edu.co\/portal\/author\/ofiprensa\/"}]}},"_links":{"self":[{"href":"https:\/\/www.ucaldas.edu.co\/portal\/wp-json\/wp\/v2\/posts\/11689","targetHints":{"allow":["GET"]}}],"collection":[{"href":"https:\/\/www.ucaldas.edu.co\/portal\/wp-json\/wp\/v2\/posts"}],"about":[{"href":"https:\/\/www.ucaldas.edu.co\/portal\/wp-json\/wp\/v2\/types\/post"}],"author":[{"embeddable":true,"href":"https:\/\/www.ucaldas.edu.co\/portal\/wp-json\/wp\/v2\/users\/2"}],"replies":[{"embeddable":true,"href":"https:\/\/www.ucaldas.edu.co\/portal\/wp-json\/wp\/v2\/comments?post=11689"}],"version-history":[{"count":0,"href":"https:\/\/www.ucaldas.edu.co\/portal\/wp-json\/wp\/v2\/posts\/11689\/revisions"}],"wp:attachment":[{"href":"https:\/\/www.ucaldas.edu.co\/portal\/wp-json\/wp\/v2\/media?parent=11689"}],"wp:term":[{"taxonomy":"category","embeddable":true,"href":"https:\/\/www.ucaldas.edu.co\/portal\/wp-json\/wp\/v2\/categories?post=11689"},{"taxonomy":"post_tag","embeddable":true,"href":"https:\/\/www.ucaldas.edu.co\/portal\/wp-json\/wp\/v2\/tags?post=11689"}],"curies":[{"name":"wp","href":"https:\/\/api.w.org\/{rel}","templated":true}]}}