{"id":11685,"date":"2012-09-24T09:31:06","date_gmt":"2012-09-24T14:31:06","guid":{"rendered":"https:\/\/www.ucaldas.edu.co\/portal\/?p=11685"},"modified":"2012-09-24T09:31:06","modified_gmt":"2012-09-24T14:31:06","slug":"desde-hoy-u-de-caldas-es-sede-de-congreso-colombiano-de-filosofia","status":"publish","type":"post","link":"https:\/\/www.ucaldas.edu.co\/portal\/desde-hoy-u-de-caldas-es-sede-de-congreso-colombiano-de-filosofia\/","title":{"rendered":"Desde hoy U. de Caldas es sede de Congreso Colombiano de Filosof\u00eda"},"content":{"rendered":"<p align=\"center\">Acto inaugural a las 5:00 p.m. en Teatro 8 de Junio, en Campus Central de la Instituci\u00f3n<\/p>\n<p align=\"center\"><span style=\"text-decoration: underline\">\u00a0<\/span><\/p>\n<p align=\"right\">24\/09\/2012<\/p>\n<hr \/>\n<p align=\"right\">Redacci\u00f3n: Margarita Laverde Galvis<\/p>\n<p><b>\u00a0<\/b><\/p>\n<table border=\"0\">\n<tbody>\n<tr>\n<td><img loading=\"lazy\" decoding=\"async\" style=\"border: 0px\" title=\"Congreso\" alt=\"Congreso\" src=\"http:\/\/www.ucaldas.edu.co\/images\/tmp\/congreso_colombiano_filosofia_2012.jpg\" width=\"240\" height=\"150\" border=\"0\" \/><\/td>\n<td>La <b>Universidad de Caldas <\/b>es la <b>sede<\/b> del <b>IV Congreso Colombiano de Filosof\u00eda<\/b>, que <b>convoca<\/b> la <b>Sociedad Colombiana de Filosof\u00eda<\/b> (SCF) y el <b>Departamento de Filosof\u00eda<\/b>\u00a0 de la Instituci\u00f3n. El evento se llevar\u00e1\u00a0 a cabo <b>desde este lunes 24 de septiembre hasta el viernes 28 de septiembre<\/b> del 2012, en la U. de Caldas.<\/td>\n<\/tr>\n<\/tbody>\n<\/table>\n<p>&nbsp;<\/p>\n<p>&nbsp;<\/p>\n<p>El <b>acto de apertura ser\u00e1 hoy<\/b>, lunes 24 de septiembre, <b>a las 5:00 p.m. <\/b>en el <b>Teatro 8 de Junio, Campus Central<\/b> de la U. de Caldas.<\/p>\n<p>&nbsp;<\/p>\n<p>En esta versi\u00f3n se desarrollar\u00e1n <b>20 simposios, 16 mesas tem\u00e1ticas, conferencias, plenarias<\/b>, <b>presentaci\u00f3n de libros<\/b>, entre otros. Adem\u00e1s, durante el evento <b>tambi\u00e9n se realizar\u00e1<\/b> la<\/p>\n<p><b>Asamblea General de los Miembros de la Sociedad Colombiana de Filosof\u00eda<\/b>, <b>el viernes 28<\/b> de <b>septiembre<\/b>, <b>a las 5:00 p.m.<\/b> en la <b>Sala Carlos N\u00e1der N\u00e1der<\/b>, Campus Central de la Instituci\u00f3n.<\/p>\n<p><a href=\"http:\/\/desarrollo.ucaldas.edu.co\/archivo\/index.php?option=com_content&amp;view=article&amp;catid=419%3Auniversidad-al-dia&amp;id=7750%3Aiv-congreso-colombiano-de-filosofia&amp;Itemid=1039\" target=\"_blank\"><br \/>\nConozca aqu\u00ed m\u00e1s detalles del evento<\/a><br \/>\n<b>Informes:<\/b> Departamento de Filosof\u00eda, tel\u00e9fono 886 27 20 extensi\u00f3n 21 151.<\/p>\n<p>&nbsp;<\/p>\n","protected":false},"excerpt":{"rendered":"<p>Acto inaugural a las 5:00 p.m. en Teatro 8 de Junio, en Campus Central de la Instituci\u00f3n \u00a0 24\/09\/2012 Redacci\u00f3n: Margarita Laverde Galvis \u00a0 La Universidad de Caldas es la sede del IV Congreso Colombiano de Filosof\u00eda, que convoca la Sociedad Colombiana de Filosof\u00eda (SCF) y el Departamento de Filosof\u00eda\u00a0 de la Instituci\u00f3n. El evento [&hellip;]<\/p>\n","protected":false},"author":2,"featured_media":0,"comment_status":"closed","ping_status":"closed","sticky":false,"template":"","format":"standard","meta":{"footnotes":""},"categories":[48,53],"tags":[],"class_list":["post-11685","post","type-post","status-publish","format-standard","hentry","category-actualidad","category-universidad-al-dia"],"yoast_head":"<!-- This site is optimized with the Yoast SEO plugin v27.5 - https:\/\/yoast.com\/product\/yoast-seo-wordpress\/ -->\n<title>Desde hoy U. de Caldas es sede de Congreso Colombiano de Filosof\u00eda .<\/title>\n<meta name=\"robots\" content=\"index, follow, max-snippet:-1, max-image-preview:large, max-video-preview:-1\" \/>\n<link rel=\"canonical\" href=\"https:\/\/www.ucaldas.edu.co\/portal\/desde-hoy-u-de-caldas-es-sede-de-congreso-colombiano-de-filosofia\/\" \/>\n<script type=\"application\/ld+json\" class=\"yoast-schema-graph\">{\"@context\":\"https:\\\/\\\/schema.org\",\"@graph\":[{\"@type\":\"Article\",\"@id\":\"https:\\\/\\\/www.ucaldas.edu.co\\\/portal\\\/desde-hoy-u-de-caldas-es-sede-de-congreso-colombiano-de-filosofia\\\/#article\",\"isPartOf\":{\"@id\":\"https:\\\/\\\/www.ucaldas.edu.co\\\/portal\\\/desde-hoy-u-de-caldas-es-sede-de-congreso-colombiano-de-filosofia\\\/\"},\"author\":{\"name\":\"ofiprensa\",\"@id\":\"https:\\\/\\\/www.ucaldas.edu.co\\\/portal\\\/#\\\/schema\\\/person\\\/a1b482e23449158b4bc319926c074fdf\"},\"headline\":\"Desde hoy U. de Caldas es sede de Congreso Colombiano de Filosof\u00eda\",\"datePublished\":\"2012-09-24T14:31:06+00:00\",\"mainEntityOfPage\":{\"@id\":\"https:\\\/\\\/www.ucaldas.edu.co\\\/portal\\\/desde-hoy-u-de-caldas-es-sede-de-congreso-colombiano-de-filosofia\\\/\"},\"wordCount\":198,\"publisher\":{\"@id\":\"https:\\\/\\\/www.ucaldas.edu.co\\\/portal\\\/#organization\"},\"image\":{\"@id\":\"https:\\\/\\\/www.ucaldas.edu.co\\\/portal\\\/desde-hoy-u-de-caldas-es-sede-de-congreso-colombiano-de-filosofia\\\/#primaryimage\"},\"thumbnailUrl\":\"http:\\\/\\\/www.ucaldas.edu.co\\\/images\\\/tmp\\\/congreso_colombiano_filosofia_2012.jpg\",\"articleSection\":[\"Actualidad\",\"Universidad al D\u00eda\"],\"inLanguage\":\"es\"},{\"@type\":\"WebPage\",\"@id\":\"https:\\\/\\\/www.ucaldas.edu.co\\\/portal\\\/desde-hoy-u-de-caldas-es-sede-de-congreso-colombiano-de-filosofia\\\/\",\"url\":\"https:\\\/\\\/www.ucaldas.edu.co\\\/portal\\\/desde-hoy-u-de-caldas-es-sede-de-congreso-colombiano-de-filosofia\\\/\",\"name\":\"Desde hoy U. de Caldas es sede de Congreso Colombiano de Filosof\u00eda .\",\"isPartOf\":{\"@id\":\"https:\\\/\\\/www.ucaldas.edu.co\\\/portal\\\/#website\"},\"primaryImageOfPage\":{\"@id\":\"https:\\\/\\\/www.ucaldas.edu.co\\\/portal\\\/desde-hoy-u-de-caldas-es-sede-de-congreso-colombiano-de-filosofia\\\/#primaryimage\"},\"image\":{\"@id\":\"https:\\\/\\\/www.ucaldas.edu.co\\\/portal\\\/desde-hoy-u-de-caldas-es-sede-de-congreso-colombiano-de-filosofia\\\/#primaryimage\"},\"thumbnailUrl\":\"http:\\\/\\\/www.ucaldas.edu.co\\\/images\\\/tmp\\\/congreso_colombiano_filosofia_2012.jpg\",\"datePublished\":\"2012-09-24T14:31:06+00:00\",\"breadcrumb\":{\"@id\":\"https:\\\/\\\/www.ucaldas.edu.co\\\/portal\\\/desde-hoy-u-de-caldas-es-sede-de-congreso-colombiano-de-filosofia\\\/#breadcrumb\"},\"inLanguage\":\"es\",\"potentialAction\":[{\"@type\":\"ReadAction\",\"target\":[\"https:\\\/\\\/www.ucaldas.edu.co\\\/portal\\\/desde-hoy-u-de-caldas-es-sede-de-congreso-colombiano-de-filosofia\\\/\"]}]},{\"@type\":\"ImageObject\",\"inLanguage\":\"es\",\"@id\":\"https:\\\/\\\/www.ucaldas.edu.co\\\/portal\\\/desde-hoy-u-de-caldas-es-sede-de-congreso-colombiano-de-filosofia\\\/#primaryimage\",\"url\":\"http:\\\/\\\/www.ucaldas.edu.co\\\/images\\\/tmp\\\/congreso_colombiano_filosofia_2012.jpg\",\"contentUrl\":\"http:\\\/\\\/www.ucaldas.edu.co\\\/images\\\/tmp\\\/congreso_colombiano_filosofia_2012.jpg\"},{\"@type\":\"BreadcrumbList\",\"@id\":\"https:\\\/\\\/www.ucaldas.edu.co\\\/portal\\\/desde-hoy-u-de-caldas-es-sede-de-congreso-colombiano-de-filosofia\\\/#breadcrumb\",\"itemListElement\":[{\"@type\":\"ListItem\",\"position\":1,\"name\":\"Portada\",\"item\":\"https:\\\/\\\/www.ucaldas.edu.co\\\/portal\\\/\"},{\"@type\":\"ListItem\",\"position\":2,\"name\":\"Desde hoy U. de Caldas es sede de Congreso Colombiano de Filosof\u00eda\"}]},{\"@type\":\"WebSite\",\"@id\":\"https:\\\/\\\/www.ucaldas.edu.co\\\/portal\\\/#website\",\"url\":\"https:\\\/\\\/www.ucaldas.edu.co\\\/portal\\\/\",\"name\":\"Universidad de Caldas\",\"description\":\"\",\"publisher\":{\"@id\":\"https:\\\/\\\/www.ucaldas.edu.co\\\/portal\\\/#organization\"},\"alternateName\":\"U. de Caldas\",\"potentialAction\":[{\"@type\":\"SearchAction\",\"target\":{\"@type\":\"EntryPoint\",\"urlTemplate\":\"https:\\\/\\\/www.ucaldas.edu.co\\\/portal\\\/?s={search_term_string}\"},\"query-input\":{\"@type\":\"PropertyValueSpecification\",\"valueRequired\":true,\"valueName\":\"search_term_string\"}}],\"inLanguage\":\"es\"},{\"@type\":\"Organization\",\"@id\":\"https:\\\/\\\/www.ucaldas.edu.co\\\/portal\\\/#organization\",\"name\":\"Universidad de Caldas\",\"alternateName\":\"U. de Caldas\",\"url\":\"https:\\\/\\\/www.ucaldas.edu.co\\\/portal\\\/\",\"logo\":{\"@type\":\"ImageObject\",\"inLanguage\":\"es\",\"@id\":\"https:\\\/\\\/www.ucaldas.edu.co\\\/portal\\\/#\\\/schema\\\/logo\\\/image\\\/\",\"url\":\"https:\\\/\\\/www.ucaldas.edu.co\\\/portal\\\/wp-content\\\/uploads\\\/2023\\\/11\\\/Logo_horizontal_oscuroU-2023.png\",\"contentUrl\":\"https:\\\/\\\/www.ucaldas.edu.co\\\/portal\\\/wp-content\\\/uploads\\\/2023\\\/11\\\/Logo_horizontal_oscuroU-2023.png\",\"width\":263,\"height\":101,\"caption\":\"Universidad de Caldas\"},\"image\":{\"@id\":\"https:\\\/\\\/www.ucaldas.edu.co\\\/portal\\\/#\\\/schema\\\/logo\\\/image\\\/\"},\"sameAs\":[\"https:\\\/\\\/www.facebook.com\\\/udecaldas\",\"https:\\\/\\\/x.com\\\/udecaldas\",\"https:\\\/\\\/www.youtube.com\\\/universidadcaldas\",\"https:\\\/\\\/www.instagram.com\\\/udecaldas\\\/\"]},{\"@type\":\"Person\",\"@id\":\"https:\\\/\\\/www.ucaldas.edu.co\\\/portal\\\/#\\\/schema\\\/person\\\/a1b482e23449158b4bc319926c074fdf\",\"name\":\"ofiprensa\",\"image\":{\"@type\":\"ImageObject\",\"inLanguage\":\"es\",\"@id\":\"https:\\\/\\\/www.ucaldas.edu.co\\\/portal\\\/wp-content\\\/litespeed\\\/avatar\\\/09ea5085e600095a7a811142c6944527.jpg?ver=1777497608\",\"url\":\"https:\\\/\\\/www.ucaldas.edu.co\\\/portal\\\/wp-content\\\/litespeed\\\/avatar\\\/09ea5085e600095a7a811142c6944527.jpg?ver=1777497608\",\"contentUrl\":\"https:\\\/\\\/www.ucaldas.edu.co\\\/portal\\\/wp-content\\\/litespeed\\\/avatar\\\/09ea5085e600095a7a811142c6944527.jpg?ver=1777497608\",\"caption\":\"ofiprensa\"},\"url\":\"https:\\\/\\\/www.ucaldas.edu.co\\\/portal\\\/author\\\/ofiprensa\\\/\"}]}<\/script>\n<!-- \/ Yoast SEO plugin. -->","yoast_head_json":{"title":"Desde hoy U. de Caldas es sede de Congreso Colombiano de Filosof\u00eda .","robots":{"index":"index","follow":"follow","max-snippet":"max-snippet:-1","max-image-preview":"max-image-preview:large","max-video-preview":"max-video-preview:-1"},"canonical":"https:\/\/www.ucaldas.edu.co\/portal\/desde-hoy-u-de-caldas-es-sede-de-congreso-colombiano-de-filosofia\/","schema":{"@context":"https:\/\/schema.org","@graph":[{"@type":"Article","@id":"https:\/\/www.ucaldas.edu.co\/portal\/desde-hoy-u-de-caldas-es-sede-de-congreso-colombiano-de-filosofia\/#article","isPartOf":{"@id":"https:\/\/www.ucaldas.edu.co\/portal\/desde-hoy-u-de-caldas-es-sede-de-congreso-colombiano-de-filosofia\/"},"author":{"name":"ofiprensa","@id":"https:\/\/www.ucaldas.edu.co\/portal\/#\/schema\/person\/a1b482e23449158b4bc319926c074fdf"},"headline":"Desde hoy U. de Caldas es sede de Congreso Colombiano de Filosof\u00eda","datePublished":"2012-09-24T14:31:06+00:00","mainEntityOfPage":{"@id":"https:\/\/www.ucaldas.edu.co\/portal\/desde-hoy-u-de-caldas-es-sede-de-congreso-colombiano-de-filosofia\/"},"wordCount":198,"publisher":{"@id":"https:\/\/www.ucaldas.edu.co\/portal\/#organization"},"image":{"@id":"https:\/\/www.ucaldas.edu.co\/portal\/desde-hoy-u-de-caldas-es-sede-de-congreso-colombiano-de-filosofia\/#primaryimage"},"thumbnailUrl":"http:\/\/www.ucaldas.edu.co\/images\/tmp\/congreso_colombiano_filosofia_2012.jpg","articleSection":["Actualidad","Universidad al D\u00eda"],"inLanguage":"es"},{"@type":"WebPage","@id":"https:\/\/www.ucaldas.edu.co\/portal\/desde-hoy-u-de-caldas-es-sede-de-congreso-colombiano-de-filosofia\/","url":"https:\/\/www.ucaldas.edu.co\/portal\/desde-hoy-u-de-caldas-es-sede-de-congreso-colombiano-de-filosofia\/","name":"Desde hoy U. de Caldas es sede de Congreso Colombiano de Filosof\u00eda .","isPartOf":{"@id":"https:\/\/www.ucaldas.edu.co\/portal\/#website"},"primaryImageOfPage":{"@id":"https:\/\/www.ucaldas.edu.co\/portal\/desde-hoy-u-de-caldas-es-sede-de-congreso-colombiano-de-filosofia\/#primaryimage"},"image":{"@id":"https:\/\/www.ucaldas.edu.co\/portal\/desde-hoy-u-de-caldas-es-sede-de-congreso-colombiano-de-filosofia\/#primaryimage"},"thumbnailUrl":"http:\/\/www.ucaldas.edu.co\/images\/tmp\/congreso_colombiano_filosofia_2012.jpg","datePublished":"2012-09-24T14:31:06+00:00","breadcrumb":{"@id":"https:\/\/www.ucaldas.edu.co\/portal\/desde-hoy-u-de-caldas-es-sede-de-congreso-colombiano-de-filosofia\/#breadcrumb"},"inLanguage":"es","potentialAction":[{"@type":"ReadAction","target":["https:\/\/www.ucaldas.edu.co\/portal\/desde-hoy-u-de-caldas-es-sede-de-congreso-colombiano-de-filosofia\/"]}]},{"@type":"ImageObject","inLanguage":"es","@id":"https:\/\/www.ucaldas.edu.co\/portal\/desde-hoy-u-de-caldas-es-sede-de-congreso-colombiano-de-filosofia\/#primaryimage","url":"http:\/\/www.ucaldas.edu.co\/images\/tmp\/congreso_colombiano_filosofia_2012.jpg","contentUrl":"http:\/\/www.ucaldas.edu.co\/images\/tmp\/congreso_colombiano_filosofia_2012.jpg"},{"@type":"BreadcrumbList","@id":"https:\/\/www.ucaldas.edu.co\/portal\/desde-hoy-u-de-caldas-es-sede-de-congreso-colombiano-de-filosofia\/#breadcrumb","itemListElement":[{"@type":"ListItem","position":1,"name":"Portada","item":"https:\/\/www.ucaldas.edu.co\/portal\/"},{"@type":"ListItem","position":2,"name":"Desde hoy U. de Caldas es sede de Congreso Colombiano de Filosof\u00eda"}]},{"@type":"WebSite","@id":"https:\/\/www.ucaldas.edu.co\/portal\/#website","url":"https:\/\/www.ucaldas.edu.co\/portal\/","name":"Universidad de Caldas","description":"","publisher":{"@id":"https:\/\/www.ucaldas.edu.co\/portal\/#organization"},"alternateName":"U. de Caldas","potentialAction":[{"@type":"SearchAction","target":{"@type":"EntryPoint","urlTemplate":"https:\/\/www.ucaldas.edu.co\/portal\/?s={search_term_string}"},"query-input":{"@type":"PropertyValueSpecification","valueRequired":true,"valueName":"search_term_string"}}],"inLanguage":"es"},{"@type":"Organization","@id":"https:\/\/www.ucaldas.edu.co\/portal\/#organization","name":"Universidad de Caldas","alternateName":"U. de Caldas","url":"https:\/\/www.ucaldas.edu.co\/portal\/","logo":{"@type":"ImageObject","inLanguage":"es","@id":"https:\/\/www.ucaldas.edu.co\/portal\/#\/schema\/logo\/image\/","url":"https:\/\/www.ucaldas.edu.co\/portal\/wp-content\/uploads\/2023\/11\/Logo_horizontal_oscuroU-2023.png","contentUrl":"https:\/\/www.ucaldas.edu.co\/portal\/wp-content\/uploads\/2023\/11\/Logo_horizontal_oscuroU-2023.png","width":263,"height":101,"caption":"Universidad de Caldas"},"image":{"@id":"https:\/\/www.ucaldas.edu.co\/portal\/#\/schema\/logo\/image\/"},"sameAs":["https:\/\/www.facebook.com\/udecaldas","https:\/\/x.com\/udecaldas","https:\/\/www.youtube.com\/universidadcaldas","https:\/\/www.instagram.com\/udecaldas\/"]},{"@type":"Person","@id":"https:\/\/www.ucaldas.edu.co\/portal\/#\/schema\/person\/a1b482e23449158b4bc319926c074fdf","name":"ofiprensa","image":{"@type":"ImageObject","inLanguage":"es","@id":"https:\/\/www.ucaldas.edu.co\/portal\/wp-content\/litespeed\/avatar\/09ea5085e600095a7a811142c6944527.jpg?ver=1777497608","url":"https:\/\/www.ucaldas.edu.co\/portal\/wp-content\/litespeed\/avatar\/09ea5085e600095a7a811142c6944527.jpg?ver=1777497608","contentUrl":"https:\/\/www.ucaldas.edu.co\/portal\/wp-content\/litespeed\/avatar\/09ea5085e600095a7a811142c6944527.jpg?ver=1777497608","caption":"ofiprensa"},"url":"https:\/\/www.ucaldas.edu.co\/portal\/author\/ofiprensa\/"}]}},"_links":{"self":[{"href":"https:\/\/www.ucaldas.edu.co\/portal\/wp-json\/wp\/v2\/posts\/11685","targetHints":{"allow":["GET"]}}],"collection":[{"href":"https:\/\/www.ucaldas.edu.co\/portal\/wp-json\/wp\/v2\/posts"}],"about":[{"href":"https:\/\/www.ucaldas.edu.co\/portal\/wp-json\/wp\/v2\/types\/post"}],"author":[{"embeddable":true,"href":"https:\/\/www.ucaldas.edu.co\/portal\/wp-json\/wp\/v2\/users\/2"}],"replies":[{"embeddable":true,"href":"https:\/\/www.ucaldas.edu.co\/portal\/wp-json\/wp\/v2\/comments?post=11685"}],"version-history":[{"count":0,"href":"https:\/\/www.ucaldas.edu.co\/portal\/wp-json\/wp\/v2\/posts\/11685\/revisions"}],"wp:attachment":[{"href":"https:\/\/www.ucaldas.edu.co\/portal\/wp-json\/wp\/v2\/media?parent=11685"}],"wp:term":[{"taxonomy":"category","embeddable":true,"href":"https:\/\/www.ucaldas.edu.co\/portal\/wp-json\/wp\/v2\/categories?post=11685"},{"taxonomy":"post_tag","embeddable":true,"href":"https:\/\/www.ucaldas.edu.co\/portal\/wp-json\/wp\/v2\/tags?post=11685"}],"curies":[{"name":"wp","href":"https:\/\/api.w.org\/{rel}","templated":true}]}}