{"id":11683,"date":"2012-09-21T09:30:21","date_gmt":"2012-09-21T14:30:21","guid":{"rendered":"https:\/\/www.ucaldas.edu.co\/portal\/?p=11683"},"modified":"2012-09-21T09:30:21","modified_gmt":"2012-09-21T14:30:21","slug":"conozca-cumplimiento-de-requisitos-de-convocatoria-para-asistente-juridico","status":"publish","type":"post","link":"https:\/\/www.ucaldas.edu.co\/portal\/conozca-cumplimiento-de-requisitos-de-convocatoria-para-asistente-juridico\/","title":{"rendered":"Conozca cumplimiento de requisitos  de convocatoria para asistente jur\u00eddico"},"content":{"rendered":"<p align=\"center\">Aspirantes deber\u00e1n presentarse a prueba escrita, el lunes 24 de septiembre del 2012<\/p>\n<p align=\"right\">21\/09\/2012<\/p>\n<hr \/>\n<p align=\"right\">Redacci\u00f3n: Margarita Laverde Galvis<\/p>\n<table border=\"0\">\n<tbody>\n<tr>\n<td><img loading=\"lazy\" decoding=\"async\" style=\"border: 0px\" title=\"Convocatoria\" alt=\"Convocatoria\" src=\"http:\/\/www.ucaldas.edu.co\/images\/tmp\/convocatoria_asistente_juridico.jpg\" width=\"243\" height=\"160\" border=\"0\" \/><\/td>\n<td>\u00a0La\u00a0<b>Secretar\u00eda General<\/b>\u00a0de la\u00a0<b>Universidad de Caldas dio a conocer<\/b>\u00a0la\u00a0<b>publicaci\u00f3n<\/b>\u00a0de\u00a0<b>cumplimiento<\/b>\u00a0de\u00a0\u00a0<b>requisitos<\/b>\u00a0de la\u00a0<b>Convocatoria<\/b>\u00a0<b>para Asistente Jur\u00eddico<\/b>, en la Instituci\u00f3n.<\/td>\n<\/tr>\n<\/tbody>\n<\/table>\n<p>&nbsp;<\/p>\n<p><a href=\"http:\/\/desarrollo.ucaldas.edu.co\/archivo\/images\/tmp\/cumplimientorequisitoconvocatoriasecretariageneralucaldas2012.pdf\" target=\"_blank\">Conozca aqu\u00ed la publicaci\u00f3n de cumplimiento de\u00a0 requisitos de la Convocatoria para Asistente Jur\u00eddico U. de Caldas<\/a><\/p>\n<p>&nbsp;<\/p>\n<p>Los\u00a0<b>aspirantes deber\u00e1n presentarse<\/b>\u00a0a la\u00a0<b>prueba escrita<\/b>\u00a0que se llevara a cabo el\u00a0<b>lunes 24<\/b>\u00a0de\u00a0<b>septiembre<\/b>\u00a0del 2012,\u00a0\u00a0<b>a las 2:00 p.m.<\/b>\u00a0en la<b>Secretaria General<\/b>\u00a0de la\u00a0<b>U. de Caldas.<\/b><\/p>\n<p><b>\u00a0<\/b><\/p>\n<p><b>Informes:<\/b>\u00a0Secretar\u00eda General, tel\u00e9fono 878 15 00, extensi\u00f3n 11 104.<\/p>\n","protected":false},"excerpt":{"rendered":"<p>Aspirantes deber\u00e1n presentarse a prueba escrita, el lunes 24 de septiembre del 2012 21\/09\/2012 Redacci\u00f3n: Margarita Laverde Galvis \u00a0La\u00a0Secretar\u00eda General\u00a0de la\u00a0Universidad de Caldas dio a conocer\u00a0la\u00a0publicaci\u00f3n\u00a0de\u00a0cumplimiento\u00a0de\u00a0\u00a0requisitos\u00a0de la\u00a0Convocatoria\u00a0para Asistente Jur\u00eddico, en la Instituci\u00f3n. &nbsp; Conozca aqu\u00ed la publicaci\u00f3n de cumplimiento de\u00a0 requisitos de la Convocatoria para Asistente Jur\u00eddico U. de Caldas &nbsp; Los\u00a0aspirantes deber\u00e1n presentarse\u00a0a la\u00a0prueba [&hellip;]<\/p>\n","protected":false},"author":2,"featured_media":0,"comment_status":"closed","ping_status":"closed","sticky":false,"template":"","format":"standard","meta":{"footnotes":""},"categories":[48,53],"tags":[],"class_list":["post-11683","post","type-post","status-publish","format-standard","hentry","category-actualidad","category-universidad-al-dia"],"yoast_head":"<!-- This site is optimized with the Yoast SEO plugin v27.5 - https:\/\/yoast.com\/product\/yoast-seo-wordpress\/ -->\n<title>Conozca cumplimiento de requisitos de convocatoria para asistente jur\u00eddico .<\/title>\n<meta name=\"robots\" content=\"index, follow, max-snippet:-1, max-image-preview:large, max-video-preview:-1\" \/>\n<link rel=\"canonical\" href=\"https:\/\/www.ucaldas.edu.co\/portal\/conozca-cumplimiento-de-requisitos-de-convocatoria-para-asistente-juridico\/\" \/>\n<script type=\"application\/ld+json\" class=\"yoast-schema-graph\">{\"@context\":\"https:\\\/\\\/schema.org\",\"@graph\":[{\"@type\":\"Article\",\"@id\":\"https:\\\/\\\/www.ucaldas.edu.co\\\/portal\\\/conozca-cumplimiento-de-requisitos-de-convocatoria-para-asistente-juridico\\\/#article\",\"isPartOf\":{\"@id\":\"https:\\\/\\\/www.ucaldas.edu.co\\\/portal\\\/conozca-cumplimiento-de-requisitos-de-convocatoria-para-asistente-juridico\\\/\"},\"author\":{\"name\":\"ofiprensa\",\"@id\":\"https:\\\/\\\/www.ucaldas.edu.co\\\/portal\\\/#\\\/schema\\\/person\\\/a1b482e23449158b4bc319926c074fdf\"},\"headline\":\"Conozca cumplimiento de requisitos de convocatoria para asistente jur\u00eddico\",\"datePublished\":\"2012-09-21T14:30:21+00:00\",\"mainEntityOfPage\":{\"@id\":\"https:\\\/\\\/www.ucaldas.edu.co\\\/portal\\\/conozca-cumplimiento-de-requisitos-de-convocatoria-para-asistente-juridico\\\/\"},\"wordCount\":117,\"publisher\":{\"@id\":\"https:\\\/\\\/www.ucaldas.edu.co\\\/portal\\\/#organization\"},\"image\":{\"@id\":\"https:\\\/\\\/www.ucaldas.edu.co\\\/portal\\\/conozca-cumplimiento-de-requisitos-de-convocatoria-para-asistente-juridico\\\/#primaryimage\"},\"thumbnailUrl\":\"http:\\\/\\\/www.ucaldas.edu.co\\\/images\\\/tmp\\\/convocatoria_asistente_juridico.jpg\",\"articleSection\":[\"Actualidad\",\"Universidad al D\u00eda\"],\"inLanguage\":\"es\"},{\"@type\":\"WebPage\",\"@id\":\"https:\\\/\\\/www.ucaldas.edu.co\\\/portal\\\/conozca-cumplimiento-de-requisitos-de-convocatoria-para-asistente-juridico\\\/\",\"url\":\"https:\\\/\\\/www.ucaldas.edu.co\\\/portal\\\/conozca-cumplimiento-de-requisitos-de-convocatoria-para-asistente-juridico\\\/\",\"name\":\"Conozca cumplimiento de requisitos de convocatoria para asistente jur\u00eddico .\",\"isPartOf\":{\"@id\":\"https:\\\/\\\/www.ucaldas.edu.co\\\/portal\\\/#website\"},\"primaryImageOfPage\":{\"@id\":\"https:\\\/\\\/www.ucaldas.edu.co\\\/portal\\\/conozca-cumplimiento-de-requisitos-de-convocatoria-para-asistente-juridico\\\/#primaryimage\"},\"image\":{\"@id\":\"https:\\\/\\\/www.ucaldas.edu.co\\\/portal\\\/conozca-cumplimiento-de-requisitos-de-convocatoria-para-asistente-juridico\\\/#primaryimage\"},\"thumbnailUrl\":\"http:\\\/\\\/www.ucaldas.edu.co\\\/images\\\/tmp\\\/convocatoria_asistente_juridico.jpg\",\"datePublished\":\"2012-09-21T14:30:21+00:00\",\"breadcrumb\":{\"@id\":\"https:\\\/\\\/www.ucaldas.edu.co\\\/portal\\\/conozca-cumplimiento-de-requisitos-de-convocatoria-para-asistente-juridico\\\/#breadcrumb\"},\"inLanguage\":\"es\",\"potentialAction\":[{\"@type\":\"ReadAction\",\"target\":[\"https:\\\/\\\/www.ucaldas.edu.co\\\/portal\\\/conozca-cumplimiento-de-requisitos-de-convocatoria-para-asistente-juridico\\\/\"]}]},{\"@type\":\"ImageObject\",\"inLanguage\":\"es\",\"@id\":\"https:\\\/\\\/www.ucaldas.edu.co\\\/portal\\\/conozca-cumplimiento-de-requisitos-de-convocatoria-para-asistente-juridico\\\/#primaryimage\",\"url\":\"http:\\\/\\\/www.ucaldas.edu.co\\\/images\\\/tmp\\\/convocatoria_asistente_juridico.jpg\",\"contentUrl\":\"http:\\\/\\\/www.ucaldas.edu.co\\\/images\\\/tmp\\\/convocatoria_asistente_juridico.jpg\"},{\"@type\":\"BreadcrumbList\",\"@id\":\"https:\\\/\\\/www.ucaldas.edu.co\\\/portal\\\/conozca-cumplimiento-de-requisitos-de-convocatoria-para-asistente-juridico\\\/#breadcrumb\",\"itemListElement\":[{\"@type\":\"ListItem\",\"position\":1,\"name\":\"Portada\",\"item\":\"https:\\\/\\\/www.ucaldas.edu.co\\\/portal\\\/\"},{\"@type\":\"ListItem\",\"position\":2,\"name\":\"Conozca cumplimiento de requisitos de convocatoria para asistente jur\u00eddico\"}]},{\"@type\":\"WebSite\",\"@id\":\"https:\\\/\\\/www.ucaldas.edu.co\\\/portal\\\/#website\",\"url\":\"https:\\\/\\\/www.ucaldas.edu.co\\\/portal\\\/\",\"name\":\"Universidad de Caldas\",\"description\":\"\",\"publisher\":{\"@id\":\"https:\\\/\\\/www.ucaldas.edu.co\\\/portal\\\/#organization\"},\"alternateName\":\"U. de Caldas\",\"potentialAction\":[{\"@type\":\"SearchAction\",\"target\":{\"@type\":\"EntryPoint\",\"urlTemplate\":\"https:\\\/\\\/www.ucaldas.edu.co\\\/portal\\\/?s={search_term_string}\"},\"query-input\":{\"@type\":\"PropertyValueSpecification\",\"valueRequired\":true,\"valueName\":\"search_term_string\"}}],\"inLanguage\":\"es\"},{\"@type\":\"Organization\",\"@id\":\"https:\\\/\\\/www.ucaldas.edu.co\\\/portal\\\/#organization\",\"name\":\"Universidad de Caldas\",\"alternateName\":\"U. de Caldas\",\"url\":\"https:\\\/\\\/www.ucaldas.edu.co\\\/portal\\\/\",\"logo\":{\"@type\":\"ImageObject\",\"inLanguage\":\"es\",\"@id\":\"https:\\\/\\\/www.ucaldas.edu.co\\\/portal\\\/#\\\/schema\\\/logo\\\/image\\\/\",\"url\":\"https:\\\/\\\/www.ucaldas.edu.co\\\/portal\\\/wp-content\\\/uploads\\\/2023\\\/11\\\/Logo_horizontal_oscuroU-2023.png\",\"contentUrl\":\"https:\\\/\\\/www.ucaldas.edu.co\\\/portal\\\/wp-content\\\/uploads\\\/2023\\\/11\\\/Logo_horizontal_oscuroU-2023.png\",\"width\":263,\"height\":101,\"caption\":\"Universidad de Caldas\"},\"image\":{\"@id\":\"https:\\\/\\\/www.ucaldas.edu.co\\\/portal\\\/#\\\/schema\\\/logo\\\/image\\\/\"},\"sameAs\":[\"https:\\\/\\\/www.facebook.com\\\/udecaldas\",\"https:\\\/\\\/x.com\\\/udecaldas\",\"https:\\\/\\\/www.youtube.com\\\/universidadcaldas\",\"https:\\\/\\\/www.instagram.com\\\/udecaldas\\\/\"]},{\"@type\":\"Person\",\"@id\":\"https:\\\/\\\/www.ucaldas.edu.co\\\/portal\\\/#\\\/schema\\\/person\\\/a1b482e23449158b4bc319926c074fdf\",\"name\":\"ofiprensa\",\"image\":{\"@type\":\"ImageObject\",\"inLanguage\":\"es\",\"@id\":\"https:\\\/\\\/www.ucaldas.edu.co\\\/portal\\\/wp-content\\\/litespeed\\\/avatar\\\/09ea5085e600095a7a811142c6944527.jpg?ver=1777497608\",\"url\":\"https:\\\/\\\/www.ucaldas.edu.co\\\/portal\\\/wp-content\\\/litespeed\\\/avatar\\\/09ea5085e600095a7a811142c6944527.jpg?ver=1777497608\",\"contentUrl\":\"https:\\\/\\\/www.ucaldas.edu.co\\\/portal\\\/wp-content\\\/litespeed\\\/avatar\\\/09ea5085e600095a7a811142c6944527.jpg?ver=1777497608\",\"caption\":\"ofiprensa\"},\"url\":\"https:\\\/\\\/www.ucaldas.edu.co\\\/portal\\\/author\\\/ofiprensa\\\/\"}]}<\/script>\n<!-- \/ Yoast SEO plugin. -->","yoast_head_json":{"title":"Conozca cumplimiento de requisitos de convocatoria para asistente jur\u00eddico .","robots":{"index":"index","follow":"follow","max-snippet":"max-snippet:-1","max-image-preview":"max-image-preview:large","max-video-preview":"max-video-preview:-1"},"canonical":"https:\/\/www.ucaldas.edu.co\/portal\/conozca-cumplimiento-de-requisitos-de-convocatoria-para-asistente-juridico\/","schema":{"@context":"https:\/\/schema.org","@graph":[{"@type":"Article","@id":"https:\/\/www.ucaldas.edu.co\/portal\/conozca-cumplimiento-de-requisitos-de-convocatoria-para-asistente-juridico\/#article","isPartOf":{"@id":"https:\/\/www.ucaldas.edu.co\/portal\/conozca-cumplimiento-de-requisitos-de-convocatoria-para-asistente-juridico\/"},"author":{"name":"ofiprensa","@id":"https:\/\/www.ucaldas.edu.co\/portal\/#\/schema\/person\/a1b482e23449158b4bc319926c074fdf"},"headline":"Conozca cumplimiento de requisitos de convocatoria para asistente jur\u00eddico","datePublished":"2012-09-21T14:30:21+00:00","mainEntityOfPage":{"@id":"https:\/\/www.ucaldas.edu.co\/portal\/conozca-cumplimiento-de-requisitos-de-convocatoria-para-asistente-juridico\/"},"wordCount":117,"publisher":{"@id":"https:\/\/www.ucaldas.edu.co\/portal\/#organization"},"image":{"@id":"https:\/\/www.ucaldas.edu.co\/portal\/conozca-cumplimiento-de-requisitos-de-convocatoria-para-asistente-juridico\/#primaryimage"},"thumbnailUrl":"http:\/\/www.ucaldas.edu.co\/images\/tmp\/convocatoria_asistente_juridico.jpg","articleSection":["Actualidad","Universidad al D\u00eda"],"inLanguage":"es"},{"@type":"WebPage","@id":"https:\/\/www.ucaldas.edu.co\/portal\/conozca-cumplimiento-de-requisitos-de-convocatoria-para-asistente-juridico\/","url":"https:\/\/www.ucaldas.edu.co\/portal\/conozca-cumplimiento-de-requisitos-de-convocatoria-para-asistente-juridico\/","name":"Conozca cumplimiento de requisitos de convocatoria para asistente jur\u00eddico .","isPartOf":{"@id":"https:\/\/www.ucaldas.edu.co\/portal\/#website"},"primaryImageOfPage":{"@id":"https:\/\/www.ucaldas.edu.co\/portal\/conozca-cumplimiento-de-requisitos-de-convocatoria-para-asistente-juridico\/#primaryimage"},"image":{"@id":"https:\/\/www.ucaldas.edu.co\/portal\/conozca-cumplimiento-de-requisitos-de-convocatoria-para-asistente-juridico\/#primaryimage"},"thumbnailUrl":"http:\/\/www.ucaldas.edu.co\/images\/tmp\/convocatoria_asistente_juridico.jpg","datePublished":"2012-09-21T14:30:21+00:00","breadcrumb":{"@id":"https:\/\/www.ucaldas.edu.co\/portal\/conozca-cumplimiento-de-requisitos-de-convocatoria-para-asistente-juridico\/#breadcrumb"},"inLanguage":"es","potentialAction":[{"@type":"ReadAction","target":["https:\/\/www.ucaldas.edu.co\/portal\/conozca-cumplimiento-de-requisitos-de-convocatoria-para-asistente-juridico\/"]}]},{"@type":"ImageObject","inLanguage":"es","@id":"https:\/\/www.ucaldas.edu.co\/portal\/conozca-cumplimiento-de-requisitos-de-convocatoria-para-asistente-juridico\/#primaryimage","url":"http:\/\/www.ucaldas.edu.co\/images\/tmp\/convocatoria_asistente_juridico.jpg","contentUrl":"http:\/\/www.ucaldas.edu.co\/images\/tmp\/convocatoria_asistente_juridico.jpg"},{"@type":"BreadcrumbList","@id":"https:\/\/www.ucaldas.edu.co\/portal\/conozca-cumplimiento-de-requisitos-de-convocatoria-para-asistente-juridico\/#breadcrumb","itemListElement":[{"@type":"ListItem","position":1,"name":"Portada","item":"https:\/\/www.ucaldas.edu.co\/portal\/"},{"@type":"ListItem","position":2,"name":"Conozca cumplimiento de requisitos de convocatoria para asistente jur\u00eddico"}]},{"@type":"WebSite","@id":"https:\/\/www.ucaldas.edu.co\/portal\/#website","url":"https:\/\/www.ucaldas.edu.co\/portal\/","name":"Universidad de Caldas","description":"","publisher":{"@id":"https:\/\/www.ucaldas.edu.co\/portal\/#organization"},"alternateName":"U. de Caldas","potentialAction":[{"@type":"SearchAction","target":{"@type":"EntryPoint","urlTemplate":"https:\/\/www.ucaldas.edu.co\/portal\/?s={search_term_string}"},"query-input":{"@type":"PropertyValueSpecification","valueRequired":true,"valueName":"search_term_string"}}],"inLanguage":"es"},{"@type":"Organization","@id":"https:\/\/www.ucaldas.edu.co\/portal\/#organization","name":"Universidad de Caldas","alternateName":"U. de Caldas","url":"https:\/\/www.ucaldas.edu.co\/portal\/","logo":{"@type":"ImageObject","inLanguage":"es","@id":"https:\/\/www.ucaldas.edu.co\/portal\/#\/schema\/logo\/image\/","url":"https:\/\/www.ucaldas.edu.co\/portal\/wp-content\/uploads\/2023\/11\/Logo_horizontal_oscuroU-2023.png","contentUrl":"https:\/\/www.ucaldas.edu.co\/portal\/wp-content\/uploads\/2023\/11\/Logo_horizontal_oscuroU-2023.png","width":263,"height":101,"caption":"Universidad de Caldas"},"image":{"@id":"https:\/\/www.ucaldas.edu.co\/portal\/#\/schema\/logo\/image\/"},"sameAs":["https:\/\/www.facebook.com\/udecaldas","https:\/\/x.com\/udecaldas","https:\/\/www.youtube.com\/universidadcaldas","https:\/\/www.instagram.com\/udecaldas\/"]},{"@type":"Person","@id":"https:\/\/www.ucaldas.edu.co\/portal\/#\/schema\/person\/a1b482e23449158b4bc319926c074fdf","name":"ofiprensa","image":{"@type":"ImageObject","inLanguage":"es","@id":"https:\/\/www.ucaldas.edu.co\/portal\/wp-content\/litespeed\/avatar\/09ea5085e600095a7a811142c6944527.jpg?ver=1777497608","url":"https:\/\/www.ucaldas.edu.co\/portal\/wp-content\/litespeed\/avatar\/09ea5085e600095a7a811142c6944527.jpg?ver=1777497608","contentUrl":"https:\/\/www.ucaldas.edu.co\/portal\/wp-content\/litespeed\/avatar\/09ea5085e600095a7a811142c6944527.jpg?ver=1777497608","caption":"ofiprensa"},"url":"https:\/\/www.ucaldas.edu.co\/portal\/author\/ofiprensa\/"}]}},"_links":{"self":[{"href":"https:\/\/www.ucaldas.edu.co\/portal\/wp-json\/wp\/v2\/posts\/11683","targetHints":{"allow":["GET"]}}],"collection":[{"href":"https:\/\/www.ucaldas.edu.co\/portal\/wp-json\/wp\/v2\/posts"}],"about":[{"href":"https:\/\/www.ucaldas.edu.co\/portal\/wp-json\/wp\/v2\/types\/post"}],"author":[{"embeddable":true,"href":"https:\/\/www.ucaldas.edu.co\/portal\/wp-json\/wp\/v2\/users\/2"}],"replies":[{"embeddable":true,"href":"https:\/\/www.ucaldas.edu.co\/portal\/wp-json\/wp\/v2\/comments?post=11683"}],"version-history":[{"count":0,"href":"https:\/\/www.ucaldas.edu.co\/portal\/wp-json\/wp\/v2\/posts\/11683\/revisions"}],"wp:attachment":[{"href":"https:\/\/www.ucaldas.edu.co\/portal\/wp-json\/wp\/v2\/media?parent=11683"}],"wp:term":[{"taxonomy":"category","embeddable":true,"href":"https:\/\/www.ucaldas.edu.co\/portal\/wp-json\/wp\/v2\/categories?post=11683"},{"taxonomy":"post_tag","embeddable":true,"href":"https:\/\/www.ucaldas.edu.co\/portal\/wp-json\/wp\/v2\/tags?post=11683"}],"curies":[{"name":"wp","href":"https:\/\/api.w.org\/{rel}","templated":true}]}}