{"id":11681,"date":"2012-09-21T09:29:24","date_gmt":"2012-09-21T14:29:24","guid":{"rendered":"https:\/\/www.ucaldas.edu.co\/portal\/?p=11681"},"modified":"2012-09-21T09:29:24","modified_gmt":"2012-09-21T14:29:24","slug":"jornadas-de-ingenieria-u-de-caldas-reunieron-a-expertos-en-alimentos-y-desarrollo-de-software","status":"publish","type":"post","link":"https:\/\/www.ucaldas.edu.co\/portal\/jornadas-de-ingenieria-u-de-caldas-reunieron-a-expertos-en-alimentos-y-desarrollo-de-software\/","title":{"rendered":"Jornadas  de Ingenier\u00eda U. de Caldas reunieron a expertos en alimentos y desarrollo de software"},"content":{"rendered":"<p align=\"center\">Invitados nacionales e internacionales participaron en evento acad\u00e9mico<\/p>\n<p align=\"center\">\n<p align=\"right\">21\/09\/2012<\/p>\n<hr \/>\n<p align=\"right\">Redacci\u00f3n: Margarita Laverde Galvis<\/p>\n<table border=\"0\">\n<tbody>\n<tr>\n<td>&nbsp;<\/p>\n<p><img loading=\"lazy\" decoding=\"async\" style=\"border: 0px\" title=\"Jornadas\" alt=\"Jornadas\" src=\"http:\/\/www.ucaldas.edu.co\/images\/tmp\/jornadas_ingenieria_2012_invitados.jpg\" width=\"240\" height=\"150\" border=\"0\" \/><\/p>\n<h4>Foto: Guillermo Sarmiento Estrada\/ Prensa U. de Caldas.<\/h4>\n<\/td>\n<td>\u00a0Las\u00a0<b>XIII Jornadas\u00a0 de Ingenier\u00eda\u00a0<\/b>de la\u00a0<b>Universidad de Caldas<\/b>, que se llevaron a cabo hasta este viernes 21 de septiembre del 2012,\u00a0<b>contaron con la participaci\u00f3n de expertos<\/b>\u00a0en temas variados, sobre\u00a0<b>ingenier\u00eda de alimentos y desarrollo de software.<\/b><\/td>\n<\/tr>\n<\/tbody>\n<\/table>\n<p>&nbsp;<\/p>\n<p><b>Invitada internacional<\/b><\/p>\n<p>La brasilera Claudia Denise de Paula,\u00a0<b>de la Universidad de C\u00f3rdoba,\u00a0<\/b>present\u00f3 una disertaci\u00f3n sobre el\u00a0<i>An\u00e1lisis sensorial de los alimentos\u00a0<\/i>y expres\u00f3: \u201cpresent\u00e9 un curso de la partes de interpretaci\u00f3n de los resultados de una prueba sensorial, utilizando las pruebas estad\u00edsticas, al igual que realic\u00e9 una conferencia sobre congelaci\u00f3n y aplicaci\u00f3n a una nueva t\u00e9cnica descriptiva por ordenamiento\u201d.<\/p>\n<p>&nbsp;<\/p>\n<p>Respecto a los procesos de ingenier\u00eda que desarrolla la U. de Caldas, la invitada dijo: \u201ccreo que est\u00e1 parejo con la tecnolog\u00eda que est\u00e1 desarrollando en el mundo y es muy interesante el intercambio de conocimiento, para aprovechar y realizar convenios de cooperaci\u00f3n, entre otros\u201d.<\/p>\n<p>&nbsp;<\/p>\n<p><b>Mejoramiento y modificaci\u00f3n de alimentos<\/b><\/p>\n<p>En el evento, Gerardo Gonz\u00e1lez Mart\u00ednez,\u00a0<b>L\u00edder Cient\u00edfico del \u00c1rea de Procesamiento de Alimentos y Bioprocesos del Instituto Alpina de Investigaciones,\u00a0<\/b>que pertenece a<b>\u00a0Alpina Productos Alimenticios,<\/b>\u00a0habl\u00f3 del mejoramiento y modificaci\u00f3n de un alimento, desde la concepci\u00f3n misma del dise\u00f1o de este, hasta los procesos de asimilaci\u00f3n del cuerpo humano.<\/p>\n<p>&nbsp;<\/p>\n<p>\u201cEn el mundo entero ya se est\u00e1 pasando a una etapa de matrices alimentarias, es decir, la estructuraci\u00f3n inteligente de un producto alimentario, de tal forma que sea mucho m\u00e1s nutritivo y asimilable por el cuerpo humano\u201d, coment\u00f3 el invitado.<\/p>\n<p>&nbsp;<\/p>\n<p>\u201cLa ingenier\u00eda de alimentos est\u00e1 pasando por un buen momento de definici\u00f3n, pues est\u00e1 entrando en los terrenos de la farmacia. Las personas antes solo com\u00edan y hoy decimos que hay que alimentarse, por lo que buscamos entender esos procesos de asimilaci\u00f3n, para tener un mayor entendimiento de c\u00f3mo funciona el organismo en t\u00e9rminos de absorci\u00f3n de un alimento\u201d, afirm\u00f3 Gonz\u00e1lez Mart\u00ednez.<\/p>\n<p>&nbsp;<\/p>\n<p>\u201cDesde el punto de vista nutricional vamos a poder mejorar la calidad de los alimentos que estamos ofreciendo, vamos a poder dise\u00f1ar unos alimentos mucho m\u00e1s biodisponibles en t\u00e9rminos de nutrientes, para que haya mayor disponibilidad de esos nutrientes para el consumidor, que es lo que final mente nos interesa a nosotros\u201d, concluy\u00f3 el conferencista.<\/p>\n<p>&nbsp;<\/p>\n<p><b>Arquitectura de soluciones en el mundo real<br \/>\n<\/b>Willy Marroqu\u00edn,\u00a0<b>arquitecto de soluciones empresariales AR y\u00a0<\/b><b>quien tiene\u00a0<\/b><b>un fuerte v\u00ednculo con Microsoft<\/b>, fue uno de los invitados a las jornadas y\u00a0<b>disert\u00f3 sobre la arquitectura de soluciones en el mundo real.<\/b><\/p>\n<p>&nbsp;<\/p>\n<p>Respecto a las tendencias en investigaciones que se est\u00e1n realizando desde esta \u00e1rea del conocimiento, Marroqu\u00edn inform\u00f3: \u201chay dos marcos bien importantes: la arquitectura empresarial y los principios arquitect\u00f3nicos, desde el punto de vista de tecnolog\u00eda y soluciones\u201d.<\/p>\n<p>&nbsp;<\/p>\n<p>Sobre el concepto de arquitectura de tecnolog\u00eda, el invitado explic\u00f3: \u201cse refiere a dar una lectura de alto nivel a una necesidad de negocio espec\u00edfica, alineada a unas necesidades de negocio de quien hace la inversi\u00f3n de dinero, para que finalmente esta lectura sea implementada por equipos de desarrollo de software\u201d.<\/p>\n<p>\u201cEstamos en un momento bien interesantes de donde apenas\u00a0 estamos empezando a despuntar este campo de trabajo. Creo que estamos en si quiera los primeros pasitos de lo que realmente y potencialmente se puede hacer a nivel de tecnolog\u00eda y no me refiero solamente\u00a0 a dispositivos, sino al modo de interacci\u00f3n misma de las personas\u201d, agreg\u00f3 Marroqu\u00edn.<\/p>\n<p>&nbsp;<\/p>\n<p><a href=\"http:\/\/www.facebook.com\/media\/set\/?set=a.411481385580399.96735.107054166023124&amp;type=3\" target=\"_blank\">Conozca im\u00e1genes de las Jornadas de Ingenier\u00eda U. de Caldas<\/a><\/p>\n<p><b>\u00a0<\/b><\/p>\n<p><b>Informes:<\/b>\u00a0con F\u00e9lix Octavio D\u00edaz Arango, en el celular: 310 471 98 47\u00a0o en el correo electr\u00f3nico\u00a0<a href=\"mailto:felix.diaz@ucaldas.edu.co\" target=\"_blank\">felix.diaz@ucaldas.edu.co<\/a><\/p>\n<p>&nbsp;<\/p>\n","protected":false},"excerpt":{"rendered":"<p>Invitados nacionales e internacionales participaron en evento acad\u00e9mico 21\/09\/2012 Redacci\u00f3n: Margarita Laverde Galvis &nbsp; Foto: Guillermo Sarmiento Estrada\/ Prensa U. de Caldas. \u00a0Las\u00a0XIII Jornadas\u00a0 de Ingenier\u00eda\u00a0de la\u00a0Universidad de Caldas, que se llevaron a cabo hasta este viernes 21 de septiembre del 2012,\u00a0contaron con la participaci\u00f3n de expertos\u00a0en temas variados, sobre\u00a0ingenier\u00eda de alimentos y desarrollo de [&hellip;]<\/p>\n","protected":false},"author":2,"featured_media":0,"comment_status":"closed","ping_status":"closed","sticky":false,"template":"","format":"standard","meta":{"footnotes":""},"categories":[48,53],"tags":[],"class_list":["post-11681","post","type-post","status-publish","format-standard","hentry","category-actualidad","category-universidad-al-dia"],"yoast_head":"<!-- This site is optimized with the Yoast SEO plugin v27.5 - https:\/\/yoast.com\/product\/yoast-seo-wordpress\/ -->\n<title>Jornadas de Ingenier\u00eda U. de Caldas reunieron a expertos en alimentos y desarrollo de software .<\/title>\n<meta name=\"robots\" content=\"index, follow, max-snippet:-1, max-image-preview:large, max-video-preview:-1\" \/>\n<link rel=\"canonical\" href=\"https:\/\/www.ucaldas.edu.co\/portal\/jornadas-de-ingenieria-u-de-caldas-reunieron-a-expertos-en-alimentos-y-desarrollo-de-software\/\" \/>\n<script type=\"application\/ld+json\" class=\"yoast-schema-graph\">{\"@context\":\"https:\\\/\\\/schema.org\",\"@graph\":[{\"@type\":\"Article\",\"@id\":\"https:\\\/\\\/www.ucaldas.edu.co\\\/portal\\\/jornadas-de-ingenieria-u-de-caldas-reunieron-a-expertos-en-alimentos-y-desarrollo-de-software\\\/#article\",\"isPartOf\":{\"@id\":\"https:\\\/\\\/www.ucaldas.edu.co\\\/portal\\\/jornadas-de-ingenieria-u-de-caldas-reunieron-a-expertos-en-alimentos-y-desarrollo-de-software\\\/\"},\"author\":{\"name\":\"ofiprensa\",\"@id\":\"https:\\\/\\\/www.ucaldas.edu.co\\\/portal\\\/#\\\/schema\\\/person\\\/a1b482e23449158b4bc319926c074fdf\"},\"headline\":\"Jornadas de Ingenier\u00eda U. de Caldas reunieron a expertos en alimentos y desarrollo de software\",\"datePublished\":\"2012-09-21T14:29:24+00:00\",\"mainEntityOfPage\":{\"@id\":\"https:\\\/\\\/www.ucaldas.edu.co\\\/portal\\\/jornadas-de-ingenieria-u-de-caldas-reunieron-a-expertos-en-alimentos-y-desarrollo-de-software\\\/\"},\"wordCount\":677,\"publisher\":{\"@id\":\"https:\\\/\\\/www.ucaldas.edu.co\\\/portal\\\/#organization\"},\"image\":{\"@id\":\"https:\\\/\\\/www.ucaldas.edu.co\\\/portal\\\/jornadas-de-ingenieria-u-de-caldas-reunieron-a-expertos-en-alimentos-y-desarrollo-de-software\\\/#primaryimage\"},\"thumbnailUrl\":\"http:\\\/\\\/www.ucaldas.edu.co\\\/images\\\/tmp\\\/jornadas_ingenieria_2012_invitados.jpg\",\"articleSection\":[\"Actualidad\",\"Universidad al D\u00eda\"],\"inLanguage\":\"es\"},{\"@type\":\"WebPage\",\"@id\":\"https:\\\/\\\/www.ucaldas.edu.co\\\/portal\\\/jornadas-de-ingenieria-u-de-caldas-reunieron-a-expertos-en-alimentos-y-desarrollo-de-software\\\/\",\"url\":\"https:\\\/\\\/www.ucaldas.edu.co\\\/portal\\\/jornadas-de-ingenieria-u-de-caldas-reunieron-a-expertos-en-alimentos-y-desarrollo-de-software\\\/\",\"name\":\"Jornadas de Ingenier\u00eda U. de Caldas reunieron a expertos en alimentos y desarrollo de software .\",\"isPartOf\":{\"@id\":\"https:\\\/\\\/www.ucaldas.edu.co\\\/portal\\\/#website\"},\"primaryImageOfPage\":{\"@id\":\"https:\\\/\\\/www.ucaldas.edu.co\\\/portal\\\/jornadas-de-ingenieria-u-de-caldas-reunieron-a-expertos-en-alimentos-y-desarrollo-de-software\\\/#primaryimage\"},\"image\":{\"@id\":\"https:\\\/\\\/www.ucaldas.edu.co\\\/portal\\\/jornadas-de-ingenieria-u-de-caldas-reunieron-a-expertos-en-alimentos-y-desarrollo-de-software\\\/#primaryimage\"},\"thumbnailUrl\":\"http:\\\/\\\/www.ucaldas.edu.co\\\/images\\\/tmp\\\/jornadas_ingenieria_2012_invitados.jpg\",\"datePublished\":\"2012-09-21T14:29:24+00:00\",\"breadcrumb\":{\"@id\":\"https:\\\/\\\/www.ucaldas.edu.co\\\/portal\\\/jornadas-de-ingenieria-u-de-caldas-reunieron-a-expertos-en-alimentos-y-desarrollo-de-software\\\/#breadcrumb\"},\"inLanguage\":\"es\",\"potentialAction\":[{\"@type\":\"ReadAction\",\"target\":[\"https:\\\/\\\/www.ucaldas.edu.co\\\/portal\\\/jornadas-de-ingenieria-u-de-caldas-reunieron-a-expertos-en-alimentos-y-desarrollo-de-software\\\/\"]}]},{\"@type\":\"ImageObject\",\"inLanguage\":\"es\",\"@id\":\"https:\\\/\\\/www.ucaldas.edu.co\\\/portal\\\/jornadas-de-ingenieria-u-de-caldas-reunieron-a-expertos-en-alimentos-y-desarrollo-de-software\\\/#primaryimage\",\"url\":\"http:\\\/\\\/www.ucaldas.edu.co\\\/images\\\/tmp\\\/jornadas_ingenieria_2012_invitados.jpg\",\"contentUrl\":\"http:\\\/\\\/www.ucaldas.edu.co\\\/images\\\/tmp\\\/jornadas_ingenieria_2012_invitados.jpg\"},{\"@type\":\"BreadcrumbList\",\"@id\":\"https:\\\/\\\/www.ucaldas.edu.co\\\/portal\\\/jornadas-de-ingenieria-u-de-caldas-reunieron-a-expertos-en-alimentos-y-desarrollo-de-software\\\/#breadcrumb\",\"itemListElement\":[{\"@type\":\"ListItem\",\"position\":1,\"name\":\"Portada\",\"item\":\"https:\\\/\\\/www.ucaldas.edu.co\\\/portal\\\/\"},{\"@type\":\"ListItem\",\"position\":2,\"name\":\"Jornadas de Ingenier\u00eda U. de Caldas reunieron a expertos en alimentos y desarrollo de software\"}]},{\"@type\":\"WebSite\",\"@id\":\"https:\\\/\\\/www.ucaldas.edu.co\\\/portal\\\/#website\",\"url\":\"https:\\\/\\\/www.ucaldas.edu.co\\\/portal\\\/\",\"name\":\"Universidad de Caldas\",\"description\":\"\",\"publisher\":{\"@id\":\"https:\\\/\\\/www.ucaldas.edu.co\\\/portal\\\/#organization\"},\"alternateName\":\"U. de Caldas\",\"potentialAction\":[{\"@type\":\"SearchAction\",\"target\":{\"@type\":\"EntryPoint\",\"urlTemplate\":\"https:\\\/\\\/www.ucaldas.edu.co\\\/portal\\\/?s={search_term_string}\"},\"query-input\":{\"@type\":\"PropertyValueSpecification\",\"valueRequired\":true,\"valueName\":\"search_term_string\"}}],\"inLanguage\":\"es\"},{\"@type\":\"Organization\",\"@id\":\"https:\\\/\\\/www.ucaldas.edu.co\\\/portal\\\/#organization\",\"name\":\"Universidad de Caldas\",\"alternateName\":\"U. de Caldas\",\"url\":\"https:\\\/\\\/www.ucaldas.edu.co\\\/portal\\\/\",\"logo\":{\"@type\":\"ImageObject\",\"inLanguage\":\"es\",\"@id\":\"https:\\\/\\\/www.ucaldas.edu.co\\\/portal\\\/#\\\/schema\\\/logo\\\/image\\\/\",\"url\":\"https:\\\/\\\/www.ucaldas.edu.co\\\/portal\\\/wp-content\\\/uploads\\\/2023\\\/11\\\/Logo_horizontal_oscuroU-2023.png\",\"contentUrl\":\"https:\\\/\\\/www.ucaldas.edu.co\\\/portal\\\/wp-content\\\/uploads\\\/2023\\\/11\\\/Logo_horizontal_oscuroU-2023.png\",\"width\":263,\"height\":101,\"caption\":\"Universidad de Caldas\"},\"image\":{\"@id\":\"https:\\\/\\\/www.ucaldas.edu.co\\\/portal\\\/#\\\/schema\\\/logo\\\/image\\\/\"},\"sameAs\":[\"https:\\\/\\\/www.facebook.com\\\/udecaldas\",\"https:\\\/\\\/x.com\\\/udecaldas\",\"https:\\\/\\\/www.youtube.com\\\/universidadcaldas\",\"https:\\\/\\\/www.instagram.com\\\/udecaldas\\\/\"]},{\"@type\":\"Person\",\"@id\":\"https:\\\/\\\/www.ucaldas.edu.co\\\/portal\\\/#\\\/schema\\\/person\\\/a1b482e23449158b4bc319926c074fdf\",\"name\":\"ofiprensa\",\"image\":{\"@type\":\"ImageObject\",\"inLanguage\":\"es\",\"@id\":\"https:\\\/\\\/www.ucaldas.edu.co\\\/portal\\\/wp-content\\\/litespeed\\\/avatar\\\/09ea5085e600095a7a811142c6944527.jpg?ver=1777497608\",\"url\":\"https:\\\/\\\/www.ucaldas.edu.co\\\/portal\\\/wp-content\\\/litespeed\\\/avatar\\\/09ea5085e600095a7a811142c6944527.jpg?ver=1777497608\",\"contentUrl\":\"https:\\\/\\\/www.ucaldas.edu.co\\\/portal\\\/wp-content\\\/litespeed\\\/avatar\\\/09ea5085e600095a7a811142c6944527.jpg?ver=1777497608\",\"caption\":\"ofiprensa\"},\"url\":\"https:\\\/\\\/www.ucaldas.edu.co\\\/portal\\\/author\\\/ofiprensa\\\/\"}]}<\/script>\n<!-- \/ Yoast SEO plugin. -->","yoast_head_json":{"title":"Jornadas de Ingenier\u00eda U. de Caldas reunieron a expertos en alimentos y desarrollo de software .","robots":{"index":"index","follow":"follow","max-snippet":"max-snippet:-1","max-image-preview":"max-image-preview:large","max-video-preview":"max-video-preview:-1"},"canonical":"https:\/\/www.ucaldas.edu.co\/portal\/jornadas-de-ingenieria-u-de-caldas-reunieron-a-expertos-en-alimentos-y-desarrollo-de-software\/","schema":{"@context":"https:\/\/schema.org","@graph":[{"@type":"Article","@id":"https:\/\/www.ucaldas.edu.co\/portal\/jornadas-de-ingenieria-u-de-caldas-reunieron-a-expertos-en-alimentos-y-desarrollo-de-software\/#article","isPartOf":{"@id":"https:\/\/www.ucaldas.edu.co\/portal\/jornadas-de-ingenieria-u-de-caldas-reunieron-a-expertos-en-alimentos-y-desarrollo-de-software\/"},"author":{"name":"ofiprensa","@id":"https:\/\/www.ucaldas.edu.co\/portal\/#\/schema\/person\/a1b482e23449158b4bc319926c074fdf"},"headline":"Jornadas de Ingenier\u00eda U. de Caldas reunieron a expertos en alimentos y desarrollo de software","datePublished":"2012-09-21T14:29:24+00:00","mainEntityOfPage":{"@id":"https:\/\/www.ucaldas.edu.co\/portal\/jornadas-de-ingenieria-u-de-caldas-reunieron-a-expertos-en-alimentos-y-desarrollo-de-software\/"},"wordCount":677,"publisher":{"@id":"https:\/\/www.ucaldas.edu.co\/portal\/#organization"},"image":{"@id":"https:\/\/www.ucaldas.edu.co\/portal\/jornadas-de-ingenieria-u-de-caldas-reunieron-a-expertos-en-alimentos-y-desarrollo-de-software\/#primaryimage"},"thumbnailUrl":"http:\/\/www.ucaldas.edu.co\/images\/tmp\/jornadas_ingenieria_2012_invitados.jpg","articleSection":["Actualidad","Universidad al D\u00eda"],"inLanguage":"es"},{"@type":"WebPage","@id":"https:\/\/www.ucaldas.edu.co\/portal\/jornadas-de-ingenieria-u-de-caldas-reunieron-a-expertos-en-alimentos-y-desarrollo-de-software\/","url":"https:\/\/www.ucaldas.edu.co\/portal\/jornadas-de-ingenieria-u-de-caldas-reunieron-a-expertos-en-alimentos-y-desarrollo-de-software\/","name":"Jornadas de Ingenier\u00eda U. de Caldas reunieron a expertos en alimentos y desarrollo de software .","isPartOf":{"@id":"https:\/\/www.ucaldas.edu.co\/portal\/#website"},"primaryImageOfPage":{"@id":"https:\/\/www.ucaldas.edu.co\/portal\/jornadas-de-ingenieria-u-de-caldas-reunieron-a-expertos-en-alimentos-y-desarrollo-de-software\/#primaryimage"},"image":{"@id":"https:\/\/www.ucaldas.edu.co\/portal\/jornadas-de-ingenieria-u-de-caldas-reunieron-a-expertos-en-alimentos-y-desarrollo-de-software\/#primaryimage"},"thumbnailUrl":"http:\/\/www.ucaldas.edu.co\/images\/tmp\/jornadas_ingenieria_2012_invitados.jpg","datePublished":"2012-09-21T14:29:24+00:00","breadcrumb":{"@id":"https:\/\/www.ucaldas.edu.co\/portal\/jornadas-de-ingenieria-u-de-caldas-reunieron-a-expertos-en-alimentos-y-desarrollo-de-software\/#breadcrumb"},"inLanguage":"es","potentialAction":[{"@type":"ReadAction","target":["https:\/\/www.ucaldas.edu.co\/portal\/jornadas-de-ingenieria-u-de-caldas-reunieron-a-expertos-en-alimentos-y-desarrollo-de-software\/"]}]},{"@type":"ImageObject","inLanguage":"es","@id":"https:\/\/www.ucaldas.edu.co\/portal\/jornadas-de-ingenieria-u-de-caldas-reunieron-a-expertos-en-alimentos-y-desarrollo-de-software\/#primaryimage","url":"http:\/\/www.ucaldas.edu.co\/images\/tmp\/jornadas_ingenieria_2012_invitados.jpg","contentUrl":"http:\/\/www.ucaldas.edu.co\/images\/tmp\/jornadas_ingenieria_2012_invitados.jpg"},{"@type":"BreadcrumbList","@id":"https:\/\/www.ucaldas.edu.co\/portal\/jornadas-de-ingenieria-u-de-caldas-reunieron-a-expertos-en-alimentos-y-desarrollo-de-software\/#breadcrumb","itemListElement":[{"@type":"ListItem","position":1,"name":"Portada","item":"https:\/\/www.ucaldas.edu.co\/portal\/"},{"@type":"ListItem","position":2,"name":"Jornadas de Ingenier\u00eda U. de Caldas reunieron a expertos en alimentos y desarrollo de software"}]},{"@type":"WebSite","@id":"https:\/\/www.ucaldas.edu.co\/portal\/#website","url":"https:\/\/www.ucaldas.edu.co\/portal\/","name":"Universidad de Caldas","description":"","publisher":{"@id":"https:\/\/www.ucaldas.edu.co\/portal\/#organization"},"alternateName":"U. de Caldas","potentialAction":[{"@type":"SearchAction","target":{"@type":"EntryPoint","urlTemplate":"https:\/\/www.ucaldas.edu.co\/portal\/?s={search_term_string}"},"query-input":{"@type":"PropertyValueSpecification","valueRequired":true,"valueName":"search_term_string"}}],"inLanguage":"es"},{"@type":"Organization","@id":"https:\/\/www.ucaldas.edu.co\/portal\/#organization","name":"Universidad de Caldas","alternateName":"U. de Caldas","url":"https:\/\/www.ucaldas.edu.co\/portal\/","logo":{"@type":"ImageObject","inLanguage":"es","@id":"https:\/\/www.ucaldas.edu.co\/portal\/#\/schema\/logo\/image\/","url":"https:\/\/www.ucaldas.edu.co\/portal\/wp-content\/uploads\/2023\/11\/Logo_horizontal_oscuroU-2023.png","contentUrl":"https:\/\/www.ucaldas.edu.co\/portal\/wp-content\/uploads\/2023\/11\/Logo_horizontal_oscuroU-2023.png","width":263,"height":101,"caption":"Universidad de Caldas"},"image":{"@id":"https:\/\/www.ucaldas.edu.co\/portal\/#\/schema\/logo\/image\/"},"sameAs":["https:\/\/www.facebook.com\/udecaldas","https:\/\/x.com\/udecaldas","https:\/\/www.youtube.com\/universidadcaldas","https:\/\/www.instagram.com\/udecaldas\/"]},{"@type":"Person","@id":"https:\/\/www.ucaldas.edu.co\/portal\/#\/schema\/person\/a1b482e23449158b4bc319926c074fdf","name":"ofiprensa","image":{"@type":"ImageObject","inLanguage":"es","@id":"https:\/\/www.ucaldas.edu.co\/portal\/wp-content\/litespeed\/avatar\/09ea5085e600095a7a811142c6944527.jpg?ver=1777497608","url":"https:\/\/www.ucaldas.edu.co\/portal\/wp-content\/litespeed\/avatar\/09ea5085e600095a7a811142c6944527.jpg?ver=1777497608","contentUrl":"https:\/\/www.ucaldas.edu.co\/portal\/wp-content\/litespeed\/avatar\/09ea5085e600095a7a811142c6944527.jpg?ver=1777497608","caption":"ofiprensa"},"url":"https:\/\/www.ucaldas.edu.co\/portal\/author\/ofiprensa\/"}]}},"_links":{"self":[{"href":"https:\/\/www.ucaldas.edu.co\/portal\/wp-json\/wp\/v2\/posts\/11681","targetHints":{"allow":["GET"]}}],"collection":[{"href":"https:\/\/www.ucaldas.edu.co\/portal\/wp-json\/wp\/v2\/posts"}],"about":[{"href":"https:\/\/www.ucaldas.edu.co\/portal\/wp-json\/wp\/v2\/types\/post"}],"author":[{"embeddable":true,"href":"https:\/\/www.ucaldas.edu.co\/portal\/wp-json\/wp\/v2\/users\/2"}],"replies":[{"embeddable":true,"href":"https:\/\/www.ucaldas.edu.co\/portal\/wp-json\/wp\/v2\/comments?post=11681"}],"version-history":[{"count":0,"href":"https:\/\/www.ucaldas.edu.co\/portal\/wp-json\/wp\/v2\/posts\/11681\/revisions"}],"wp:attachment":[{"href":"https:\/\/www.ucaldas.edu.co\/portal\/wp-json\/wp\/v2\/media?parent=11681"}],"wp:term":[{"taxonomy":"category","embeddable":true,"href":"https:\/\/www.ucaldas.edu.co\/portal\/wp-json\/wp\/v2\/categories?post=11681"},{"taxonomy":"post_tag","embeddable":true,"href":"https:\/\/www.ucaldas.edu.co\/portal\/wp-json\/wp\/v2\/tags?post=11681"}],"curies":[{"name":"wp","href":"https:\/\/api.w.org\/{rel}","templated":true}]}}