{"id":11679,"date":"2012-09-21T09:28:31","date_gmt":"2012-09-21T14:28:31","guid":{"rendered":"https:\/\/www.ucaldas.edu.co\/portal\/?p=11679"},"modified":"2012-09-21T09:28:31","modified_gmt":"2012-09-21T14:28:31","slug":"en-u-de-caldas-se-realizaron-jornadas-quirurgicas","status":"publish","type":"post","link":"https:\/\/www.ucaldas.edu.co\/portal\/en-u-de-caldas-se-realizaron-jornadas-quirurgicas\/","title":{"rendered":"En U. de Caldas se realizaron  Jornadas Quir\u00fargicas"},"content":{"rendered":"<p align=\"center\">Para estudiantes de la Facultad de Ciencias para la Salud de la Instituci\u00f3n<\/p>\n<p align=\"right\">21\/09\/2012<\/p>\n<hr \/>\n<p align=\"right\">Redacci\u00f3n: Margarita Laverde Galvis<\/p>\n<p><b>\u00a0<\/b><\/p>\n<table border=\"0\">\n<tbody>\n<tr>\n<td>&nbsp;<\/p>\n<p><img loading=\"lazy\" decoding=\"async\" style=\"border: 0px\" title=\"Jornadas\" alt=\"Jornadas\" src=\"http:\/\/www.ucaldas.edu.co\/images\/tmp\/jornadas_quirurgicas_ucaldas_2012.jpg\" width=\"240\" height=\"150\" border=\"0\" \/><\/p>\n<h4>Foto: Guillermo Sarmiento Estrada\/ Prensa U. de Caldas.<\/h4>\n<\/td>\n<td><b>Actualizar<\/b>\u00a0a los\u00a0<b>estudiantes<\/b>\u00a0de la\u00a0<b>Facultad de Ciencias para la Salud<\/b>\u00a0de la\u00a0<b>Universidad de Caldas<\/b>\u00a0en\u00a0<b>temas quir\u00fargicos<\/b>\u00a0fue el objetivo de las<b>Jornadas<\/b>\u00a0<b>sobre el \u00e1rea<\/b>, que se realizaron este\u00a0<b>viernes 21<\/b>\u00a0de\u00a0<b>septiembre<\/b>\u00a0del 2012, en la Instituci\u00f3n.<\/td>\n<\/tr>\n<\/tbody>\n<\/table>\n<p>&nbsp;<\/p>\n<p>Unas 300 personas participaron en el evento, que organiz\u00f3 el\u00a0<b>Semillero de Investigaci\u00f3n Quir\u00fargico de la Universidad.<\/b><\/p>\n<p>&nbsp;<\/p>\n<p>Dolly Magnolia Gonz\u00e1lez Hoyos,\u00a0<b>Decana de la Facultad de Ciencias para la Salud de la U. de Caldas,\u00a0<\/b>expres\u00f3: \u201cla importancia de estos programas de educaci\u00f3n continuada es la actualizaci\u00f3n permanente en temas de salud y en temas que no solamente est\u00e1n manejando nuestros estudiantes, sino tambi\u00e9n los profesionales\u201d.<\/p>\n<p>&nbsp;<\/p>\n<p>Por otra parte, Alberto \u00c1ngel Pinz\u00f3n,\u00a0<b>profesor del Departamento Quir\u00fargico y Coordinador del Semillero Quir\u00fargico de la U. de Caldas<\/b>, dijo: \u201cen este momento el semillero esta reci\u00e9n formado y los estudiantes quisieron organizar este evento, para hacer un especie de abre bocas y presentaci\u00f3n oficial del semillero a la comunidad universitaria\u201d.<\/p>\n<p>&nbsp;<\/p>\n<p>\u201cEsta jornada est\u00e1 dedicada al \u00e1rea del trauma, pero precisamente una de las funciones del semillero es estimular la investigaci\u00f3n de los estudiantes con los docentes. Estamos haciendo un llamado a los docentes, para que inviten estudiantes a los grupos de investigaci\u00f3n y vayan adquiriendo la capacidad investigativa\u201d, agreg\u00f3 Pinz\u00f3n.<\/p>\n<p>&nbsp;<\/p>\n<p><a href=\"http:\/\/www.facebook.com\/media\/set\/?set=a.412897022105502.97168.107054166023124&amp;type=3\" target=\"_blank\">Conozca im\u00e1genes de las Jornadas Quir\u00fargicas U. de Caldas<\/a><\/p>\n<p>&nbsp;<\/p>\n<p><b>Informes:\u00a0<\/b>Oficina de Prensa, tel\u00e9fono 878 15 00, extensi\u00f3n 12 167.<\/p>\n","protected":false},"excerpt":{"rendered":"<p>Para estudiantes de la Facultad de Ciencias para la Salud de la Instituci\u00f3n 21\/09\/2012 Redacci\u00f3n: Margarita Laverde Galvis \u00a0 &nbsp; Foto: Guillermo Sarmiento Estrada\/ Prensa U. de Caldas. Actualizar\u00a0a los\u00a0estudiantes\u00a0de la\u00a0Facultad de Ciencias para la Salud\u00a0de la\u00a0Universidad de Caldas\u00a0en\u00a0temas quir\u00fargicos\u00a0fue el objetivo de lasJornadas\u00a0sobre el \u00e1rea, que se realizaron este\u00a0viernes 21\u00a0de\u00a0septiembre\u00a0del 2012, en la Instituci\u00f3n. [&hellip;]<\/p>\n","protected":false},"author":2,"featured_media":0,"comment_status":"closed","ping_status":"closed","sticky":false,"template":"","format":"standard","meta":{"footnotes":""},"categories":[48,53],"tags":[],"class_list":["post-11679","post","type-post","status-publish","format-standard","hentry","category-actualidad","category-universidad-al-dia"],"yoast_head":"<!-- This site is optimized with the Yoast SEO plugin v27.5 - https:\/\/yoast.com\/product\/yoast-seo-wordpress\/ -->\n<title>En U. de Caldas se realizaron Jornadas Quir\u00fargicas .<\/title>\n<meta name=\"robots\" content=\"index, follow, max-snippet:-1, max-image-preview:large, max-video-preview:-1\" \/>\n<link rel=\"canonical\" href=\"https:\/\/www.ucaldas.edu.co\/portal\/en-u-de-caldas-se-realizaron-jornadas-quirurgicas\/\" \/>\n<script type=\"application\/ld+json\" class=\"yoast-schema-graph\">{\"@context\":\"https:\\\/\\\/schema.org\",\"@graph\":[{\"@type\":\"Article\",\"@id\":\"https:\\\/\\\/www.ucaldas.edu.co\\\/portal\\\/en-u-de-caldas-se-realizaron-jornadas-quirurgicas\\\/#article\",\"isPartOf\":{\"@id\":\"https:\\\/\\\/www.ucaldas.edu.co\\\/portal\\\/en-u-de-caldas-se-realizaron-jornadas-quirurgicas\\\/\"},\"author\":{\"name\":\"ofiprensa\",\"@id\":\"https:\\\/\\\/www.ucaldas.edu.co\\\/portal\\\/#\\\/schema\\\/person\\\/a1b482e23449158b4bc319926c074fdf\"},\"headline\":\"En U. de Caldas se realizaron Jornadas Quir\u00fargicas\",\"datePublished\":\"2012-09-21T14:28:31+00:00\",\"mainEntityOfPage\":{\"@id\":\"https:\\\/\\\/www.ucaldas.edu.co\\\/portal\\\/en-u-de-caldas-se-realizaron-jornadas-quirurgicas\\\/\"},\"wordCount\":285,\"publisher\":{\"@id\":\"https:\\\/\\\/www.ucaldas.edu.co\\\/portal\\\/#organization\"},\"image\":{\"@id\":\"https:\\\/\\\/www.ucaldas.edu.co\\\/portal\\\/en-u-de-caldas-se-realizaron-jornadas-quirurgicas\\\/#primaryimage\"},\"thumbnailUrl\":\"http:\\\/\\\/www.ucaldas.edu.co\\\/images\\\/tmp\\\/jornadas_quirurgicas_ucaldas_2012.jpg\",\"articleSection\":[\"Actualidad\",\"Universidad al D\u00eda\"],\"inLanguage\":\"es\"},{\"@type\":\"WebPage\",\"@id\":\"https:\\\/\\\/www.ucaldas.edu.co\\\/portal\\\/en-u-de-caldas-se-realizaron-jornadas-quirurgicas\\\/\",\"url\":\"https:\\\/\\\/www.ucaldas.edu.co\\\/portal\\\/en-u-de-caldas-se-realizaron-jornadas-quirurgicas\\\/\",\"name\":\"En U. de Caldas se realizaron Jornadas Quir\u00fargicas .\",\"isPartOf\":{\"@id\":\"https:\\\/\\\/www.ucaldas.edu.co\\\/portal\\\/#website\"},\"primaryImageOfPage\":{\"@id\":\"https:\\\/\\\/www.ucaldas.edu.co\\\/portal\\\/en-u-de-caldas-se-realizaron-jornadas-quirurgicas\\\/#primaryimage\"},\"image\":{\"@id\":\"https:\\\/\\\/www.ucaldas.edu.co\\\/portal\\\/en-u-de-caldas-se-realizaron-jornadas-quirurgicas\\\/#primaryimage\"},\"thumbnailUrl\":\"http:\\\/\\\/www.ucaldas.edu.co\\\/images\\\/tmp\\\/jornadas_quirurgicas_ucaldas_2012.jpg\",\"datePublished\":\"2012-09-21T14:28:31+00:00\",\"breadcrumb\":{\"@id\":\"https:\\\/\\\/www.ucaldas.edu.co\\\/portal\\\/en-u-de-caldas-se-realizaron-jornadas-quirurgicas\\\/#breadcrumb\"},\"inLanguage\":\"es\",\"potentialAction\":[{\"@type\":\"ReadAction\",\"target\":[\"https:\\\/\\\/www.ucaldas.edu.co\\\/portal\\\/en-u-de-caldas-se-realizaron-jornadas-quirurgicas\\\/\"]}]},{\"@type\":\"ImageObject\",\"inLanguage\":\"es\",\"@id\":\"https:\\\/\\\/www.ucaldas.edu.co\\\/portal\\\/en-u-de-caldas-se-realizaron-jornadas-quirurgicas\\\/#primaryimage\",\"url\":\"http:\\\/\\\/www.ucaldas.edu.co\\\/images\\\/tmp\\\/jornadas_quirurgicas_ucaldas_2012.jpg\",\"contentUrl\":\"http:\\\/\\\/www.ucaldas.edu.co\\\/images\\\/tmp\\\/jornadas_quirurgicas_ucaldas_2012.jpg\"},{\"@type\":\"BreadcrumbList\",\"@id\":\"https:\\\/\\\/www.ucaldas.edu.co\\\/portal\\\/en-u-de-caldas-se-realizaron-jornadas-quirurgicas\\\/#breadcrumb\",\"itemListElement\":[{\"@type\":\"ListItem\",\"position\":1,\"name\":\"Portada\",\"item\":\"https:\\\/\\\/www.ucaldas.edu.co\\\/portal\\\/\"},{\"@type\":\"ListItem\",\"position\":2,\"name\":\"En U. de Caldas se realizaron Jornadas Quir\u00fargicas\"}]},{\"@type\":\"WebSite\",\"@id\":\"https:\\\/\\\/www.ucaldas.edu.co\\\/portal\\\/#website\",\"url\":\"https:\\\/\\\/www.ucaldas.edu.co\\\/portal\\\/\",\"name\":\"Universidad de Caldas\",\"description\":\"\",\"publisher\":{\"@id\":\"https:\\\/\\\/www.ucaldas.edu.co\\\/portal\\\/#organization\"},\"alternateName\":\"U. de Caldas\",\"potentialAction\":[{\"@type\":\"SearchAction\",\"target\":{\"@type\":\"EntryPoint\",\"urlTemplate\":\"https:\\\/\\\/www.ucaldas.edu.co\\\/portal\\\/?s={search_term_string}\"},\"query-input\":{\"@type\":\"PropertyValueSpecification\",\"valueRequired\":true,\"valueName\":\"search_term_string\"}}],\"inLanguage\":\"es\"},{\"@type\":\"Organization\",\"@id\":\"https:\\\/\\\/www.ucaldas.edu.co\\\/portal\\\/#organization\",\"name\":\"Universidad de Caldas\",\"alternateName\":\"U. de Caldas\",\"url\":\"https:\\\/\\\/www.ucaldas.edu.co\\\/portal\\\/\",\"logo\":{\"@type\":\"ImageObject\",\"inLanguage\":\"es\",\"@id\":\"https:\\\/\\\/www.ucaldas.edu.co\\\/portal\\\/#\\\/schema\\\/logo\\\/image\\\/\",\"url\":\"https:\\\/\\\/www.ucaldas.edu.co\\\/portal\\\/wp-content\\\/uploads\\\/2023\\\/11\\\/Logo_horizontal_oscuroU-2023.png\",\"contentUrl\":\"https:\\\/\\\/www.ucaldas.edu.co\\\/portal\\\/wp-content\\\/uploads\\\/2023\\\/11\\\/Logo_horizontal_oscuroU-2023.png\",\"width\":263,\"height\":101,\"caption\":\"Universidad de Caldas\"},\"image\":{\"@id\":\"https:\\\/\\\/www.ucaldas.edu.co\\\/portal\\\/#\\\/schema\\\/logo\\\/image\\\/\"},\"sameAs\":[\"https:\\\/\\\/www.facebook.com\\\/udecaldas\",\"https:\\\/\\\/x.com\\\/udecaldas\",\"https:\\\/\\\/www.youtube.com\\\/universidadcaldas\",\"https:\\\/\\\/www.instagram.com\\\/udecaldas\\\/\"]},{\"@type\":\"Person\",\"@id\":\"https:\\\/\\\/www.ucaldas.edu.co\\\/portal\\\/#\\\/schema\\\/person\\\/a1b482e23449158b4bc319926c074fdf\",\"name\":\"ofiprensa\",\"image\":{\"@type\":\"ImageObject\",\"inLanguage\":\"es\",\"@id\":\"https:\\\/\\\/www.ucaldas.edu.co\\\/portal\\\/wp-content\\\/litespeed\\\/avatar\\\/09ea5085e600095a7a811142c6944527.jpg?ver=1777497608\",\"url\":\"https:\\\/\\\/www.ucaldas.edu.co\\\/portal\\\/wp-content\\\/litespeed\\\/avatar\\\/09ea5085e600095a7a811142c6944527.jpg?ver=1777497608\",\"contentUrl\":\"https:\\\/\\\/www.ucaldas.edu.co\\\/portal\\\/wp-content\\\/litespeed\\\/avatar\\\/09ea5085e600095a7a811142c6944527.jpg?ver=1777497608\",\"caption\":\"ofiprensa\"},\"url\":\"https:\\\/\\\/www.ucaldas.edu.co\\\/portal\\\/author\\\/ofiprensa\\\/\"}]}<\/script>\n<!-- \/ Yoast SEO plugin. -->","yoast_head_json":{"title":"En U. de Caldas se realizaron Jornadas Quir\u00fargicas .","robots":{"index":"index","follow":"follow","max-snippet":"max-snippet:-1","max-image-preview":"max-image-preview:large","max-video-preview":"max-video-preview:-1"},"canonical":"https:\/\/www.ucaldas.edu.co\/portal\/en-u-de-caldas-se-realizaron-jornadas-quirurgicas\/","schema":{"@context":"https:\/\/schema.org","@graph":[{"@type":"Article","@id":"https:\/\/www.ucaldas.edu.co\/portal\/en-u-de-caldas-se-realizaron-jornadas-quirurgicas\/#article","isPartOf":{"@id":"https:\/\/www.ucaldas.edu.co\/portal\/en-u-de-caldas-se-realizaron-jornadas-quirurgicas\/"},"author":{"name":"ofiprensa","@id":"https:\/\/www.ucaldas.edu.co\/portal\/#\/schema\/person\/a1b482e23449158b4bc319926c074fdf"},"headline":"En U. de Caldas se realizaron Jornadas Quir\u00fargicas","datePublished":"2012-09-21T14:28:31+00:00","mainEntityOfPage":{"@id":"https:\/\/www.ucaldas.edu.co\/portal\/en-u-de-caldas-se-realizaron-jornadas-quirurgicas\/"},"wordCount":285,"publisher":{"@id":"https:\/\/www.ucaldas.edu.co\/portal\/#organization"},"image":{"@id":"https:\/\/www.ucaldas.edu.co\/portal\/en-u-de-caldas-se-realizaron-jornadas-quirurgicas\/#primaryimage"},"thumbnailUrl":"http:\/\/www.ucaldas.edu.co\/images\/tmp\/jornadas_quirurgicas_ucaldas_2012.jpg","articleSection":["Actualidad","Universidad al D\u00eda"],"inLanguage":"es"},{"@type":"WebPage","@id":"https:\/\/www.ucaldas.edu.co\/portal\/en-u-de-caldas-se-realizaron-jornadas-quirurgicas\/","url":"https:\/\/www.ucaldas.edu.co\/portal\/en-u-de-caldas-se-realizaron-jornadas-quirurgicas\/","name":"En U. de Caldas se realizaron Jornadas Quir\u00fargicas .","isPartOf":{"@id":"https:\/\/www.ucaldas.edu.co\/portal\/#website"},"primaryImageOfPage":{"@id":"https:\/\/www.ucaldas.edu.co\/portal\/en-u-de-caldas-se-realizaron-jornadas-quirurgicas\/#primaryimage"},"image":{"@id":"https:\/\/www.ucaldas.edu.co\/portal\/en-u-de-caldas-se-realizaron-jornadas-quirurgicas\/#primaryimage"},"thumbnailUrl":"http:\/\/www.ucaldas.edu.co\/images\/tmp\/jornadas_quirurgicas_ucaldas_2012.jpg","datePublished":"2012-09-21T14:28:31+00:00","breadcrumb":{"@id":"https:\/\/www.ucaldas.edu.co\/portal\/en-u-de-caldas-se-realizaron-jornadas-quirurgicas\/#breadcrumb"},"inLanguage":"es","potentialAction":[{"@type":"ReadAction","target":["https:\/\/www.ucaldas.edu.co\/portal\/en-u-de-caldas-se-realizaron-jornadas-quirurgicas\/"]}]},{"@type":"ImageObject","inLanguage":"es","@id":"https:\/\/www.ucaldas.edu.co\/portal\/en-u-de-caldas-se-realizaron-jornadas-quirurgicas\/#primaryimage","url":"http:\/\/www.ucaldas.edu.co\/images\/tmp\/jornadas_quirurgicas_ucaldas_2012.jpg","contentUrl":"http:\/\/www.ucaldas.edu.co\/images\/tmp\/jornadas_quirurgicas_ucaldas_2012.jpg"},{"@type":"BreadcrumbList","@id":"https:\/\/www.ucaldas.edu.co\/portal\/en-u-de-caldas-se-realizaron-jornadas-quirurgicas\/#breadcrumb","itemListElement":[{"@type":"ListItem","position":1,"name":"Portada","item":"https:\/\/www.ucaldas.edu.co\/portal\/"},{"@type":"ListItem","position":2,"name":"En U. de Caldas se realizaron Jornadas Quir\u00fargicas"}]},{"@type":"WebSite","@id":"https:\/\/www.ucaldas.edu.co\/portal\/#website","url":"https:\/\/www.ucaldas.edu.co\/portal\/","name":"Universidad de Caldas","description":"","publisher":{"@id":"https:\/\/www.ucaldas.edu.co\/portal\/#organization"},"alternateName":"U. de Caldas","potentialAction":[{"@type":"SearchAction","target":{"@type":"EntryPoint","urlTemplate":"https:\/\/www.ucaldas.edu.co\/portal\/?s={search_term_string}"},"query-input":{"@type":"PropertyValueSpecification","valueRequired":true,"valueName":"search_term_string"}}],"inLanguage":"es"},{"@type":"Organization","@id":"https:\/\/www.ucaldas.edu.co\/portal\/#organization","name":"Universidad de Caldas","alternateName":"U. de Caldas","url":"https:\/\/www.ucaldas.edu.co\/portal\/","logo":{"@type":"ImageObject","inLanguage":"es","@id":"https:\/\/www.ucaldas.edu.co\/portal\/#\/schema\/logo\/image\/","url":"https:\/\/www.ucaldas.edu.co\/portal\/wp-content\/uploads\/2023\/11\/Logo_horizontal_oscuroU-2023.png","contentUrl":"https:\/\/www.ucaldas.edu.co\/portal\/wp-content\/uploads\/2023\/11\/Logo_horizontal_oscuroU-2023.png","width":263,"height":101,"caption":"Universidad de Caldas"},"image":{"@id":"https:\/\/www.ucaldas.edu.co\/portal\/#\/schema\/logo\/image\/"},"sameAs":["https:\/\/www.facebook.com\/udecaldas","https:\/\/x.com\/udecaldas","https:\/\/www.youtube.com\/universidadcaldas","https:\/\/www.instagram.com\/udecaldas\/"]},{"@type":"Person","@id":"https:\/\/www.ucaldas.edu.co\/portal\/#\/schema\/person\/a1b482e23449158b4bc319926c074fdf","name":"ofiprensa","image":{"@type":"ImageObject","inLanguage":"es","@id":"https:\/\/www.ucaldas.edu.co\/portal\/wp-content\/litespeed\/avatar\/09ea5085e600095a7a811142c6944527.jpg?ver=1777497608","url":"https:\/\/www.ucaldas.edu.co\/portal\/wp-content\/litespeed\/avatar\/09ea5085e600095a7a811142c6944527.jpg?ver=1777497608","contentUrl":"https:\/\/www.ucaldas.edu.co\/portal\/wp-content\/litespeed\/avatar\/09ea5085e600095a7a811142c6944527.jpg?ver=1777497608","caption":"ofiprensa"},"url":"https:\/\/www.ucaldas.edu.co\/portal\/author\/ofiprensa\/"}]}},"_links":{"self":[{"href":"https:\/\/www.ucaldas.edu.co\/portal\/wp-json\/wp\/v2\/posts\/11679","targetHints":{"allow":["GET"]}}],"collection":[{"href":"https:\/\/www.ucaldas.edu.co\/portal\/wp-json\/wp\/v2\/posts"}],"about":[{"href":"https:\/\/www.ucaldas.edu.co\/portal\/wp-json\/wp\/v2\/types\/post"}],"author":[{"embeddable":true,"href":"https:\/\/www.ucaldas.edu.co\/portal\/wp-json\/wp\/v2\/users\/2"}],"replies":[{"embeddable":true,"href":"https:\/\/www.ucaldas.edu.co\/portal\/wp-json\/wp\/v2\/comments?post=11679"}],"version-history":[{"count":0,"href":"https:\/\/www.ucaldas.edu.co\/portal\/wp-json\/wp\/v2\/posts\/11679\/revisions"}],"wp:attachment":[{"href":"https:\/\/www.ucaldas.edu.co\/portal\/wp-json\/wp\/v2\/media?parent=11679"}],"wp:term":[{"taxonomy":"category","embeddable":true,"href":"https:\/\/www.ucaldas.edu.co\/portal\/wp-json\/wp\/v2\/categories?post=11679"},{"taxonomy":"post_tag","embeddable":true,"href":"https:\/\/www.ucaldas.edu.co\/portal\/wp-json\/wp\/v2\/tags?post=11679"}],"curies":[{"name":"wp","href":"https:\/\/api.w.org\/{rel}","templated":true}]}}