{"id":11677,"date":"2012-09-21T09:27:20","date_gmt":"2012-09-21T14:27:20","guid":{"rendered":"https:\/\/www.ucaldas.edu.co\/portal\/?p=11677"},"modified":"2012-09-21T09:27:20","modified_gmt":"2012-09-21T14:27:20","slug":"u-de-caldas-analizo-tendencias-futuras-de-antioxidantes-y-envejecimiento","status":"publish","type":"post","link":"https:\/\/www.ucaldas.edu.co\/portal\/u-de-caldas-analizo-tendencias-futuras-de-antioxidantes-y-envejecimiento\/","title":{"rendered":"U. de Caldas analiz\u00f3 tendencias futuras  de antioxidantes y envejecimiento"},"content":{"rendered":"<p align=\"center\">En encuentro organizado por Doctorado en Ciencias Agrarias de la Instituci\u00f3n<\/p>\n<p align=\"right\">21\/09\/2012<\/p>\n<hr \/>\n<p align=\"right\">Redacci\u00f3n: Margarita Laverde Galvis<\/p>\n<p>&nbsp;<\/p>\n<table border=\"0\">\n<tbody>\n<tr>\n<td>&nbsp;<\/p>\n<p><img loading=\"lazy\" decoding=\"async\" style=\"border: 0px\" title=\"Conferencia\" alt=\"Conferencia\" src=\"http:\/\/www.ucaldas.edu.co\/images\/tmp\/conferencia_envejecimiento_2012.jpg\" width=\"240\" height=\"150\" border=\"0\" \/><\/p>\n<h4>Foto: Mar\u00eda Fernanda Restrepo Torres \/ Prensa U. de Caldas.<\/h4>\n<\/td>\n<td>John Harvey Gaviria Calder\u00f3n,\u00a0<b>m\u00e9dico cirujano de la Universidad de Caldas<\/b>,\u00a0<b>orient\u00f3 en la Instituci\u00f3n<\/b>\u00a0una\u00a0<b>conferencia<\/b>\u00a0sobre\u00a0<b>antioxidantes y envejecimiento<\/b>, este\u00a0<b>viernes 21<\/b>\u00a0de\u00a0<b>septiembre<\/b>\u00a0del 2012. El invitado\u00a0<b>pertenece<\/b>\u00a0a la\u00a0<b>Asociaci\u00f3n Colombiana de Dermatolog\u00eda<\/b>\u00a0y es\u00a0<b>miembro honorario<\/b>\u00a0de la\u00a0<b>Academia Mexicana de Dermatolog\u00eda<\/b>.<\/td>\n<\/tr>\n<\/tbody>\n<\/table>\n<p>&nbsp;<\/p>\n<p>\u201cEl envejecimiento se da porque fundamentalmente nos oxidamos, es decir, nuestra planta productora de energ\u00eda tambi\u00e9n produce esmog<i>,\u00a0<\/i>que se va acumulando dentro de las c\u00e9lulas y va produciendo un deterioro sumado y global de la funci\u00f3n celular\u201d, coment\u00f3\u00a0Gaviria Calder\u00f3n.<\/p>\n<p>&nbsp;<\/p>\n<p>\u201cHoy en d\u00eda sabemos cu\u00e1les son los mecanismos que nos producen envejecimiento y c\u00f3mo podemos te\u00f3ricamente disminuirlos, lo que sucede es que se conocen mecanismos individuales a nivel investigativo, pero todav\u00eda tenemos que esperar a que se nos vayan envejeciendo nuestras c\u00e9lulas en poblaciones normales, para ver esas teor\u00edas que tan aplicables son o no\u201d, coment\u00f3 el invitado.<\/p>\n<p>&nbsp;<\/p>\n<p>El evento lo\u00a0<b>organiz\u00f3 el Doctorado en Ciencias Agrarias de la U. de Caldas.<\/b><\/p>\n<p><b>\u00a0<\/b><\/p>\n<p><a href=\"http:\/\/www.facebook.com\/media\/set\/?set=a.412915742103630.97174.107054166023124&amp;type=3\" target=\"_blank\">Conozca aqu\u00ed im\u00e1genes de la conferencia sobre antioxidantes y envejecimiento<\/a><\/p>\n<p>&nbsp;<\/p>\n<p><b>Informes:<\/b>\u00a0Doctorado en Ciencias Agrarias, tel\u00e9fono 878 15 00, extensi\u00f3n\u00a0 15 661.<\/p>\n","protected":false},"excerpt":{"rendered":"<p>En encuentro organizado por Doctorado en Ciencias Agrarias de la Instituci\u00f3n 21\/09\/2012 Redacci\u00f3n: Margarita Laverde Galvis &nbsp; &nbsp; Foto: Mar\u00eda Fernanda Restrepo Torres \/ Prensa U. de Caldas. John Harvey Gaviria Calder\u00f3n,\u00a0m\u00e9dico cirujano de la Universidad de Caldas,\u00a0orient\u00f3 en la Instituci\u00f3n\u00a0una\u00a0conferencia\u00a0sobre\u00a0antioxidantes y envejecimiento, este\u00a0viernes 21\u00a0de\u00a0septiembre\u00a0del 2012. El invitado\u00a0pertenece\u00a0a la\u00a0Asociaci\u00f3n Colombiana de Dermatolog\u00eda\u00a0y es\u00a0miembro honorario\u00a0de la\u00a0Academia [&hellip;]<\/p>\n","protected":false},"author":2,"featured_media":0,"comment_status":"closed","ping_status":"closed","sticky":false,"template":"","format":"standard","meta":{"footnotes":""},"categories":[48,53],"tags":[],"class_list":["post-11677","post","type-post","status-publish","format-standard","hentry","category-actualidad","category-universidad-al-dia"],"yoast_head":"<!-- This site is optimized with the Yoast SEO plugin v27.5 - https:\/\/yoast.com\/product\/yoast-seo-wordpress\/ -->\n<title>U. de Caldas analiz\u00f3 tendencias futuras de antioxidantes y envejecimiento .<\/title>\n<meta name=\"robots\" content=\"index, follow, max-snippet:-1, max-image-preview:large, max-video-preview:-1\" \/>\n<link rel=\"canonical\" href=\"https:\/\/www.ucaldas.edu.co\/portal\/u-de-caldas-analizo-tendencias-futuras-de-antioxidantes-y-envejecimiento\/\" \/>\n<script type=\"application\/ld+json\" class=\"yoast-schema-graph\">{\"@context\":\"https:\\\/\\\/schema.org\",\"@graph\":[{\"@type\":\"Article\",\"@id\":\"https:\\\/\\\/www.ucaldas.edu.co\\\/portal\\\/u-de-caldas-analizo-tendencias-futuras-de-antioxidantes-y-envejecimiento\\\/#article\",\"isPartOf\":{\"@id\":\"https:\\\/\\\/www.ucaldas.edu.co\\\/portal\\\/u-de-caldas-analizo-tendencias-futuras-de-antioxidantes-y-envejecimiento\\\/\"},\"author\":{\"name\":\"ofiprensa\",\"@id\":\"https:\\\/\\\/www.ucaldas.edu.co\\\/portal\\\/#\\\/schema\\\/person\\\/a1b482e23449158b4bc319926c074fdf\"},\"headline\":\"U. de Caldas analiz\u00f3 tendencias futuras de antioxidantes y envejecimiento\",\"datePublished\":\"2012-09-21T14:27:20+00:00\",\"mainEntityOfPage\":{\"@id\":\"https:\\\/\\\/www.ucaldas.edu.co\\\/portal\\\/u-de-caldas-analizo-tendencias-futuras-de-antioxidantes-y-envejecimiento\\\/\"},\"wordCount\":239,\"publisher\":{\"@id\":\"https:\\\/\\\/www.ucaldas.edu.co\\\/portal\\\/#organization\"},\"image\":{\"@id\":\"https:\\\/\\\/www.ucaldas.edu.co\\\/portal\\\/u-de-caldas-analizo-tendencias-futuras-de-antioxidantes-y-envejecimiento\\\/#primaryimage\"},\"thumbnailUrl\":\"http:\\\/\\\/www.ucaldas.edu.co\\\/images\\\/tmp\\\/conferencia_envejecimiento_2012.jpg\",\"articleSection\":[\"Actualidad\",\"Universidad al D\u00eda\"],\"inLanguage\":\"es\"},{\"@type\":\"WebPage\",\"@id\":\"https:\\\/\\\/www.ucaldas.edu.co\\\/portal\\\/u-de-caldas-analizo-tendencias-futuras-de-antioxidantes-y-envejecimiento\\\/\",\"url\":\"https:\\\/\\\/www.ucaldas.edu.co\\\/portal\\\/u-de-caldas-analizo-tendencias-futuras-de-antioxidantes-y-envejecimiento\\\/\",\"name\":\"U. de Caldas analiz\u00f3 tendencias futuras de antioxidantes y envejecimiento .\",\"isPartOf\":{\"@id\":\"https:\\\/\\\/www.ucaldas.edu.co\\\/portal\\\/#website\"},\"primaryImageOfPage\":{\"@id\":\"https:\\\/\\\/www.ucaldas.edu.co\\\/portal\\\/u-de-caldas-analizo-tendencias-futuras-de-antioxidantes-y-envejecimiento\\\/#primaryimage\"},\"image\":{\"@id\":\"https:\\\/\\\/www.ucaldas.edu.co\\\/portal\\\/u-de-caldas-analizo-tendencias-futuras-de-antioxidantes-y-envejecimiento\\\/#primaryimage\"},\"thumbnailUrl\":\"http:\\\/\\\/www.ucaldas.edu.co\\\/images\\\/tmp\\\/conferencia_envejecimiento_2012.jpg\",\"datePublished\":\"2012-09-21T14:27:20+00:00\",\"breadcrumb\":{\"@id\":\"https:\\\/\\\/www.ucaldas.edu.co\\\/portal\\\/u-de-caldas-analizo-tendencias-futuras-de-antioxidantes-y-envejecimiento\\\/#breadcrumb\"},\"inLanguage\":\"es\",\"potentialAction\":[{\"@type\":\"ReadAction\",\"target\":[\"https:\\\/\\\/www.ucaldas.edu.co\\\/portal\\\/u-de-caldas-analizo-tendencias-futuras-de-antioxidantes-y-envejecimiento\\\/\"]}]},{\"@type\":\"ImageObject\",\"inLanguage\":\"es\",\"@id\":\"https:\\\/\\\/www.ucaldas.edu.co\\\/portal\\\/u-de-caldas-analizo-tendencias-futuras-de-antioxidantes-y-envejecimiento\\\/#primaryimage\",\"url\":\"http:\\\/\\\/www.ucaldas.edu.co\\\/images\\\/tmp\\\/conferencia_envejecimiento_2012.jpg\",\"contentUrl\":\"http:\\\/\\\/www.ucaldas.edu.co\\\/images\\\/tmp\\\/conferencia_envejecimiento_2012.jpg\"},{\"@type\":\"BreadcrumbList\",\"@id\":\"https:\\\/\\\/www.ucaldas.edu.co\\\/portal\\\/u-de-caldas-analizo-tendencias-futuras-de-antioxidantes-y-envejecimiento\\\/#breadcrumb\",\"itemListElement\":[{\"@type\":\"ListItem\",\"position\":1,\"name\":\"Portada\",\"item\":\"https:\\\/\\\/www.ucaldas.edu.co\\\/portal\\\/\"},{\"@type\":\"ListItem\",\"position\":2,\"name\":\"U. de Caldas analiz\u00f3 tendencias futuras de antioxidantes y envejecimiento\"}]},{\"@type\":\"WebSite\",\"@id\":\"https:\\\/\\\/www.ucaldas.edu.co\\\/portal\\\/#website\",\"url\":\"https:\\\/\\\/www.ucaldas.edu.co\\\/portal\\\/\",\"name\":\"Universidad de Caldas\",\"description\":\"\",\"publisher\":{\"@id\":\"https:\\\/\\\/www.ucaldas.edu.co\\\/portal\\\/#organization\"},\"alternateName\":\"U. de Caldas\",\"potentialAction\":[{\"@type\":\"SearchAction\",\"target\":{\"@type\":\"EntryPoint\",\"urlTemplate\":\"https:\\\/\\\/www.ucaldas.edu.co\\\/portal\\\/?s={search_term_string}\"},\"query-input\":{\"@type\":\"PropertyValueSpecification\",\"valueRequired\":true,\"valueName\":\"search_term_string\"}}],\"inLanguage\":\"es\"},{\"@type\":\"Organization\",\"@id\":\"https:\\\/\\\/www.ucaldas.edu.co\\\/portal\\\/#organization\",\"name\":\"Universidad de Caldas\",\"alternateName\":\"U. de Caldas\",\"url\":\"https:\\\/\\\/www.ucaldas.edu.co\\\/portal\\\/\",\"logo\":{\"@type\":\"ImageObject\",\"inLanguage\":\"es\",\"@id\":\"https:\\\/\\\/www.ucaldas.edu.co\\\/portal\\\/#\\\/schema\\\/logo\\\/image\\\/\",\"url\":\"https:\\\/\\\/www.ucaldas.edu.co\\\/portal\\\/wp-content\\\/uploads\\\/2023\\\/11\\\/Logo_horizontal_oscuroU-2023.png\",\"contentUrl\":\"https:\\\/\\\/www.ucaldas.edu.co\\\/portal\\\/wp-content\\\/uploads\\\/2023\\\/11\\\/Logo_horizontal_oscuroU-2023.png\",\"width\":263,\"height\":101,\"caption\":\"Universidad de Caldas\"},\"image\":{\"@id\":\"https:\\\/\\\/www.ucaldas.edu.co\\\/portal\\\/#\\\/schema\\\/logo\\\/image\\\/\"},\"sameAs\":[\"https:\\\/\\\/www.facebook.com\\\/udecaldas\",\"https:\\\/\\\/x.com\\\/udecaldas\",\"https:\\\/\\\/www.youtube.com\\\/universidadcaldas\",\"https:\\\/\\\/www.instagram.com\\\/udecaldas\\\/\"]},{\"@type\":\"Person\",\"@id\":\"https:\\\/\\\/www.ucaldas.edu.co\\\/portal\\\/#\\\/schema\\\/person\\\/a1b482e23449158b4bc319926c074fdf\",\"name\":\"ofiprensa\",\"image\":{\"@type\":\"ImageObject\",\"inLanguage\":\"es\",\"@id\":\"https:\\\/\\\/www.ucaldas.edu.co\\\/portal\\\/wp-content\\\/litespeed\\\/avatar\\\/09ea5085e600095a7a811142c6944527.jpg?ver=1777497608\",\"url\":\"https:\\\/\\\/www.ucaldas.edu.co\\\/portal\\\/wp-content\\\/litespeed\\\/avatar\\\/09ea5085e600095a7a811142c6944527.jpg?ver=1777497608\",\"contentUrl\":\"https:\\\/\\\/www.ucaldas.edu.co\\\/portal\\\/wp-content\\\/litespeed\\\/avatar\\\/09ea5085e600095a7a811142c6944527.jpg?ver=1777497608\",\"caption\":\"ofiprensa\"},\"url\":\"https:\\\/\\\/www.ucaldas.edu.co\\\/portal\\\/author\\\/ofiprensa\\\/\"}]}<\/script>\n<!-- \/ Yoast SEO plugin. -->","yoast_head_json":{"title":"U. de Caldas analiz\u00f3 tendencias futuras de antioxidantes y envejecimiento .","robots":{"index":"index","follow":"follow","max-snippet":"max-snippet:-1","max-image-preview":"max-image-preview:large","max-video-preview":"max-video-preview:-1"},"canonical":"https:\/\/www.ucaldas.edu.co\/portal\/u-de-caldas-analizo-tendencias-futuras-de-antioxidantes-y-envejecimiento\/","schema":{"@context":"https:\/\/schema.org","@graph":[{"@type":"Article","@id":"https:\/\/www.ucaldas.edu.co\/portal\/u-de-caldas-analizo-tendencias-futuras-de-antioxidantes-y-envejecimiento\/#article","isPartOf":{"@id":"https:\/\/www.ucaldas.edu.co\/portal\/u-de-caldas-analizo-tendencias-futuras-de-antioxidantes-y-envejecimiento\/"},"author":{"name":"ofiprensa","@id":"https:\/\/www.ucaldas.edu.co\/portal\/#\/schema\/person\/a1b482e23449158b4bc319926c074fdf"},"headline":"U. de Caldas analiz\u00f3 tendencias futuras de antioxidantes y envejecimiento","datePublished":"2012-09-21T14:27:20+00:00","mainEntityOfPage":{"@id":"https:\/\/www.ucaldas.edu.co\/portal\/u-de-caldas-analizo-tendencias-futuras-de-antioxidantes-y-envejecimiento\/"},"wordCount":239,"publisher":{"@id":"https:\/\/www.ucaldas.edu.co\/portal\/#organization"},"image":{"@id":"https:\/\/www.ucaldas.edu.co\/portal\/u-de-caldas-analizo-tendencias-futuras-de-antioxidantes-y-envejecimiento\/#primaryimage"},"thumbnailUrl":"http:\/\/www.ucaldas.edu.co\/images\/tmp\/conferencia_envejecimiento_2012.jpg","articleSection":["Actualidad","Universidad al D\u00eda"],"inLanguage":"es"},{"@type":"WebPage","@id":"https:\/\/www.ucaldas.edu.co\/portal\/u-de-caldas-analizo-tendencias-futuras-de-antioxidantes-y-envejecimiento\/","url":"https:\/\/www.ucaldas.edu.co\/portal\/u-de-caldas-analizo-tendencias-futuras-de-antioxidantes-y-envejecimiento\/","name":"U. de Caldas analiz\u00f3 tendencias futuras de antioxidantes y envejecimiento .","isPartOf":{"@id":"https:\/\/www.ucaldas.edu.co\/portal\/#website"},"primaryImageOfPage":{"@id":"https:\/\/www.ucaldas.edu.co\/portal\/u-de-caldas-analizo-tendencias-futuras-de-antioxidantes-y-envejecimiento\/#primaryimage"},"image":{"@id":"https:\/\/www.ucaldas.edu.co\/portal\/u-de-caldas-analizo-tendencias-futuras-de-antioxidantes-y-envejecimiento\/#primaryimage"},"thumbnailUrl":"http:\/\/www.ucaldas.edu.co\/images\/tmp\/conferencia_envejecimiento_2012.jpg","datePublished":"2012-09-21T14:27:20+00:00","breadcrumb":{"@id":"https:\/\/www.ucaldas.edu.co\/portal\/u-de-caldas-analizo-tendencias-futuras-de-antioxidantes-y-envejecimiento\/#breadcrumb"},"inLanguage":"es","potentialAction":[{"@type":"ReadAction","target":["https:\/\/www.ucaldas.edu.co\/portal\/u-de-caldas-analizo-tendencias-futuras-de-antioxidantes-y-envejecimiento\/"]}]},{"@type":"ImageObject","inLanguage":"es","@id":"https:\/\/www.ucaldas.edu.co\/portal\/u-de-caldas-analizo-tendencias-futuras-de-antioxidantes-y-envejecimiento\/#primaryimage","url":"http:\/\/www.ucaldas.edu.co\/images\/tmp\/conferencia_envejecimiento_2012.jpg","contentUrl":"http:\/\/www.ucaldas.edu.co\/images\/tmp\/conferencia_envejecimiento_2012.jpg"},{"@type":"BreadcrumbList","@id":"https:\/\/www.ucaldas.edu.co\/portal\/u-de-caldas-analizo-tendencias-futuras-de-antioxidantes-y-envejecimiento\/#breadcrumb","itemListElement":[{"@type":"ListItem","position":1,"name":"Portada","item":"https:\/\/www.ucaldas.edu.co\/portal\/"},{"@type":"ListItem","position":2,"name":"U. de Caldas analiz\u00f3 tendencias futuras de antioxidantes y envejecimiento"}]},{"@type":"WebSite","@id":"https:\/\/www.ucaldas.edu.co\/portal\/#website","url":"https:\/\/www.ucaldas.edu.co\/portal\/","name":"Universidad de Caldas","description":"","publisher":{"@id":"https:\/\/www.ucaldas.edu.co\/portal\/#organization"},"alternateName":"U. de Caldas","potentialAction":[{"@type":"SearchAction","target":{"@type":"EntryPoint","urlTemplate":"https:\/\/www.ucaldas.edu.co\/portal\/?s={search_term_string}"},"query-input":{"@type":"PropertyValueSpecification","valueRequired":true,"valueName":"search_term_string"}}],"inLanguage":"es"},{"@type":"Organization","@id":"https:\/\/www.ucaldas.edu.co\/portal\/#organization","name":"Universidad de Caldas","alternateName":"U. de Caldas","url":"https:\/\/www.ucaldas.edu.co\/portal\/","logo":{"@type":"ImageObject","inLanguage":"es","@id":"https:\/\/www.ucaldas.edu.co\/portal\/#\/schema\/logo\/image\/","url":"https:\/\/www.ucaldas.edu.co\/portal\/wp-content\/uploads\/2023\/11\/Logo_horizontal_oscuroU-2023.png","contentUrl":"https:\/\/www.ucaldas.edu.co\/portal\/wp-content\/uploads\/2023\/11\/Logo_horizontal_oscuroU-2023.png","width":263,"height":101,"caption":"Universidad de Caldas"},"image":{"@id":"https:\/\/www.ucaldas.edu.co\/portal\/#\/schema\/logo\/image\/"},"sameAs":["https:\/\/www.facebook.com\/udecaldas","https:\/\/x.com\/udecaldas","https:\/\/www.youtube.com\/universidadcaldas","https:\/\/www.instagram.com\/udecaldas\/"]},{"@type":"Person","@id":"https:\/\/www.ucaldas.edu.co\/portal\/#\/schema\/person\/a1b482e23449158b4bc319926c074fdf","name":"ofiprensa","image":{"@type":"ImageObject","inLanguage":"es","@id":"https:\/\/www.ucaldas.edu.co\/portal\/wp-content\/litespeed\/avatar\/09ea5085e600095a7a811142c6944527.jpg?ver=1777497608","url":"https:\/\/www.ucaldas.edu.co\/portal\/wp-content\/litespeed\/avatar\/09ea5085e600095a7a811142c6944527.jpg?ver=1777497608","contentUrl":"https:\/\/www.ucaldas.edu.co\/portal\/wp-content\/litespeed\/avatar\/09ea5085e600095a7a811142c6944527.jpg?ver=1777497608","caption":"ofiprensa"},"url":"https:\/\/www.ucaldas.edu.co\/portal\/author\/ofiprensa\/"}]}},"_links":{"self":[{"href":"https:\/\/www.ucaldas.edu.co\/portal\/wp-json\/wp\/v2\/posts\/11677","targetHints":{"allow":["GET"]}}],"collection":[{"href":"https:\/\/www.ucaldas.edu.co\/portal\/wp-json\/wp\/v2\/posts"}],"about":[{"href":"https:\/\/www.ucaldas.edu.co\/portal\/wp-json\/wp\/v2\/types\/post"}],"author":[{"embeddable":true,"href":"https:\/\/www.ucaldas.edu.co\/portal\/wp-json\/wp\/v2\/users\/2"}],"replies":[{"embeddable":true,"href":"https:\/\/www.ucaldas.edu.co\/portal\/wp-json\/wp\/v2\/comments?post=11677"}],"version-history":[{"count":0,"href":"https:\/\/www.ucaldas.edu.co\/portal\/wp-json\/wp\/v2\/posts\/11677\/revisions"}],"wp:attachment":[{"href":"https:\/\/www.ucaldas.edu.co\/portal\/wp-json\/wp\/v2\/media?parent=11677"}],"wp:term":[{"taxonomy":"category","embeddable":true,"href":"https:\/\/www.ucaldas.edu.co\/portal\/wp-json\/wp\/v2\/categories?post=11677"},{"taxonomy":"post_tag","embeddable":true,"href":"https:\/\/www.ucaldas.edu.co\/portal\/wp-json\/wp\/v2\/tags?post=11677"}],"curies":[{"name":"wp","href":"https:\/\/api.w.org\/{rel}","templated":true}]}}