{"id":11675,"date":"2012-09-21T09:26:19","date_gmt":"2012-09-21T14:26:19","guid":{"rendered":"https:\/\/www.ucaldas.edu.co\/portal\/?p=11675"},"modified":"2012-09-21T09:26:19","modified_gmt":"2012-09-21T14:26:19","slug":"130-estudiantes-de-zonas-rurales-visitaran-la-u-de-caldas","status":"publish","type":"post","link":"https:\/\/www.ucaldas.edu.co\/portal\/130-estudiantes-de-zonas-rurales-visitaran-la-u-de-caldas\/","title":{"rendered":"130 estudiantes de zonas rurales   visitar\u00e1n la U. de Caldas"},"content":{"rendered":"<p align=\"center\">J\u00f3venes cursan Programa T\u00e9cnico en Producci\u00f3n Agropecuaria Sostenible<\/p>\n<p align=\"center\">\n<p align=\"right\">21\/09\/2012<\/p>\n<hr \/>\n<p align=\"right\">Redacci\u00f3n: Mar\u00eda Fernanda Restrepo Torres<\/p>\n<table border=\"0\">\n<tbody>\n<tr>\n<td><img loading=\"lazy\" decoding=\"async\" style=\"border: 0px\" title=\"U. en el Campo\" alt=\"U. en el Campo\" src=\"http:\/\/www.ucaldas.edu.co\/images\/tmp\/universidad_en_campo_logo_2012.jpg\" width=\"240\" height=\"150\" border=\"0\" \/><\/td>\n<td>\u00a0<b>130 estudiantes<\/b>\u00a0de\u00a0<b>zonas rurales<\/b>\u00a0de\u00a0<b>Colombia<\/b>\u00a0<b>visitar\u00e1n<\/b>\u00a0la\u00a0<b>Universidad de Caldas<\/b>\u00a0el pr\u00f3ximo jueves\u00a0<b>27 de septiembre\u00a0<\/b>del<b>\u00a02012<\/b>, con el fin de recibir una\u00a0<b>inducci\u00f3n<\/b>\u00a0a la\u00a0<b>vida universitaria,\u00a0<\/b>que<b>\u00a0busca generar<\/b>\u00a0en ellos\u00a0<b>sentido de pertenencia institucional<\/b>\u00a0y fortalecer su\u00a0<b>proyecci\u00f3n<\/b>.<\/td>\n<\/tr>\n<\/tbody>\n<\/table>\n<p>Estos j\u00f3venes\u00a0<b>cursan el Programa T\u00e9cnico Profesional en Producci\u00f3n Agropecuaria Sostenible<\/b>\u00a0y paralelamente\u00a0<b>adelantan estudios de formaci\u00f3n media<\/b>. Los estudiantes\u00a0<b>provienen de 3 instituciones educativas<\/b>\u00a0de Andes (<b>Antioquia<\/b>), Cartago (<b>Valle del Cauca<\/b>) y Riosucio (<b>Caldas<\/b>), respectivamente.<\/p>\n<p>El\u00a0<b>proyecto\u00a0<i>Universidad en el Campo<\/i>\u00a0<i>para Latinoam\u00e9rica<\/i>\u00a0es financiado<\/b>\u00a0por la\u00a0<b>Uni\u00f3n Europea<\/b>\u00a0y en \u00e9l\u00a0<b>participa la U. de Caldas<\/b>\u00a0<b>en alianza<\/b>\u00a0con la U. Mayor de San Andr\u00e9s (<b>Bolivia<\/b>), U. Aut\u00f3noma del Estado de Hidalgo (<b>M\u00e9xico<\/b>) y la U. Nacional Aut\u00f3noma (<b>Nicaragua<\/b>).<\/p>\n<p>Adem\u00e1s,\u00a0<b>se cuenta con asesor\u00eda<\/b>\u00a0de la U. de Valladolid (<b>Espa\u00f1a<\/b>) y U. Guglielmo Marconi (<b>Italia<\/b>).<\/p>\n<p><b>Informes:<\/b>\u00a0Programa Universidad en el Campo, tel\u00e9fono 878 15 73.<\/p>\n","protected":false},"excerpt":{"rendered":"<p>J\u00f3venes cursan Programa T\u00e9cnico en Producci\u00f3n Agropecuaria Sostenible 21\/09\/2012 Redacci\u00f3n: Mar\u00eda Fernanda Restrepo Torres \u00a0130 estudiantes\u00a0de\u00a0zonas rurales\u00a0de\u00a0Colombia\u00a0visitar\u00e1n\u00a0la\u00a0Universidad de Caldas\u00a0el pr\u00f3ximo jueves\u00a027 de septiembre\u00a0del\u00a02012, con el fin de recibir una\u00a0inducci\u00f3n\u00a0a la\u00a0vida universitaria,\u00a0que\u00a0busca generar\u00a0en ellos\u00a0sentido de pertenencia institucional\u00a0y fortalecer su\u00a0proyecci\u00f3n. Estos j\u00f3venes\u00a0cursan el Programa T\u00e9cnico Profesional en Producci\u00f3n Agropecuaria Sostenible\u00a0y paralelamente\u00a0adelantan estudios de formaci\u00f3n media. Los estudiantes\u00a0provienen [&hellip;]<\/p>\n","protected":false},"author":2,"featured_media":0,"comment_status":"closed","ping_status":"closed","sticky":false,"template":"","format":"standard","meta":{"footnotes":""},"categories":[48,53],"tags":[],"class_list":["post-11675","post","type-post","status-publish","format-standard","hentry","category-actualidad","category-universidad-al-dia"],"yoast_head":"<!-- This site is optimized with the Yoast SEO plugin v27.5 - https:\/\/yoast.com\/product\/yoast-seo-wordpress\/ -->\n<title>130 estudiantes de zonas rurales  visitar\u00e1n la U. de Caldas .<\/title>\n<meta name=\"robots\" content=\"index, follow, max-snippet:-1, max-image-preview:large, max-video-preview:-1\" \/>\n<link rel=\"canonical\" href=\"https:\/\/www.ucaldas.edu.co\/portal\/130-estudiantes-de-zonas-rurales-visitaran-la-u-de-caldas\/\" \/>\n<script type=\"application\/ld+json\" class=\"yoast-schema-graph\">{\"@context\":\"https:\\\/\\\/schema.org\",\"@graph\":[{\"@type\":\"Article\",\"@id\":\"https:\\\/\\\/www.ucaldas.edu.co\\\/portal\\\/130-estudiantes-de-zonas-rurales-visitaran-la-u-de-caldas\\\/#article\",\"isPartOf\":{\"@id\":\"https:\\\/\\\/www.ucaldas.edu.co\\\/portal\\\/130-estudiantes-de-zonas-rurales-visitaran-la-u-de-caldas\\\/\"},\"author\":{\"name\":\"ofiprensa\",\"@id\":\"https:\\\/\\\/www.ucaldas.edu.co\\\/portal\\\/#\\\/schema\\\/person\\\/a1b482e23449158b4bc319926c074fdf\"},\"headline\":\"130 estudiantes de zonas rurales visitar\u00e1n la U. de Caldas\",\"datePublished\":\"2012-09-21T14:26:19+00:00\",\"mainEntityOfPage\":{\"@id\":\"https:\\\/\\\/www.ucaldas.edu.co\\\/portal\\\/130-estudiantes-de-zonas-rurales-visitaran-la-u-de-caldas\\\/\"},\"wordCount\":190,\"publisher\":{\"@id\":\"https:\\\/\\\/www.ucaldas.edu.co\\\/portal\\\/#organization\"},\"image\":{\"@id\":\"https:\\\/\\\/www.ucaldas.edu.co\\\/portal\\\/130-estudiantes-de-zonas-rurales-visitaran-la-u-de-caldas\\\/#primaryimage\"},\"thumbnailUrl\":\"http:\\\/\\\/www.ucaldas.edu.co\\\/images\\\/tmp\\\/universidad_en_campo_logo_2012.jpg\",\"articleSection\":[\"Actualidad\",\"Universidad al D\u00eda\"],\"inLanguage\":\"es\"},{\"@type\":\"WebPage\",\"@id\":\"https:\\\/\\\/www.ucaldas.edu.co\\\/portal\\\/130-estudiantes-de-zonas-rurales-visitaran-la-u-de-caldas\\\/\",\"url\":\"https:\\\/\\\/www.ucaldas.edu.co\\\/portal\\\/130-estudiantes-de-zonas-rurales-visitaran-la-u-de-caldas\\\/\",\"name\":\"130 estudiantes de zonas rurales visitar\u00e1n la U. de Caldas .\",\"isPartOf\":{\"@id\":\"https:\\\/\\\/www.ucaldas.edu.co\\\/portal\\\/#website\"},\"primaryImageOfPage\":{\"@id\":\"https:\\\/\\\/www.ucaldas.edu.co\\\/portal\\\/130-estudiantes-de-zonas-rurales-visitaran-la-u-de-caldas\\\/#primaryimage\"},\"image\":{\"@id\":\"https:\\\/\\\/www.ucaldas.edu.co\\\/portal\\\/130-estudiantes-de-zonas-rurales-visitaran-la-u-de-caldas\\\/#primaryimage\"},\"thumbnailUrl\":\"http:\\\/\\\/www.ucaldas.edu.co\\\/images\\\/tmp\\\/universidad_en_campo_logo_2012.jpg\",\"datePublished\":\"2012-09-21T14:26:19+00:00\",\"breadcrumb\":{\"@id\":\"https:\\\/\\\/www.ucaldas.edu.co\\\/portal\\\/130-estudiantes-de-zonas-rurales-visitaran-la-u-de-caldas\\\/#breadcrumb\"},\"inLanguage\":\"es\",\"potentialAction\":[{\"@type\":\"ReadAction\",\"target\":[\"https:\\\/\\\/www.ucaldas.edu.co\\\/portal\\\/130-estudiantes-de-zonas-rurales-visitaran-la-u-de-caldas\\\/\"]}]},{\"@type\":\"ImageObject\",\"inLanguage\":\"es\",\"@id\":\"https:\\\/\\\/www.ucaldas.edu.co\\\/portal\\\/130-estudiantes-de-zonas-rurales-visitaran-la-u-de-caldas\\\/#primaryimage\",\"url\":\"http:\\\/\\\/www.ucaldas.edu.co\\\/images\\\/tmp\\\/universidad_en_campo_logo_2012.jpg\",\"contentUrl\":\"http:\\\/\\\/www.ucaldas.edu.co\\\/images\\\/tmp\\\/universidad_en_campo_logo_2012.jpg\"},{\"@type\":\"BreadcrumbList\",\"@id\":\"https:\\\/\\\/www.ucaldas.edu.co\\\/portal\\\/130-estudiantes-de-zonas-rurales-visitaran-la-u-de-caldas\\\/#breadcrumb\",\"itemListElement\":[{\"@type\":\"ListItem\",\"position\":1,\"name\":\"Portada\",\"item\":\"https:\\\/\\\/www.ucaldas.edu.co\\\/portal\\\/\"},{\"@type\":\"ListItem\",\"position\":2,\"name\":\"130 estudiantes de zonas rurales visitar\u00e1n la U. de Caldas\"}]},{\"@type\":\"WebSite\",\"@id\":\"https:\\\/\\\/www.ucaldas.edu.co\\\/portal\\\/#website\",\"url\":\"https:\\\/\\\/www.ucaldas.edu.co\\\/portal\\\/\",\"name\":\"Universidad de Caldas\",\"description\":\"\",\"publisher\":{\"@id\":\"https:\\\/\\\/www.ucaldas.edu.co\\\/portal\\\/#organization\"},\"alternateName\":\"U. de Caldas\",\"potentialAction\":[{\"@type\":\"SearchAction\",\"target\":{\"@type\":\"EntryPoint\",\"urlTemplate\":\"https:\\\/\\\/www.ucaldas.edu.co\\\/portal\\\/?s={search_term_string}\"},\"query-input\":{\"@type\":\"PropertyValueSpecification\",\"valueRequired\":true,\"valueName\":\"search_term_string\"}}],\"inLanguage\":\"es\"},{\"@type\":\"Organization\",\"@id\":\"https:\\\/\\\/www.ucaldas.edu.co\\\/portal\\\/#organization\",\"name\":\"Universidad de Caldas\",\"alternateName\":\"U. de Caldas\",\"url\":\"https:\\\/\\\/www.ucaldas.edu.co\\\/portal\\\/\",\"logo\":{\"@type\":\"ImageObject\",\"inLanguage\":\"es\",\"@id\":\"https:\\\/\\\/www.ucaldas.edu.co\\\/portal\\\/#\\\/schema\\\/logo\\\/image\\\/\",\"url\":\"https:\\\/\\\/www.ucaldas.edu.co\\\/portal\\\/wp-content\\\/uploads\\\/2023\\\/11\\\/Logo_horizontal_oscuroU-2023.png\",\"contentUrl\":\"https:\\\/\\\/www.ucaldas.edu.co\\\/portal\\\/wp-content\\\/uploads\\\/2023\\\/11\\\/Logo_horizontal_oscuroU-2023.png\",\"width\":263,\"height\":101,\"caption\":\"Universidad de Caldas\"},\"image\":{\"@id\":\"https:\\\/\\\/www.ucaldas.edu.co\\\/portal\\\/#\\\/schema\\\/logo\\\/image\\\/\"},\"sameAs\":[\"https:\\\/\\\/www.facebook.com\\\/udecaldas\",\"https:\\\/\\\/x.com\\\/udecaldas\",\"https:\\\/\\\/www.youtube.com\\\/universidadcaldas\",\"https:\\\/\\\/www.instagram.com\\\/udecaldas\\\/\"]},{\"@type\":\"Person\",\"@id\":\"https:\\\/\\\/www.ucaldas.edu.co\\\/portal\\\/#\\\/schema\\\/person\\\/a1b482e23449158b4bc319926c074fdf\",\"name\":\"ofiprensa\",\"image\":{\"@type\":\"ImageObject\",\"inLanguage\":\"es\",\"@id\":\"https:\\\/\\\/www.ucaldas.edu.co\\\/portal\\\/wp-content\\\/litespeed\\\/avatar\\\/09ea5085e600095a7a811142c6944527.jpg?ver=1777497608\",\"url\":\"https:\\\/\\\/www.ucaldas.edu.co\\\/portal\\\/wp-content\\\/litespeed\\\/avatar\\\/09ea5085e600095a7a811142c6944527.jpg?ver=1777497608\",\"contentUrl\":\"https:\\\/\\\/www.ucaldas.edu.co\\\/portal\\\/wp-content\\\/litespeed\\\/avatar\\\/09ea5085e600095a7a811142c6944527.jpg?ver=1777497608\",\"caption\":\"ofiprensa\"},\"url\":\"https:\\\/\\\/www.ucaldas.edu.co\\\/portal\\\/author\\\/ofiprensa\\\/\"}]}<\/script>\n<!-- \/ Yoast SEO plugin. -->","yoast_head_json":{"title":"130 estudiantes de zonas rurales  visitar\u00e1n la U. de Caldas .","robots":{"index":"index","follow":"follow","max-snippet":"max-snippet:-1","max-image-preview":"max-image-preview:large","max-video-preview":"max-video-preview:-1"},"canonical":"https:\/\/www.ucaldas.edu.co\/portal\/130-estudiantes-de-zonas-rurales-visitaran-la-u-de-caldas\/","schema":{"@context":"https:\/\/schema.org","@graph":[{"@type":"Article","@id":"https:\/\/www.ucaldas.edu.co\/portal\/130-estudiantes-de-zonas-rurales-visitaran-la-u-de-caldas\/#article","isPartOf":{"@id":"https:\/\/www.ucaldas.edu.co\/portal\/130-estudiantes-de-zonas-rurales-visitaran-la-u-de-caldas\/"},"author":{"name":"ofiprensa","@id":"https:\/\/www.ucaldas.edu.co\/portal\/#\/schema\/person\/a1b482e23449158b4bc319926c074fdf"},"headline":"130 estudiantes de zonas rurales visitar\u00e1n la U. de Caldas","datePublished":"2012-09-21T14:26:19+00:00","mainEntityOfPage":{"@id":"https:\/\/www.ucaldas.edu.co\/portal\/130-estudiantes-de-zonas-rurales-visitaran-la-u-de-caldas\/"},"wordCount":190,"publisher":{"@id":"https:\/\/www.ucaldas.edu.co\/portal\/#organization"},"image":{"@id":"https:\/\/www.ucaldas.edu.co\/portal\/130-estudiantes-de-zonas-rurales-visitaran-la-u-de-caldas\/#primaryimage"},"thumbnailUrl":"http:\/\/www.ucaldas.edu.co\/images\/tmp\/universidad_en_campo_logo_2012.jpg","articleSection":["Actualidad","Universidad al D\u00eda"],"inLanguage":"es"},{"@type":"WebPage","@id":"https:\/\/www.ucaldas.edu.co\/portal\/130-estudiantes-de-zonas-rurales-visitaran-la-u-de-caldas\/","url":"https:\/\/www.ucaldas.edu.co\/portal\/130-estudiantes-de-zonas-rurales-visitaran-la-u-de-caldas\/","name":"130 estudiantes de zonas rurales visitar\u00e1n la U. de Caldas .","isPartOf":{"@id":"https:\/\/www.ucaldas.edu.co\/portal\/#website"},"primaryImageOfPage":{"@id":"https:\/\/www.ucaldas.edu.co\/portal\/130-estudiantes-de-zonas-rurales-visitaran-la-u-de-caldas\/#primaryimage"},"image":{"@id":"https:\/\/www.ucaldas.edu.co\/portal\/130-estudiantes-de-zonas-rurales-visitaran-la-u-de-caldas\/#primaryimage"},"thumbnailUrl":"http:\/\/www.ucaldas.edu.co\/images\/tmp\/universidad_en_campo_logo_2012.jpg","datePublished":"2012-09-21T14:26:19+00:00","breadcrumb":{"@id":"https:\/\/www.ucaldas.edu.co\/portal\/130-estudiantes-de-zonas-rurales-visitaran-la-u-de-caldas\/#breadcrumb"},"inLanguage":"es","potentialAction":[{"@type":"ReadAction","target":["https:\/\/www.ucaldas.edu.co\/portal\/130-estudiantes-de-zonas-rurales-visitaran-la-u-de-caldas\/"]}]},{"@type":"ImageObject","inLanguage":"es","@id":"https:\/\/www.ucaldas.edu.co\/portal\/130-estudiantes-de-zonas-rurales-visitaran-la-u-de-caldas\/#primaryimage","url":"http:\/\/www.ucaldas.edu.co\/images\/tmp\/universidad_en_campo_logo_2012.jpg","contentUrl":"http:\/\/www.ucaldas.edu.co\/images\/tmp\/universidad_en_campo_logo_2012.jpg"},{"@type":"BreadcrumbList","@id":"https:\/\/www.ucaldas.edu.co\/portal\/130-estudiantes-de-zonas-rurales-visitaran-la-u-de-caldas\/#breadcrumb","itemListElement":[{"@type":"ListItem","position":1,"name":"Portada","item":"https:\/\/www.ucaldas.edu.co\/portal\/"},{"@type":"ListItem","position":2,"name":"130 estudiantes de zonas rurales visitar\u00e1n la U. de Caldas"}]},{"@type":"WebSite","@id":"https:\/\/www.ucaldas.edu.co\/portal\/#website","url":"https:\/\/www.ucaldas.edu.co\/portal\/","name":"Universidad de Caldas","description":"","publisher":{"@id":"https:\/\/www.ucaldas.edu.co\/portal\/#organization"},"alternateName":"U. de Caldas","potentialAction":[{"@type":"SearchAction","target":{"@type":"EntryPoint","urlTemplate":"https:\/\/www.ucaldas.edu.co\/portal\/?s={search_term_string}"},"query-input":{"@type":"PropertyValueSpecification","valueRequired":true,"valueName":"search_term_string"}}],"inLanguage":"es"},{"@type":"Organization","@id":"https:\/\/www.ucaldas.edu.co\/portal\/#organization","name":"Universidad de Caldas","alternateName":"U. de Caldas","url":"https:\/\/www.ucaldas.edu.co\/portal\/","logo":{"@type":"ImageObject","inLanguage":"es","@id":"https:\/\/www.ucaldas.edu.co\/portal\/#\/schema\/logo\/image\/","url":"https:\/\/www.ucaldas.edu.co\/portal\/wp-content\/uploads\/2023\/11\/Logo_horizontal_oscuroU-2023.png","contentUrl":"https:\/\/www.ucaldas.edu.co\/portal\/wp-content\/uploads\/2023\/11\/Logo_horizontal_oscuroU-2023.png","width":263,"height":101,"caption":"Universidad de Caldas"},"image":{"@id":"https:\/\/www.ucaldas.edu.co\/portal\/#\/schema\/logo\/image\/"},"sameAs":["https:\/\/www.facebook.com\/udecaldas","https:\/\/x.com\/udecaldas","https:\/\/www.youtube.com\/universidadcaldas","https:\/\/www.instagram.com\/udecaldas\/"]},{"@type":"Person","@id":"https:\/\/www.ucaldas.edu.co\/portal\/#\/schema\/person\/a1b482e23449158b4bc319926c074fdf","name":"ofiprensa","image":{"@type":"ImageObject","inLanguage":"es","@id":"https:\/\/www.ucaldas.edu.co\/portal\/wp-content\/litespeed\/avatar\/09ea5085e600095a7a811142c6944527.jpg?ver=1777497608","url":"https:\/\/www.ucaldas.edu.co\/portal\/wp-content\/litespeed\/avatar\/09ea5085e600095a7a811142c6944527.jpg?ver=1777497608","contentUrl":"https:\/\/www.ucaldas.edu.co\/portal\/wp-content\/litespeed\/avatar\/09ea5085e600095a7a811142c6944527.jpg?ver=1777497608","caption":"ofiprensa"},"url":"https:\/\/www.ucaldas.edu.co\/portal\/author\/ofiprensa\/"}]}},"_links":{"self":[{"href":"https:\/\/www.ucaldas.edu.co\/portal\/wp-json\/wp\/v2\/posts\/11675","targetHints":{"allow":["GET"]}}],"collection":[{"href":"https:\/\/www.ucaldas.edu.co\/portal\/wp-json\/wp\/v2\/posts"}],"about":[{"href":"https:\/\/www.ucaldas.edu.co\/portal\/wp-json\/wp\/v2\/types\/post"}],"author":[{"embeddable":true,"href":"https:\/\/www.ucaldas.edu.co\/portal\/wp-json\/wp\/v2\/users\/2"}],"replies":[{"embeddable":true,"href":"https:\/\/www.ucaldas.edu.co\/portal\/wp-json\/wp\/v2\/comments?post=11675"}],"version-history":[{"count":0,"href":"https:\/\/www.ucaldas.edu.co\/portal\/wp-json\/wp\/v2\/posts\/11675\/revisions"}],"wp:attachment":[{"href":"https:\/\/www.ucaldas.edu.co\/portal\/wp-json\/wp\/v2\/media?parent=11675"}],"wp:term":[{"taxonomy":"category","embeddable":true,"href":"https:\/\/www.ucaldas.edu.co\/portal\/wp-json\/wp\/v2\/categories?post=11675"},{"taxonomy":"post_tag","embeddable":true,"href":"https:\/\/www.ucaldas.edu.co\/portal\/wp-json\/wp\/v2\/tags?post=11675"}],"curies":[{"name":"wp","href":"https:\/\/api.w.org\/{rel}","templated":true}]}}