{"id":11669,"date":"2012-09-20T09:23:22","date_gmt":"2012-09-20T14:23:22","guid":{"rendered":"https:\/\/www.ucaldas.edu.co\/portal\/?p=11669"},"modified":"2012-09-20T09:23:22","modified_gmt":"2012-09-20T14:23:22","slug":"u-de-caldas-busca-consolidarse-como-referente-de-innovacion-en-transferencia-tecnologica","status":"publish","type":"post","link":"https:\/\/www.ucaldas.edu.co\/portal\/u-de-caldas-busca-consolidarse-como-referente-de-innovacion-en-transferencia-tecnologica\/","title":{"rendered":"U. de Caldas busca consolidarse como referente  de innovaci\u00f3n en transferencia tecnol\u00f3gica"},"content":{"rendered":"<p align=\"center\">Facultad de Ingenier\u00eda present\u00f3 centro de investigaci\u00f3n, para desarrollo regional<\/p>\n<p>&nbsp;<\/p>\n<p align=\"right\">20\/09\/2012<\/p>\n<hr \/>\n<p align=\"right\">Redacci\u00f3n: Margarita Laverde Galvis<\/p>\n<p>&nbsp;<\/p>\n<table border=\"0\">\n<tbody>\n<tr>\n<td>&nbsp;<\/p>\n<p><img loading=\"lazy\" decoding=\"async\" style=\"border: 0px\" title=\"Centro de Innovaci\u00f3n\" alt=\"Centro de Innovaci\u00f3n\" src=\"http:\/\/www.ucaldas.edu.co\/images\/tmp\/lanzamiento_centro_innovacion_ucaldas_2012.jpg\" width=\"240\" height=\"150\" border=\"0\" \/><\/p>\n<h4>Foto: Guillermo Sarmiento Estrada\/ Prensa U. de Caldas.<\/h4>\n<\/td>\n<td>Como un<b>\u00a0lugar acondicionado<\/b>\u00a0y\u00a0<b>especial<\/b>\u00a0<b>para<\/b>\u00a0los\u00a0<b>proyectos\u00a0<\/b>de<b>\u00a0investigaci\u00f3n\u00a0<\/b>y<b>\u00a0proyecci\u00f3n<\/b>\u00a0de la\u00a0<b>Facultad de Ingenier\u00eda<\/b>\u00a0de la\u00a0<b>Universidad de Caldas<\/b>\u00a0<b>est\u00e1 concebido<\/b>\u00a0el\u00a0<b>Centro de Innovaci\u00f3n, Investigaci\u00f3n, Desarrollo y Transferencia de Tecnolog\u00eda,\u00a0<\/b>que\u00a0<b>se present\u00f3<\/b>\u00a0oficialmente este<b>jueves 20<\/b>\u00a0de\u00a0<b>septiembre<\/b>\u00a0del 2012, en las\u00a0<b>XIII Jornadas\u00a0 de Ingenier\u00eda\u00a0<\/b>de la Instituci\u00f3n.<\/td>\n<\/tr>\n<\/tbody>\n<\/table>\n<p>&nbsp;<\/p>\n<p>&nbsp;<\/p>\n<p>El\u00a0<b>Rector de la U. de Caldas,\u00a0<\/b>Ricardo G\u00f3mez Giraldo, presidi\u00f3 el lanzamiento del Centro y expres\u00f3: \u201cvemos estudiantes de distintos semestres de la Instituci\u00f3n que realizan ideas innovadoras, que podr\u00edan ser futuras empresas o \u00e1reas de negocio. Aqu\u00ed puede surgir algo potente a largo o a corto plazo para inversionistas e investigadores\u201d.<\/p>\n<p>&nbsp;<\/p>\n<p>Para el desarrollo del proyecto\u00a0<b>se trabajaron varias etapas<\/b>:\u00a0<b>inversi\u00f3n f\u00edsica por unos $70 millones<\/b>\u00a0y\u00a0<b>dotaci\u00f3n tecnol\u00f3gica, por alrededor de $160 millones<\/b>. El Centro beneficiar\u00e1 a la toda la Universidad, pues el prop\u00f3sito es que profesores y estudiantes que tengan un proyecto innovador utilicen este espacio, para que logren desarrollar sus ideas.<\/p>\n<p>&nbsp;<\/p>\n<p><b>Presentaci\u00f3n<\/b><\/p>\n<p>Carlos Alberto Ruiz Villa,\u00a0<b>Decano de la Facultad de Ingenier\u00eda de la U. de Caldas,\u00a0<\/b>coment\u00f3: \u201cel prop\u00f3sito del Centro es integrar los proyectos de investigaci\u00f3n y proyecci\u00f3n que se desarrollan en la Instituci\u00f3n con los empresarios, es decir, vamos a trabajar con la empresa en este, que es el centro de negocios de nuestra Facultad\u201d.<\/p>\n<p>&nbsp;<\/p>\n<p>\u201cQueremos llegar a las empresas a trav\u00e9s de consultor\u00edas, asesor\u00edas, desarrollo de nuevos productos y empleo, posibilidades de trabajo con nuestros estudiantes y profesores, adem\u00e1s de aportarte al desarrollo regional\u201d, agreg\u00f3 el Decano.<\/p>\n<p>&nbsp;<\/p>\n<p>\u201cCuando concebimos el Centro partimos de que nos encontramos con proyectos aislados, que no conduc\u00edan a un impacto importante en la regi\u00f3n. Hoy esta integraci\u00f3n garantiza su sostenibilidad, porque tenemos un grupo importante de doctores y porque estamos apostando a las grandes convocatorias\u201d, agreg\u00f3 Ru\u00edz Villa.<\/p>\n<p>&nbsp;<\/p>\n<p>El\u00a0<b>Centro trabajar\u00e1 \u00e1reas\u00a0<\/b>como<b>\u00a0<\/b>la<b>\u00a0biotecnolog\u00eda, agroindustria, bioingenier\u00eda, bioinform\u00e1tica, desarrollo de sistemas inform\u00e1ticos, videojuegos, desarrollo de efectos especiales, rob\u00f3tica, mecatr\u00f3nica<\/b>, entre otros.<\/p>\n<p>&nbsp;<\/p>\n<p><b>Impresiones<\/b><\/p>\n<p>Eduardo Pineda Villegas,\u00a0<b>Secretario de Competitividad y Fomento Empresarial de la Alcald\u00eda de Manizales,\u00a0<\/b>dijo: \u201cestamos viendo los proyectos que est\u00e1 desarrollando la U. de Caldas y debemos socializarlo con los gremios, industriales y al resto de la academia, para poder repotencializar y lograr beneficios para la industria y para el comercio de Manizales y de la regi\u00f3n\u201d.<\/p>\n<p>&nbsp;<\/p>\n<p>\u201cCuenten con las alianzas que nosotros podamos hacer como intermediarios ante la industria o ante los gremios de producci\u00f3n. Estamos dispuestos a apoyarlos, ya que este tipo de iniciativas son de mucha importancia para Manizales, para Caldas y para el pa\u00eds\u201d, manifest\u00f3 Pineda Villegas.<\/p>\n<p>&nbsp;<\/p>\n<p><b>Investigaci\u00f3n en U. de Caldas<\/b><\/p>\n<p>Luis Ernesto P\u00e9rez,\u00a0<b>profesor de la Facultad de Ingenier\u00eda U. de Caldas<\/b>, inform\u00f3: \u201cen este momento estamos adelantando varios proyectos en el Centro, desde la asignatura de\u00a0<i>formulaci\u00f3n y evaluaci\u00f3n de proyectos,\u00a0<\/i>donde seleccionamos las mejores ideas de proyectos de inversi\u00f3n\u201d.<\/p>\n<p>&nbsp;<\/p>\n<p>\u201cPrueba de ello es la cantidad de proyectos que tenemos, donde a partir de residuos industriales se est\u00e1n promoviendo ideas innovadoras a nivel alimentario, con el fin de mejorar la seguridad alimentaria del pueblo y enriquecer la ingesta alimentaria de la comunidad\u201d, explic\u00f3 P\u00e9rez<\/p>\n<p>&nbsp;<\/p>\n<p>\u201cAqu\u00ed podemos potencializar todas esas ideas de proyectos que tienen nuestros muchachos. Este Centro debe convertirse en un primer centro de contacto, donde pongamos en un dialogo de saberes a nuestros estudiantes con sus ideas, a los industriales y a los potenciales inversionistas, para que puedan formular planes de negocio y puedan llevar a cabo sus proyectos de vida\u201d, concluy\u00f3 el profesor.<\/p>\n<p>&nbsp;<\/p>\n<p><a href=\"http:\/\/www.facebook.com\/media\/set\/?set=a.411481385580399.96735.107054166023124&amp;type=3\" target=\"_blank\">Conozca im\u00e1genes de las Jornadas de Ingenier\u00eda U. de Caldas<\/a><\/p>\n<p>&nbsp;<\/p>\n<p><a href=\"http:\/\/desarrollo.ucaldas.edu.co\/archivo\/index.php?option=com_content&amp;view=article&amp;catid=419%3Auniversidad-al-dia&amp;id=7729%3A-jornadas-ingenieria&amp;Itemid=1039\" target=\"_blank\">Conozca aqu\u00ed m\u00e1s detalles del evento<\/a><br \/>\n<b>Informes:<\/b> Oficina de Prensa, tel\u00e9fono 878 15 00, extensi\u00f3n 12 167.<\/p>\n<p>&nbsp;<\/p>\n","protected":false},"excerpt":{"rendered":"<p>Facultad de Ingenier\u00eda present\u00f3 centro de investigaci\u00f3n, para desarrollo regional &nbsp; 20\/09\/2012 Redacci\u00f3n: Margarita Laverde Galvis &nbsp; &nbsp; Foto: Guillermo Sarmiento Estrada\/ Prensa U. de Caldas. Como un\u00a0lugar acondicionado\u00a0y\u00a0especial\u00a0para\u00a0los\u00a0proyectos\u00a0de\u00a0investigaci\u00f3n\u00a0y\u00a0proyecci\u00f3n\u00a0de la\u00a0Facultad de Ingenier\u00eda\u00a0de la\u00a0Universidad de Caldas\u00a0est\u00e1 concebido\u00a0el\u00a0Centro de Innovaci\u00f3n, Investigaci\u00f3n, Desarrollo y Transferencia de Tecnolog\u00eda,\u00a0que\u00a0se present\u00f3\u00a0oficialmente estejueves 20\u00a0de\u00a0septiembre\u00a0del 2012, en las\u00a0XIII Jornadas\u00a0 de Ingenier\u00eda\u00a0de la Instituci\u00f3n. [&hellip;]<\/p>\n","protected":false},"author":2,"featured_media":0,"comment_status":"closed","ping_status":"closed","sticky":false,"template":"","format":"standard","meta":{"footnotes":""},"categories":[48,53],"tags":[],"class_list":["post-11669","post","type-post","status-publish","format-standard","hentry","category-actualidad","category-universidad-al-dia"],"yoast_head":"<!-- This site is optimized with the Yoast SEO plugin v27.5 - https:\/\/yoast.com\/product\/yoast-seo-wordpress\/ -->\n<title>U. de Caldas busca consolidarse como referente de innovaci\u00f3n en transferencia tecnol\u00f3gica .<\/title>\n<meta name=\"robots\" content=\"index, follow, max-snippet:-1, max-image-preview:large, max-video-preview:-1\" \/>\n<link rel=\"canonical\" href=\"https:\/\/www.ucaldas.edu.co\/portal\/u-de-caldas-busca-consolidarse-como-referente-de-innovacion-en-transferencia-tecnologica\/\" \/>\n<script type=\"application\/ld+json\" class=\"yoast-schema-graph\">{\"@context\":\"https:\\\/\\\/schema.org\",\"@graph\":[{\"@type\":\"Article\",\"@id\":\"https:\\\/\\\/www.ucaldas.edu.co\\\/portal\\\/u-de-caldas-busca-consolidarse-como-referente-de-innovacion-en-transferencia-tecnologica\\\/#article\",\"isPartOf\":{\"@id\":\"https:\\\/\\\/www.ucaldas.edu.co\\\/portal\\\/u-de-caldas-busca-consolidarse-como-referente-de-innovacion-en-transferencia-tecnologica\\\/\"},\"author\":{\"name\":\"ofiprensa\",\"@id\":\"https:\\\/\\\/www.ucaldas.edu.co\\\/portal\\\/#\\\/schema\\\/person\\\/a1b482e23449158b4bc319926c074fdf\"},\"headline\":\"U. de Caldas busca consolidarse como referente de innovaci\u00f3n en transferencia tecnol\u00f3gica\",\"datePublished\":\"2012-09-20T14:23:22+00:00\",\"mainEntityOfPage\":{\"@id\":\"https:\\\/\\\/www.ucaldas.edu.co\\\/portal\\\/u-de-caldas-busca-consolidarse-como-referente-de-innovacion-en-transferencia-tecnologica\\\/\"},\"wordCount\":702,\"publisher\":{\"@id\":\"https:\\\/\\\/www.ucaldas.edu.co\\\/portal\\\/#organization\"},\"image\":{\"@id\":\"https:\\\/\\\/www.ucaldas.edu.co\\\/portal\\\/u-de-caldas-busca-consolidarse-como-referente-de-innovacion-en-transferencia-tecnologica\\\/#primaryimage\"},\"thumbnailUrl\":\"http:\\\/\\\/www.ucaldas.edu.co\\\/images\\\/tmp\\\/lanzamiento_centro_innovacion_ucaldas_2012.jpg\",\"articleSection\":[\"Actualidad\",\"Universidad al D\u00eda\"],\"inLanguage\":\"es\"},{\"@type\":\"WebPage\",\"@id\":\"https:\\\/\\\/www.ucaldas.edu.co\\\/portal\\\/u-de-caldas-busca-consolidarse-como-referente-de-innovacion-en-transferencia-tecnologica\\\/\",\"url\":\"https:\\\/\\\/www.ucaldas.edu.co\\\/portal\\\/u-de-caldas-busca-consolidarse-como-referente-de-innovacion-en-transferencia-tecnologica\\\/\",\"name\":\"U. de Caldas busca consolidarse como referente de innovaci\u00f3n en transferencia tecnol\u00f3gica .\",\"isPartOf\":{\"@id\":\"https:\\\/\\\/www.ucaldas.edu.co\\\/portal\\\/#website\"},\"primaryImageOfPage\":{\"@id\":\"https:\\\/\\\/www.ucaldas.edu.co\\\/portal\\\/u-de-caldas-busca-consolidarse-como-referente-de-innovacion-en-transferencia-tecnologica\\\/#primaryimage\"},\"image\":{\"@id\":\"https:\\\/\\\/www.ucaldas.edu.co\\\/portal\\\/u-de-caldas-busca-consolidarse-como-referente-de-innovacion-en-transferencia-tecnologica\\\/#primaryimage\"},\"thumbnailUrl\":\"http:\\\/\\\/www.ucaldas.edu.co\\\/images\\\/tmp\\\/lanzamiento_centro_innovacion_ucaldas_2012.jpg\",\"datePublished\":\"2012-09-20T14:23:22+00:00\",\"breadcrumb\":{\"@id\":\"https:\\\/\\\/www.ucaldas.edu.co\\\/portal\\\/u-de-caldas-busca-consolidarse-como-referente-de-innovacion-en-transferencia-tecnologica\\\/#breadcrumb\"},\"inLanguage\":\"es\",\"potentialAction\":[{\"@type\":\"ReadAction\",\"target\":[\"https:\\\/\\\/www.ucaldas.edu.co\\\/portal\\\/u-de-caldas-busca-consolidarse-como-referente-de-innovacion-en-transferencia-tecnologica\\\/\"]}]},{\"@type\":\"ImageObject\",\"inLanguage\":\"es\",\"@id\":\"https:\\\/\\\/www.ucaldas.edu.co\\\/portal\\\/u-de-caldas-busca-consolidarse-como-referente-de-innovacion-en-transferencia-tecnologica\\\/#primaryimage\",\"url\":\"http:\\\/\\\/www.ucaldas.edu.co\\\/images\\\/tmp\\\/lanzamiento_centro_innovacion_ucaldas_2012.jpg\",\"contentUrl\":\"http:\\\/\\\/www.ucaldas.edu.co\\\/images\\\/tmp\\\/lanzamiento_centro_innovacion_ucaldas_2012.jpg\"},{\"@type\":\"BreadcrumbList\",\"@id\":\"https:\\\/\\\/www.ucaldas.edu.co\\\/portal\\\/u-de-caldas-busca-consolidarse-como-referente-de-innovacion-en-transferencia-tecnologica\\\/#breadcrumb\",\"itemListElement\":[{\"@type\":\"ListItem\",\"position\":1,\"name\":\"Portada\",\"item\":\"https:\\\/\\\/www.ucaldas.edu.co\\\/portal\\\/\"},{\"@type\":\"ListItem\",\"position\":2,\"name\":\"U. de Caldas busca consolidarse como referente de innovaci\u00f3n en transferencia tecnol\u00f3gica\"}]},{\"@type\":\"WebSite\",\"@id\":\"https:\\\/\\\/www.ucaldas.edu.co\\\/portal\\\/#website\",\"url\":\"https:\\\/\\\/www.ucaldas.edu.co\\\/portal\\\/\",\"name\":\"Universidad de Caldas\",\"description\":\"\",\"publisher\":{\"@id\":\"https:\\\/\\\/www.ucaldas.edu.co\\\/portal\\\/#organization\"},\"alternateName\":\"U. de Caldas\",\"potentialAction\":[{\"@type\":\"SearchAction\",\"target\":{\"@type\":\"EntryPoint\",\"urlTemplate\":\"https:\\\/\\\/www.ucaldas.edu.co\\\/portal\\\/?s={search_term_string}\"},\"query-input\":{\"@type\":\"PropertyValueSpecification\",\"valueRequired\":true,\"valueName\":\"search_term_string\"}}],\"inLanguage\":\"es\"},{\"@type\":\"Organization\",\"@id\":\"https:\\\/\\\/www.ucaldas.edu.co\\\/portal\\\/#organization\",\"name\":\"Universidad de Caldas\",\"alternateName\":\"U. de Caldas\",\"url\":\"https:\\\/\\\/www.ucaldas.edu.co\\\/portal\\\/\",\"logo\":{\"@type\":\"ImageObject\",\"inLanguage\":\"es\",\"@id\":\"https:\\\/\\\/www.ucaldas.edu.co\\\/portal\\\/#\\\/schema\\\/logo\\\/image\\\/\",\"url\":\"https:\\\/\\\/www.ucaldas.edu.co\\\/portal\\\/wp-content\\\/uploads\\\/2023\\\/11\\\/Logo_horizontal_oscuroU-2023.png\",\"contentUrl\":\"https:\\\/\\\/www.ucaldas.edu.co\\\/portal\\\/wp-content\\\/uploads\\\/2023\\\/11\\\/Logo_horizontal_oscuroU-2023.png\",\"width\":263,\"height\":101,\"caption\":\"Universidad de Caldas\"},\"image\":{\"@id\":\"https:\\\/\\\/www.ucaldas.edu.co\\\/portal\\\/#\\\/schema\\\/logo\\\/image\\\/\"},\"sameAs\":[\"https:\\\/\\\/www.facebook.com\\\/udecaldas\",\"https:\\\/\\\/x.com\\\/udecaldas\",\"https:\\\/\\\/www.youtube.com\\\/universidadcaldas\",\"https:\\\/\\\/www.instagram.com\\\/udecaldas\\\/\"]},{\"@type\":\"Person\",\"@id\":\"https:\\\/\\\/www.ucaldas.edu.co\\\/portal\\\/#\\\/schema\\\/person\\\/a1b482e23449158b4bc319926c074fdf\",\"name\":\"ofiprensa\",\"image\":{\"@type\":\"ImageObject\",\"inLanguage\":\"es\",\"@id\":\"https:\\\/\\\/www.ucaldas.edu.co\\\/portal\\\/wp-content\\\/litespeed\\\/avatar\\\/09ea5085e600095a7a811142c6944527.jpg?ver=1777497608\",\"url\":\"https:\\\/\\\/www.ucaldas.edu.co\\\/portal\\\/wp-content\\\/litespeed\\\/avatar\\\/09ea5085e600095a7a811142c6944527.jpg?ver=1777497608\",\"contentUrl\":\"https:\\\/\\\/www.ucaldas.edu.co\\\/portal\\\/wp-content\\\/litespeed\\\/avatar\\\/09ea5085e600095a7a811142c6944527.jpg?ver=1777497608\",\"caption\":\"ofiprensa\"},\"url\":\"https:\\\/\\\/www.ucaldas.edu.co\\\/portal\\\/author\\\/ofiprensa\\\/\"}]}<\/script>\n<!-- \/ Yoast SEO plugin. -->","yoast_head_json":{"title":"U. de Caldas busca consolidarse como referente de innovaci\u00f3n en transferencia tecnol\u00f3gica .","robots":{"index":"index","follow":"follow","max-snippet":"max-snippet:-1","max-image-preview":"max-image-preview:large","max-video-preview":"max-video-preview:-1"},"canonical":"https:\/\/www.ucaldas.edu.co\/portal\/u-de-caldas-busca-consolidarse-como-referente-de-innovacion-en-transferencia-tecnologica\/","schema":{"@context":"https:\/\/schema.org","@graph":[{"@type":"Article","@id":"https:\/\/www.ucaldas.edu.co\/portal\/u-de-caldas-busca-consolidarse-como-referente-de-innovacion-en-transferencia-tecnologica\/#article","isPartOf":{"@id":"https:\/\/www.ucaldas.edu.co\/portal\/u-de-caldas-busca-consolidarse-como-referente-de-innovacion-en-transferencia-tecnologica\/"},"author":{"name":"ofiprensa","@id":"https:\/\/www.ucaldas.edu.co\/portal\/#\/schema\/person\/a1b482e23449158b4bc319926c074fdf"},"headline":"U. de Caldas busca consolidarse como referente de innovaci\u00f3n en transferencia tecnol\u00f3gica","datePublished":"2012-09-20T14:23:22+00:00","mainEntityOfPage":{"@id":"https:\/\/www.ucaldas.edu.co\/portal\/u-de-caldas-busca-consolidarse-como-referente-de-innovacion-en-transferencia-tecnologica\/"},"wordCount":702,"publisher":{"@id":"https:\/\/www.ucaldas.edu.co\/portal\/#organization"},"image":{"@id":"https:\/\/www.ucaldas.edu.co\/portal\/u-de-caldas-busca-consolidarse-como-referente-de-innovacion-en-transferencia-tecnologica\/#primaryimage"},"thumbnailUrl":"http:\/\/www.ucaldas.edu.co\/images\/tmp\/lanzamiento_centro_innovacion_ucaldas_2012.jpg","articleSection":["Actualidad","Universidad al D\u00eda"],"inLanguage":"es"},{"@type":"WebPage","@id":"https:\/\/www.ucaldas.edu.co\/portal\/u-de-caldas-busca-consolidarse-como-referente-de-innovacion-en-transferencia-tecnologica\/","url":"https:\/\/www.ucaldas.edu.co\/portal\/u-de-caldas-busca-consolidarse-como-referente-de-innovacion-en-transferencia-tecnologica\/","name":"U. de Caldas busca consolidarse como referente de innovaci\u00f3n en transferencia tecnol\u00f3gica .","isPartOf":{"@id":"https:\/\/www.ucaldas.edu.co\/portal\/#website"},"primaryImageOfPage":{"@id":"https:\/\/www.ucaldas.edu.co\/portal\/u-de-caldas-busca-consolidarse-como-referente-de-innovacion-en-transferencia-tecnologica\/#primaryimage"},"image":{"@id":"https:\/\/www.ucaldas.edu.co\/portal\/u-de-caldas-busca-consolidarse-como-referente-de-innovacion-en-transferencia-tecnologica\/#primaryimage"},"thumbnailUrl":"http:\/\/www.ucaldas.edu.co\/images\/tmp\/lanzamiento_centro_innovacion_ucaldas_2012.jpg","datePublished":"2012-09-20T14:23:22+00:00","breadcrumb":{"@id":"https:\/\/www.ucaldas.edu.co\/portal\/u-de-caldas-busca-consolidarse-como-referente-de-innovacion-en-transferencia-tecnologica\/#breadcrumb"},"inLanguage":"es","potentialAction":[{"@type":"ReadAction","target":["https:\/\/www.ucaldas.edu.co\/portal\/u-de-caldas-busca-consolidarse-como-referente-de-innovacion-en-transferencia-tecnologica\/"]}]},{"@type":"ImageObject","inLanguage":"es","@id":"https:\/\/www.ucaldas.edu.co\/portal\/u-de-caldas-busca-consolidarse-como-referente-de-innovacion-en-transferencia-tecnologica\/#primaryimage","url":"http:\/\/www.ucaldas.edu.co\/images\/tmp\/lanzamiento_centro_innovacion_ucaldas_2012.jpg","contentUrl":"http:\/\/www.ucaldas.edu.co\/images\/tmp\/lanzamiento_centro_innovacion_ucaldas_2012.jpg"},{"@type":"BreadcrumbList","@id":"https:\/\/www.ucaldas.edu.co\/portal\/u-de-caldas-busca-consolidarse-como-referente-de-innovacion-en-transferencia-tecnologica\/#breadcrumb","itemListElement":[{"@type":"ListItem","position":1,"name":"Portada","item":"https:\/\/www.ucaldas.edu.co\/portal\/"},{"@type":"ListItem","position":2,"name":"U. de Caldas busca consolidarse como referente de innovaci\u00f3n en transferencia tecnol\u00f3gica"}]},{"@type":"WebSite","@id":"https:\/\/www.ucaldas.edu.co\/portal\/#website","url":"https:\/\/www.ucaldas.edu.co\/portal\/","name":"Universidad de Caldas","description":"","publisher":{"@id":"https:\/\/www.ucaldas.edu.co\/portal\/#organization"},"alternateName":"U. de Caldas","potentialAction":[{"@type":"SearchAction","target":{"@type":"EntryPoint","urlTemplate":"https:\/\/www.ucaldas.edu.co\/portal\/?s={search_term_string}"},"query-input":{"@type":"PropertyValueSpecification","valueRequired":true,"valueName":"search_term_string"}}],"inLanguage":"es"},{"@type":"Organization","@id":"https:\/\/www.ucaldas.edu.co\/portal\/#organization","name":"Universidad de Caldas","alternateName":"U. de Caldas","url":"https:\/\/www.ucaldas.edu.co\/portal\/","logo":{"@type":"ImageObject","inLanguage":"es","@id":"https:\/\/www.ucaldas.edu.co\/portal\/#\/schema\/logo\/image\/","url":"https:\/\/www.ucaldas.edu.co\/portal\/wp-content\/uploads\/2023\/11\/Logo_horizontal_oscuroU-2023.png","contentUrl":"https:\/\/www.ucaldas.edu.co\/portal\/wp-content\/uploads\/2023\/11\/Logo_horizontal_oscuroU-2023.png","width":263,"height":101,"caption":"Universidad de Caldas"},"image":{"@id":"https:\/\/www.ucaldas.edu.co\/portal\/#\/schema\/logo\/image\/"},"sameAs":["https:\/\/www.facebook.com\/udecaldas","https:\/\/x.com\/udecaldas","https:\/\/www.youtube.com\/universidadcaldas","https:\/\/www.instagram.com\/udecaldas\/"]},{"@type":"Person","@id":"https:\/\/www.ucaldas.edu.co\/portal\/#\/schema\/person\/a1b482e23449158b4bc319926c074fdf","name":"ofiprensa","image":{"@type":"ImageObject","inLanguage":"es","@id":"https:\/\/www.ucaldas.edu.co\/portal\/wp-content\/litespeed\/avatar\/09ea5085e600095a7a811142c6944527.jpg?ver=1777497608","url":"https:\/\/www.ucaldas.edu.co\/portal\/wp-content\/litespeed\/avatar\/09ea5085e600095a7a811142c6944527.jpg?ver=1777497608","contentUrl":"https:\/\/www.ucaldas.edu.co\/portal\/wp-content\/litespeed\/avatar\/09ea5085e600095a7a811142c6944527.jpg?ver=1777497608","caption":"ofiprensa"},"url":"https:\/\/www.ucaldas.edu.co\/portal\/author\/ofiprensa\/"}]}},"_links":{"self":[{"href":"https:\/\/www.ucaldas.edu.co\/portal\/wp-json\/wp\/v2\/posts\/11669","targetHints":{"allow":["GET"]}}],"collection":[{"href":"https:\/\/www.ucaldas.edu.co\/portal\/wp-json\/wp\/v2\/posts"}],"about":[{"href":"https:\/\/www.ucaldas.edu.co\/portal\/wp-json\/wp\/v2\/types\/post"}],"author":[{"embeddable":true,"href":"https:\/\/www.ucaldas.edu.co\/portal\/wp-json\/wp\/v2\/users\/2"}],"replies":[{"embeddable":true,"href":"https:\/\/www.ucaldas.edu.co\/portal\/wp-json\/wp\/v2\/comments?post=11669"}],"version-history":[{"count":0,"href":"https:\/\/www.ucaldas.edu.co\/portal\/wp-json\/wp\/v2\/posts\/11669\/revisions"}],"wp:attachment":[{"href":"https:\/\/www.ucaldas.edu.co\/portal\/wp-json\/wp\/v2\/media?parent=11669"}],"wp:term":[{"taxonomy":"category","embeddable":true,"href":"https:\/\/www.ucaldas.edu.co\/portal\/wp-json\/wp\/v2\/categories?post=11669"},{"taxonomy":"post_tag","embeddable":true,"href":"https:\/\/www.ucaldas.edu.co\/portal\/wp-json\/wp\/v2\/tags?post=11669"}],"curies":[{"name":"wp","href":"https:\/\/api.w.org\/{rel}","templated":true}]}}