{"id":11667,"date":"2012-09-20T09:22:26","date_gmt":"2012-09-20T14:22:26","guid":{"rendered":"https:\/\/www.ucaldas.edu.co\/portal\/?p=11667"},"modified":"2012-09-20T09:22:26","modified_gmt":"2012-09-20T14:22:26","slug":"consultorio-juridico-u-de-caldas-se-lucio-en-celebracion-del-dia-de-la-virgen-de-las-mercedes","status":"publish","type":"post","link":"https:\/\/www.ucaldas.edu.co\/portal\/consultorio-juridico-u-de-caldas-se-lucio-en-celebracion-del-dia-de-la-virgen-de-las-mercedes\/","title":{"rendered":"Consultorio Jur\u00eddico U. de Caldas se luci\u00f3 en celebraci\u00f3n del D\u00eda de la Virgen de las Mercedes"},"content":{"rendered":"<p align=\"center\">Internas de c\u00e1rcel de mujeres de Manizales disfrutaron de diferentes actividades<\/p>\n<p align=\"center\">\n<p align=\"right\">20\/09\/2012<\/p>\n<hr \/>\n<p align=\"right\">Redacci\u00f3n: Margarita Laverde Galvis<\/p>\n<p>&nbsp;<\/p>\n<table border=\"0\">\n<tbody>\n<tr>\n<td>&nbsp;<\/p>\n<p><img loading=\"lazy\" decoding=\"async\" style=\"border: 0px\" title=\"Celebraci\u00f3n Virgen de las Mercedes\" alt=\"Celebraci\u00f3n Virgen de las Mercedes\" src=\"http:\/\/www.ucaldas.edu.co\/images\/tmp\/consultorio_juridico_ucaldas_en_carcel_de_mujeres_2012.jpg\" width=\"240\" height=\"150\" border=\"0\" \/><\/p>\n<h4>Foto: Guillermo Sarmiento Estrada\/ Prensa U. de Caldas.<\/h4>\n<\/td>\n<td><b>230 internas<\/b>\u00a0del\u00a0<b>Establecimiento Penitenciario<\/b>\u00a0y\u00a0<b>Carcelario de Mujeres<\/b>\u00a0<b>Villa Josefina<\/b>\u00a0de\u00a0<b>Manizales<\/b>,\u00a0<b>participaron<\/b>\u00a0en la\u00a0<b>celebraci\u00f3n<\/b>\u00a0del\u00a0<b>D\u00eda de la Virgen de las Mercedes<\/b>,\u00a0<b>Patrona Universal<\/b>\u00a0de los\u00a0<b>Presidiarios,\u00a0<\/b>este\u00a0<b>jueves 20 de septiembre<\/b>\u00a0del\u00a0<b>2012<\/b>, en un evento que organiz\u00f3 el<b>Consultorio Jur\u00eddico<\/b>\u00a0<b>Daniel Restrepo Escobar<\/b>\u00a0de la\u00a0<b>Universidad de Caldas.<\/b><\/td>\n<\/tr>\n<\/tbody>\n<\/table>\n<p>&nbsp;<\/p>\n<p><b>\u00a0<\/b><\/p>\n<p>Andr\u00e9s Felipe Tabares \u00c1lvarez,\u00a0<b>Director del Consultorio Jur\u00eddico Daniel Restrepo Escobar<\/b>\u00a0y\u00a0<b>miembro del comit\u00e9 organizador<\/b>, coment\u00f3: \u201cesta no es una actividad que nace este a\u00f1o, se ha ido constituyendo desde hace much\u00edsimo tiempo y este a\u00f1o tiene una particularidad importante, porque los estudiantes son quienes han hecho posible este encuentro\u201d.<\/p>\n<p>&nbsp;<\/p>\n<p>\u201cBuscamos \u00a0mostrar esa proyecci\u00f3n social que tiene la U. de Caldas, frente a actividades como esta.<\/p>\n<p>A las internas se les entreg\u00f3 un detalle y refrigerio, al igual que disfrutaron de las diferentes actividades culturales a las que se vincularon humoristas, cantantes y diferentes animadores\u201d, coment\u00f3\u00a0Tabares \u00c1lvarez.<\/p>\n<p>&nbsp;<\/p>\n<p><b>Las m\u00e1s beneficiadas<\/b><\/p>\n<p>Una de las internas del Centro afirm\u00f3: \u201clo bueno de la resocializaci\u00f3n es que como seres humanos que somos valemos mucho. Estas actividades son muy buenas porque al menos nos entretenemos. Lo \u00fanico que nos conforta aqu\u00ed es pensar en nuestras familias y que vamos a salir adelante, pues son lo m\u00e1s importante para nosotros\u201d.<\/p>\n<p>&nbsp;<\/p>\n<p>La\u00a0<b>unidad m\u00f3vil<\/b>\u00a0<b>Ruta de las Noticias<\/b>, de la\u00a0<b>Oficina de Prensa<\/b>\u00a0de la Instituci\u00f3n,\u00a0<b>acompa\u00f1o el evento.<\/b><\/p>\n<p><b>Sinergia<\/b><\/p>\n<p><b>Juan David Guar\u00edn Llano, estudiante de noveno semestre del Programa de Derecho U. de Caldas<\/b><\/p>\n<p>Es una iniciativa basada en la labor social que cumplimos desde el mismo Consultorio Jur\u00eddico, pues llevamos a un plano muy real lo que estudiamos en las aulas de clase. Esto es una retribuci\u00f3n que le hacemos a la comunidad y un agradecimiento por la confianza que depositan en nuestro Instituci\u00f3n y en el bien que tratamos de hacerles.<\/p>\n<p>&nbsp;<\/p>\n<p><b>Luz Marina Hern\u00e1ndez Murillo, Directora de la Reclusi\u00f3n de Mujeres de Manizales<\/b><\/p>\n<p>La U. de Caldas se vincul\u00f3 en el primer semestre de este a\u00f1o con judicantes y pudimos lograr incrementar la solicitud de libertades condicionales muy bien soportadas. Pedir\u00eda a la comunidad acad\u00e9mica y a los j\u00f3venes que est\u00e1n por hacer su judicatura, que se entusiasmen con este tema, porque una cosa es leer la ley y tratarla de interpretar, y otra cosa es vivirla en el d\u00eda a d\u00eda en un establecimiento como este.<\/p>\n<p>&nbsp;<\/p>\n<p><b>Pablo Adres L\u00f3pez Mart\u00ednez, Asesor Jur\u00eddico del Centro<br \/>\n<\/b>Hemos recibido un gran apoyo de los estudiantes de la U. de Caldas, con los practicantes de su Consultorio Jur\u00eddico, \u00a0que nos apoyan en los tramites de libertades condicionales, beneficios administrativos, en los cuales logramos obtener los diferentes apoyos encaminados a todos las asesor\u00edas jur\u00eddicas del personal interno.<\/p>\n<p><b>\u00a0<\/b><\/p>\n<p><a href=\"http:\/\/www.facebook.com\/media\/set\/?set=a.412590942136110.97064.107054166023124&amp;type=3\" target=\"_blank\">Conozca im\u00e1genes de la Celebraci\u00f3n Virgen la Mercedes<\/a><\/p>\n<p>&nbsp;<\/p>\n<p><b>Informes:<\/b>\u00a0Consultorio Jur\u00eddico, tel\u00e9fono 886 27 20, extensi\u00f3n 21 128.<\/p>\n<p>&nbsp;<\/p>\n","protected":false},"excerpt":{"rendered":"<p>Internas de c\u00e1rcel de mujeres de Manizales disfrutaron de diferentes actividades 20\/09\/2012 Redacci\u00f3n: Margarita Laverde Galvis &nbsp; &nbsp; Foto: Guillermo Sarmiento Estrada\/ Prensa U. de Caldas. 230 internas\u00a0del\u00a0Establecimiento Penitenciario\u00a0y\u00a0Carcelario de Mujeres\u00a0Villa Josefina\u00a0de\u00a0Manizales,\u00a0participaron\u00a0en la\u00a0celebraci\u00f3n\u00a0del\u00a0D\u00eda de la Virgen de las Mercedes,\u00a0Patrona Universal\u00a0de los\u00a0Presidiarios,\u00a0este\u00a0jueves 20 de septiembre\u00a0del\u00a02012, en un evento que organiz\u00f3 elConsultorio Jur\u00eddico\u00a0Daniel Restrepo Escobar\u00a0de la\u00a0Universidad de [&hellip;]<\/p>\n","protected":false},"author":2,"featured_media":0,"comment_status":"closed","ping_status":"closed","sticky":false,"template":"","format":"standard","meta":{"footnotes":""},"categories":[48,53],"tags":[],"class_list":["post-11667","post","type-post","status-publish","format-standard","hentry","category-actualidad","category-universidad-al-dia"],"yoast_head":"<!-- This site is optimized with the Yoast SEO plugin v27.5 - https:\/\/yoast.com\/product\/yoast-seo-wordpress\/ -->\n<title>Consultorio Jur\u00eddico U. de Caldas se luci\u00f3 en celebraci\u00f3n del D\u00eda de la Virgen de las Mercedes .<\/title>\n<meta name=\"robots\" content=\"index, follow, max-snippet:-1, max-image-preview:large, max-video-preview:-1\" \/>\n<link rel=\"canonical\" href=\"https:\/\/www.ucaldas.edu.co\/portal\/consultorio-juridico-u-de-caldas-se-lucio-en-celebracion-del-dia-de-la-virgen-de-las-mercedes\/\" \/>\n<script type=\"application\/ld+json\" class=\"yoast-schema-graph\">{\"@context\":\"https:\\\/\\\/schema.org\",\"@graph\":[{\"@type\":\"Article\",\"@id\":\"https:\\\/\\\/www.ucaldas.edu.co\\\/portal\\\/consultorio-juridico-u-de-caldas-se-lucio-en-celebracion-del-dia-de-la-virgen-de-las-mercedes\\\/#article\",\"isPartOf\":{\"@id\":\"https:\\\/\\\/www.ucaldas.edu.co\\\/portal\\\/consultorio-juridico-u-de-caldas-se-lucio-en-celebracion-del-dia-de-la-virgen-de-las-mercedes\\\/\"},\"author\":{\"name\":\"ofiprensa\",\"@id\":\"https:\\\/\\\/www.ucaldas.edu.co\\\/portal\\\/#\\\/schema\\\/person\\\/a1b482e23449158b4bc319926c074fdf\"},\"headline\":\"Consultorio Jur\u00eddico U. de Caldas se luci\u00f3 en celebraci\u00f3n del D\u00eda de la Virgen de las Mercedes\",\"datePublished\":\"2012-09-20T14:22:26+00:00\",\"mainEntityOfPage\":{\"@id\":\"https:\\\/\\\/www.ucaldas.edu.co\\\/portal\\\/consultorio-juridico-u-de-caldas-se-lucio-en-celebracion-del-dia-de-la-virgen-de-las-mercedes\\\/\"},\"wordCount\":548,\"publisher\":{\"@id\":\"https:\\\/\\\/www.ucaldas.edu.co\\\/portal\\\/#organization\"},\"image\":{\"@id\":\"https:\\\/\\\/www.ucaldas.edu.co\\\/portal\\\/consultorio-juridico-u-de-caldas-se-lucio-en-celebracion-del-dia-de-la-virgen-de-las-mercedes\\\/#primaryimage\"},\"thumbnailUrl\":\"http:\\\/\\\/www.ucaldas.edu.co\\\/images\\\/tmp\\\/consultorio_juridico_ucaldas_en_carcel_de_mujeres_2012.jpg\",\"articleSection\":[\"Actualidad\",\"Universidad al D\u00eda\"],\"inLanguage\":\"es\"},{\"@type\":\"WebPage\",\"@id\":\"https:\\\/\\\/www.ucaldas.edu.co\\\/portal\\\/consultorio-juridico-u-de-caldas-se-lucio-en-celebracion-del-dia-de-la-virgen-de-las-mercedes\\\/\",\"url\":\"https:\\\/\\\/www.ucaldas.edu.co\\\/portal\\\/consultorio-juridico-u-de-caldas-se-lucio-en-celebracion-del-dia-de-la-virgen-de-las-mercedes\\\/\",\"name\":\"Consultorio Jur\u00eddico U. de Caldas se luci\u00f3 en celebraci\u00f3n del D\u00eda de la Virgen de las Mercedes .\",\"isPartOf\":{\"@id\":\"https:\\\/\\\/www.ucaldas.edu.co\\\/portal\\\/#website\"},\"primaryImageOfPage\":{\"@id\":\"https:\\\/\\\/www.ucaldas.edu.co\\\/portal\\\/consultorio-juridico-u-de-caldas-se-lucio-en-celebracion-del-dia-de-la-virgen-de-las-mercedes\\\/#primaryimage\"},\"image\":{\"@id\":\"https:\\\/\\\/www.ucaldas.edu.co\\\/portal\\\/consultorio-juridico-u-de-caldas-se-lucio-en-celebracion-del-dia-de-la-virgen-de-las-mercedes\\\/#primaryimage\"},\"thumbnailUrl\":\"http:\\\/\\\/www.ucaldas.edu.co\\\/images\\\/tmp\\\/consultorio_juridico_ucaldas_en_carcel_de_mujeres_2012.jpg\",\"datePublished\":\"2012-09-20T14:22:26+00:00\",\"breadcrumb\":{\"@id\":\"https:\\\/\\\/www.ucaldas.edu.co\\\/portal\\\/consultorio-juridico-u-de-caldas-se-lucio-en-celebracion-del-dia-de-la-virgen-de-las-mercedes\\\/#breadcrumb\"},\"inLanguage\":\"es\",\"potentialAction\":[{\"@type\":\"ReadAction\",\"target\":[\"https:\\\/\\\/www.ucaldas.edu.co\\\/portal\\\/consultorio-juridico-u-de-caldas-se-lucio-en-celebracion-del-dia-de-la-virgen-de-las-mercedes\\\/\"]}]},{\"@type\":\"ImageObject\",\"inLanguage\":\"es\",\"@id\":\"https:\\\/\\\/www.ucaldas.edu.co\\\/portal\\\/consultorio-juridico-u-de-caldas-se-lucio-en-celebracion-del-dia-de-la-virgen-de-las-mercedes\\\/#primaryimage\",\"url\":\"http:\\\/\\\/www.ucaldas.edu.co\\\/images\\\/tmp\\\/consultorio_juridico_ucaldas_en_carcel_de_mujeres_2012.jpg\",\"contentUrl\":\"http:\\\/\\\/www.ucaldas.edu.co\\\/images\\\/tmp\\\/consultorio_juridico_ucaldas_en_carcel_de_mujeres_2012.jpg\"},{\"@type\":\"BreadcrumbList\",\"@id\":\"https:\\\/\\\/www.ucaldas.edu.co\\\/portal\\\/consultorio-juridico-u-de-caldas-se-lucio-en-celebracion-del-dia-de-la-virgen-de-las-mercedes\\\/#breadcrumb\",\"itemListElement\":[{\"@type\":\"ListItem\",\"position\":1,\"name\":\"Portada\",\"item\":\"https:\\\/\\\/www.ucaldas.edu.co\\\/portal\\\/\"},{\"@type\":\"ListItem\",\"position\":2,\"name\":\"Consultorio Jur\u00eddico U. de Caldas se luci\u00f3 en celebraci\u00f3n del D\u00eda de la Virgen de las Mercedes\"}]},{\"@type\":\"WebSite\",\"@id\":\"https:\\\/\\\/www.ucaldas.edu.co\\\/portal\\\/#website\",\"url\":\"https:\\\/\\\/www.ucaldas.edu.co\\\/portal\\\/\",\"name\":\"Universidad de Caldas\",\"description\":\"\",\"publisher\":{\"@id\":\"https:\\\/\\\/www.ucaldas.edu.co\\\/portal\\\/#organization\"},\"alternateName\":\"U. de Caldas\",\"potentialAction\":[{\"@type\":\"SearchAction\",\"target\":{\"@type\":\"EntryPoint\",\"urlTemplate\":\"https:\\\/\\\/www.ucaldas.edu.co\\\/portal\\\/?s={search_term_string}\"},\"query-input\":{\"@type\":\"PropertyValueSpecification\",\"valueRequired\":true,\"valueName\":\"search_term_string\"}}],\"inLanguage\":\"es\"},{\"@type\":\"Organization\",\"@id\":\"https:\\\/\\\/www.ucaldas.edu.co\\\/portal\\\/#organization\",\"name\":\"Universidad de Caldas\",\"alternateName\":\"U. de Caldas\",\"url\":\"https:\\\/\\\/www.ucaldas.edu.co\\\/portal\\\/\",\"logo\":{\"@type\":\"ImageObject\",\"inLanguage\":\"es\",\"@id\":\"https:\\\/\\\/www.ucaldas.edu.co\\\/portal\\\/#\\\/schema\\\/logo\\\/image\\\/\",\"url\":\"https:\\\/\\\/www.ucaldas.edu.co\\\/portal\\\/wp-content\\\/uploads\\\/2023\\\/11\\\/Logo_horizontal_oscuroU-2023.png\",\"contentUrl\":\"https:\\\/\\\/www.ucaldas.edu.co\\\/portal\\\/wp-content\\\/uploads\\\/2023\\\/11\\\/Logo_horizontal_oscuroU-2023.png\",\"width\":263,\"height\":101,\"caption\":\"Universidad de Caldas\"},\"image\":{\"@id\":\"https:\\\/\\\/www.ucaldas.edu.co\\\/portal\\\/#\\\/schema\\\/logo\\\/image\\\/\"},\"sameAs\":[\"https:\\\/\\\/www.facebook.com\\\/udecaldas\",\"https:\\\/\\\/x.com\\\/udecaldas\",\"https:\\\/\\\/www.youtube.com\\\/universidadcaldas\",\"https:\\\/\\\/www.instagram.com\\\/udecaldas\\\/\"]},{\"@type\":\"Person\",\"@id\":\"https:\\\/\\\/www.ucaldas.edu.co\\\/portal\\\/#\\\/schema\\\/person\\\/a1b482e23449158b4bc319926c074fdf\",\"name\":\"ofiprensa\",\"image\":{\"@type\":\"ImageObject\",\"inLanguage\":\"es\",\"@id\":\"https:\\\/\\\/www.ucaldas.edu.co\\\/portal\\\/wp-content\\\/litespeed\\\/avatar\\\/09ea5085e600095a7a811142c6944527.jpg?ver=1777497608\",\"url\":\"https:\\\/\\\/www.ucaldas.edu.co\\\/portal\\\/wp-content\\\/litespeed\\\/avatar\\\/09ea5085e600095a7a811142c6944527.jpg?ver=1777497608\",\"contentUrl\":\"https:\\\/\\\/www.ucaldas.edu.co\\\/portal\\\/wp-content\\\/litespeed\\\/avatar\\\/09ea5085e600095a7a811142c6944527.jpg?ver=1777497608\",\"caption\":\"ofiprensa\"},\"url\":\"https:\\\/\\\/www.ucaldas.edu.co\\\/portal\\\/author\\\/ofiprensa\\\/\"}]}<\/script>\n<!-- \/ Yoast SEO plugin. -->","yoast_head_json":{"title":"Consultorio Jur\u00eddico U. de Caldas se luci\u00f3 en celebraci\u00f3n del D\u00eda de la Virgen de las Mercedes .","robots":{"index":"index","follow":"follow","max-snippet":"max-snippet:-1","max-image-preview":"max-image-preview:large","max-video-preview":"max-video-preview:-1"},"canonical":"https:\/\/www.ucaldas.edu.co\/portal\/consultorio-juridico-u-de-caldas-se-lucio-en-celebracion-del-dia-de-la-virgen-de-las-mercedes\/","schema":{"@context":"https:\/\/schema.org","@graph":[{"@type":"Article","@id":"https:\/\/www.ucaldas.edu.co\/portal\/consultorio-juridico-u-de-caldas-se-lucio-en-celebracion-del-dia-de-la-virgen-de-las-mercedes\/#article","isPartOf":{"@id":"https:\/\/www.ucaldas.edu.co\/portal\/consultorio-juridico-u-de-caldas-se-lucio-en-celebracion-del-dia-de-la-virgen-de-las-mercedes\/"},"author":{"name":"ofiprensa","@id":"https:\/\/www.ucaldas.edu.co\/portal\/#\/schema\/person\/a1b482e23449158b4bc319926c074fdf"},"headline":"Consultorio Jur\u00eddico U. de Caldas se luci\u00f3 en celebraci\u00f3n del D\u00eda de la Virgen de las Mercedes","datePublished":"2012-09-20T14:22:26+00:00","mainEntityOfPage":{"@id":"https:\/\/www.ucaldas.edu.co\/portal\/consultorio-juridico-u-de-caldas-se-lucio-en-celebracion-del-dia-de-la-virgen-de-las-mercedes\/"},"wordCount":548,"publisher":{"@id":"https:\/\/www.ucaldas.edu.co\/portal\/#organization"},"image":{"@id":"https:\/\/www.ucaldas.edu.co\/portal\/consultorio-juridico-u-de-caldas-se-lucio-en-celebracion-del-dia-de-la-virgen-de-las-mercedes\/#primaryimage"},"thumbnailUrl":"http:\/\/www.ucaldas.edu.co\/images\/tmp\/consultorio_juridico_ucaldas_en_carcel_de_mujeres_2012.jpg","articleSection":["Actualidad","Universidad al D\u00eda"],"inLanguage":"es"},{"@type":"WebPage","@id":"https:\/\/www.ucaldas.edu.co\/portal\/consultorio-juridico-u-de-caldas-se-lucio-en-celebracion-del-dia-de-la-virgen-de-las-mercedes\/","url":"https:\/\/www.ucaldas.edu.co\/portal\/consultorio-juridico-u-de-caldas-se-lucio-en-celebracion-del-dia-de-la-virgen-de-las-mercedes\/","name":"Consultorio Jur\u00eddico U. de Caldas se luci\u00f3 en celebraci\u00f3n del D\u00eda de la Virgen de las Mercedes .","isPartOf":{"@id":"https:\/\/www.ucaldas.edu.co\/portal\/#website"},"primaryImageOfPage":{"@id":"https:\/\/www.ucaldas.edu.co\/portal\/consultorio-juridico-u-de-caldas-se-lucio-en-celebracion-del-dia-de-la-virgen-de-las-mercedes\/#primaryimage"},"image":{"@id":"https:\/\/www.ucaldas.edu.co\/portal\/consultorio-juridico-u-de-caldas-se-lucio-en-celebracion-del-dia-de-la-virgen-de-las-mercedes\/#primaryimage"},"thumbnailUrl":"http:\/\/www.ucaldas.edu.co\/images\/tmp\/consultorio_juridico_ucaldas_en_carcel_de_mujeres_2012.jpg","datePublished":"2012-09-20T14:22:26+00:00","breadcrumb":{"@id":"https:\/\/www.ucaldas.edu.co\/portal\/consultorio-juridico-u-de-caldas-se-lucio-en-celebracion-del-dia-de-la-virgen-de-las-mercedes\/#breadcrumb"},"inLanguage":"es","potentialAction":[{"@type":"ReadAction","target":["https:\/\/www.ucaldas.edu.co\/portal\/consultorio-juridico-u-de-caldas-se-lucio-en-celebracion-del-dia-de-la-virgen-de-las-mercedes\/"]}]},{"@type":"ImageObject","inLanguage":"es","@id":"https:\/\/www.ucaldas.edu.co\/portal\/consultorio-juridico-u-de-caldas-se-lucio-en-celebracion-del-dia-de-la-virgen-de-las-mercedes\/#primaryimage","url":"http:\/\/www.ucaldas.edu.co\/images\/tmp\/consultorio_juridico_ucaldas_en_carcel_de_mujeres_2012.jpg","contentUrl":"http:\/\/www.ucaldas.edu.co\/images\/tmp\/consultorio_juridico_ucaldas_en_carcel_de_mujeres_2012.jpg"},{"@type":"BreadcrumbList","@id":"https:\/\/www.ucaldas.edu.co\/portal\/consultorio-juridico-u-de-caldas-se-lucio-en-celebracion-del-dia-de-la-virgen-de-las-mercedes\/#breadcrumb","itemListElement":[{"@type":"ListItem","position":1,"name":"Portada","item":"https:\/\/www.ucaldas.edu.co\/portal\/"},{"@type":"ListItem","position":2,"name":"Consultorio Jur\u00eddico U. de Caldas se luci\u00f3 en celebraci\u00f3n del D\u00eda de la Virgen de las Mercedes"}]},{"@type":"WebSite","@id":"https:\/\/www.ucaldas.edu.co\/portal\/#website","url":"https:\/\/www.ucaldas.edu.co\/portal\/","name":"Universidad de Caldas","description":"","publisher":{"@id":"https:\/\/www.ucaldas.edu.co\/portal\/#organization"},"alternateName":"U. de Caldas","potentialAction":[{"@type":"SearchAction","target":{"@type":"EntryPoint","urlTemplate":"https:\/\/www.ucaldas.edu.co\/portal\/?s={search_term_string}"},"query-input":{"@type":"PropertyValueSpecification","valueRequired":true,"valueName":"search_term_string"}}],"inLanguage":"es"},{"@type":"Organization","@id":"https:\/\/www.ucaldas.edu.co\/portal\/#organization","name":"Universidad de Caldas","alternateName":"U. de Caldas","url":"https:\/\/www.ucaldas.edu.co\/portal\/","logo":{"@type":"ImageObject","inLanguage":"es","@id":"https:\/\/www.ucaldas.edu.co\/portal\/#\/schema\/logo\/image\/","url":"https:\/\/www.ucaldas.edu.co\/portal\/wp-content\/uploads\/2023\/11\/Logo_horizontal_oscuroU-2023.png","contentUrl":"https:\/\/www.ucaldas.edu.co\/portal\/wp-content\/uploads\/2023\/11\/Logo_horizontal_oscuroU-2023.png","width":263,"height":101,"caption":"Universidad de Caldas"},"image":{"@id":"https:\/\/www.ucaldas.edu.co\/portal\/#\/schema\/logo\/image\/"},"sameAs":["https:\/\/www.facebook.com\/udecaldas","https:\/\/x.com\/udecaldas","https:\/\/www.youtube.com\/universidadcaldas","https:\/\/www.instagram.com\/udecaldas\/"]},{"@type":"Person","@id":"https:\/\/www.ucaldas.edu.co\/portal\/#\/schema\/person\/a1b482e23449158b4bc319926c074fdf","name":"ofiprensa","image":{"@type":"ImageObject","inLanguage":"es","@id":"https:\/\/www.ucaldas.edu.co\/portal\/wp-content\/litespeed\/avatar\/09ea5085e600095a7a811142c6944527.jpg?ver=1777497608","url":"https:\/\/www.ucaldas.edu.co\/portal\/wp-content\/litespeed\/avatar\/09ea5085e600095a7a811142c6944527.jpg?ver=1777497608","contentUrl":"https:\/\/www.ucaldas.edu.co\/portal\/wp-content\/litespeed\/avatar\/09ea5085e600095a7a811142c6944527.jpg?ver=1777497608","caption":"ofiprensa"},"url":"https:\/\/www.ucaldas.edu.co\/portal\/author\/ofiprensa\/"}]}},"_links":{"self":[{"href":"https:\/\/www.ucaldas.edu.co\/portal\/wp-json\/wp\/v2\/posts\/11667","targetHints":{"allow":["GET"]}}],"collection":[{"href":"https:\/\/www.ucaldas.edu.co\/portal\/wp-json\/wp\/v2\/posts"}],"about":[{"href":"https:\/\/www.ucaldas.edu.co\/portal\/wp-json\/wp\/v2\/types\/post"}],"author":[{"embeddable":true,"href":"https:\/\/www.ucaldas.edu.co\/portal\/wp-json\/wp\/v2\/users\/2"}],"replies":[{"embeddable":true,"href":"https:\/\/www.ucaldas.edu.co\/portal\/wp-json\/wp\/v2\/comments?post=11667"}],"version-history":[{"count":0,"href":"https:\/\/www.ucaldas.edu.co\/portal\/wp-json\/wp\/v2\/posts\/11667\/revisions"}],"wp:attachment":[{"href":"https:\/\/www.ucaldas.edu.co\/portal\/wp-json\/wp\/v2\/media?parent=11667"}],"wp:term":[{"taxonomy":"category","embeddable":true,"href":"https:\/\/www.ucaldas.edu.co\/portal\/wp-json\/wp\/v2\/categories?post=11667"},{"taxonomy":"post_tag","embeddable":true,"href":"https:\/\/www.ucaldas.edu.co\/portal\/wp-json\/wp\/v2\/tags?post=11667"}],"curies":[{"name":"wp","href":"https:\/\/api.w.org\/{rel}","templated":true}]}}