{"id":11659,"date":"2012-09-20T09:19:31","date_gmt":"2012-09-20T14:19:31","guid":{"rendered":"https:\/\/www.ucaldas.edu.co\/portal\/?p=11659"},"modified":"2012-09-20T09:19:31","modified_gmt":"2012-09-20T14:19:31","slug":"sesion-de-la-comision-de-moralizacion-regional-en-samana-caldas","status":"publish","type":"post","link":"https:\/\/www.ucaldas.edu.co\/portal\/sesion-de-la-comision-de-moralizacion-regional-en-samana-caldas\/","title":{"rendered":"Sesi\u00f3n de la Comisi\u00f3n de Moralizaci\u00f3n Regional, en Saman\u00e1 (Caldas)"},"content":{"rendered":"<p><b>sep 21<\/b><\/p>\n<hr \/>\n<table border=\"0\">\n<tbody>\n<tr>\n<td><img loading=\"lazy\" decoding=\"async\" style=\"border: 0px\" title=\"Encuentro\" alt=\"Encuentro\" src=\"http:\/\/www.ucaldas.edu.co\/images\/tmp\/jornada_ingenieria_2012_invitado.jpg\" width=\"240\" height=\"150\" border=\"0\" \/><\/td>\n<td>\n<table border=\"0\">\n<tbody>\n<tr>\n<td><\/td>\n<td><\/td>\n<\/tr>\n<\/tbody>\n<\/table>\n<p><b>Descripci\u00f3n:\u00a0<\/b>el Rector de la Universidad participar\u00e1 en la Sesi\u00f3n de la Comisi\u00f3n de Moralizaci\u00f3n Regional, a la cual est\u00e1 invitado por convocatoria de la Contralor\u00eda.<\/td>\n<\/tr>\n<\/tbody>\n<\/table>\n<p><b>Actividad:\u00a0<\/b>Gran Foro Regional para la Moralizaci\u00f3n y el Progreso, en el que participar\u00e1n el Gobernador de Caldas, Guido Echeverry Piedrahita; el Presidente de la Comisi\u00f3n Regional de Moralizaci\u00f3n, Lind\u00f3n Alberto Chavarriaga Montoya, entre otros. En el encuentro, G\u00f3mez Giraldo presentar\u00e1 una disertaci\u00f3n sobre la\u00a0<i>Universidad en la regi\u00f3n.<\/i><\/p>\n<p><b>Lugar:\u00a0<\/b>Saman\u00e1 (Caldas).<\/p>\n<p><b>Horario:\u00a0<\/b>este viernes 21 de septiembre del 2012,\u00a0desde las 8:00 a.m.<br \/>\n<b>Participan:\u00a0<\/b>los vicerrectores Administrativo, Acad\u00e9mico y de Proyecci\u00f3n Universitaria, adem\u00e1s el Secretario General de la Instituci\u00f3n. Por otra parte, el equipo de la Oficina de Prensa har\u00e1 un acompa\u00f1amiento informativo y publicitario mediante la unidad m\u00f3vil La Ruta de las Noticias, durante estos eventos. Tambi\u00e9n participar\u00e1 el \u00c1rea de Extensi\u00f3n Cultural de la Instituci\u00f3n y se realizar\u00e1 una campa\u00f1a de mercadeo de los programas de la U. de Caldas.<\/p>\n<p><b>Informes:<\/b>\u00a0Oficina de Prensa, tel\u00e9fono 878 15 00 extensi\u00f3n 12 167.<\/p>\n<p>&nbsp;<\/p>\n","protected":false},"excerpt":{"rendered":"<p>sep 21 Descripci\u00f3n:\u00a0el Rector de la Universidad participar\u00e1 en la Sesi\u00f3n de la Comisi\u00f3n de Moralizaci\u00f3n Regional, a la cual est\u00e1 invitado por convocatoria de la Contralor\u00eda. Actividad:\u00a0Gran Foro Regional para la Moralizaci\u00f3n y el Progreso, en el que participar\u00e1n el Gobernador de Caldas, Guido Echeverry Piedrahita; el Presidente de la Comisi\u00f3n Regional de Moralizaci\u00f3n, [&hellip;]<\/p>\n","protected":false},"author":2,"featured_media":0,"comment_status":"closed","ping_status":"closed","sticky":false,"template":"","format":"standard","meta":{"footnotes":""},"categories":[48,53],"tags":[],"class_list":["post-11659","post","type-post","status-publish","format-standard","hentry","category-actualidad","category-universidad-al-dia"],"yoast_head":"<!-- This site is optimized with the Yoast SEO plugin v27.5 - https:\/\/yoast.com\/product\/yoast-seo-wordpress\/ -->\n<title>Sesi\u00f3n de la Comisi\u00f3n de Moralizaci\u00f3n Regional, en Saman\u00e1 (Caldas) .<\/title>\n<meta name=\"robots\" content=\"index, follow, max-snippet:-1, max-image-preview:large, max-video-preview:-1\" \/>\n<link rel=\"canonical\" href=\"https:\/\/www.ucaldas.edu.co\/portal\/sesion-de-la-comision-de-moralizacion-regional-en-samana-caldas\/\" \/>\n<script type=\"application\/ld+json\" class=\"yoast-schema-graph\">{\"@context\":\"https:\\\/\\\/schema.org\",\"@graph\":[{\"@type\":\"Article\",\"@id\":\"https:\\\/\\\/www.ucaldas.edu.co\\\/portal\\\/sesion-de-la-comision-de-moralizacion-regional-en-samana-caldas\\\/#article\",\"isPartOf\":{\"@id\":\"https:\\\/\\\/www.ucaldas.edu.co\\\/portal\\\/sesion-de-la-comision-de-moralizacion-regional-en-samana-caldas\\\/\"},\"author\":{\"name\":\"ofiprensa\",\"@id\":\"https:\\\/\\\/www.ucaldas.edu.co\\\/portal\\\/#\\\/schema\\\/person\\\/a1b482e23449158b4bc319926c074fdf\"},\"headline\":\"Sesi\u00f3n de la Comisi\u00f3n de Moralizaci\u00f3n Regional, en Saman\u00e1 (Caldas)\",\"datePublished\":\"2012-09-20T14:19:31+00:00\",\"mainEntityOfPage\":{\"@id\":\"https:\\\/\\\/www.ucaldas.edu.co\\\/portal\\\/sesion-de-la-comision-de-moralizacion-regional-en-samana-caldas\\\/\"},\"wordCount\":203,\"publisher\":{\"@id\":\"https:\\\/\\\/www.ucaldas.edu.co\\\/portal\\\/#organization\"},\"image\":{\"@id\":\"https:\\\/\\\/www.ucaldas.edu.co\\\/portal\\\/sesion-de-la-comision-de-moralizacion-regional-en-samana-caldas\\\/#primaryimage\"},\"thumbnailUrl\":\"http:\\\/\\\/www.ucaldas.edu.co\\\/images\\\/tmp\\\/jornada_ingenieria_2012_invitado.jpg\",\"articleSection\":[\"Actualidad\",\"Universidad al D\u00eda\"],\"inLanguage\":\"es\"},{\"@type\":\"WebPage\",\"@id\":\"https:\\\/\\\/www.ucaldas.edu.co\\\/portal\\\/sesion-de-la-comision-de-moralizacion-regional-en-samana-caldas\\\/\",\"url\":\"https:\\\/\\\/www.ucaldas.edu.co\\\/portal\\\/sesion-de-la-comision-de-moralizacion-regional-en-samana-caldas\\\/\",\"name\":\"Sesi\u00f3n de la Comisi\u00f3n de Moralizaci\u00f3n Regional, en Saman\u00e1 (Caldas) .\",\"isPartOf\":{\"@id\":\"https:\\\/\\\/www.ucaldas.edu.co\\\/portal\\\/#website\"},\"primaryImageOfPage\":{\"@id\":\"https:\\\/\\\/www.ucaldas.edu.co\\\/portal\\\/sesion-de-la-comision-de-moralizacion-regional-en-samana-caldas\\\/#primaryimage\"},\"image\":{\"@id\":\"https:\\\/\\\/www.ucaldas.edu.co\\\/portal\\\/sesion-de-la-comision-de-moralizacion-regional-en-samana-caldas\\\/#primaryimage\"},\"thumbnailUrl\":\"http:\\\/\\\/www.ucaldas.edu.co\\\/images\\\/tmp\\\/jornada_ingenieria_2012_invitado.jpg\",\"datePublished\":\"2012-09-20T14:19:31+00:00\",\"breadcrumb\":{\"@id\":\"https:\\\/\\\/www.ucaldas.edu.co\\\/portal\\\/sesion-de-la-comision-de-moralizacion-regional-en-samana-caldas\\\/#breadcrumb\"},\"inLanguage\":\"es\",\"potentialAction\":[{\"@type\":\"ReadAction\",\"target\":[\"https:\\\/\\\/www.ucaldas.edu.co\\\/portal\\\/sesion-de-la-comision-de-moralizacion-regional-en-samana-caldas\\\/\"]}]},{\"@type\":\"ImageObject\",\"inLanguage\":\"es\",\"@id\":\"https:\\\/\\\/www.ucaldas.edu.co\\\/portal\\\/sesion-de-la-comision-de-moralizacion-regional-en-samana-caldas\\\/#primaryimage\",\"url\":\"http:\\\/\\\/www.ucaldas.edu.co\\\/images\\\/tmp\\\/jornada_ingenieria_2012_invitado.jpg\",\"contentUrl\":\"http:\\\/\\\/www.ucaldas.edu.co\\\/images\\\/tmp\\\/jornada_ingenieria_2012_invitado.jpg\"},{\"@type\":\"BreadcrumbList\",\"@id\":\"https:\\\/\\\/www.ucaldas.edu.co\\\/portal\\\/sesion-de-la-comision-de-moralizacion-regional-en-samana-caldas\\\/#breadcrumb\",\"itemListElement\":[{\"@type\":\"ListItem\",\"position\":1,\"name\":\"Portada\",\"item\":\"https:\\\/\\\/www.ucaldas.edu.co\\\/portal\\\/\"},{\"@type\":\"ListItem\",\"position\":2,\"name\":\"Sesi\u00f3n de la Comisi\u00f3n de Moralizaci\u00f3n Regional, en Saman\u00e1 (Caldas)\"}]},{\"@type\":\"WebSite\",\"@id\":\"https:\\\/\\\/www.ucaldas.edu.co\\\/portal\\\/#website\",\"url\":\"https:\\\/\\\/www.ucaldas.edu.co\\\/portal\\\/\",\"name\":\"Universidad de Caldas\",\"description\":\"\",\"publisher\":{\"@id\":\"https:\\\/\\\/www.ucaldas.edu.co\\\/portal\\\/#organization\"},\"alternateName\":\"U. de Caldas\",\"potentialAction\":[{\"@type\":\"SearchAction\",\"target\":{\"@type\":\"EntryPoint\",\"urlTemplate\":\"https:\\\/\\\/www.ucaldas.edu.co\\\/portal\\\/?s={search_term_string}\"},\"query-input\":{\"@type\":\"PropertyValueSpecification\",\"valueRequired\":true,\"valueName\":\"search_term_string\"}}],\"inLanguage\":\"es\"},{\"@type\":\"Organization\",\"@id\":\"https:\\\/\\\/www.ucaldas.edu.co\\\/portal\\\/#organization\",\"name\":\"Universidad de Caldas\",\"alternateName\":\"U. de Caldas\",\"url\":\"https:\\\/\\\/www.ucaldas.edu.co\\\/portal\\\/\",\"logo\":{\"@type\":\"ImageObject\",\"inLanguage\":\"es\",\"@id\":\"https:\\\/\\\/www.ucaldas.edu.co\\\/portal\\\/#\\\/schema\\\/logo\\\/image\\\/\",\"url\":\"https:\\\/\\\/www.ucaldas.edu.co\\\/portal\\\/wp-content\\\/uploads\\\/2023\\\/11\\\/Logo_horizontal_oscuroU-2023.png\",\"contentUrl\":\"https:\\\/\\\/www.ucaldas.edu.co\\\/portal\\\/wp-content\\\/uploads\\\/2023\\\/11\\\/Logo_horizontal_oscuroU-2023.png\",\"width\":263,\"height\":101,\"caption\":\"Universidad de Caldas\"},\"image\":{\"@id\":\"https:\\\/\\\/www.ucaldas.edu.co\\\/portal\\\/#\\\/schema\\\/logo\\\/image\\\/\"},\"sameAs\":[\"https:\\\/\\\/www.facebook.com\\\/udecaldas\",\"https:\\\/\\\/x.com\\\/udecaldas\",\"https:\\\/\\\/www.youtube.com\\\/universidadcaldas\",\"https:\\\/\\\/www.instagram.com\\\/udecaldas\\\/\"]},{\"@type\":\"Person\",\"@id\":\"https:\\\/\\\/www.ucaldas.edu.co\\\/portal\\\/#\\\/schema\\\/person\\\/a1b482e23449158b4bc319926c074fdf\",\"name\":\"ofiprensa\",\"image\":{\"@type\":\"ImageObject\",\"inLanguage\":\"es\",\"@id\":\"https:\\\/\\\/www.ucaldas.edu.co\\\/portal\\\/wp-content\\\/litespeed\\\/avatar\\\/09ea5085e600095a7a811142c6944527.jpg?ver=1777497608\",\"url\":\"https:\\\/\\\/www.ucaldas.edu.co\\\/portal\\\/wp-content\\\/litespeed\\\/avatar\\\/09ea5085e600095a7a811142c6944527.jpg?ver=1777497608\",\"contentUrl\":\"https:\\\/\\\/www.ucaldas.edu.co\\\/portal\\\/wp-content\\\/litespeed\\\/avatar\\\/09ea5085e600095a7a811142c6944527.jpg?ver=1777497608\",\"caption\":\"ofiprensa\"},\"url\":\"https:\\\/\\\/www.ucaldas.edu.co\\\/portal\\\/author\\\/ofiprensa\\\/\"}]}<\/script>\n<!-- \/ Yoast SEO plugin. -->","yoast_head_json":{"title":"Sesi\u00f3n de la Comisi\u00f3n de Moralizaci\u00f3n Regional, en Saman\u00e1 (Caldas) .","robots":{"index":"index","follow":"follow","max-snippet":"max-snippet:-1","max-image-preview":"max-image-preview:large","max-video-preview":"max-video-preview:-1"},"canonical":"https:\/\/www.ucaldas.edu.co\/portal\/sesion-de-la-comision-de-moralizacion-regional-en-samana-caldas\/","schema":{"@context":"https:\/\/schema.org","@graph":[{"@type":"Article","@id":"https:\/\/www.ucaldas.edu.co\/portal\/sesion-de-la-comision-de-moralizacion-regional-en-samana-caldas\/#article","isPartOf":{"@id":"https:\/\/www.ucaldas.edu.co\/portal\/sesion-de-la-comision-de-moralizacion-regional-en-samana-caldas\/"},"author":{"name":"ofiprensa","@id":"https:\/\/www.ucaldas.edu.co\/portal\/#\/schema\/person\/a1b482e23449158b4bc319926c074fdf"},"headline":"Sesi\u00f3n de la Comisi\u00f3n de Moralizaci\u00f3n Regional, en Saman\u00e1 (Caldas)","datePublished":"2012-09-20T14:19:31+00:00","mainEntityOfPage":{"@id":"https:\/\/www.ucaldas.edu.co\/portal\/sesion-de-la-comision-de-moralizacion-regional-en-samana-caldas\/"},"wordCount":203,"publisher":{"@id":"https:\/\/www.ucaldas.edu.co\/portal\/#organization"},"image":{"@id":"https:\/\/www.ucaldas.edu.co\/portal\/sesion-de-la-comision-de-moralizacion-regional-en-samana-caldas\/#primaryimage"},"thumbnailUrl":"http:\/\/www.ucaldas.edu.co\/images\/tmp\/jornada_ingenieria_2012_invitado.jpg","articleSection":["Actualidad","Universidad al D\u00eda"],"inLanguage":"es"},{"@type":"WebPage","@id":"https:\/\/www.ucaldas.edu.co\/portal\/sesion-de-la-comision-de-moralizacion-regional-en-samana-caldas\/","url":"https:\/\/www.ucaldas.edu.co\/portal\/sesion-de-la-comision-de-moralizacion-regional-en-samana-caldas\/","name":"Sesi\u00f3n de la Comisi\u00f3n de Moralizaci\u00f3n Regional, en Saman\u00e1 (Caldas) .","isPartOf":{"@id":"https:\/\/www.ucaldas.edu.co\/portal\/#website"},"primaryImageOfPage":{"@id":"https:\/\/www.ucaldas.edu.co\/portal\/sesion-de-la-comision-de-moralizacion-regional-en-samana-caldas\/#primaryimage"},"image":{"@id":"https:\/\/www.ucaldas.edu.co\/portal\/sesion-de-la-comision-de-moralizacion-regional-en-samana-caldas\/#primaryimage"},"thumbnailUrl":"http:\/\/www.ucaldas.edu.co\/images\/tmp\/jornada_ingenieria_2012_invitado.jpg","datePublished":"2012-09-20T14:19:31+00:00","breadcrumb":{"@id":"https:\/\/www.ucaldas.edu.co\/portal\/sesion-de-la-comision-de-moralizacion-regional-en-samana-caldas\/#breadcrumb"},"inLanguage":"es","potentialAction":[{"@type":"ReadAction","target":["https:\/\/www.ucaldas.edu.co\/portal\/sesion-de-la-comision-de-moralizacion-regional-en-samana-caldas\/"]}]},{"@type":"ImageObject","inLanguage":"es","@id":"https:\/\/www.ucaldas.edu.co\/portal\/sesion-de-la-comision-de-moralizacion-regional-en-samana-caldas\/#primaryimage","url":"http:\/\/www.ucaldas.edu.co\/images\/tmp\/jornada_ingenieria_2012_invitado.jpg","contentUrl":"http:\/\/www.ucaldas.edu.co\/images\/tmp\/jornada_ingenieria_2012_invitado.jpg"},{"@type":"BreadcrumbList","@id":"https:\/\/www.ucaldas.edu.co\/portal\/sesion-de-la-comision-de-moralizacion-regional-en-samana-caldas\/#breadcrumb","itemListElement":[{"@type":"ListItem","position":1,"name":"Portada","item":"https:\/\/www.ucaldas.edu.co\/portal\/"},{"@type":"ListItem","position":2,"name":"Sesi\u00f3n de la Comisi\u00f3n de Moralizaci\u00f3n Regional, en Saman\u00e1 (Caldas)"}]},{"@type":"WebSite","@id":"https:\/\/www.ucaldas.edu.co\/portal\/#website","url":"https:\/\/www.ucaldas.edu.co\/portal\/","name":"Universidad de Caldas","description":"","publisher":{"@id":"https:\/\/www.ucaldas.edu.co\/portal\/#organization"},"alternateName":"U. de Caldas","potentialAction":[{"@type":"SearchAction","target":{"@type":"EntryPoint","urlTemplate":"https:\/\/www.ucaldas.edu.co\/portal\/?s={search_term_string}"},"query-input":{"@type":"PropertyValueSpecification","valueRequired":true,"valueName":"search_term_string"}}],"inLanguage":"es"},{"@type":"Organization","@id":"https:\/\/www.ucaldas.edu.co\/portal\/#organization","name":"Universidad de Caldas","alternateName":"U. de Caldas","url":"https:\/\/www.ucaldas.edu.co\/portal\/","logo":{"@type":"ImageObject","inLanguage":"es","@id":"https:\/\/www.ucaldas.edu.co\/portal\/#\/schema\/logo\/image\/","url":"https:\/\/www.ucaldas.edu.co\/portal\/wp-content\/uploads\/2023\/11\/Logo_horizontal_oscuroU-2023.png","contentUrl":"https:\/\/www.ucaldas.edu.co\/portal\/wp-content\/uploads\/2023\/11\/Logo_horizontal_oscuroU-2023.png","width":263,"height":101,"caption":"Universidad de Caldas"},"image":{"@id":"https:\/\/www.ucaldas.edu.co\/portal\/#\/schema\/logo\/image\/"},"sameAs":["https:\/\/www.facebook.com\/udecaldas","https:\/\/x.com\/udecaldas","https:\/\/www.youtube.com\/universidadcaldas","https:\/\/www.instagram.com\/udecaldas\/"]},{"@type":"Person","@id":"https:\/\/www.ucaldas.edu.co\/portal\/#\/schema\/person\/a1b482e23449158b4bc319926c074fdf","name":"ofiprensa","image":{"@type":"ImageObject","inLanguage":"es","@id":"https:\/\/www.ucaldas.edu.co\/portal\/wp-content\/litespeed\/avatar\/09ea5085e600095a7a811142c6944527.jpg?ver=1777497608","url":"https:\/\/www.ucaldas.edu.co\/portal\/wp-content\/litespeed\/avatar\/09ea5085e600095a7a811142c6944527.jpg?ver=1777497608","contentUrl":"https:\/\/www.ucaldas.edu.co\/portal\/wp-content\/litespeed\/avatar\/09ea5085e600095a7a811142c6944527.jpg?ver=1777497608","caption":"ofiprensa"},"url":"https:\/\/www.ucaldas.edu.co\/portal\/author\/ofiprensa\/"}]}},"_links":{"self":[{"href":"https:\/\/www.ucaldas.edu.co\/portal\/wp-json\/wp\/v2\/posts\/11659","targetHints":{"allow":["GET"]}}],"collection":[{"href":"https:\/\/www.ucaldas.edu.co\/portal\/wp-json\/wp\/v2\/posts"}],"about":[{"href":"https:\/\/www.ucaldas.edu.co\/portal\/wp-json\/wp\/v2\/types\/post"}],"author":[{"embeddable":true,"href":"https:\/\/www.ucaldas.edu.co\/portal\/wp-json\/wp\/v2\/users\/2"}],"replies":[{"embeddable":true,"href":"https:\/\/www.ucaldas.edu.co\/portal\/wp-json\/wp\/v2\/comments?post=11659"}],"version-history":[{"count":0,"href":"https:\/\/www.ucaldas.edu.co\/portal\/wp-json\/wp\/v2\/posts\/11659\/revisions"}],"wp:attachment":[{"href":"https:\/\/www.ucaldas.edu.co\/portal\/wp-json\/wp\/v2\/media?parent=11659"}],"wp:term":[{"taxonomy":"category","embeddable":true,"href":"https:\/\/www.ucaldas.edu.co\/portal\/wp-json\/wp\/v2\/categories?post=11659"},{"taxonomy":"post_tag","embeddable":true,"href":"https:\/\/www.ucaldas.edu.co\/portal\/wp-json\/wp\/v2\/tags?post=11659"}],"curies":[{"name":"wp","href":"https:\/\/api.w.org\/{rel}","templated":true}]}}