{"id":11655,"date":"2012-09-20T09:17:44","date_gmt":"2012-09-20T14:17:44","guid":{"rendered":"https:\/\/www.ucaldas.edu.co\/portal\/?p=11655"},"modified":"2012-09-20T09:17:44","modified_gmt":"2012-09-20T14:17:44","slug":"por-primera-vez-en-la-historia-u-de-caldas-realizara-ceremonia-de-grados-en-samana-caldas","status":"publish","type":"post","link":"https:\/\/www.ucaldas.edu.co\/portal\/por-primera-vez-en-la-historia-u-de-caldas-realizara-ceremonia-de-grados-en-samana-caldas\/","title":{"rendered":"Por primera vez en la historia, U. de Caldas realizar\u00e1 ceremonia de grados en Saman\u00e1 (Caldas)"},"content":{"rendered":"<p>Instituci\u00f3n llegar\u00e1 hasta municipio caldense, en su estrategia de regionalizaci\u00f3n<\/p>\n<hr \/>\n<p>&nbsp;<\/p>\n<p>&nbsp;<\/p>\n<p align=\"right\">20\/09\/2012<\/p>\n<p align=\"right\">Redacci\u00f3n: Margarita Laverde Galvis<\/p>\n<table border=\"0\">\n<tbody>\n<tr>\n<td><img loading=\"lazy\" decoding=\"async\" style=\"border: 0px\" title=\"Por primera vez en la historia, U. de Caldas realizar\u00e1 ceremonia de grados en Saman\u00e1 (Caldas)\" alt=\"Grados en Saman\u00e1\" src=\"http:\/\/www.ucaldas.edu.co\/images\/tmp\/ruta_noticias_norte_caldas_2012.jpg\" width=\"240\" height=\"150\" border=\"0\" \/><\/td>\n<td><b>Este viernes 21<\/b>\u00a0de\u00a0<b>septiembre<\/b>\u00a0del 2012\u00a0<b>ser\u00e1 un d\u00eda hist\u00f3rico para la Universidad de Caldas<\/b>:\u00a0<b>por primera vez<\/b>\u00a0la\u00a0<b>Instituci\u00f3n<\/b>\u00a0<b>realizar\u00e1<\/b>\u00a0una<b>ceremonia de grados en Saman\u00e1 (Caldas).<\/b>\u00a0En el acto, que\u00a0<b>presidir\u00e1 el Rector de la Universidad<\/b>, Ricardo G\u00f3mez Giraldo,\u00a0<b>21 estudiantes de dos tecnolog\u00edas<\/b>\u00a0de la Instituci\u00f3n\u00a0<b>recibir\u00e1n su t\u00edtulo.<\/b><\/td>\n<\/tr>\n<\/tbody>\n<\/table>\n<p><b>\u00a0<\/b><\/p>\n<p>&nbsp;<\/p>\n<p>Se trata de\u00a0<b>14 estudiantes<\/b>\u00a0de la\u00a0<b>Tecnolog\u00eda en Administraci\u00f3n Judicial<\/b>, de la\u00a0<b>Facultad de Ciencias Jur\u00eddicas y Sociales<\/b>, y \u00a0<b>siete estudiantes<\/b>\u00a0de la\u00a0<b>Tecnolog\u00eda en Electr\u00f3nica<\/b>, de la\u00a0<b>Facultad de Ciencias Exactas y Naturales<\/b>\u00a0de la U. de Caldas.<\/p>\n<p>&nbsp;<\/p>\n<p>El\u00a0<b>acto ser\u00e1 a las 6:30 p.m.<\/b>\u00a0en la\u00a0<b>Casa de la Cultura de Saman\u00e1<\/b>\u00a0(Caldas). La\u00a0<b>comisi\u00f3n llegar\u00e1<\/b>\u00a0<b>hasta el municipio caldense<\/b>, en la\u00a0<b>estrategia de institucionalidad y regionalizaci\u00f3n de la Universidad.<\/b><\/p>\n<p>&nbsp;<\/p>\n<p><b>Sesi\u00f3n de la Comisi\u00f3n de Moralizaci\u00f3n Regional<br \/>\n<\/b>Por otra parte,\u00a0<b>durante este viaje<\/b>\u00a0el\u00a0<b>Rector de la Universidad<\/b>\u00a0<b>participar\u00e1<\/b>\u00a0en la\u00a0<b>Sesi\u00f3n de la Comisi\u00f3n de Moralizaci\u00f3n Regional<\/b>, a la cual est\u00e1\u00a0<b>invitado por convocatoria de la Contralor\u00eda<\/b>.<\/p>\n<p>&nbsp;<\/p>\n<p>Se trata de un\u00a0<b>Gran Foro Regional para la Moralizaci\u00f3n y el Progreso<\/b>, que se llevar\u00e1 a cabo\u00a0<b>desde las 8:00 a.m.\u00a0<\/b>y en el\u00a0<b>participar\u00e1n<\/b>\u00a0el<b>Gobernador de Caldas<\/b>, Guido Echeverry Piedrahita; el\u00a0<b>Presidente de la Comisi\u00f3n Regional de Moralizaci\u00f3n<\/b>, Lind\u00f3n Alberto Chavarriaga Montoya, entre otros. En el encuentro,\u00a0<b>G\u00f3mez Giraldo presentar\u00e1 una disertaci\u00f3n sobre la\u00a0<i>Universidad en la regi\u00f3n.<\/i><\/b><\/p>\n<p>&nbsp;<\/p>\n<p>La\u00a0<b>comisi\u00f3n de la U. de Caldas la integran<\/b>\u00a0los\u00a0<b>vicerrectores Administrativo, Acad\u00e9mico<\/b>\u00a0y de\u00a0<b>Proyecci\u00f3n Universitaria<\/b>, adem\u00e1s el\u00a0<b>Secretario General<\/b>\u00a0de la Instituci\u00f3n.<\/p>\n<p>&nbsp;<\/p>\n<p>Adem\u00e1s, el\u00a0<b>equipo de la Oficina de Prensa<\/b>\u00a0<b>har\u00e1<\/b>\u00a0un\u00a0<b>acompa\u00f1amiento informativo y publicitario<\/b>\u00a0mediante la\u00a0<b>unidad m\u00f3vil La Ruta de las Noticias<\/b>, durante estos eventos.\u00a0<b>Tambi\u00e9n participar\u00e1<\/b>\u00a0el\u00a0<b>\u00c1rea de Extensi\u00f3n Cultural\u00a0<\/b>de la Instituci\u00f3n y\u00a0<b>se realizar\u00e1 una campa\u00f1a de mercadeo<\/b>\u00a0de los programas de la U. de Caldas.<\/p>\n<p>&nbsp;<\/p>\n<p><b>Informes:<\/b>\u00a0Oficina de Prensa, tel\u00e9fono 878 15 00 extensi\u00f3n 12 167.<\/p>\n<p><b>\u00a0<\/b><\/p>\n","protected":false},"excerpt":{"rendered":"<p>Instituci\u00f3n llegar\u00e1 hasta municipio caldense, en su estrategia de regionalizaci\u00f3n &nbsp; &nbsp; 20\/09\/2012 Redacci\u00f3n: Margarita Laverde Galvis Este viernes 21\u00a0de\u00a0septiembre\u00a0del 2012\u00a0ser\u00e1 un d\u00eda hist\u00f3rico para la Universidad de Caldas:\u00a0por primera vez\u00a0la\u00a0Instituci\u00f3n\u00a0realizar\u00e1\u00a0unaceremonia de grados en Saman\u00e1 (Caldas).\u00a0En el acto, que\u00a0presidir\u00e1 el Rector de la Universidad, Ricardo G\u00f3mez Giraldo,\u00a021 estudiantes de dos tecnolog\u00edas\u00a0de la Instituci\u00f3n\u00a0recibir\u00e1n su t\u00edtulo. [&hellip;]<\/p>\n","protected":false},"author":2,"featured_media":0,"comment_status":"closed","ping_status":"closed","sticky":false,"template":"","format":"standard","meta":{"footnotes":""},"categories":[48,53],"tags":[],"class_list":["post-11655","post","type-post","status-publish","format-standard","hentry","category-actualidad","category-universidad-al-dia"],"yoast_head":"<!-- This site is optimized with the Yoast SEO plugin v27.5 - https:\/\/yoast.com\/product\/yoast-seo-wordpress\/ -->\n<title>Por primera vez en la historia, U. de Caldas realizar\u00e1 ceremonia de grados en Saman\u00e1 (Caldas) .<\/title>\n<meta name=\"robots\" content=\"index, follow, max-snippet:-1, max-image-preview:large, max-video-preview:-1\" \/>\n<link rel=\"canonical\" href=\"https:\/\/www.ucaldas.edu.co\/portal\/por-primera-vez-en-la-historia-u-de-caldas-realizara-ceremonia-de-grados-en-samana-caldas\/\" \/>\n<script type=\"application\/ld+json\" class=\"yoast-schema-graph\">{\"@context\":\"https:\\\/\\\/schema.org\",\"@graph\":[{\"@type\":\"Article\",\"@id\":\"https:\\\/\\\/www.ucaldas.edu.co\\\/portal\\\/por-primera-vez-en-la-historia-u-de-caldas-realizara-ceremonia-de-grados-en-samana-caldas\\\/#article\",\"isPartOf\":{\"@id\":\"https:\\\/\\\/www.ucaldas.edu.co\\\/portal\\\/por-primera-vez-en-la-historia-u-de-caldas-realizara-ceremonia-de-grados-en-samana-caldas\\\/\"},\"author\":{\"name\":\"ofiprensa\",\"@id\":\"https:\\\/\\\/www.ucaldas.edu.co\\\/portal\\\/#\\\/schema\\\/person\\\/a1b482e23449158b4bc319926c074fdf\"},\"headline\":\"Por primera vez en la historia, U. de Caldas realizar\u00e1 ceremonia de grados en Saman\u00e1 (Caldas)\",\"datePublished\":\"2012-09-20T14:17:44+00:00\",\"mainEntityOfPage\":{\"@id\":\"https:\\\/\\\/www.ucaldas.edu.co\\\/portal\\\/por-primera-vez-en-la-historia-u-de-caldas-realizara-ceremonia-de-grados-en-samana-caldas\\\/\"},\"wordCount\":386,\"publisher\":{\"@id\":\"https:\\\/\\\/www.ucaldas.edu.co\\\/portal\\\/#organization\"},\"image\":{\"@id\":\"https:\\\/\\\/www.ucaldas.edu.co\\\/portal\\\/por-primera-vez-en-la-historia-u-de-caldas-realizara-ceremonia-de-grados-en-samana-caldas\\\/#primaryimage\"},\"thumbnailUrl\":\"http:\\\/\\\/www.ucaldas.edu.co\\\/images\\\/tmp\\\/ruta_noticias_norte_caldas_2012.jpg\",\"articleSection\":[\"Actualidad\",\"Universidad al D\u00eda\"],\"inLanguage\":\"es\"},{\"@type\":\"WebPage\",\"@id\":\"https:\\\/\\\/www.ucaldas.edu.co\\\/portal\\\/por-primera-vez-en-la-historia-u-de-caldas-realizara-ceremonia-de-grados-en-samana-caldas\\\/\",\"url\":\"https:\\\/\\\/www.ucaldas.edu.co\\\/portal\\\/por-primera-vez-en-la-historia-u-de-caldas-realizara-ceremonia-de-grados-en-samana-caldas\\\/\",\"name\":\"Por primera vez en la historia, U. de Caldas realizar\u00e1 ceremonia de grados en Saman\u00e1 (Caldas) .\",\"isPartOf\":{\"@id\":\"https:\\\/\\\/www.ucaldas.edu.co\\\/portal\\\/#website\"},\"primaryImageOfPage\":{\"@id\":\"https:\\\/\\\/www.ucaldas.edu.co\\\/portal\\\/por-primera-vez-en-la-historia-u-de-caldas-realizara-ceremonia-de-grados-en-samana-caldas\\\/#primaryimage\"},\"image\":{\"@id\":\"https:\\\/\\\/www.ucaldas.edu.co\\\/portal\\\/por-primera-vez-en-la-historia-u-de-caldas-realizara-ceremonia-de-grados-en-samana-caldas\\\/#primaryimage\"},\"thumbnailUrl\":\"http:\\\/\\\/www.ucaldas.edu.co\\\/images\\\/tmp\\\/ruta_noticias_norte_caldas_2012.jpg\",\"datePublished\":\"2012-09-20T14:17:44+00:00\",\"breadcrumb\":{\"@id\":\"https:\\\/\\\/www.ucaldas.edu.co\\\/portal\\\/por-primera-vez-en-la-historia-u-de-caldas-realizara-ceremonia-de-grados-en-samana-caldas\\\/#breadcrumb\"},\"inLanguage\":\"es\",\"potentialAction\":[{\"@type\":\"ReadAction\",\"target\":[\"https:\\\/\\\/www.ucaldas.edu.co\\\/portal\\\/por-primera-vez-en-la-historia-u-de-caldas-realizara-ceremonia-de-grados-en-samana-caldas\\\/\"]}]},{\"@type\":\"ImageObject\",\"inLanguage\":\"es\",\"@id\":\"https:\\\/\\\/www.ucaldas.edu.co\\\/portal\\\/por-primera-vez-en-la-historia-u-de-caldas-realizara-ceremonia-de-grados-en-samana-caldas\\\/#primaryimage\",\"url\":\"http:\\\/\\\/www.ucaldas.edu.co\\\/images\\\/tmp\\\/ruta_noticias_norte_caldas_2012.jpg\",\"contentUrl\":\"http:\\\/\\\/www.ucaldas.edu.co\\\/images\\\/tmp\\\/ruta_noticias_norte_caldas_2012.jpg\"},{\"@type\":\"BreadcrumbList\",\"@id\":\"https:\\\/\\\/www.ucaldas.edu.co\\\/portal\\\/por-primera-vez-en-la-historia-u-de-caldas-realizara-ceremonia-de-grados-en-samana-caldas\\\/#breadcrumb\",\"itemListElement\":[{\"@type\":\"ListItem\",\"position\":1,\"name\":\"Portada\",\"item\":\"https:\\\/\\\/www.ucaldas.edu.co\\\/portal\\\/\"},{\"@type\":\"ListItem\",\"position\":2,\"name\":\"Por primera vez en la historia, U. de Caldas realizar\u00e1 ceremonia de grados en Saman\u00e1 (Caldas)\"}]},{\"@type\":\"WebSite\",\"@id\":\"https:\\\/\\\/www.ucaldas.edu.co\\\/portal\\\/#website\",\"url\":\"https:\\\/\\\/www.ucaldas.edu.co\\\/portal\\\/\",\"name\":\"Universidad de Caldas\",\"description\":\"\",\"publisher\":{\"@id\":\"https:\\\/\\\/www.ucaldas.edu.co\\\/portal\\\/#organization\"},\"alternateName\":\"U. de Caldas\",\"potentialAction\":[{\"@type\":\"SearchAction\",\"target\":{\"@type\":\"EntryPoint\",\"urlTemplate\":\"https:\\\/\\\/www.ucaldas.edu.co\\\/portal\\\/?s={search_term_string}\"},\"query-input\":{\"@type\":\"PropertyValueSpecification\",\"valueRequired\":true,\"valueName\":\"search_term_string\"}}],\"inLanguage\":\"es\"},{\"@type\":\"Organization\",\"@id\":\"https:\\\/\\\/www.ucaldas.edu.co\\\/portal\\\/#organization\",\"name\":\"Universidad de Caldas\",\"alternateName\":\"U. de Caldas\",\"url\":\"https:\\\/\\\/www.ucaldas.edu.co\\\/portal\\\/\",\"logo\":{\"@type\":\"ImageObject\",\"inLanguage\":\"es\",\"@id\":\"https:\\\/\\\/www.ucaldas.edu.co\\\/portal\\\/#\\\/schema\\\/logo\\\/image\\\/\",\"url\":\"https:\\\/\\\/www.ucaldas.edu.co\\\/portal\\\/wp-content\\\/uploads\\\/2023\\\/11\\\/Logo_horizontal_oscuroU-2023.png\",\"contentUrl\":\"https:\\\/\\\/www.ucaldas.edu.co\\\/portal\\\/wp-content\\\/uploads\\\/2023\\\/11\\\/Logo_horizontal_oscuroU-2023.png\",\"width\":263,\"height\":101,\"caption\":\"Universidad de Caldas\"},\"image\":{\"@id\":\"https:\\\/\\\/www.ucaldas.edu.co\\\/portal\\\/#\\\/schema\\\/logo\\\/image\\\/\"},\"sameAs\":[\"https:\\\/\\\/www.facebook.com\\\/udecaldas\",\"https:\\\/\\\/x.com\\\/udecaldas\",\"https:\\\/\\\/www.youtube.com\\\/universidadcaldas\",\"https:\\\/\\\/www.instagram.com\\\/udecaldas\\\/\"]},{\"@type\":\"Person\",\"@id\":\"https:\\\/\\\/www.ucaldas.edu.co\\\/portal\\\/#\\\/schema\\\/person\\\/a1b482e23449158b4bc319926c074fdf\",\"name\":\"ofiprensa\",\"image\":{\"@type\":\"ImageObject\",\"inLanguage\":\"es\",\"@id\":\"https:\\\/\\\/www.ucaldas.edu.co\\\/portal\\\/wp-content\\\/litespeed\\\/avatar\\\/09ea5085e600095a7a811142c6944527.jpg?ver=1777497608\",\"url\":\"https:\\\/\\\/www.ucaldas.edu.co\\\/portal\\\/wp-content\\\/litespeed\\\/avatar\\\/09ea5085e600095a7a811142c6944527.jpg?ver=1777497608\",\"contentUrl\":\"https:\\\/\\\/www.ucaldas.edu.co\\\/portal\\\/wp-content\\\/litespeed\\\/avatar\\\/09ea5085e600095a7a811142c6944527.jpg?ver=1777497608\",\"caption\":\"ofiprensa\"},\"url\":\"https:\\\/\\\/www.ucaldas.edu.co\\\/portal\\\/author\\\/ofiprensa\\\/\"}]}<\/script>\n<!-- \/ Yoast SEO plugin. -->","yoast_head_json":{"title":"Por primera vez en la historia, U. de Caldas realizar\u00e1 ceremonia de grados en Saman\u00e1 (Caldas) .","robots":{"index":"index","follow":"follow","max-snippet":"max-snippet:-1","max-image-preview":"max-image-preview:large","max-video-preview":"max-video-preview:-1"},"canonical":"https:\/\/www.ucaldas.edu.co\/portal\/por-primera-vez-en-la-historia-u-de-caldas-realizara-ceremonia-de-grados-en-samana-caldas\/","schema":{"@context":"https:\/\/schema.org","@graph":[{"@type":"Article","@id":"https:\/\/www.ucaldas.edu.co\/portal\/por-primera-vez-en-la-historia-u-de-caldas-realizara-ceremonia-de-grados-en-samana-caldas\/#article","isPartOf":{"@id":"https:\/\/www.ucaldas.edu.co\/portal\/por-primera-vez-en-la-historia-u-de-caldas-realizara-ceremonia-de-grados-en-samana-caldas\/"},"author":{"name":"ofiprensa","@id":"https:\/\/www.ucaldas.edu.co\/portal\/#\/schema\/person\/a1b482e23449158b4bc319926c074fdf"},"headline":"Por primera vez en la historia, U. de Caldas realizar\u00e1 ceremonia de grados en Saman\u00e1 (Caldas)","datePublished":"2012-09-20T14:17:44+00:00","mainEntityOfPage":{"@id":"https:\/\/www.ucaldas.edu.co\/portal\/por-primera-vez-en-la-historia-u-de-caldas-realizara-ceremonia-de-grados-en-samana-caldas\/"},"wordCount":386,"publisher":{"@id":"https:\/\/www.ucaldas.edu.co\/portal\/#organization"},"image":{"@id":"https:\/\/www.ucaldas.edu.co\/portal\/por-primera-vez-en-la-historia-u-de-caldas-realizara-ceremonia-de-grados-en-samana-caldas\/#primaryimage"},"thumbnailUrl":"http:\/\/www.ucaldas.edu.co\/images\/tmp\/ruta_noticias_norte_caldas_2012.jpg","articleSection":["Actualidad","Universidad al D\u00eda"],"inLanguage":"es"},{"@type":"WebPage","@id":"https:\/\/www.ucaldas.edu.co\/portal\/por-primera-vez-en-la-historia-u-de-caldas-realizara-ceremonia-de-grados-en-samana-caldas\/","url":"https:\/\/www.ucaldas.edu.co\/portal\/por-primera-vez-en-la-historia-u-de-caldas-realizara-ceremonia-de-grados-en-samana-caldas\/","name":"Por primera vez en la historia, U. de Caldas realizar\u00e1 ceremonia de grados en Saman\u00e1 (Caldas) .","isPartOf":{"@id":"https:\/\/www.ucaldas.edu.co\/portal\/#website"},"primaryImageOfPage":{"@id":"https:\/\/www.ucaldas.edu.co\/portal\/por-primera-vez-en-la-historia-u-de-caldas-realizara-ceremonia-de-grados-en-samana-caldas\/#primaryimage"},"image":{"@id":"https:\/\/www.ucaldas.edu.co\/portal\/por-primera-vez-en-la-historia-u-de-caldas-realizara-ceremonia-de-grados-en-samana-caldas\/#primaryimage"},"thumbnailUrl":"http:\/\/www.ucaldas.edu.co\/images\/tmp\/ruta_noticias_norte_caldas_2012.jpg","datePublished":"2012-09-20T14:17:44+00:00","breadcrumb":{"@id":"https:\/\/www.ucaldas.edu.co\/portal\/por-primera-vez-en-la-historia-u-de-caldas-realizara-ceremonia-de-grados-en-samana-caldas\/#breadcrumb"},"inLanguage":"es","potentialAction":[{"@type":"ReadAction","target":["https:\/\/www.ucaldas.edu.co\/portal\/por-primera-vez-en-la-historia-u-de-caldas-realizara-ceremonia-de-grados-en-samana-caldas\/"]}]},{"@type":"ImageObject","inLanguage":"es","@id":"https:\/\/www.ucaldas.edu.co\/portal\/por-primera-vez-en-la-historia-u-de-caldas-realizara-ceremonia-de-grados-en-samana-caldas\/#primaryimage","url":"http:\/\/www.ucaldas.edu.co\/images\/tmp\/ruta_noticias_norte_caldas_2012.jpg","contentUrl":"http:\/\/www.ucaldas.edu.co\/images\/tmp\/ruta_noticias_norte_caldas_2012.jpg"},{"@type":"BreadcrumbList","@id":"https:\/\/www.ucaldas.edu.co\/portal\/por-primera-vez-en-la-historia-u-de-caldas-realizara-ceremonia-de-grados-en-samana-caldas\/#breadcrumb","itemListElement":[{"@type":"ListItem","position":1,"name":"Portada","item":"https:\/\/www.ucaldas.edu.co\/portal\/"},{"@type":"ListItem","position":2,"name":"Por primera vez en la historia, U. de Caldas realizar\u00e1 ceremonia de grados en Saman\u00e1 (Caldas)"}]},{"@type":"WebSite","@id":"https:\/\/www.ucaldas.edu.co\/portal\/#website","url":"https:\/\/www.ucaldas.edu.co\/portal\/","name":"Universidad de Caldas","description":"","publisher":{"@id":"https:\/\/www.ucaldas.edu.co\/portal\/#organization"},"alternateName":"U. de Caldas","potentialAction":[{"@type":"SearchAction","target":{"@type":"EntryPoint","urlTemplate":"https:\/\/www.ucaldas.edu.co\/portal\/?s={search_term_string}"},"query-input":{"@type":"PropertyValueSpecification","valueRequired":true,"valueName":"search_term_string"}}],"inLanguage":"es"},{"@type":"Organization","@id":"https:\/\/www.ucaldas.edu.co\/portal\/#organization","name":"Universidad de Caldas","alternateName":"U. de Caldas","url":"https:\/\/www.ucaldas.edu.co\/portal\/","logo":{"@type":"ImageObject","inLanguage":"es","@id":"https:\/\/www.ucaldas.edu.co\/portal\/#\/schema\/logo\/image\/","url":"https:\/\/www.ucaldas.edu.co\/portal\/wp-content\/uploads\/2023\/11\/Logo_horizontal_oscuroU-2023.png","contentUrl":"https:\/\/www.ucaldas.edu.co\/portal\/wp-content\/uploads\/2023\/11\/Logo_horizontal_oscuroU-2023.png","width":263,"height":101,"caption":"Universidad de Caldas"},"image":{"@id":"https:\/\/www.ucaldas.edu.co\/portal\/#\/schema\/logo\/image\/"},"sameAs":["https:\/\/www.facebook.com\/udecaldas","https:\/\/x.com\/udecaldas","https:\/\/www.youtube.com\/universidadcaldas","https:\/\/www.instagram.com\/udecaldas\/"]},{"@type":"Person","@id":"https:\/\/www.ucaldas.edu.co\/portal\/#\/schema\/person\/a1b482e23449158b4bc319926c074fdf","name":"ofiprensa","image":{"@type":"ImageObject","inLanguage":"es","@id":"https:\/\/www.ucaldas.edu.co\/portal\/wp-content\/litespeed\/avatar\/09ea5085e600095a7a811142c6944527.jpg?ver=1777497608","url":"https:\/\/www.ucaldas.edu.co\/portal\/wp-content\/litespeed\/avatar\/09ea5085e600095a7a811142c6944527.jpg?ver=1777497608","contentUrl":"https:\/\/www.ucaldas.edu.co\/portal\/wp-content\/litespeed\/avatar\/09ea5085e600095a7a811142c6944527.jpg?ver=1777497608","caption":"ofiprensa"},"url":"https:\/\/www.ucaldas.edu.co\/portal\/author\/ofiprensa\/"}]}},"_links":{"self":[{"href":"https:\/\/www.ucaldas.edu.co\/portal\/wp-json\/wp\/v2\/posts\/11655","targetHints":{"allow":["GET"]}}],"collection":[{"href":"https:\/\/www.ucaldas.edu.co\/portal\/wp-json\/wp\/v2\/posts"}],"about":[{"href":"https:\/\/www.ucaldas.edu.co\/portal\/wp-json\/wp\/v2\/types\/post"}],"author":[{"embeddable":true,"href":"https:\/\/www.ucaldas.edu.co\/portal\/wp-json\/wp\/v2\/users\/2"}],"replies":[{"embeddable":true,"href":"https:\/\/www.ucaldas.edu.co\/portal\/wp-json\/wp\/v2\/comments?post=11655"}],"version-history":[{"count":0,"href":"https:\/\/www.ucaldas.edu.co\/portal\/wp-json\/wp\/v2\/posts\/11655\/revisions"}],"wp:attachment":[{"href":"https:\/\/www.ucaldas.edu.co\/portal\/wp-json\/wp\/v2\/media?parent=11655"}],"wp:term":[{"taxonomy":"category","embeddable":true,"href":"https:\/\/www.ucaldas.edu.co\/portal\/wp-json\/wp\/v2\/categories?post=11655"},{"taxonomy":"post_tag","embeddable":true,"href":"https:\/\/www.ucaldas.edu.co\/portal\/wp-json\/wp\/v2\/tags?post=11655"}],"curies":[{"name":"wp","href":"https:\/\/api.w.org\/{rel}","templated":true}]}}