{"id":11651,"date":"2012-09-19T09:16:02","date_gmt":"2012-09-19T14:16:02","guid":{"rendered":"https:\/\/www.ucaldas.edu.co\/portal\/?p=11651"},"modified":"2012-09-19T09:16:02","modified_gmt":"2012-09-19T14:16:02","slug":"colfuturo-presento-avances-de-su-programa-semillero-de-talentos-regionales-en-u-de-caldas","status":"publish","type":"post","link":"https:\/\/www.ucaldas.edu.co\/portal\/colfuturo-presento-avances-de-su-programa-semillero-de-talentos-regionales-en-u-de-caldas\/","title":{"rendered":"Colfuturo present\u00f3 avances de su Programa Semillero de Talentos Regionales, en U. de Caldas"},"content":{"rendered":"<p>Coordinador del proyecto visit\u00f3 la Instituci\u00f3n<\/p>\n<hr \/>\n<p>&nbsp;<\/p>\n<p align=\"center\">\n<p>&nbsp;<\/p>\n<p align=\"right\">19\/09\/2012<\/p>\n<p align=\"right\">Redacci\u00f3n: Margarita Laverde Galvis<\/p>\n<p>&nbsp;<\/p>\n<table border=\"0\">\n<tbody>\n<tr>\n<td>&nbsp;<\/p>\n<p><img loading=\"lazy\" decoding=\"async\" style=\"border: 0px\" title=\"Colfuturo present\u00f3 avances de su Programa Semillero de Talentos Regionales, en U. de Caldas\" alt=\"Charla Colfuturo\" src=\"http:\/\/www.ucaldas.edu.co\/images\/tmp\/charla_colfuturo.jpg\" width=\"240\" height=\"160\" border=\"0\" \/><\/p>\n<h4>Foto: Guillermo Sarmiento\/ Prensa U. de Caldas<\/h4>\n<\/td>\n<td>Nelson Cuevas Valderrama,\u00a0<b>Coordinador del Programa Semillero de Talentos Regionales de Colfuturo, orient\u00f3<\/b>\u00a0en la\u00a0<b>Universidad de Caldas<\/b>una\u00a0<b>charla sobre este programa<\/b>, el pasado martes 18 de septiembre del 2012, en un\u00a0<b>encuentro<\/b>\u00a0que\u00a0<b>organiz\u00f3<\/b>\u00a0la\u00a0<b>Oficina de Internacionalizaci\u00f3n<\/b>\u00a0de la Instituci\u00f3n.<\/td>\n<\/tr>\n<\/tbody>\n<\/table>\n<p>&nbsp;<\/p>\n<p>&nbsp;<\/p>\n<p>\u201cEn esta ocasi\u00f3n realizamos dos actividades: una charla sobre lo que es Colfuturo y los programas que tiene para las personas que est\u00e1n planeando un posgrado el pr\u00f3ximo a\u00f1o, en t\u00e9rminos de la financiaci\u00f3n, el apoyo financiero que ofrecemos, entre otros\u201d, coment\u00f3 Cuevas Valderrama.<\/p>\n<p>&nbsp;<\/p>\n<p>\u201cEn la segunda parte del encuentro realizamos un taller con los integrantes del Semillero, sobre plan de vida, proyecto de vida, herramientas de b\u00fasqueda de programas e identificaci\u00f3n de universidades\u201d, agreg\u00f3 el invitado.<\/p>\n<p>&nbsp;<\/p>\n<p><b>Fortalecimiento del Programa en Caldas<\/b><\/p>\n<p>\u201cManizales es una de las ciudades objetivo del Semillero, que desde hace m\u00e1s o menos un a\u00f1o empez\u00f3 a tener un fen\u00f3meno de despegue, gracias a una gesti\u00f3n muy importante de la Universidad de Caldas\u201d, coment\u00f3 el Coordinador del Programa Semillero de Talentos Regionales de Colfuturo.<\/p>\n<p>&nbsp;<\/p>\n<p>\u201cEn este momento tenemos identificados aproximadamente unos 80 estudiantes de Manizales, entre ellos unos 25 o 30 de esta Universidad, que tienen la excelencia acad\u00e9mica y que han venido constantemente trabajando en el proyecto acad\u00e9mico como tal\u201d, concluy\u00f3 el invitado.<\/p>\n<p>&nbsp;<\/p>\n<p><a href=\"http:\/\/www.facebook.com\/media\/set\/?set=a.411972092197995.96880.107054166023124&amp;type=3\" target=\"_blank\">Conozca im\u00e1genes de la charla de Colfuturo sobre semilleros y talentos<\/a><\/p>\n<p>&nbsp;<\/p>\n<p><b>Informes:<\/b>\u00a0Oficina de Internacionalizaci\u00f3n, tel\u00e9fono 878 15 00, extensi\u00f3n 12 169.<\/p>\n","protected":false},"excerpt":{"rendered":"<p>Coordinador del proyecto visit\u00f3 la Instituci\u00f3n &nbsp; &nbsp; 19\/09\/2012 Redacci\u00f3n: Margarita Laverde Galvis &nbsp; &nbsp; Foto: Guillermo Sarmiento\/ Prensa U. de Caldas Nelson Cuevas Valderrama,\u00a0Coordinador del Programa Semillero de Talentos Regionales de Colfuturo, orient\u00f3\u00a0en la\u00a0Universidad de Caldasuna\u00a0charla sobre este programa, el pasado martes 18 de septiembre del 2012, en un\u00a0encuentro\u00a0que\u00a0organiz\u00f3\u00a0la\u00a0Oficina de Internacionalizaci\u00f3n\u00a0de la Instituci\u00f3n. &nbsp; [&hellip;]<\/p>\n","protected":false},"author":2,"featured_media":0,"comment_status":"closed","ping_status":"closed","sticky":false,"template":"","format":"standard","meta":{"footnotes":""},"categories":[48,53],"tags":[],"class_list":["post-11651","post","type-post","status-publish","format-standard","hentry","category-actualidad","category-universidad-al-dia"],"yoast_head":"<!-- This site is optimized with the Yoast SEO plugin v27.5 - https:\/\/yoast.com\/product\/yoast-seo-wordpress\/ -->\n<title>Colfuturo present\u00f3 avances de su Programa Semillero de Talentos Regionales, en U. de Caldas .<\/title>\n<meta name=\"robots\" content=\"index, follow, max-snippet:-1, max-image-preview:large, max-video-preview:-1\" \/>\n<link rel=\"canonical\" href=\"https:\/\/www.ucaldas.edu.co\/portal\/colfuturo-presento-avances-de-su-programa-semillero-de-talentos-regionales-en-u-de-caldas\/\" \/>\n<script type=\"application\/ld+json\" class=\"yoast-schema-graph\">{\"@context\":\"https:\\\/\\\/schema.org\",\"@graph\":[{\"@type\":\"Article\",\"@id\":\"https:\\\/\\\/www.ucaldas.edu.co\\\/portal\\\/colfuturo-presento-avances-de-su-programa-semillero-de-talentos-regionales-en-u-de-caldas\\\/#article\",\"isPartOf\":{\"@id\":\"https:\\\/\\\/www.ucaldas.edu.co\\\/portal\\\/colfuturo-presento-avances-de-su-programa-semillero-de-talentos-regionales-en-u-de-caldas\\\/\"},\"author\":{\"name\":\"ofiprensa\",\"@id\":\"https:\\\/\\\/www.ucaldas.edu.co\\\/portal\\\/#\\\/schema\\\/person\\\/a1b482e23449158b4bc319926c074fdf\"},\"headline\":\"Colfuturo present\u00f3 avances de su Programa Semillero de Talentos Regionales, en U. de Caldas\",\"datePublished\":\"2012-09-19T14:16:02+00:00\",\"mainEntityOfPage\":{\"@id\":\"https:\\\/\\\/www.ucaldas.edu.co\\\/portal\\\/colfuturo-presento-avances-de-su-programa-semillero-de-talentos-regionales-en-u-de-caldas\\\/\"},\"wordCount\":286,\"publisher\":{\"@id\":\"https:\\\/\\\/www.ucaldas.edu.co\\\/portal\\\/#organization\"},\"image\":{\"@id\":\"https:\\\/\\\/www.ucaldas.edu.co\\\/portal\\\/colfuturo-presento-avances-de-su-programa-semillero-de-talentos-regionales-en-u-de-caldas\\\/#primaryimage\"},\"thumbnailUrl\":\"http:\\\/\\\/www.ucaldas.edu.co\\\/images\\\/tmp\\\/charla_colfuturo.jpg\",\"articleSection\":[\"Actualidad\",\"Universidad al D\u00eda\"],\"inLanguage\":\"es\"},{\"@type\":\"WebPage\",\"@id\":\"https:\\\/\\\/www.ucaldas.edu.co\\\/portal\\\/colfuturo-presento-avances-de-su-programa-semillero-de-talentos-regionales-en-u-de-caldas\\\/\",\"url\":\"https:\\\/\\\/www.ucaldas.edu.co\\\/portal\\\/colfuturo-presento-avances-de-su-programa-semillero-de-talentos-regionales-en-u-de-caldas\\\/\",\"name\":\"Colfuturo present\u00f3 avances de su Programa Semillero de Talentos Regionales, en U. de Caldas .\",\"isPartOf\":{\"@id\":\"https:\\\/\\\/www.ucaldas.edu.co\\\/portal\\\/#website\"},\"primaryImageOfPage\":{\"@id\":\"https:\\\/\\\/www.ucaldas.edu.co\\\/portal\\\/colfuturo-presento-avances-de-su-programa-semillero-de-talentos-regionales-en-u-de-caldas\\\/#primaryimage\"},\"image\":{\"@id\":\"https:\\\/\\\/www.ucaldas.edu.co\\\/portal\\\/colfuturo-presento-avances-de-su-programa-semillero-de-talentos-regionales-en-u-de-caldas\\\/#primaryimage\"},\"thumbnailUrl\":\"http:\\\/\\\/www.ucaldas.edu.co\\\/images\\\/tmp\\\/charla_colfuturo.jpg\",\"datePublished\":\"2012-09-19T14:16:02+00:00\",\"breadcrumb\":{\"@id\":\"https:\\\/\\\/www.ucaldas.edu.co\\\/portal\\\/colfuturo-presento-avances-de-su-programa-semillero-de-talentos-regionales-en-u-de-caldas\\\/#breadcrumb\"},\"inLanguage\":\"es\",\"potentialAction\":[{\"@type\":\"ReadAction\",\"target\":[\"https:\\\/\\\/www.ucaldas.edu.co\\\/portal\\\/colfuturo-presento-avances-de-su-programa-semillero-de-talentos-regionales-en-u-de-caldas\\\/\"]}]},{\"@type\":\"ImageObject\",\"inLanguage\":\"es\",\"@id\":\"https:\\\/\\\/www.ucaldas.edu.co\\\/portal\\\/colfuturo-presento-avances-de-su-programa-semillero-de-talentos-regionales-en-u-de-caldas\\\/#primaryimage\",\"url\":\"http:\\\/\\\/www.ucaldas.edu.co\\\/images\\\/tmp\\\/charla_colfuturo.jpg\",\"contentUrl\":\"http:\\\/\\\/www.ucaldas.edu.co\\\/images\\\/tmp\\\/charla_colfuturo.jpg\"},{\"@type\":\"BreadcrumbList\",\"@id\":\"https:\\\/\\\/www.ucaldas.edu.co\\\/portal\\\/colfuturo-presento-avances-de-su-programa-semillero-de-talentos-regionales-en-u-de-caldas\\\/#breadcrumb\",\"itemListElement\":[{\"@type\":\"ListItem\",\"position\":1,\"name\":\"Portada\",\"item\":\"https:\\\/\\\/www.ucaldas.edu.co\\\/portal\\\/\"},{\"@type\":\"ListItem\",\"position\":2,\"name\":\"Colfuturo present\u00f3 avances de su Programa Semillero de Talentos Regionales, en U. de Caldas\"}]},{\"@type\":\"WebSite\",\"@id\":\"https:\\\/\\\/www.ucaldas.edu.co\\\/portal\\\/#website\",\"url\":\"https:\\\/\\\/www.ucaldas.edu.co\\\/portal\\\/\",\"name\":\"Universidad de Caldas\",\"description\":\"\",\"publisher\":{\"@id\":\"https:\\\/\\\/www.ucaldas.edu.co\\\/portal\\\/#organization\"},\"alternateName\":\"U. de Caldas\",\"potentialAction\":[{\"@type\":\"SearchAction\",\"target\":{\"@type\":\"EntryPoint\",\"urlTemplate\":\"https:\\\/\\\/www.ucaldas.edu.co\\\/portal\\\/?s={search_term_string}\"},\"query-input\":{\"@type\":\"PropertyValueSpecification\",\"valueRequired\":true,\"valueName\":\"search_term_string\"}}],\"inLanguage\":\"es\"},{\"@type\":\"Organization\",\"@id\":\"https:\\\/\\\/www.ucaldas.edu.co\\\/portal\\\/#organization\",\"name\":\"Universidad de Caldas\",\"alternateName\":\"U. de Caldas\",\"url\":\"https:\\\/\\\/www.ucaldas.edu.co\\\/portal\\\/\",\"logo\":{\"@type\":\"ImageObject\",\"inLanguage\":\"es\",\"@id\":\"https:\\\/\\\/www.ucaldas.edu.co\\\/portal\\\/#\\\/schema\\\/logo\\\/image\\\/\",\"url\":\"https:\\\/\\\/www.ucaldas.edu.co\\\/portal\\\/wp-content\\\/uploads\\\/2023\\\/11\\\/Logo_horizontal_oscuroU-2023.png\",\"contentUrl\":\"https:\\\/\\\/www.ucaldas.edu.co\\\/portal\\\/wp-content\\\/uploads\\\/2023\\\/11\\\/Logo_horizontal_oscuroU-2023.png\",\"width\":263,\"height\":101,\"caption\":\"Universidad de Caldas\"},\"image\":{\"@id\":\"https:\\\/\\\/www.ucaldas.edu.co\\\/portal\\\/#\\\/schema\\\/logo\\\/image\\\/\"},\"sameAs\":[\"https:\\\/\\\/www.facebook.com\\\/udecaldas\",\"https:\\\/\\\/x.com\\\/udecaldas\",\"https:\\\/\\\/www.youtube.com\\\/universidadcaldas\",\"https:\\\/\\\/www.instagram.com\\\/udecaldas\\\/\"]},{\"@type\":\"Person\",\"@id\":\"https:\\\/\\\/www.ucaldas.edu.co\\\/portal\\\/#\\\/schema\\\/person\\\/a1b482e23449158b4bc319926c074fdf\",\"name\":\"ofiprensa\",\"image\":{\"@type\":\"ImageObject\",\"inLanguage\":\"es\",\"@id\":\"https:\\\/\\\/www.ucaldas.edu.co\\\/portal\\\/wp-content\\\/litespeed\\\/avatar\\\/09ea5085e600095a7a811142c6944527.jpg?ver=1777497608\",\"url\":\"https:\\\/\\\/www.ucaldas.edu.co\\\/portal\\\/wp-content\\\/litespeed\\\/avatar\\\/09ea5085e600095a7a811142c6944527.jpg?ver=1777497608\",\"contentUrl\":\"https:\\\/\\\/www.ucaldas.edu.co\\\/portal\\\/wp-content\\\/litespeed\\\/avatar\\\/09ea5085e600095a7a811142c6944527.jpg?ver=1777497608\",\"caption\":\"ofiprensa\"},\"url\":\"https:\\\/\\\/www.ucaldas.edu.co\\\/portal\\\/author\\\/ofiprensa\\\/\"}]}<\/script>\n<!-- \/ Yoast SEO plugin. -->","yoast_head_json":{"title":"Colfuturo present\u00f3 avances de su Programa Semillero de Talentos Regionales, en U. de Caldas .","robots":{"index":"index","follow":"follow","max-snippet":"max-snippet:-1","max-image-preview":"max-image-preview:large","max-video-preview":"max-video-preview:-1"},"canonical":"https:\/\/www.ucaldas.edu.co\/portal\/colfuturo-presento-avances-de-su-programa-semillero-de-talentos-regionales-en-u-de-caldas\/","schema":{"@context":"https:\/\/schema.org","@graph":[{"@type":"Article","@id":"https:\/\/www.ucaldas.edu.co\/portal\/colfuturo-presento-avances-de-su-programa-semillero-de-talentos-regionales-en-u-de-caldas\/#article","isPartOf":{"@id":"https:\/\/www.ucaldas.edu.co\/portal\/colfuturo-presento-avances-de-su-programa-semillero-de-talentos-regionales-en-u-de-caldas\/"},"author":{"name":"ofiprensa","@id":"https:\/\/www.ucaldas.edu.co\/portal\/#\/schema\/person\/a1b482e23449158b4bc319926c074fdf"},"headline":"Colfuturo present\u00f3 avances de su Programa Semillero de Talentos Regionales, en U. de Caldas","datePublished":"2012-09-19T14:16:02+00:00","mainEntityOfPage":{"@id":"https:\/\/www.ucaldas.edu.co\/portal\/colfuturo-presento-avances-de-su-programa-semillero-de-talentos-regionales-en-u-de-caldas\/"},"wordCount":286,"publisher":{"@id":"https:\/\/www.ucaldas.edu.co\/portal\/#organization"},"image":{"@id":"https:\/\/www.ucaldas.edu.co\/portal\/colfuturo-presento-avances-de-su-programa-semillero-de-talentos-regionales-en-u-de-caldas\/#primaryimage"},"thumbnailUrl":"http:\/\/www.ucaldas.edu.co\/images\/tmp\/charla_colfuturo.jpg","articleSection":["Actualidad","Universidad al D\u00eda"],"inLanguage":"es"},{"@type":"WebPage","@id":"https:\/\/www.ucaldas.edu.co\/portal\/colfuturo-presento-avances-de-su-programa-semillero-de-talentos-regionales-en-u-de-caldas\/","url":"https:\/\/www.ucaldas.edu.co\/portal\/colfuturo-presento-avances-de-su-programa-semillero-de-talentos-regionales-en-u-de-caldas\/","name":"Colfuturo present\u00f3 avances de su Programa Semillero de Talentos Regionales, en U. de Caldas .","isPartOf":{"@id":"https:\/\/www.ucaldas.edu.co\/portal\/#website"},"primaryImageOfPage":{"@id":"https:\/\/www.ucaldas.edu.co\/portal\/colfuturo-presento-avances-de-su-programa-semillero-de-talentos-regionales-en-u-de-caldas\/#primaryimage"},"image":{"@id":"https:\/\/www.ucaldas.edu.co\/portal\/colfuturo-presento-avances-de-su-programa-semillero-de-talentos-regionales-en-u-de-caldas\/#primaryimage"},"thumbnailUrl":"http:\/\/www.ucaldas.edu.co\/images\/tmp\/charla_colfuturo.jpg","datePublished":"2012-09-19T14:16:02+00:00","breadcrumb":{"@id":"https:\/\/www.ucaldas.edu.co\/portal\/colfuturo-presento-avances-de-su-programa-semillero-de-talentos-regionales-en-u-de-caldas\/#breadcrumb"},"inLanguage":"es","potentialAction":[{"@type":"ReadAction","target":["https:\/\/www.ucaldas.edu.co\/portal\/colfuturo-presento-avances-de-su-programa-semillero-de-talentos-regionales-en-u-de-caldas\/"]}]},{"@type":"ImageObject","inLanguage":"es","@id":"https:\/\/www.ucaldas.edu.co\/portal\/colfuturo-presento-avances-de-su-programa-semillero-de-talentos-regionales-en-u-de-caldas\/#primaryimage","url":"http:\/\/www.ucaldas.edu.co\/images\/tmp\/charla_colfuturo.jpg","contentUrl":"http:\/\/www.ucaldas.edu.co\/images\/tmp\/charla_colfuturo.jpg"},{"@type":"BreadcrumbList","@id":"https:\/\/www.ucaldas.edu.co\/portal\/colfuturo-presento-avances-de-su-programa-semillero-de-talentos-regionales-en-u-de-caldas\/#breadcrumb","itemListElement":[{"@type":"ListItem","position":1,"name":"Portada","item":"https:\/\/www.ucaldas.edu.co\/portal\/"},{"@type":"ListItem","position":2,"name":"Colfuturo present\u00f3 avances de su Programa Semillero de Talentos Regionales, en U. de Caldas"}]},{"@type":"WebSite","@id":"https:\/\/www.ucaldas.edu.co\/portal\/#website","url":"https:\/\/www.ucaldas.edu.co\/portal\/","name":"Universidad de Caldas","description":"","publisher":{"@id":"https:\/\/www.ucaldas.edu.co\/portal\/#organization"},"alternateName":"U. de Caldas","potentialAction":[{"@type":"SearchAction","target":{"@type":"EntryPoint","urlTemplate":"https:\/\/www.ucaldas.edu.co\/portal\/?s={search_term_string}"},"query-input":{"@type":"PropertyValueSpecification","valueRequired":true,"valueName":"search_term_string"}}],"inLanguage":"es"},{"@type":"Organization","@id":"https:\/\/www.ucaldas.edu.co\/portal\/#organization","name":"Universidad de Caldas","alternateName":"U. de Caldas","url":"https:\/\/www.ucaldas.edu.co\/portal\/","logo":{"@type":"ImageObject","inLanguage":"es","@id":"https:\/\/www.ucaldas.edu.co\/portal\/#\/schema\/logo\/image\/","url":"https:\/\/www.ucaldas.edu.co\/portal\/wp-content\/uploads\/2023\/11\/Logo_horizontal_oscuroU-2023.png","contentUrl":"https:\/\/www.ucaldas.edu.co\/portal\/wp-content\/uploads\/2023\/11\/Logo_horizontal_oscuroU-2023.png","width":263,"height":101,"caption":"Universidad de Caldas"},"image":{"@id":"https:\/\/www.ucaldas.edu.co\/portal\/#\/schema\/logo\/image\/"},"sameAs":["https:\/\/www.facebook.com\/udecaldas","https:\/\/x.com\/udecaldas","https:\/\/www.youtube.com\/universidadcaldas","https:\/\/www.instagram.com\/udecaldas\/"]},{"@type":"Person","@id":"https:\/\/www.ucaldas.edu.co\/portal\/#\/schema\/person\/a1b482e23449158b4bc319926c074fdf","name":"ofiprensa","image":{"@type":"ImageObject","inLanguage":"es","@id":"https:\/\/www.ucaldas.edu.co\/portal\/wp-content\/litespeed\/avatar\/09ea5085e600095a7a811142c6944527.jpg?ver=1777497608","url":"https:\/\/www.ucaldas.edu.co\/portal\/wp-content\/litespeed\/avatar\/09ea5085e600095a7a811142c6944527.jpg?ver=1777497608","contentUrl":"https:\/\/www.ucaldas.edu.co\/portal\/wp-content\/litespeed\/avatar\/09ea5085e600095a7a811142c6944527.jpg?ver=1777497608","caption":"ofiprensa"},"url":"https:\/\/www.ucaldas.edu.co\/portal\/author\/ofiprensa\/"}]}},"_links":{"self":[{"href":"https:\/\/www.ucaldas.edu.co\/portal\/wp-json\/wp\/v2\/posts\/11651","targetHints":{"allow":["GET"]}}],"collection":[{"href":"https:\/\/www.ucaldas.edu.co\/portal\/wp-json\/wp\/v2\/posts"}],"about":[{"href":"https:\/\/www.ucaldas.edu.co\/portal\/wp-json\/wp\/v2\/types\/post"}],"author":[{"embeddable":true,"href":"https:\/\/www.ucaldas.edu.co\/portal\/wp-json\/wp\/v2\/users\/2"}],"replies":[{"embeddable":true,"href":"https:\/\/www.ucaldas.edu.co\/portal\/wp-json\/wp\/v2\/comments?post=11651"}],"version-history":[{"count":0,"href":"https:\/\/www.ucaldas.edu.co\/portal\/wp-json\/wp\/v2\/posts\/11651\/revisions"}],"wp:attachment":[{"href":"https:\/\/www.ucaldas.edu.co\/portal\/wp-json\/wp\/v2\/media?parent=11651"}],"wp:term":[{"taxonomy":"category","embeddable":true,"href":"https:\/\/www.ucaldas.edu.co\/portal\/wp-json\/wp\/v2\/categories?post=11651"},{"taxonomy":"post_tag","embeddable":true,"href":"https:\/\/www.ucaldas.edu.co\/portal\/wp-json\/wp\/v2\/tags?post=11651"}],"curies":[{"name":"wp","href":"https:\/\/api.w.org\/{rel}","templated":true}]}}