{"id":11646,"date":"2012-09-19T09:12:34","date_gmt":"2012-09-19T14:12:34","guid":{"rendered":"https:\/\/www.ucaldas.edu.co\/portal\/?p=11646"},"modified":"2012-09-19T09:12:34","modified_gmt":"2012-09-19T14:12:34","slug":"programas-de-sociologia-y-antropologia-tienen-nuevos-directores","status":"publish","type":"post","link":"https:\/\/www.ucaldas.edu.co\/portal\/programas-de-sociologia-y-antropologia-tienen-nuevos-directores\/","title":{"rendered":"Programas de Sociolog\u00eda y Antropolog\u00eda  tienen nuevos directores"},"content":{"rendered":"<p>Se trata de Jorge Ronderos Valderrama y Miguel \u00c1ngel Rivera Fellner<\/p>\n<hr \/>\n<p>&nbsp;<\/p>\n<p align=\"right\">19\/09\/2012<\/p>\n<p align=\"right\">Redacci\u00f3n: Margarita Laverde Galvis<\/p>\n<p>&nbsp;<\/p>\n<table border=\"0\">\n<tbody>\n<tr>\n<td>&nbsp;<\/p>\n<p><img loading=\"lazy\" decoding=\"async\" style=\"border: 0px\" title=\"Programas de Sociolog\u00eda y Antropolog\u00eda  tienen nuevos directores\" alt=\"Sociologia y Antropolog\u00eda\" src=\"http:\/\/www.ucaldas.edu.co\/images\/tmp\/sociologia_antropologia.jpg\" width=\"240\" height=\"160\" border=\"0\" \/><\/p>\n<h4>Foto: Guillermo Sarmiento\/ Prensa U. de Caldas<\/h4>\n<\/td>\n<td>Los\u00a0<b>programas<\/b>\u00a0de\u00a0<b>Sociolog\u00eda\u00a0<\/b>y<b>\u00a0Antropolog\u00eda\u00a0<\/b>de la\u00a0<b>Universidad de Caldas tienen nuevos directores<\/b>: se trata de\u00a0<b>Jorge Ronderos Valderrama\u00a0<\/b>y<b>Miguel \u00c1ngel Rivera Fellner<\/b>, respectivamente.<\/td>\n<\/tr>\n<\/tbody>\n<\/table>\n<p>&nbsp;<\/p>\n<p>&nbsp;<\/p>\n<p>Jorge Ronderos Valderrama,\u00a0<b>Director del Programa de Sociolog\u00eda,\u00a0<\/b>expres\u00f3: \u201cen este momento el programa est\u00e1 en proceso de reacreditaci\u00f3n y con base en el proceso de autoevaluaci\u00f3n se piensan hacer algunos ajustes curriculares\u201d.<\/p>\n<p>&nbsp;<\/p>\n<p>\u201cEsta acreditaci\u00f3n le dar\u00eda al programa un estatus a nivel de los diferentes programas de sociolog\u00eda que existen en Colombia. Lo que m\u00e1s nos interesa es formar soci\u00f3logos con una capacidad en el campo de la investigaci\u00f3n, pero que tambi\u00e9n se puedan desempe\u00f1ar profesionalmente en diferentes \u00e1mbitos como planeaci\u00f3n, organizaci\u00f3n empresarial, entre otros\u201d, agreg\u00f3 Ronderos Valderrama.<\/p>\n<p>&nbsp;<\/p>\n<p>\u201cTambi\u00e9n nos interesa que el programa se siga consolidando, pues con la acreditaci\u00f3n tendremos una mayor visibilidad. De mi parte, espero contribuir con la U. de Caldas, para apoyar todos los desarrollos interdisciplinarios\u201d, dijo el profesor.<\/p>\n<p>&nbsp;<\/p>\n<p><b>Ronderos Valderrama ingres\u00f3 a la Instituci\u00f3n en 1986\u00a0<\/b>y\u00a0<b>fue uno de los fundadores del Departamento de Antropolog\u00eda y Sociolog\u00eda de la Universidad<\/b>, en la reestructuraci\u00f3n de 1996.<\/p>\n<p>&nbsp;<\/p>\n<p><b>Nuevo Director del Programa de Antropolog\u00eda<\/b><\/p>\n<p><b>Miguel \u00c1ngel Rivera Fellner asumi\u00f3<\/b>\u00a0la\u00a0<b>direcci\u00f3n<\/b>\u00a0del\u00a0<b>Programa de Antropolog\u00eda,\u00a0<\/b>tambi\u00e9n por un periodo de dos a\u00f1os.<\/p>\n<p>&nbsp;<\/p>\n<p>\u201cLos retos son fortalecer la investigaci\u00f3n y proyectar el programa tanto a nivel nacional, como internacional, para que los estudiantes puedan hacer pasant\u00edas, cursos en otras universidades, entre otros\u201d, afirm\u00f3 Rivera Fellner.<\/p>\n<p>&nbsp;<\/p>\n<p>\u201cQueremos fortalecer los semilleros de investigaci\u00f3n, ya que el \u00e9nfasis del programa es crear investigadores. Buscamos que ellos tengan la oportunidad de involucrarse con investigaciones que ya est\u00e9n en curso y que empiecen a plantear sus propias propuestas\u201d, agreg\u00f3 el Director del Programa.<\/p>\n<p>&nbsp;<\/p>\n<p>Miguel \u00c1ngel Rivera Fellner\u00a0<b>ingres\u00f3 a la U. de Caldas en el 2006<\/b>\u00a0como profesor catedr\u00e1tico \u00a0y en el\u00a0<b>2008 \u00a0realiz\u00f3 la Maestr\u00eda en Antropolog\u00eda Visual<\/b>\u00a0en la Facultad Latinoamericana de Ciencias Sociales (<b>Flacso<\/b>), en Quito (<b>Ecuador<\/b>). Hace un a\u00f1o regres\u00f3 a la Instituci\u00f3n, como profesor ocasional de tiempo completo.<\/p>\n<p>&nbsp;<\/p>\n<p><a href=\"http:\/\/www.facebook.com\/media\/set\/?set=a.412259332169271.96962.107054166023124&amp;type=3\" target=\"_blank\">Conozca im\u00e1genes de los nuevos directores de los programas de Sociolog\u00eda y Antropolog\u00eda U. de Caldas<\/a><\/p>\n<p>&nbsp;<\/p>\n<p><b>Recepci\u00f3n de art\u00edculos para Revista<\/b>\u00a0<b>Cultura y<\/b>\u00a0<b>Droga<br \/>\n<\/b>La\u00a0<b>Revista<\/b>\u00a0<b>Cultura y<\/b>\u00a0<b>Droga\u00a0<\/b>de la\u00a0<b>U. de Caldas<\/b>\u00a0est\u00e1\u00a0<b>recibiendo art\u00edculos cient\u00edficos\u00a0<\/b>para la\u00a0<b>edici\u00f3n 19<\/b>, cuyo eje central ser\u00e1n las culturas y adicciones. \u00a0Los interesados en publicar su producci\u00f3n acad\u00e9mica pueden enviar los art\u00edculos a los correos electr\u00f3nicos<a href=\"mailto:culturaydroga@ucaldas.edu.co\" target=\"_blank\">culturaydroga@ucaldas.edu.co<\/a>\u00a0\u00a0y\u00a0<a href=\"mailto:maestria.culturasydroga@ucaldas.edu.co\" target=\"_blank\">maestria.culturasydroga@ucaldas.edu.co<\/a><\/p>\n<p>&nbsp;<\/p>\n<p><b>Informes:\u00a0<\/b>Oficina de Prensa, tel\u00e9fono 878 15 00, extensi\u00f3n 12 167.<\/p>\n","protected":false},"excerpt":{"rendered":"<p>Se trata de Jorge Ronderos Valderrama y Miguel \u00c1ngel Rivera Fellner &nbsp; 19\/09\/2012 Redacci\u00f3n: Margarita Laverde Galvis &nbsp; &nbsp; Foto: Guillermo Sarmiento\/ Prensa U. de Caldas Los\u00a0programas\u00a0de\u00a0Sociolog\u00eda\u00a0y\u00a0Antropolog\u00eda\u00a0de la\u00a0Universidad de Caldas tienen nuevos directores: se trata de\u00a0Jorge Ronderos Valderrama\u00a0yMiguel \u00c1ngel Rivera Fellner, respectivamente. &nbsp; &nbsp; Jorge Ronderos Valderrama,\u00a0Director del Programa de Sociolog\u00eda,\u00a0expres\u00f3: \u201cen este momento el [&hellip;]<\/p>\n","protected":false},"author":2,"featured_media":0,"comment_status":"closed","ping_status":"closed","sticky":false,"template":"","format":"standard","meta":{"footnotes":""},"categories":[53,48],"tags":[],"class_list":["post-11646","post","type-post","status-publish","format-standard","hentry","category-universidad-al-dia","category-actualidad"],"yoast_head":"<!-- This site is optimized with the Yoast SEO plugin v27.5 - https:\/\/yoast.com\/product\/yoast-seo-wordpress\/ -->\n<title>Programas de Sociolog\u00eda y Antropolog\u00eda tienen nuevos directores .<\/title>\n<meta name=\"robots\" content=\"index, follow, max-snippet:-1, max-image-preview:large, max-video-preview:-1\" \/>\n<link rel=\"canonical\" href=\"https:\/\/www.ucaldas.edu.co\/portal\/programas-de-sociologia-y-antropologia-tienen-nuevos-directores\/\" \/>\n<script type=\"application\/ld+json\" class=\"yoast-schema-graph\">{\"@context\":\"https:\\\/\\\/schema.org\",\"@graph\":[{\"@type\":\"Article\",\"@id\":\"https:\\\/\\\/www.ucaldas.edu.co\\\/portal\\\/programas-de-sociologia-y-antropologia-tienen-nuevos-directores\\\/#article\",\"isPartOf\":{\"@id\":\"https:\\\/\\\/www.ucaldas.edu.co\\\/portal\\\/programas-de-sociologia-y-antropologia-tienen-nuevos-directores\\\/\"},\"author\":{\"name\":\"ofiprensa\",\"@id\":\"https:\\\/\\\/www.ucaldas.edu.co\\\/portal\\\/#\\\/schema\\\/person\\\/a1b482e23449158b4bc319926c074fdf\"},\"headline\":\"Programas de Sociolog\u00eda y Antropolog\u00eda tienen nuevos directores\",\"datePublished\":\"2012-09-19T14:12:34+00:00\",\"mainEntityOfPage\":{\"@id\":\"https:\\\/\\\/www.ucaldas.edu.co\\\/portal\\\/programas-de-sociologia-y-antropologia-tienen-nuevos-directores\\\/\"},\"wordCount\":500,\"publisher\":{\"@id\":\"https:\\\/\\\/www.ucaldas.edu.co\\\/portal\\\/#organization\"},\"image\":{\"@id\":\"https:\\\/\\\/www.ucaldas.edu.co\\\/portal\\\/programas-de-sociologia-y-antropologia-tienen-nuevos-directores\\\/#primaryimage\"},\"thumbnailUrl\":\"http:\\\/\\\/www.ucaldas.edu.co\\\/images\\\/tmp\\\/sociologia_antropologia.jpg\",\"articleSection\":[\"Universidad al D\u00eda\",\"Actualidad\"],\"inLanguage\":\"es\"},{\"@type\":\"WebPage\",\"@id\":\"https:\\\/\\\/www.ucaldas.edu.co\\\/portal\\\/programas-de-sociologia-y-antropologia-tienen-nuevos-directores\\\/\",\"url\":\"https:\\\/\\\/www.ucaldas.edu.co\\\/portal\\\/programas-de-sociologia-y-antropologia-tienen-nuevos-directores\\\/\",\"name\":\"Programas de Sociolog\u00eda y Antropolog\u00eda tienen nuevos directores .\",\"isPartOf\":{\"@id\":\"https:\\\/\\\/www.ucaldas.edu.co\\\/portal\\\/#website\"},\"primaryImageOfPage\":{\"@id\":\"https:\\\/\\\/www.ucaldas.edu.co\\\/portal\\\/programas-de-sociologia-y-antropologia-tienen-nuevos-directores\\\/#primaryimage\"},\"image\":{\"@id\":\"https:\\\/\\\/www.ucaldas.edu.co\\\/portal\\\/programas-de-sociologia-y-antropologia-tienen-nuevos-directores\\\/#primaryimage\"},\"thumbnailUrl\":\"http:\\\/\\\/www.ucaldas.edu.co\\\/images\\\/tmp\\\/sociologia_antropologia.jpg\",\"datePublished\":\"2012-09-19T14:12:34+00:00\",\"breadcrumb\":{\"@id\":\"https:\\\/\\\/www.ucaldas.edu.co\\\/portal\\\/programas-de-sociologia-y-antropologia-tienen-nuevos-directores\\\/#breadcrumb\"},\"inLanguage\":\"es\",\"potentialAction\":[{\"@type\":\"ReadAction\",\"target\":[\"https:\\\/\\\/www.ucaldas.edu.co\\\/portal\\\/programas-de-sociologia-y-antropologia-tienen-nuevos-directores\\\/\"]}]},{\"@type\":\"ImageObject\",\"inLanguage\":\"es\",\"@id\":\"https:\\\/\\\/www.ucaldas.edu.co\\\/portal\\\/programas-de-sociologia-y-antropologia-tienen-nuevos-directores\\\/#primaryimage\",\"url\":\"http:\\\/\\\/www.ucaldas.edu.co\\\/images\\\/tmp\\\/sociologia_antropologia.jpg\",\"contentUrl\":\"http:\\\/\\\/www.ucaldas.edu.co\\\/images\\\/tmp\\\/sociologia_antropologia.jpg\"},{\"@type\":\"BreadcrumbList\",\"@id\":\"https:\\\/\\\/www.ucaldas.edu.co\\\/portal\\\/programas-de-sociologia-y-antropologia-tienen-nuevos-directores\\\/#breadcrumb\",\"itemListElement\":[{\"@type\":\"ListItem\",\"position\":1,\"name\":\"Portada\",\"item\":\"https:\\\/\\\/www.ucaldas.edu.co\\\/portal\\\/\"},{\"@type\":\"ListItem\",\"position\":2,\"name\":\"Programas de Sociolog\u00eda y Antropolog\u00eda tienen nuevos directores\"}]},{\"@type\":\"WebSite\",\"@id\":\"https:\\\/\\\/www.ucaldas.edu.co\\\/portal\\\/#website\",\"url\":\"https:\\\/\\\/www.ucaldas.edu.co\\\/portal\\\/\",\"name\":\"Universidad de Caldas\",\"description\":\"\",\"publisher\":{\"@id\":\"https:\\\/\\\/www.ucaldas.edu.co\\\/portal\\\/#organization\"},\"alternateName\":\"U. de Caldas\",\"potentialAction\":[{\"@type\":\"SearchAction\",\"target\":{\"@type\":\"EntryPoint\",\"urlTemplate\":\"https:\\\/\\\/www.ucaldas.edu.co\\\/portal\\\/?s={search_term_string}\"},\"query-input\":{\"@type\":\"PropertyValueSpecification\",\"valueRequired\":true,\"valueName\":\"search_term_string\"}}],\"inLanguage\":\"es\"},{\"@type\":\"Organization\",\"@id\":\"https:\\\/\\\/www.ucaldas.edu.co\\\/portal\\\/#organization\",\"name\":\"Universidad de Caldas\",\"alternateName\":\"U. de Caldas\",\"url\":\"https:\\\/\\\/www.ucaldas.edu.co\\\/portal\\\/\",\"logo\":{\"@type\":\"ImageObject\",\"inLanguage\":\"es\",\"@id\":\"https:\\\/\\\/www.ucaldas.edu.co\\\/portal\\\/#\\\/schema\\\/logo\\\/image\\\/\",\"url\":\"https:\\\/\\\/www.ucaldas.edu.co\\\/portal\\\/wp-content\\\/uploads\\\/2023\\\/11\\\/Logo_horizontal_oscuroU-2023.png\",\"contentUrl\":\"https:\\\/\\\/www.ucaldas.edu.co\\\/portal\\\/wp-content\\\/uploads\\\/2023\\\/11\\\/Logo_horizontal_oscuroU-2023.png\",\"width\":263,\"height\":101,\"caption\":\"Universidad de Caldas\"},\"image\":{\"@id\":\"https:\\\/\\\/www.ucaldas.edu.co\\\/portal\\\/#\\\/schema\\\/logo\\\/image\\\/\"},\"sameAs\":[\"https:\\\/\\\/www.facebook.com\\\/udecaldas\",\"https:\\\/\\\/x.com\\\/udecaldas\",\"https:\\\/\\\/www.youtube.com\\\/universidadcaldas\",\"https:\\\/\\\/www.instagram.com\\\/udecaldas\\\/\"]},{\"@type\":\"Person\",\"@id\":\"https:\\\/\\\/www.ucaldas.edu.co\\\/portal\\\/#\\\/schema\\\/person\\\/a1b482e23449158b4bc319926c074fdf\",\"name\":\"ofiprensa\",\"image\":{\"@type\":\"ImageObject\",\"inLanguage\":\"es\",\"@id\":\"https:\\\/\\\/www.ucaldas.edu.co\\\/portal\\\/wp-content\\\/litespeed\\\/avatar\\\/09ea5085e600095a7a811142c6944527.jpg?ver=1777497608\",\"url\":\"https:\\\/\\\/www.ucaldas.edu.co\\\/portal\\\/wp-content\\\/litespeed\\\/avatar\\\/09ea5085e600095a7a811142c6944527.jpg?ver=1777497608\",\"contentUrl\":\"https:\\\/\\\/www.ucaldas.edu.co\\\/portal\\\/wp-content\\\/litespeed\\\/avatar\\\/09ea5085e600095a7a811142c6944527.jpg?ver=1777497608\",\"caption\":\"ofiprensa\"},\"url\":\"https:\\\/\\\/www.ucaldas.edu.co\\\/portal\\\/author\\\/ofiprensa\\\/\"}]}<\/script>\n<!-- \/ Yoast SEO plugin. -->","yoast_head_json":{"title":"Programas de Sociolog\u00eda y Antropolog\u00eda tienen nuevos directores .","robots":{"index":"index","follow":"follow","max-snippet":"max-snippet:-1","max-image-preview":"max-image-preview:large","max-video-preview":"max-video-preview:-1"},"canonical":"https:\/\/www.ucaldas.edu.co\/portal\/programas-de-sociologia-y-antropologia-tienen-nuevos-directores\/","schema":{"@context":"https:\/\/schema.org","@graph":[{"@type":"Article","@id":"https:\/\/www.ucaldas.edu.co\/portal\/programas-de-sociologia-y-antropologia-tienen-nuevos-directores\/#article","isPartOf":{"@id":"https:\/\/www.ucaldas.edu.co\/portal\/programas-de-sociologia-y-antropologia-tienen-nuevos-directores\/"},"author":{"name":"ofiprensa","@id":"https:\/\/www.ucaldas.edu.co\/portal\/#\/schema\/person\/a1b482e23449158b4bc319926c074fdf"},"headline":"Programas de Sociolog\u00eda y Antropolog\u00eda tienen nuevos directores","datePublished":"2012-09-19T14:12:34+00:00","mainEntityOfPage":{"@id":"https:\/\/www.ucaldas.edu.co\/portal\/programas-de-sociologia-y-antropologia-tienen-nuevos-directores\/"},"wordCount":500,"publisher":{"@id":"https:\/\/www.ucaldas.edu.co\/portal\/#organization"},"image":{"@id":"https:\/\/www.ucaldas.edu.co\/portal\/programas-de-sociologia-y-antropologia-tienen-nuevos-directores\/#primaryimage"},"thumbnailUrl":"http:\/\/www.ucaldas.edu.co\/images\/tmp\/sociologia_antropologia.jpg","articleSection":["Universidad al D\u00eda","Actualidad"],"inLanguage":"es"},{"@type":"WebPage","@id":"https:\/\/www.ucaldas.edu.co\/portal\/programas-de-sociologia-y-antropologia-tienen-nuevos-directores\/","url":"https:\/\/www.ucaldas.edu.co\/portal\/programas-de-sociologia-y-antropologia-tienen-nuevos-directores\/","name":"Programas de Sociolog\u00eda y Antropolog\u00eda tienen nuevos directores .","isPartOf":{"@id":"https:\/\/www.ucaldas.edu.co\/portal\/#website"},"primaryImageOfPage":{"@id":"https:\/\/www.ucaldas.edu.co\/portal\/programas-de-sociologia-y-antropologia-tienen-nuevos-directores\/#primaryimage"},"image":{"@id":"https:\/\/www.ucaldas.edu.co\/portal\/programas-de-sociologia-y-antropologia-tienen-nuevos-directores\/#primaryimage"},"thumbnailUrl":"http:\/\/www.ucaldas.edu.co\/images\/tmp\/sociologia_antropologia.jpg","datePublished":"2012-09-19T14:12:34+00:00","breadcrumb":{"@id":"https:\/\/www.ucaldas.edu.co\/portal\/programas-de-sociologia-y-antropologia-tienen-nuevos-directores\/#breadcrumb"},"inLanguage":"es","potentialAction":[{"@type":"ReadAction","target":["https:\/\/www.ucaldas.edu.co\/portal\/programas-de-sociologia-y-antropologia-tienen-nuevos-directores\/"]}]},{"@type":"ImageObject","inLanguage":"es","@id":"https:\/\/www.ucaldas.edu.co\/portal\/programas-de-sociologia-y-antropologia-tienen-nuevos-directores\/#primaryimage","url":"http:\/\/www.ucaldas.edu.co\/images\/tmp\/sociologia_antropologia.jpg","contentUrl":"http:\/\/www.ucaldas.edu.co\/images\/tmp\/sociologia_antropologia.jpg"},{"@type":"BreadcrumbList","@id":"https:\/\/www.ucaldas.edu.co\/portal\/programas-de-sociologia-y-antropologia-tienen-nuevos-directores\/#breadcrumb","itemListElement":[{"@type":"ListItem","position":1,"name":"Portada","item":"https:\/\/www.ucaldas.edu.co\/portal\/"},{"@type":"ListItem","position":2,"name":"Programas de Sociolog\u00eda y Antropolog\u00eda tienen nuevos directores"}]},{"@type":"WebSite","@id":"https:\/\/www.ucaldas.edu.co\/portal\/#website","url":"https:\/\/www.ucaldas.edu.co\/portal\/","name":"Universidad de Caldas","description":"","publisher":{"@id":"https:\/\/www.ucaldas.edu.co\/portal\/#organization"},"alternateName":"U. de Caldas","potentialAction":[{"@type":"SearchAction","target":{"@type":"EntryPoint","urlTemplate":"https:\/\/www.ucaldas.edu.co\/portal\/?s={search_term_string}"},"query-input":{"@type":"PropertyValueSpecification","valueRequired":true,"valueName":"search_term_string"}}],"inLanguage":"es"},{"@type":"Organization","@id":"https:\/\/www.ucaldas.edu.co\/portal\/#organization","name":"Universidad de Caldas","alternateName":"U. de Caldas","url":"https:\/\/www.ucaldas.edu.co\/portal\/","logo":{"@type":"ImageObject","inLanguage":"es","@id":"https:\/\/www.ucaldas.edu.co\/portal\/#\/schema\/logo\/image\/","url":"https:\/\/www.ucaldas.edu.co\/portal\/wp-content\/uploads\/2023\/11\/Logo_horizontal_oscuroU-2023.png","contentUrl":"https:\/\/www.ucaldas.edu.co\/portal\/wp-content\/uploads\/2023\/11\/Logo_horizontal_oscuroU-2023.png","width":263,"height":101,"caption":"Universidad de Caldas"},"image":{"@id":"https:\/\/www.ucaldas.edu.co\/portal\/#\/schema\/logo\/image\/"},"sameAs":["https:\/\/www.facebook.com\/udecaldas","https:\/\/x.com\/udecaldas","https:\/\/www.youtube.com\/universidadcaldas","https:\/\/www.instagram.com\/udecaldas\/"]},{"@type":"Person","@id":"https:\/\/www.ucaldas.edu.co\/portal\/#\/schema\/person\/a1b482e23449158b4bc319926c074fdf","name":"ofiprensa","image":{"@type":"ImageObject","inLanguage":"es","@id":"https:\/\/www.ucaldas.edu.co\/portal\/wp-content\/litespeed\/avatar\/09ea5085e600095a7a811142c6944527.jpg?ver=1777497608","url":"https:\/\/www.ucaldas.edu.co\/portal\/wp-content\/litespeed\/avatar\/09ea5085e600095a7a811142c6944527.jpg?ver=1777497608","contentUrl":"https:\/\/www.ucaldas.edu.co\/portal\/wp-content\/litespeed\/avatar\/09ea5085e600095a7a811142c6944527.jpg?ver=1777497608","caption":"ofiprensa"},"url":"https:\/\/www.ucaldas.edu.co\/portal\/author\/ofiprensa\/"}]}},"_links":{"self":[{"href":"https:\/\/www.ucaldas.edu.co\/portal\/wp-json\/wp\/v2\/posts\/11646","targetHints":{"allow":["GET"]}}],"collection":[{"href":"https:\/\/www.ucaldas.edu.co\/portal\/wp-json\/wp\/v2\/posts"}],"about":[{"href":"https:\/\/www.ucaldas.edu.co\/portal\/wp-json\/wp\/v2\/types\/post"}],"author":[{"embeddable":true,"href":"https:\/\/www.ucaldas.edu.co\/portal\/wp-json\/wp\/v2\/users\/2"}],"replies":[{"embeddable":true,"href":"https:\/\/www.ucaldas.edu.co\/portal\/wp-json\/wp\/v2\/comments?post=11646"}],"version-history":[{"count":0,"href":"https:\/\/www.ucaldas.edu.co\/portal\/wp-json\/wp\/v2\/posts\/11646\/revisions"}],"wp:attachment":[{"href":"https:\/\/www.ucaldas.edu.co\/portal\/wp-json\/wp\/v2\/media?parent=11646"}],"wp:term":[{"taxonomy":"category","embeddable":true,"href":"https:\/\/www.ucaldas.edu.co\/portal\/wp-json\/wp\/v2\/categories?post=11646"},{"taxonomy":"post_tag","embeddable":true,"href":"https:\/\/www.ucaldas.edu.co\/portal\/wp-json\/wp\/v2\/tags?post=11646"}],"curies":[{"name":"wp","href":"https:\/\/api.w.org\/{rel}","templated":true}]}}