{"id":11644,"date":"2012-09-19T09:11:44","date_gmt":"2012-09-19T14:11:44","guid":{"rendered":"https:\/\/www.ucaldas.edu.co\/portal\/?p=11644"},"modified":"2012-09-19T09:11:44","modified_gmt":"2012-09-19T14:11:44","slug":"realice-trabajo-de-grado-o-tesis-de-maestria-u-de-caldas-sobre-climas-extremos","status":"publish","type":"post","link":"https:\/\/www.ucaldas.edu.co\/portal\/realice-trabajo-de-grado-o-tesis-de-maestria-u-de-caldas-sobre-climas-extremos\/","title":{"rendered":"Realice trabajo de grado o tesis de maestr\u00eda  U. de Caldas, sobre climas extremos"},"content":{"rendered":"<p>Invitaci\u00f3n del ICSH de la U. de Caldas<\/p>\n<hr \/>\n<p>&nbsp;<\/p>\n<p align=\"right\">\n<p align=\"right\">19\/09\/2012<\/p>\n<p align=\"right\">Redacci\u00f3n: Margarita Mar\u00eda Laverde Galvis<\/p>\n<p>&nbsp;<\/p>\n<table border=\"0\">\n<tbody>\n<tr>\n<td><img loading=\"lazy\" decoding=\"async\" style=\"border: 0px\" title=\"Realice trabajo de grado o tesis de maestr\u00eda  U. de Caldas, sobre climas extremos\" alt=\"ICSH\" src=\"http:\/\/www.ucaldas.edu.co\/images\/tmp\/icsh_memoria.jpg\" width=\"240\" height=\"150\" border=\"0\" \/><\/td>\n<td>La\u00a0<b>Universidad de Caldas<\/b>\u00a0<b>invita<\/b>\u00a0a los\u00a0<b>estudiantes de la Instituci\u00f3n, interesados<\/b>\u00a0<b>en realizar<\/b>\u00a0su\u00a0<b>trabajo de grado<\/b>\u00a0o su\u00a0<b>tesis de maestr\u00eda<\/b>\u00a0en el<b> Proyecto<\/b>\u00a0<b><i>Vulnerabilidad y Adaptaci\u00f3n a los Climas Extremos en las Am\u00e9ricas<\/i><\/b>\u00a0(VACEA).<\/td>\n<\/tr>\n<\/tbody>\n<\/table>\n<p>&nbsp;<\/p>\n<p>&nbsp;<\/p>\n<p>La invitaci\u00f3n\u00a0<b>se realiza a trav\u00e9s<\/b>\u00a0de\u00a0<b>Instituto de Investigaciones en Ciencias Sociales y Humanas<\/b>\u00a0(ICSH). El proyecto\u00a0<b>se refiere<\/b>\u00a0a la\u00a0<b>Cuenca del R\u00edo Chinchin\u00e1<\/b>\u00a0en\u00a0<b>Manizales y Villamar\u00eda<\/b>\u00a0(Caldas) y lo\u00a0<b>financia<\/b>\u00a0el\u00a0<b>Gobierno Canadiense.<\/b><\/p>\n<p>&nbsp;<\/p>\n<p><b>Informes:\u00a0<\/b>ICSH, tel\u00e9fono 878 15 00, extensi\u00f3n 18 031, o en el correo electr\u00f3nico:\u00a0<a href=\"mailto:iicsh@ucaldas.edu.co\" target=\"_blank\">iicsh@ucaldas.edu.co<\/a><\/p>\n","protected":false},"excerpt":{"rendered":"<p>Invitaci\u00f3n del ICSH de la U. de Caldas &nbsp; 19\/09\/2012 Redacci\u00f3n: Margarita Mar\u00eda Laverde Galvis &nbsp; La\u00a0Universidad de Caldas\u00a0invita\u00a0a los\u00a0estudiantes de la Instituci\u00f3n, interesados\u00a0en realizar\u00a0su\u00a0trabajo de grado\u00a0o su\u00a0tesis de maestr\u00eda\u00a0en el Proyecto\u00a0Vulnerabilidad y Adaptaci\u00f3n a los Climas Extremos en las Am\u00e9ricas\u00a0(VACEA). &nbsp; &nbsp; La invitaci\u00f3n\u00a0se realiza a trav\u00e9s\u00a0de\u00a0Instituto de Investigaciones en Ciencias Sociales y Humanas\u00a0(ICSH). [&hellip;]<\/p>\n","protected":false},"author":2,"featured_media":0,"comment_status":"closed","ping_status":"closed","sticky":false,"template":"","format":"standard","meta":{"footnotes":""},"categories":[48,53],"tags":[],"class_list":["post-11644","post","type-post","status-publish","format-standard","hentry","category-actualidad","category-universidad-al-dia"],"yoast_head":"<!-- This site is optimized with the Yoast SEO plugin v27.5 - https:\/\/yoast.com\/product\/yoast-seo-wordpress\/ -->\n<title>Realice trabajo de grado o tesis de maestr\u00eda U. de Caldas, sobre climas extremos .<\/title>\n<meta name=\"robots\" content=\"index, follow, max-snippet:-1, max-image-preview:large, max-video-preview:-1\" \/>\n<link rel=\"canonical\" href=\"https:\/\/www.ucaldas.edu.co\/portal\/realice-trabajo-de-grado-o-tesis-de-maestria-u-de-caldas-sobre-climas-extremos\/\" \/>\n<script type=\"application\/ld+json\" class=\"yoast-schema-graph\">{\"@context\":\"https:\\\/\\\/schema.org\",\"@graph\":[{\"@type\":\"Article\",\"@id\":\"https:\\\/\\\/www.ucaldas.edu.co\\\/portal\\\/realice-trabajo-de-grado-o-tesis-de-maestria-u-de-caldas-sobre-climas-extremos\\\/#article\",\"isPartOf\":{\"@id\":\"https:\\\/\\\/www.ucaldas.edu.co\\\/portal\\\/realice-trabajo-de-grado-o-tesis-de-maestria-u-de-caldas-sobre-climas-extremos\\\/\"},\"author\":{\"name\":\"ofiprensa\",\"@id\":\"https:\\\/\\\/www.ucaldas.edu.co\\\/portal\\\/#\\\/schema\\\/person\\\/a1b482e23449158b4bc319926c074fdf\"},\"headline\":\"Realice trabajo de grado o tesis de maestr\u00eda U. de Caldas, sobre climas extremos\",\"datePublished\":\"2012-09-19T14:11:44+00:00\",\"mainEntityOfPage\":{\"@id\":\"https:\\\/\\\/www.ucaldas.edu.co\\\/portal\\\/realice-trabajo-de-grado-o-tesis-de-maestria-u-de-caldas-sobre-climas-extremos\\\/\"},\"wordCount\":134,\"publisher\":{\"@id\":\"https:\\\/\\\/www.ucaldas.edu.co\\\/portal\\\/#organization\"},\"image\":{\"@id\":\"https:\\\/\\\/www.ucaldas.edu.co\\\/portal\\\/realice-trabajo-de-grado-o-tesis-de-maestria-u-de-caldas-sobre-climas-extremos\\\/#primaryimage\"},\"thumbnailUrl\":\"http:\\\/\\\/www.ucaldas.edu.co\\\/images\\\/tmp\\\/icsh_memoria.jpg\",\"articleSection\":[\"Actualidad\",\"Universidad al D\u00eda\"],\"inLanguage\":\"es\"},{\"@type\":\"WebPage\",\"@id\":\"https:\\\/\\\/www.ucaldas.edu.co\\\/portal\\\/realice-trabajo-de-grado-o-tesis-de-maestria-u-de-caldas-sobre-climas-extremos\\\/\",\"url\":\"https:\\\/\\\/www.ucaldas.edu.co\\\/portal\\\/realice-trabajo-de-grado-o-tesis-de-maestria-u-de-caldas-sobre-climas-extremos\\\/\",\"name\":\"Realice trabajo de grado o tesis de maestr\u00eda U. de Caldas, sobre climas extremos .\",\"isPartOf\":{\"@id\":\"https:\\\/\\\/www.ucaldas.edu.co\\\/portal\\\/#website\"},\"primaryImageOfPage\":{\"@id\":\"https:\\\/\\\/www.ucaldas.edu.co\\\/portal\\\/realice-trabajo-de-grado-o-tesis-de-maestria-u-de-caldas-sobre-climas-extremos\\\/#primaryimage\"},\"image\":{\"@id\":\"https:\\\/\\\/www.ucaldas.edu.co\\\/portal\\\/realice-trabajo-de-grado-o-tesis-de-maestria-u-de-caldas-sobre-climas-extremos\\\/#primaryimage\"},\"thumbnailUrl\":\"http:\\\/\\\/www.ucaldas.edu.co\\\/images\\\/tmp\\\/icsh_memoria.jpg\",\"datePublished\":\"2012-09-19T14:11:44+00:00\",\"breadcrumb\":{\"@id\":\"https:\\\/\\\/www.ucaldas.edu.co\\\/portal\\\/realice-trabajo-de-grado-o-tesis-de-maestria-u-de-caldas-sobre-climas-extremos\\\/#breadcrumb\"},\"inLanguage\":\"es\",\"potentialAction\":[{\"@type\":\"ReadAction\",\"target\":[\"https:\\\/\\\/www.ucaldas.edu.co\\\/portal\\\/realice-trabajo-de-grado-o-tesis-de-maestria-u-de-caldas-sobre-climas-extremos\\\/\"]}]},{\"@type\":\"ImageObject\",\"inLanguage\":\"es\",\"@id\":\"https:\\\/\\\/www.ucaldas.edu.co\\\/portal\\\/realice-trabajo-de-grado-o-tesis-de-maestria-u-de-caldas-sobre-climas-extremos\\\/#primaryimage\",\"url\":\"http:\\\/\\\/www.ucaldas.edu.co\\\/images\\\/tmp\\\/icsh_memoria.jpg\",\"contentUrl\":\"http:\\\/\\\/www.ucaldas.edu.co\\\/images\\\/tmp\\\/icsh_memoria.jpg\"},{\"@type\":\"BreadcrumbList\",\"@id\":\"https:\\\/\\\/www.ucaldas.edu.co\\\/portal\\\/realice-trabajo-de-grado-o-tesis-de-maestria-u-de-caldas-sobre-climas-extremos\\\/#breadcrumb\",\"itemListElement\":[{\"@type\":\"ListItem\",\"position\":1,\"name\":\"Portada\",\"item\":\"https:\\\/\\\/www.ucaldas.edu.co\\\/portal\\\/\"},{\"@type\":\"ListItem\",\"position\":2,\"name\":\"Realice trabajo de grado o tesis de maestr\u00eda U. de Caldas, sobre climas extremos\"}]},{\"@type\":\"WebSite\",\"@id\":\"https:\\\/\\\/www.ucaldas.edu.co\\\/portal\\\/#website\",\"url\":\"https:\\\/\\\/www.ucaldas.edu.co\\\/portal\\\/\",\"name\":\"Universidad de Caldas\",\"description\":\"\",\"publisher\":{\"@id\":\"https:\\\/\\\/www.ucaldas.edu.co\\\/portal\\\/#organization\"},\"alternateName\":\"U. de Caldas\",\"potentialAction\":[{\"@type\":\"SearchAction\",\"target\":{\"@type\":\"EntryPoint\",\"urlTemplate\":\"https:\\\/\\\/www.ucaldas.edu.co\\\/portal\\\/?s={search_term_string}\"},\"query-input\":{\"@type\":\"PropertyValueSpecification\",\"valueRequired\":true,\"valueName\":\"search_term_string\"}}],\"inLanguage\":\"es\"},{\"@type\":\"Organization\",\"@id\":\"https:\\\/\\\/www.ucaldas.edu.co\\\/portal\\\/#organization\",\"name\":\"Universidad de Caldas\",\"alternateName\":\"U. de Caldas\",\"url\":\"https:\\\/\\\/www.ucaldas.edu.co\\\/portal\\\/\",\"logo\":{\"@type\":\"ImageObject\",\"inLanguage\":\"es\",\"@id\":\"https:\\\/\\\/www.ucaldas.edu.co\\\/portal\\\/#\\\/schema\\\/logo\\\/image\\\/\",\"url\":\"https:\\\/\\\/www.ucaldas.edu.co\\\/portal\\\/wp-content\\\/uploads\\\/2023\\\/11\\\/Logo_horizontal_oscuroU-2023.png\",\"contentUrl\":\"https:\\\/\\\/www.ucaldas.edu.co\\\/portal\\\/wp-content\\\/uploads\\\/2023\\\/11\\\/Logo_horizontal_oscuroU-2023.png\",\"width\":263,\"height\":101,\"caption\":\"Universidad de Caldas\"},\"image\":{\"@id\":\"https:\\\/\\\/www.ucaldas.edu.co\\\/portal\\\/#\\\/schema\\\/logo\\\/image\\\/\"},\"sameAs\":[\"https:\\\/\\\/www.facebook.com\\\/udecaldas\",\"https:\\\/\\\/x.com\\\/udecaldas\",\"https:\\\/\\\/www.youtube.com\\\/universidadcaldas\",\"https:\\\/\\\/www.instagram.com\\\/udecaldas\\\/\"]},{\"@type\":\"Person\",\"@id\":\"https:\\\/\\\/www.ucaldas.edu.co\\\/portal\\\/#\\\/schema\\\/person\\\/a1b482e23449158b4bc319926c074fdf\",\"name\":\"ofiprensa\",\"image\":{\"@type\":\"ImageObject\",\"inLanguage\":\"es\",\"@id\":\"https:\\\/\\\/www.ucaldas.edu.co\\\/portal\\\/wp-content\\\/litespeed\\\/avatar\\\/09ea5085e600095a7a811142c6944527.jpg?ver=1777497608\",\"url\":\"https:\\\/\\\/www.ucaldas.edu.co\\\/portal\\\/wp-content\\\/litespeed\\\/avatar\\\/09ea5085e600095a7a811142c6944527.jpg?ver=1777497608\",\"contentUrl\":\"https:\\\/\\\/www.ucaldas.edu.co\\\/portal\\\/wp-content\\\/litespeed\\\/avatar\\\/09ea5085e600095a7a811142c6944527.jpg?ver=1777497608\",\"caption\":\"ofiprensa\"},\"url\":\"https:\\\/\\\/www.ucaldas.edu.co\\\/portal\\\/author\\\/ofiprensa\\\/\"}]}<\/script>\n<!-- \/ Yoast SEO plugin. -->","yoast_head_json":{"title":"Realice trabajo de grado o tesis de maestr\u00eda U. de Caldas, sobre climas extremos .","robots":{"index":"index","follow":"follow","max-snippet":"max-snippet:-1","max-image-preview":"max-image-preview:large","max-video-preview":"max-video-preview:-1"},"canonical":"https:\/\/www.ucaldas.edu.co\/portal\/realice-trabajo-de-grado-o-tesis-de-maestria-u-de-caldas-sobre-climas-extremos\/","schema":{"@context":"https:\/\/schema.org","@graph":[{"@type":"Article","@id":"https:\/\/www.ucaldas.edu.co\/portal\/realice-trabajo-de-grado-o-tesis-de-maestria-u-de-caldas-sobre-climas-extremos\/#article","isPartOf":{"@id":"https:\/\/www.ucaldas.edu.co\/portal\/realice-trabajo-de-grado-o-tesis-de-maestria-u-de-caldas-sobre-climas-extremos\/"},"author":{"name":"ofiprensa","@id":"https:\/\/www.ucaldas.edu.co\/portal\/#\/schema\/person\/a1b482e23449158b4bc319926c074fdf"},"headline":"Realice trabajo de grado o tesis de maestr\u00eda U. de Caldas, sobre climas extremos","datePublished":"2012-09-19T14:11:44+00:00","mainEntityOfPage":{"@id":"https:\/\/www.ucaldas.edu.co\/portal\/realice-trabajo-de-grado-o-tesis-de-maestria-u-de-caldas-sobre-climas-extremos\/"},"wordCount":134,"publisher":{"@id":"https:\/\/www.ucaldas.edu.co\/portal\/#organization"},"image":{"@id":"https:\/\/www.ucaldas.edu.co\/portal\/realice-trabajo-de-grado-o-tesis-de-maestria-u-de-caldas-sobre-climas-extremos\/#primaryimage"},"thumbnailUrl":"http:\/\/www.ucaldas.edu.co\/images\/tmp\/icsh_memoria.jpg","articleSection":["Actualidad","Universidad al D\u00eda"],"inLanguage":"es"},{"@type":"WebPage","@id":"https:\/\/www.ucaldas.edu.co\/portal\/realice-trabajo-de-grado-o-tesis-de-maestria-u-de-caldas-sobre-climas-extremos\/","url":"https:\/\/www.ucaldas.edu.co\/portal\/realice-trabajo-de-grado-o-tesis-de-maestria-u-de-caldas-sobre-climas-extremos\/","name":"Realice trabajo de grado o tesis de maestr\u00eda U. de Caldas, sobre climas extremos .","isPartOf":{"@id":"https:\/\/www.ucaldas.edu.co\/portal\/#website"},"primaryImageOfPage":{"@id":"https:\/\/www.ucaldas.edu.co\/portal\/realice-trabajo-de-grado-o-tesis-de-maestria-u-de-caldas-sobre-climas-extremos\/#primaryimage"},"image":{"@id":"https:\/\/www.ucaldas.edu.co\/portal\/realice-trabajo-de-grado-o-tesis-de-maestria-u-de-caldas-sobre-climas-extremos\/#primaryimage"},"thumbnailUrl":"http:\/\/www.ucaldas.edu.co\/images\/tmp\/icsh_memoria.jpg","datePublished":"2012-09-19T14:11:44+00:00","breadcrumb":{"@id":"https:\/\/www.ucaldas.edu.co\/portal\/realice-trabajo-de-grado-o-tesis-de-maestria-u-de-caldas-sobre-climas-extremos\/#breadcrumb"},"inLanguage":"es","potentialAction":[{"@type":"ReadAction","target":["https:\/\/www.ucaldas.edu.co\/portal\/realice-trabajo-de-grado-o-tesis-de-maestria-u-de-caldas-sobre-climas-extremos\/"]}]},{"@type":"ImageObject","inLanguage":"es","@id":"https:\/\/www.ucaldas.edu.co\/portal\/realice-trabajo-de-grado-o-tesis-de-maestria-u-de-caldas-sobre-climas-extremos\/#primaryimage","url":"http:\/\/www.ucaldas.edu.co\/images\/tmp\/icsh_memoria.jpg","contentUrl":"http:\/\/www.ucaldas.edu.co\/images\/tmp\/icsh_memoria.jpg"},{"@type":"BreadcrumbList","@id":"https:\/\/www.ucaldas.edu.co\/portal\/realice-trabajo-de-grado-o-tesis-de-maestria-u-de-caldas-sobre-climas-extremos\/#breadcrumb","itemListElement":[{"@type":"ListItem","position":1,"name":"Portada","item":"https:\/\/www.ucaldas.edu.co\/portal\/"},{"@type":"ListItem","position":2,"name":"Realice trabajo de grado o tesis de maestr\u00eda U. de Caldas, sobre climas extremos"}]},{"@type":"WebSite","@id":"https:\/\/www.ucaldas.edu.co\/portal\/#website","url":"https:\/\/www.ucaldas.edu.co\/portal\/","name":"Universidad de Caldas","description":"","publisher":{"@id":"https:\/\/www.ucaldas.edu.co\/portal\/#organization"},"alternateName":"U. de Caldas","potentialAction":[{"@type":"SearchAction","target":{"@type":"EntryPoint","urlTemplate":"https:\/\/www.ucaldas.edu.co\/portal\/?s={search_term_string}"},"query-input":{"@type":"PropertyValueSpecification","valueRequired":true,"valueName":"search_term_string"}}],"inLanguage":"es"},{"@type":"Organization","@id":"https:\/\/www.ucaldas.edu.co\/portal\/#organization","name":"Universidad de Caldas","alternateName":"U. de Caldas","url":"https:\/\/www.ucaldas.edu.co\/portal\/","logo":{"@type":"ImageObject","inLanguage":"es","@id":"https:\/\/www.ucaldas.edu.co\/portal\/#\/schema\/logo\/image\/","url":"https:\/\/www.ucaldas.edu.co\/portal\/wp-content\/uploads\/2023\/11\/Logo_horizontal_oscuroU-2023.png","contentUrl":"https:\/\/www.ucaldas.edu.co\/portal\/wp-content\/uploads\/2023\/11\/Logo_horizontal_oscuroU-2023.png","width":263,"height":101,"caption":"Universidad de Caldas"},"image":{"@id":"https:\/\/www.ucaldas.edu.co\/portal\/#\/schema\/logo\/image\/"},"sameAs":["https:\/\/www.facebook.com\/udecaldas","https:\/\/x.com\/udecaldas","https:\/\/www.youtube.com\/universidadcaldas","https:\/\/www.instagram.com\/udecaldas\/"]},{"@type":"Person","@id":"https:\/\/www.ucaldas.edu.co\/portal\/#\/schema\/person\/a1b482e23449158b4bc319926c074fdf","name":"ofiprensa","image":{"@type":"ImageObject","inLanguage":"es","@id":"https:\/\/www.ucaldas.edu.co\/portal\/wp-content\/litespeed\/avatar\/09ea5085e600095a7a811142c6944527.jpg?ver=1777497608","url":"https:\/\/www.ucaldas.edu.co\/portal\/wp-content\/litespeed\/avatar\/09ea5085e600095a7a811142c6944527.jpg?ver=1777497608","contentUrl":"https:\/\/www.ucaldas.edu.co\/portal\/wp-content\/litespeed\/avatar\/09ea5085e600095a7a811142c6944527.jpg?ver=1777497608","caption":"ofiprensa"},"url":"https:\/\/www.ucaldas.edu.co\/portal\/author\/ofiprensa\/"}]}},"_links":{"self":[{"href":"https:\/\/www.ucaldas.edu.co\/portal\/wp-json\/wp\/v2\/posts\/11644","targetHints":{"allow":["GET"]}}],"collection":[{"href":"https:\/\/www.ucaldas.edu.co\/portal\/wp-json\/wp\/v2\/posts"}],"about":[{"href":"https:\/\/www.ucaldas.edu.co\/portal\/wp-json\/wp\/v2\/types\/post"}],"author":[{"embeddable":true,"href":"https:\/\/www.ucaldas.edu.co\/portal\/wp-json\/wp\/v2\/users\/2"}],"replies":[{"embeddable":true,"href":"https:\/\/www.ucaldas.edu.co\/portal\/wp-json\/wp\/v2\/comments?post=11644"}],"version-history":[{"count":0,"href":"https:\/\/www.ucaldas.edu.co\/portal\/wp-json\/wp\/v2\/posts\/11644\/revisions"}],"wp:attachment":[{"href":"https:\/\/www.ucaldas.edu.co\/portal\/wp-json\/wp\/v2\/media?parent=11644"}],"wp:term":[{"taxonomy":"category","embeddable":true,"href":"https:\/\/www.ucaldas.edu.co\/portal\/wp-json\/wp\/v2\/categories?post=11644"},{"taxonomy":"post_tag","embeddable":true,"href":"https:\/\/www.ucaldas.edu.co\/portal\/wp-json\/wp\/v2\/tags?post=11644"}],"curies":[{"name":"wp","href":"https:\/\/api.w.org\/{rel}","templated":true}]}}