{"id":11634,"date":"2012-09-18T09:06:47","date_gmt":"2012-09-18T14:06:47","guid":{"rendered":"https:\/\/www.ucaldas.edu.co\/portal\/?p=11634"},"modified":"2012-09-18T09:06:47","modified_gmt":"2012-09-18T14:06:47","slug":"docente-u-de-caldas-participo-en-seminario-sobre-identidad-cultural-en-mexico","status":"publish","type":"post","link":"https:\/\/www.ucaldas.edu.co\/portal\/docente-u-de-caldas-participo-en-seminario-sobre-identidad-cultural-en-mexico\/","title":{"rendered":"Docente U. de Caldas particip\u00f3 en seminario sobre identidad cultural, en M\u00e9xico"},"content":{"rendered":"<p>Se trata de Martha Cecilia Betancur Garc\u00eda, del Departamento de Filosof\u00eda<\/p>\n<hr \/>\n<p>&nbsp;<\/p>\n<p>&nbsp;<\/p>\n<p align=\"center\">\n<p>&nbsp;<\/p>\n<p align=\"right\">18\/09\/2012<\/p>\n<p align=\"right\">Redacci\u00f3n: Margarita Laverde Galvis<\/p>\n<p>&nbsp;<\/p>\n<table border=\"0\">\n<tbody>\n<tr>\n<td><img loading=\"lazy\" decoding=\"async\" style=\"border: 0px\" title=\"Profesora filosofia en Mexico\" alt=\"Profesora en Mexico\" src=\"http:\/\/www.ucaldas.edu.co\/images\/tmp\/profesora_filosofia.jpg\" width=\"240\" height=\"160\" border=\"0\" \/><\/td>\n<td>Martha Cecilia Betancur Garc\u00eda,\u00a0<b>profesora\u00a0<\/b>del<b>\u00a0Departamento de Filosof\u00eda\u00a0<\/b>de la<b>\u00a0Universidad de Caldas, represent\u00f3 a la Instituci\u00f3n<\/b>\u00a0en el\u00a0<b>V Seminario de Investigaci\u00f3n en Identidad Cultural de Am\u00e9rica Latina (SICLA)<\/b>, en la\u00a0<b>Universidad Veracruzana de M\u00e9xico<\/b>, en ese pa\u00eds, que se desarroll\u00f3 entre el 28 y el 31 de agosto del 2012.<\/td>\n<\/tr>\n<\/tbody>\n<\/table>\n<p>&nbsp;<\/p>\n<p>&nbsp;<\/p>\n<p>\u201cPresent\u00e9 una ponencia sobre el mestizaje y nacionalidad ling\u00fc\u00edstica. Trabaj\u00e9 acerca del papel de la lengua en la construcci\u00f3n de la nacionalidad colombiana, como mecanismo de unificaci\u00f3n de las culturas y de relaci\u00f3n entre los distintos grupos sociales\u201d, coment\u00f3 Betancur Garc\u00eda.<\/p>\n<p>&nbsp;<\/p>\n<p>El SICLA una red de investigaci\u00f3n en temas de identidad cultural latinoamericana, en la que participan fil\u00f3sofos y acad\u00e9micos de diversos pa\u00edses del continente y de Espa\u00f1a. Cada a\u00f1o se realiza un seminario en un pa\u00eds distinto de Am\u00e9rica Latina, donde se exponen las investigaciones de los\u00a0 acad\u00e9micos acerca de un tema en com\u00fan.<\/p>\n<p>&nbsp;<\/p>\n<p>\u201cMi participaci\u00f3n en el evento fue muy importante, porque he empezado a proponer un concepto que agrupa la idea lo que somos: mestizaje cultural. A pesar de que ha habido una influencia muy fuerte de la cultura occidental, nos hemos ido apropiando de los rasgos de la cultura\u201d, agreg\u00f3 la profesora.<\/p>\n<p>&nbsp;<\/p>\n<p>Esta forma de trabajo ha permitido la discusi\u00f3n y la confrontaci\u00f3n de las diversas ideas que al respecto se presentan en los distintos pa\u00edses. En la Universidad de Caldas, en el 2010, se realiz\u00f3 uno de los seminarios.<br \/>\n<a href=\"http:\/\/www.facebook.com\/media\/set\/?set=a.411975362197668.96882.107054166023124&amp;type=3\" target=\"_blank\">Conozca im\u00e1genes de profesora U. de Caldas, en V Seminario de Investigaci\u00f3n en Identidad Cultural de Am\u00e9rica Latina (SICLA)<\/a><\/p>\n<p>&nbsp;<\/p>\n<p><b>Informes:\u00a0<\/b>Oficina de Prensa, tel\u00e9fono 878 15 00, extensi\u00f3n 12 167.<\/p>\n","protected":false},"excerpt":{"rendered":"<p>Se trata de Martha Cecilia Betancur Garc\u00eda, del Departamento de Filosof\u00eda &nbsp; &nbsp; &nbsp; 18\/09\/2012 Redacci\u00f3n: Margarita Laverde Galvis &nbsp; Martha Cecilia Betancur Garc\u00eda,\u00a0profesora\u00a0del\u00a0Departamento de Filosof\u00eda\u00a0de la\u00a0Universidad de Caldas, represent\u00f3 a la Instituci\u00f3n\u00a0en el\u00a0V Seminario de Investigaci\u00f3n en Identidad Cultural de Am\u00e9rica Latina (SICLA), en la\u00a0Universidad Veracruzana de M\u00e9xico, en ese pa\u00eds, que se desarroll\u00f3 [&hellip;]<\/p>\n","protected":false},"author":2,"featured_media":0,"comment_status":"closed","ping_status":"closed","sticky":false,"template":"","format":"standard","meta":{"footnotes":""},"categories":[48,53],"tags":[],"class_list":["post-11634","post","type-post","status-publish","format-standard","hentry","category-actualidad","category-universidad-al-dia"],"yoast_head":"<!-- This site is optimized with the Yoast SEO plugin v27.5 - https:\/\/yoast.com\/product\/yoast-seo-wordpress\/ -->\n<title>Docente U. de Caldas particip\u00f3 en seminario sobre identidad cultural, en M\u00e9xico .<\/title>\n<meta name=\"robots\" content=\"index, follow, max-snippet:-1, max-image-preview:large, max-video-preview:-1\" \/>\n<link rel=\"canonical\" href=\"https:\/\/www.ucaldas.edu.co\/portal\/docente-u-de-caldas-participo-en-seminario-sobre-identidad-cultural-en-mexico\/\" \/>\n<script type=\"application\/ld+json\" class=\"yoast-schema-graph\">{\"@context\":\"https:\\\/\\\/schema.org\",\"@graph\":[{\"@type\":\"Article\",\"@id\":\"https:\\\/\\\/www.ucaldas.edu.co\\\/portal\\\/docente-u-de-caldas-participo-en-seminario-sobre-identidad-cultural-en-mexico\\\/#article\",\"isPartOf\":{\"@id\":\"https:\\\/\\\/www.ucaldas.edu.co\\\/portal\\\/docente-u-de-caldas-participo-en-seminario-sobre-identidad-cultural-en-mexico\\\/\"},\"author\":{\"name\":\"ofiprensa\",\"@id\":\"https:\\\/\\\/www.ucaldas.edu.co\\\/portal\\\/#\\\/schema\\\/person\\\/a1b482e23449158b4bc319926c074fdf\"},\"headline\":\"Docente U. de Caldas particip\u00f3 en seminario sobre identidad cultural, en M\u00e9xico\",\"datePublished\":\"2012-09-18T14:06:47+00:00\",\"mainEntityOfPage\":{\"@id\":\"https:\\\/\\\/www.ucaldas.edu.co\\\/portal\\\/docente-u-de-caldas-participo-en-seminario-sobre-identidad-cultural-en-mexico\\\/\"},\"wordCount\":330,\"publisher\":{\"@id\":\"https:\\\/\\\/www.ucaldas.edu.co\\\/portal\\\/#organization\"},\"image\":{\"@id\":\"https:\\\/\\\/www.ucaldas.edu.co\\\/portal\\\/docente-u-de-caldas-participo-en-seminario-sobre-identidad-cultural-en-mexico\\\/#primaryimage\"},\"thumbnailUrl\":\"http:\\\/\\\/www.ucaldas.edu.co\\\/images\\\/tmp\\\/profesora_filosofia.jpg\",\"articleSection\":[\"Actualidad\",\"Universidad al D\u00eda\"],\"inLanguage\":\"es\"},{\"@type\":\"WebPage\",\"@id\":\"https:\\\/\\\/www.ucaldas.edu.co\\\/portal\\\/docente-u-de-caldas-participo-en-seminario-sobre-identidad-cultural-en-mexico\\\/\",\"url\":\"https:\\\/\\\/www.ucaldas.edu.co\\\/portal\\\/docente-u-de-caldas-participo-en-seminario-sobre-identidad-cultural-en-mexico\\\/\",\"name\":\"Docente U. de Caldas particip\u00f3 en seminario sobre identidad cultural, en M\u00e9xico .\",\"isPartOf\":{\"@id\":\"https:\\\/\\\/www.ucaldas.edu.co\\\/portal\\\/#website\"},\"primaryImageOfPage\":{\"@id\":\"https:\\\/\\\/www.ucaldas.edu.co\\\/portal\\\/docente-u-de-caldas-participo-en-seminario-sobre-identidad-cultural-en-mexico\\\/#primaryimage\"},\"image\":{\"@id\":\"https:\\\/\\\/www.ucaldas.edu.co\\\/portal\\\/docente-u-de-caldas-participo-en-seminario-sobre-identidad-cultural-en-mexico\\\/#primaryimage\"},\"thumbnailUrl\":\"http:\\\/\\\/www.ucaldas.edu.co\\\/images\\\/tmp\\\/profesora_filosofia.jpg\",\"datePublished\":\"2012-09-18T14:06:47+00:00\",\"breadcrumb\":{\"@id\":\"https:\\\/\\\/www.ucaldas.edu.co\\\/portal\\\/docente-u-de-caldas-participo-en-seminario-sobre-identidad-cultural-en-mexico\\\/#breadcrumb\"},\"inLanguage\":\"es\",\"potentialAction\":[{\"@type\":\"ReadAction\",\"target\":[\"https:\\\/\\\/www.ucaldas.edu.co\\\/portal\\\/docente-u-de-caldas-participo-en-seminario-sobre-identidad-cultural-en-mexico\\\/\"]}]},{\"@type\":\"ImageObject\",\"inLanguage\":\"es\",\"@id\":\"https:\\\/\\\/www.ucaldas.edu.co\\\/portal\\\/docente-u-de-caldas-participo-en-seminario-sobre-identidad-cultural-en-mexico\\\/#primaryimage\",\"url\":\"http:\\\/\\\/www.ucaldas.edu.co\\\/images\\\/tmp\\\/profesora_filosofia.jpg\",\"contentUrl\":\"http:\\\/\\\/www.ucaldas.edu.co\\\/images\\\/tmp\\\/profesora_filosofia.jpg\"},{\"@type\":\"BreadcrumbList\",\"@id\":\"https:\\\/\\\/www.ucaldas.edu.co\\\/portal\\\/docente-u-de-caldas-participo-en-seminario-sobre-identidad-cultural-en-mexico\\\/#breadcrumb\",\"itemListElement\":[{\"@type\":\"ListItem\",\"position\":1,\"name\":\"Portada\",\"item\":\"https:\\\/\\\/www.ucaldas.edu.co\\\/portal\\\/\"},{\"@type\":\"ListItem\",\"position\":2,\"name\":\"Docente U. de Caldas particip\u00f3 en seminario sobre identidad cultural, en M\u00e9xico\"}]},{\"@type\":\"WebSite\",\"@id\":\"https:\\\/\\\/www.ucaldas.edu.co\\\/portal\\\/#website\",\"url\":\"https:\\\/\\\/www.ucaldas.edu.co\\\/portal\\\/\",\"name\":\"Universidad de Caldas\",\"description\":\"\",\"publisher\":{\"@id\":\"https:\\\/\\\/www.ucaldas.edu.co\\\/portal\\\/#organization\"},\"alternateName\":\"U. de Caldas\",\"potentialAction\":[{\"@type\":\"SearchAction\",\"target\":{\"@type\":\"EntryPoint\",\"urlTemplate\":\"https:\\\/\\\/www.ucaldas.edu.co\\\/portal\\\/?s={search_term_string}\"},\"query-input\":{\"@type\":\"PropertyValueSpecification\",\"valueRequired\":true,\"valueName\":\"search_term_string\"}}],\"inLanguage\":\"es\"},{\"@type\":\"Organization\",\"@id\":\"https:\\\/\\\/www.ucaldas.edu.co\\\/portal\\\/#organization\",\"name\":\"Universidad de Caldas\",\"alternateName\":\"U. de Caldas\",\"url\":\"https:\\\/\\\/www.ucaldas.edu.co\\\/portal\\\/\",\"logo\":{\"@type\":\"ImageObject\",\"inLanguage\":\"es\",\"@id\":\"https:\\\/\\\/www.ucaldas.edu.co\\\/portal\\\/#\\\/schema\\\/logo\\\/image\\\/\",\"url\":\"https:\\\/\\\/www.ucaldas.edu.co\\\/portal\\\/wp-content\\\/uploads\\\/2023\\\/11\\\/Logo_horizontal_oscuroU-2023.png\",\"contentUrl\":\"https:\\\/\\\/www.ucaldas.edu.co\\\/portal\\\/wp-content\\\/uploads\\\/2023\\\/11\\\/Logo_horizontal_oscuroU-2023.png\",\"width\":263,\"height\":101,\"caption\":\"Universidad de Caldas\"},\"image\":{\"@id\":\"https:\\\/\\\/www.ucaldas.edu.co\\\/portal\\\/#\\\/schema\\\/logo\\\/image\\\/\"},\"sameAs\":[\"https:\\\/\\\/www.facebook.com\\\/udecaldas\",\"https:\\\/\\\/x.com\\\/udecaldas\",\"https:\\\/\\\/www.youtube.com\\\/universidadcaldas\",\"https:\\\/\\\/www.instagram.com\\\/udecaldas\\\/\"]},{\"@type\":\"Person\",\"@id\":\"https:\\\/\\\/www.ucaldas.edu.co\\\/portal\\\/#\\\/schema\\\/person\\\/a1b482e23449158b4bc319926c074fdf\",\"name\":\"ofiprensa\",\"image\":{\"@type\":\"ImageObject\",\"inLanguage\":\"es\",\"@id\":\"https:\\\/\\\/www.ucaldas.edu.co\\\/portal\\\/wp-content\\\/litespeed\\\/avatar\\\/09ea5085e600095a7a811142c6944527.jpg?ver=1777497608\",\"url\":\"https:\\\/\\\/www.ucaldas.edu.co\\\/portal\\\/wp-content\\\/litespeed\\\/avatar\\\/09ea5085e600095a7a811142c6944527.jpg?ver=1777497608\",\"contentUrl\":\"https:\\\/\\\/www.ucaldas.edu.co\\\/portal\\\/wp-content\\\/litespeed\\\/avatar\\\/09ea5085e600095a7a811142c6944527.jpg?ver=1777497608\",\"caption\":\"ofiprensa\"},\"url\":\"https:\\\/\\\/www.ucaldas.edu.co\\\/portal\\\/author\\\/ofiprensa\\\/\"}]}<\/script>\n<!-- \/ Yoast SEO plugin. -->","yoast_head_json":{"title":"Docente U. de Caldas particip\u00f3 en seminario sobre identidad cultural, en M\u00e9xico .","robots":{"index":"index","follow":"follow","max-snippet":"max-snippet:-1","max-image-preview":"max-image-preview:large","max-video-preview":"max-video-preview:-1"},"canonical":"https:\/\/www.ucaldas.edu.co\/portal\/docente-u-de-caldas-participo-en-seminario-sobre-identidad-cultural-en-mexico\/","schema":{"@context":"https:\/\/schema.org","@graph":[{"@type":"Article","@id":"https:\/\/www.ucaldas.edu.co\/portal\/docente-u-de-caldas-participo-en-seminario-sobre-identidad-cultural-en-mexico\/#article","isPartOf":{"@id":"https:\/\/www.ucaldas.edu.co\/portal\/docente-u-de-caldas-participo-en-seminario-sobre-identidad-cultural-en-mexico\/"},"author":{"name":"ofiprensa","@id":"https:\/\/www.ucaldas.edu.co\/portal\/#\/schema\/person\/a1b482e23449158b4bc319926c074fdf"},"headline":"Docente U. de Caldas particip\u00f3 en seminario sobre identidad cultural, en M\u00e9xico","datePublished":"2012-09-18T14:06:47+00:00","mainEntityOfPage":{"@id":"https:\/\/www.ucaldas.edu.co\/portal\/docente-u-de-caldas-participo-en-seminario-sobre-identidad-cultural-en-mexico\/"},"wordCount":330,"publisher":{"@id":"https:\/\/www.ucaldas.edu.co\/portal\/#organization"},"image":{"@id":"https:\/\/www.ucaldas.edu.co\/portal\/docente-u-de-caldas-participo-en-seminario-sobre-identidad-cultural-en-mexico\/#primaryimage"},"thumbnailUrl":"http:\/\/www.ucaldas.edu.co\/images\/tmp\/profesora_filosofia.jpg","articleSection":["Actualidad","Universidad al D\u00eda"],"inLanguage":"es"},{"@type":"WebPage","@id":"https:\/\/www.ucaldas.edu.co\/portal\/docente-u-de-caldas-participo-en-seminario-sobre-identidad-cultural-en-mexico\/","url":"https:\/\/www.ucaldas.edu.co\/portal\/docente-u-de-caldas-participo-en-seminario-sobre-identidad-cultural-en-mexico\/","name":"Docente U. de Caldas particip\u00f3 en seminario sobre identidad cultural, en M\u00e9xico .","isPartOf":{"@id":"https:\/\/www.ucaldas.edu.co\/portal\/#website"},"primaryImageOfPage":{"@id":"https:\/\/www.ucaldas.edu.co\/portal\/docente-u-de-caldas-participo-en-seminario-sobre-identidad-cultural-en-mexico\/#primaryimage"},"image":{"@id":"https:\/\/www.ucaldas.edu.co\/portal\/docente-u-de-caldas-participo-en-seminario-sobre-identidad-cultural-en-mexico\/#primaryimage"},"thumbnailUrl":"http:\/\/www.ucaldas.edu.co\/images\/tmp\/profesora_filosofia.jpg","datePublished":"2012-09-18T14:06:47+00:00","breadcrumb":{"@id":"https:\/\/www.ucaldas.edu.co\/portal\/docente-u-de-caldas-participo-en-seminario-sobre-identidad-cultural-en-mexico\/#breadcrumb"},"inLanguage":"es","potentialAction":[{"@type":"ReadAction","target":["https:\/\/www.ucaldas.edu.co\/portal\/docente-u-de-caldas-participo-en-seminario-sobre-identidad-cultural-en-mexico\/"]}]},{"@type":"ImageObject","inLanguage":"es","@id":"https:\/\/www.ucaldas.edu.co\/portal\/docente-u-de-caldas-participo-en-seminario-sobre-identidad-cultural-en-mexico\/#primaryimage","url":"http:\/\/www.ucaldas.edu.co\/images\/tmp\/profesora_filosofia.jpg","contentUrl":"http:\/\/www.ucaldas.edu.co\/images\/tmp\/profesora_filosofia.jpg"},{"@type":"BreadcrumbList","@id":"https:\/\/www.ucaldas.edu.co\/portal\/docente-u-de-caldas-participo-en-seminario-sobre-identidad-cultural-en-mexico\/#breadcrumb","itemListElement":[{"@type":"ListItem","position":1,"name":"Portada","item":"https:\/\/www.ucaldas.edu.co\/portal\/"},{"@type":"ListItem","position":2,"name":"Docente U. de Caldas particip\u00f3 en seminario sobre identidad cultural, en M\u00e9xico"}]},{"@type":"WebSite","@id":"https:\/\/www.ucaldas.edu.co\/portal\/#website","url":"https:\/\/www.ucaldas.edu.co\/portal\/","name":"Universidad de Caldas","description":"","publisher":{"@id":"https:\/\/www.ucaldas.edu.co\/portal\/#organization"},"alternateName":"U. de Caldas","potentialAction":[{"@type":"SearchAction","target":{"@type":"EntryPoint","urlTemplate":"https:\/\/www.ucaldas.edu.co\/portal\/?s={search_term_string}"},"query-input":{"@type":"PropertyValueSpecification","valueRequired":true,"valueName":"search_term_string"}}],"inLanguage":"es"},{"@type":"Organization","@id":"https:\/\/www.ucaldas.edu.co\/portal\/#organization","name":"Universidad de Caldas","alternateName":"U. de Caldas","url":"https:\/\/www.ucaldas.edu.co\/portal\/","logo":{"@type":"ImageObject","inLanguage":"es","@id":"https:\/\/www.ucaldas.edu.co\/portal\/#\/schema\/logo\/image\/","url":"https:\/\/www.ucaldas.edu.co\/portal\/wp-content\/uploads\/2023\/11\/Logo_horizontal_oscuroU-2023.png","contentUrl":"https:\/\/www.ucaldas.edu.co\/portal\/wp-content\/uploads\/2023\/11\/Logo_horizontal_oscuroU-2023.png","width":263,"height":101,"caption":"Universidad de Caldas"},"image":{"@id":"https:\/\/www.ucaldas.edu.co\/portal\/#\/schema\/logo\/image\/"},"sameAs":["https:\/\/www.facebook.com\/udecaldas","https:\/\/x.com\/udecaldas","https:\/\/www.youtube.com\/universidadcaldas","https:\/\/www.instagram.com\/udecaldas\/"]},{"@type":"Person","@id":"https:\/\/www.ucaldas.edu.co\/portal\/#\/schema\/person\/a1b482e23449158b4bc319926c074fdf","name":"ofiprensa","image":{"@type":"ImageObject","inLanguage":"es","@id":"https:\/\/www.ucaldas.edu.co\/portal\/wp-content\/litespeed\/avatar\/09ea5085e600095a7a811142c6944527.jpg?ver=1777497608","url":"https:\/\/www.ucaldas.edu.co\/portal\/wp-content\/litespeed\/avatar\/09ea5085e600095a7a811142c6944527.jpg?ver=1777497608","contentUrl":"https:\/\/www.ucaldas.edu.co\/portal\/wp-content\/litespeed\/avatar\/09ea5085e600095a7a811142c6944527.jpg?ver=1777497608","caption":"ofiprensa"},"url":"https:\/\/www.ucaldas.edu.co\/portal\/author\/ofiprensa\/"}]}},"_links":{"self":[{"href":"https:\/\/www.ucaldas.edu.co\/portal\/wp-json\/wp\/v2\/posts\/11634","targetHints":{"allow":["GET"]}}],"collection":[{"href":"https:\/\/www.ucaldas.edu.co\/portal\/wp-json\/wp\/v2\/posts"}],"about":[{"href":"https:\/\/www.ucaldas.edu.co\/portal\/wp-json\/wp\/v2\/types\/post"}],"author":[{"embeddable":true,"href":"https:\/\/www.ucaldas.edu.co\/portal\/wp-json\/wp\/v2\/users\/2"}],"replies":[{"embeddable":true,"href":"https:\/\/www.ucaldas.edu.co\/portal\/wp-json\/wp\/v2\/comments?post=11634"}],"version-history":[{"count":0,"href":"https:\/\/www.ucaldas.edu.co\/portal\/wp-json\/wp\/v2\/posts\/11634\/revisions"}],"wp:attachment":[{"href":"https:\/\/www.ucaldas.edu.co\/portal\/wp-json\/wp\/v2\/media?parent=11634"}],"wp:term":[{"taxonomy":"category","embeddable":true,"href":"https:\/\/www.ucaldas.edu.co\/portal\/wp-json\/wp\/v2\/categories?post=11634"},{"taxonomy":"post_tag","embeddable":true,"href":"https:\/\/www.ucaldas.edu.co\/portal\/wp-json\/wp\/v2\/tags?post=11634"}],"curies":[{"name":"wp","href":"https:\/\/api.w.org\/{rel}","templated":true}]}}