{"id":11631,"date":"2012-09-18T09:05:34","date_gmt":"2012-09-18T14:05:34","guid":{"rendered":"https:\/\/www.ucaldas.edu.co\/portal\/?p=11631"},"modified":"2012-09-18T09:05:34","modified_gmt":"2012-09-18T14:05:34","slug":"deportistas-u-de-caldas-listos-para-los-juegos-nacionales-universitarios","status":"publish","type":"post","link":"https:\/\/www.ucaldas.edu.co\/portal\/deportistas-u-de-caldas-listos-para-los-juegos-nacionales-universitarios\/","title":{"rendered":"Deportistas U. de Caldas, listos para  los Juegos Nacionales Universitarios"},"content":{"rendered":"<p>70 estudiantes representar\u00e1n a la Instituci\u00f3n en este evento<\/p>\n<hr \/>\n<p>&nbsp;<\/p>\n<p>&nbsp;<\/p>\n<p align=\"right\">18\/09\/2012<\/p>\n<p align=\"right\">Redacci\u00f3n: Mar\u00eda Fernanda Restrepo Torres<\/p>\n<p>&nbsp;<\/p>\n<table border=\"0\">\n<tbody>\n<tr>\n<td><img loading=\"lazy\" decoding=\"async\" style=\"border: 0px\" title=\"Equipo U Caldas\" alt=\"Equipo U Caldas\" src=\"http:\/\/www.ucaldas.edu.co\/images\/tmp\/equipo_ucaldas.jpg\" width=\"240\" height=\"160\" border=\"0\" \/><\/td>\n<td>La\u00a0<b>Universidad de Caldas<\/b>\u00a0ha tenido una\u00a0<b>satisfactoria presentaci\u00f3n<\/b>\u00a0en las\u00a0<b>competencias clasificatorias<\/b>\u00a0para los\u00a0<b>Juegos Nacionales Universitarios<\/b>, que\u00a0<b>se llevar\u00e1n a cabo del 16 al 30 de octubre del 2012<\/b>\u00a0en\u00a0<b>Barranquilla, Cartagena y Santa Marta.<\/b><\/td>\n<\/tr>\n<\/tbody>\n<\/table>\n<p>&nbsp;<\/p>\n<p>&nbsp;<\/p>\n<p>Los estudiantes que representan la Instituci\u00f3n han logrado importantes posiciones en los cert\u00e1menes deportivos zonales.\u00a0<b>Durante las \u00faltimas 2 semanas, se han enfrentado\u00a0<\/b>a\u00a0<b>equipos\u00a0<\/b>de<b>\u00a0<\/b><b>Caquet\u00e1, Cundinamarca, Choc\u00f3, Huila, Putumayo, Quind\u00edo, Risaralda, Tolima y Caldas.<\/b><\/p>\n<p>&nbsp;<\/p>\n<p>Entre los t\u00edtulos obtenidos por los estudiantes de la U. de Caldas est\u00e1n:<\/p>\n<p>&nbsp;<\/p>\n<p><i>Ultimate<\/i>\u00a0masculino: \u00a0\u00a0\u00a0\u00a0\u00a0\u00a0\u00a0\u00a0\u00a0\u00a0\u00a0\u00a0\u00a0\u00a0\u00a0\u00a0\u00a0\u00a0 Campe\u00f3n.<\/p>\n<p>&nbsp;<\/p>\n<p><i>Ultimate<\/i>\u00a0femenino: \u00a0\u00a0\u00a0\u00a0\u00a0\u00a0\u00a0\u00a0\u00a0\u00a0\u00a0\u00a0\u00a0\u00a0\u00a0\u00a0\u00a0\u00a0\u00a0\u00a0 Subcampe\u00f3n.<\/p>\n<p>F\u00fatbol masculino: \u00a0\u00a0\u00a0\u00a0\u00a0\u00a0\u00a0\u00a0\u00a0\u00a0\u00a0\u00a0\u00a0\u00a0\u00a0\u00a0\u00a0 Campe\u00f3n.<\/p>\n<p>F\u00fatbol femenino: \u00a0\u00a0\u00a0\u00a0\u00a0\u00a0\u00a0\u00a0\u00a0\u00a0\u00a0\u00a0\u00a0\u00a0\u00a0\u00a0\u00a0 Subcampe\u00f3n.<\/p>\n<p>Baloncesto femenino: \u00a0\u00a0\u00a0\u00a0\u00a0\u00a0\u00a0\u00a0\u00a0\u00a0 Subcampe\u00f3n.<\/p>\n<p><i>Rugby Seven<\/i>: \u00a0\u00a0\u00a0\u00a0\u00a0\u00a0\u00a0\u00a0\u00a0\u00a0\u00a0\u00a0\u00a0\u00a0\u00a0\u00a0\u00a0\u00a0\u00a0\u00a0\u00a0\u00a0\u00a0 \u00a0 \u00a0 Subcampe\u00f3n.<\/p>\n<p>Voleibol arena: \u00a0\u00a0\u00a0\u00a0\u00a0\u00a0\u00a0\u00a0\u00a0\u00a0\u00a0\u00a0\u00a0\u00a0\u00a0\u00a0\u00a0\u00a0\u00a0\u00a0 Campe\u00f3n.<\/p>\n<p>&nbsp;<\/p>\n<p><b>En total ser\u00e1n 70 estudiantes<\/b>\u00a0de\u00a0<b>diferentes programas acad\u00e9micos<\/b>\u00a0de la\u00a0<b>Universidad de Caldas<\/b>, quienes\u00a0<b>representar\u00e1n<\/b>\u00a0<b>a la Instituci\u00f3n<\/b>\u00a0enlos\u00a0<b>Juegos Nacionales Universitarios<\/b><b>.<\/b><\/p>\n<p>&nbsp;<\/p>\n<p><a href=\"http:\/\/www.facebook.com\/media\/set\/?set=a.411903808871490.96857.107054166023124&amp;type=1\" target=\"_blank\">Conozca a los deportistas de la U. de Caldas que competir\u00e1n en los Juegos Nacionales Universitarios<\/a><\/p>\n<p><b>\u00a0<\/b><\/p>\n<p><b>Informes:<\/b>\u00a0Oficina de Deportes de la Universidad de Caldas, tel\u00e9fono 878 15 00 extensi\u00f3n 17 427<\/p>\n<p>&nbsp;<\/p>\n","protected":false},"excerpt":{"rendered":"<p>70 estudiantes representar\u00e1n a la Instituci\u00f3n en este evento &nbsp; &nbsp; 18\/09\/2012 Redacci\u00f3n: Mar\u00eda Fernanda Restrepo Torres &nbsp; La\u00a0Universidad de Caldas\u00a0ha tenido una\u00a0satisfactoria presentaci\u00f3n\u00a0en las\u00a0competencias clasificatorias\u00a0para los\u00a0Juegos Nacionales Universitarios, que\u00a0se llevar\u00e1n a cabo del 16 al 30 de octubre del 2012\u00a0en\u00a0Barranquilla, Cartagena y Santa Marta. &nbsp; &nbsp; Los estudiantes que representan la Instituci\u00f3n han logrado [&hellip;]<\/p>\n","protected":false},"author":2,"featured_media":0,"comment_status":"closed","ping_status":"closed","sticky":false,"template":"","format":"standard","meta":{"footnotes":""},"categories":[48,53],"tags":[],"class_list":["post-11631","post","type-post","status-publish","format-standard","hentry","category-actualidad","category-universidad-al-dia"],"yoast_head":"<!-- This site is optimized with the Yoast SEO plugin v27.5 - https:\/\/yoast.com\/product\/yoast-seo-wordpress\/ -->\n<title>Deportistas U. de Caldas, listos para los Juegos Nacionales Universitarios .<\/title>\n<meta name=\"robots\" content=\"index, follow, max-snippet:-1, max-image-preview:large, max-video-preview:-1\" \/>\n<link rel=\"canonical\" href=\"https:\/\/www.ucaldas.edu.co\/portal\/deportistas-u-de-caldas-listos-para-los-juegos-nacionales-universitarios\/\" \/>\n<script type=\"application\/ld+json\" class=\"yoast-schema-graph\">{\"@context\":\"https:\\\/\\\/schema.org\",\"@graph\":[{\"@type\":\"Article\",\"@id\":\"https:\\\/\\\/www.ucaldas.edu.co\\\/portal\\\/deportistas-u-de-caldas-listos-para-los-juegos-nacionales-universitarios\\\/#article\",\"isPartOf\":{\"@id\":\"https:\\\/\\\/www.ucaldas.edu.co\\\/portal\\\/deportistas-u-de-caldas-listos-para-los-juegos-nacionales-universitarios\\\/\"},\"author\":{\"name\":\"ofiprensa\",\"@id\":\"https:\\\/\\\/www.ucaldas.edu.co\\\/portal\\\/#\\\/schema\\\/person\\\/a1b482e23449158b4bc319926c074fdf\"},\"headline\":\"Deportistas U. de Caldas, listos para los Juegos Nacionales Universitarios\",\"datePublished\":\"2012-09-18T14:05:34+00:00\",\"mainEntityOfPage\":{\"@id\":\"https:\\\/\\\/www.ucaldas.edu.co\\\/portal\\\/deportistas-u-de-caldas-listos-para-los-juegos-nacionales-universitarios\\\/\"},\"wordCount\":213,\"publisher\":{\"@id\":\"https:\\\/\\\/www.ucaldas.edu.co\\\/portal\\\/#organization\"},\"image\":{\"@id\":\"https:\\\/\\\/www.ucaldas.edu.co\\\/portal\\\/deportistas-u-de-caldas-listos-para-los-juegos-nacionales-universitarios\\\/#primaryimage\"},\"thumbnailUrl\":\"http:\\\/\\\/www.ucaldas.edu.co\\\/images\\\/tmp\\\/equipo_ucaldas.jpg\",\"articleSection\":[\"Actualidad\",\"Universidad al D\u00eda\"],\"inLanguage\":\"es\"},{\"@type\":\"WebPage\",\"@id\":\"https:\\\/\\\/www.ucaldas.edu.co\\\/portal\\\/deportistas-u-de-caldas-listos-para-los-juegos-nacionales-universitarios\\\/\",\"url\":\"https:\\\/\\\/www.ucaldas.edu.co\\\/portal\\\/deportistas-u-de-caldas-listos-para-los-juegos-nacionales-universitarios\\\/\",\"name\":\"Deportistas U. de Caldas, listos para los Juegos Nacionales Universitarios .\",\"isPartOf\":{\"@id\":\"https:\\\/\\\/www.ucaldas.edu.co\\\/portal\\\/#website\"},\"primaryImageOfPage\":{\"@id\":\"https:\\\/\\\/www.ucaldas.edu.co\\\/portal\\\/deportistas-u-de-caldas-listos-para-los-juegos-nacionales-universitarios\\\/#primaryimage\"},\"image\":{\"@id\":\"https:\\\/\\\/www.ucaldas.edu.co\\\/portal\\\/deportistas-u-de-caldas-listos-para-los-juegos-nacionales-universitarios\\\/#primaryimage\"},\"thumbnailUrl\":\"http:\\\/\\\/www.ucaldas.edu.co\\\/images\\\/tmp\\\/equipo_ucaldas.jpg\",\"datePublished\":\"2012-09-18T14:05:34+00:00\",\"breadcrumb\":{\"@id\":\"https:\\\/\\\/www.ucaldas.edu.co\\\/portal\\\/deportistas-u-de-caldas-listos-para-los-juegos-nacionales-universitarios\\\/#breadcrumb\"},\"inLanguage\":\"es\",\"potentialAction\":[{\"@type\":\"ReadAction\",\"target\":[\"https:\\\/\\\/www.ucaldas.edu.co\\\/portal\\\/deportistas-u-de-caldas-listos-para-los-juegos-nacionales-universitarios\\\/\"]}]},{\"@type\":\"ImageObject\",\"inLanguage\":\"es\",\"@id\":\"https:\\\/\\\/www.ucaldas.edu.co\\\/portal\\\/deportistas-u-de-caldas-listos-para-los-juegos-nacionales-universitarios\\\/#primaryimage\",\"url\":\"http:\\\/\\\/www.ucaldas.edu.co\\\/images\\\/tmp\\\/equipo_ucaldas.jpg\",\"contentUrl\":\"http:\\\/\\\/www.ucaldas.edu.co\\\/images\\\/tmp\\\/equipo_ucaldas.jpg\"},{\"@type\":\"BreadcrumbList\",\"@id\":\"https:\\\/\\\/www.ucaldas.edu.co\\\/portal\\\/deportistas-u-de-caldas-listos-para-los-juegos-nacionales-universitarios\\\/#breadcrumb\",\"itemListElement\":[{\"@type\":\"ListItem\",\"position\":1,\"name\":\"Portada\",\"item\":\"https:\\\/\\\/www.ucaldas.edu.co\\\/portal\\\/\"},{\"@type\":\"ListItem\",\"position\":2,\"name\":\"Deportistas U. de Caldas, listos para los Juegos Nacionales Universitarios\"}]},{\"@type\":\"WebSite\",\"@id\":\"https:\\\/\\\/www.ucaldas.edu.co\\\/portal\\\/#website\",\"url\":\"https:\\\/\\\/www.ucaldas.edu.co\\\/portal\\\/\",\"name\":\"Universidad de Caldas\",\"description\":\"\",\"publisher\":{\"@id\":\"https:\\\/\\\/www.ucaldas.edu.co\\\/portal\\\/#organization\"},\"alternateName\":\"U. de Caldas\",\"potentialAction\":[{\"@type\":\"SearchAction\",\"target\":{\"@type\":\"EntryPoint\",\"urlTemplate\":\"https:\\\/\\\/www.ucaldas.edu.co\\\/portal\\\/?s={search_term_string}\"},\"query-input\":{\"@type\":\"PropertyValueSpecification\",\"valueRequired\":true,\"valueName\":\"search_term_string\"}}],\"inLanguage\":\"es\"},{\"@type\":\"Organization\",\"@id\":\"https:\\\/\\\/www.ucaldas.edu.co\\\/portal\\\/#organization\",\"name\":\"Universidad de Caldas\",\"alternateName\":\"U. de Caldas\",\"url\":\"https:\\\/\\\/www.ucaldas.edu.co\\\/portal\\\/\",\"logo\":{\"@type\":\"ImageObject\",\"inLanguage\":\"es\",\"@id\":\"https:\\\/\\\/www.ucaldas.edu.co\\\/portal\\\/#\\\/schema\\\/logo\\\/image\\\/\",\"url\":\"https:\\\/\\\/www.ucaldas.edu.co\\\/portal\\\/wp-content\\\/uploads\\\/2023\\\/11\\\/Logo_horizontal_oscuroU-2023.png\",\"contentUrl\":\"https:\\\/\\\/www.ucaldas.edu.co\\\/portal\\\/wp-content\\\/uploads\\\/2023\\\/11\\\/Logo_horizontal_oscuroU-2023.png\",\"width\":263,\"height\":101,\"caption\":\"Universidad de Caldas\"},\"image\":{\"@id\":\"https:\\\/\\\/www.ucaldas.edu.co\\\/portal\\\/#\\\/schema\\\/logo\\\/image\\\/\"},\"sameAs\":[\"https:\\\/\\\/www.facebook.com\\\/udecaldas\",\"https:\\\/\\\/x.com\\\/udecaldas\",\"https:\\\/\\\/www.youtube.com\\\/universidadcaldas\",\"https:\\\/\\\/www.instagram.com\\\/udecaldas\\\/\"]},{\"@type\":\"Person\",\"@id\":\"https:\\\/\\\/www.ucaldas.edu.co\\\/portal\\\/#\\\/schema\\\/person\\\/a1b482e23449158b4bc319926c074fdf\",\"name\":\"ofiprensa\",\"image\":{\"@type\":\"ImageObject\",\"inLanguage\":\"es\",\"@id\":\"https:\\\/\\\/www.ucaldas.edu.co\\\/portal\\\/wp-content\\\/litespeed\\\/avatar\\\/09ea5085e600095a7a811142c6944527.jpg?ver=1777497608\",\"url\":\"https:\\\/\\\/www.ucaldas.edu.co\\\/portal\\\/wp-content\\\/litespeed\\\/avatar\\\/09ea5085e600095a7a811142c6944527.jpg?ver=1777497608\",\"contentUrl\":\"https:\\\/\\\/www.ucaldas.edu.co\\\/portal\\\/wp-content\\\/litespeed\\\/avatar\\\/09ea5085e600095a7a811142c6944527.jpg?ver=1777497608\",\"caption\":\"ofiprensa\"},\"url\":\"https:\\\/\\\/www.ucaldas.edu.co\\\/portal\\\/author\\\/ofiprensa\\\/\"}]}<\/script>\n<!-- \/ Yoast SEO plugin. -->","yoast_head_json":{"title":"Deportistas U. de Caldas, listos para los Juegos Nacionales Universitarios .","robots":{"index":"index","follow":"follow","max-snippet":"max-snippet:-1","max-image-preview":"max-image-preview:large","max-video-preview":"max-video-preview:-1"},"canonical":"https:\/\/www.ucaldas.edu.co\/portal\/deportistas-u-de-caldas-listos-para-los-juegos-nacionales-universitarios\/","schema":{"@context":"https:\/\/schema.org","@graph":[{"@type":"Article","@id":"https:\/\/www.ucaldas.edu.co\/portal\/deportistas-u-de-caldas-listos-para-los-juegos-nacionales-universitarios\/#article","isPartOf":{"@id":"https:\/\/www.ucaldas.edu.co\/portal\/deportistas-u-de-caldas-listos-para-los-juegos-nacionales-universitarios\/"},"author":{"name":"ofiprensa","@id":"https:\/\/www.ucaldas.edu.co\/portal\/#\/schema\/person\/a1b482e23449158b4bc319926c074fdf"},"headline":"Deportistas U. de Caldas, listos para los Juegos Nacionales Universitarios","datePublished":"2012-09-18T14:05:34+00:00","mainEntityOfPage":{"@id":"https:\/\/www.ucaldas.edu.co\/portal\/deportistas-u-de-caldas-listos-para-los-juegos-nacionales-universitarios\/"},"wordCount":213,"publisher":{"@id":"https:\/\/www.ucaldas.edu.co\/portal\/#organization"},"image":{"@id":"https:\/\/www.ucaldas.edu.co\/portal\/deportistas-u-de-caldas-listos-para-los-juegos-nacionales-universitarios\/#primaryimage"},"thumbnailUrl":"http:\/\/www.ucaldas.edu.co\/images\/tmp\/equipo_ucaldas.jpg","articleSection":["Actualidad","Universidad al D\u00eda"],"inLanguage":"es"},{"@type":"WebPage","@id":"https:\/\/www.ucaldas.edu.co\/portal\/deportistas-u-de-caldas-listos-para-los-juegos-nacionales-universitarios\/","url":"https:\/\/www.ucaldas.edu.co\/portal\/deportistas-u-de-caldas-listos-para-los-juegos-nacionales-universitarios\/","name":"Deportistas U. de Caldas, listos para los Juegos Nacionales Universitarios .","isPartOf":{"@id":"https:\/\/www.ucaldas.edu.co\/portal\/#website"},"primaryImageOfPage":{"@id":"https:\/\/www.ucaldas.edu.co\/portal\/deportistas-u-de-caldas-listos-para-los-juegos-nacionales-universitarios\/#primaryimage"},"image":{"@id":"https:\/\/www.ucaldas.edu.co\/portal\/deportistas-u-de-caldas-listos-para-los-juegos-nacionales-universitarios\/#primaryimage"},"thumbnailUrl":"http:\/\/www.ucaldas.edu.co\/images\/tmp\/equipo_ucaldas.jpg","datePublished":"2012-09-18T14:05:34+00:00","breadcrumb":{"@id":"https:\/\/www.ucaldas.edu.co\/portal\/deportistas-u-de-caldas-listos-para-los-juegos-nacionales-universitarios\/#breadcrumb"},"inLanguage":"es","potentialAction":[{"@type":"ReadAction","target":["https:\/\/www.ucaldas.edu.co\/portal\/deportistas-u-de-caldas-listos-para-los-juegos-nacionales-universitarios\/"]}]},{"@type":"ImageObject","inLanguage":"es","@id":"https:\/\/www.ucaldas.edu.co\/portal\/deportistas-u-de-caldas-listos-para-los-juegos-nacionales-universitarios\/#primaryimage","url":"http:\/\/www.ucaldas.edu.co\/images\/tmp\/equipo_ucaldas.jpg","contentUrl":"http:\/\/www.ucaldas.edu.co\/images\/tmp\/equipo_ucaldas.jpg"},{"@type":"BreadcrumbList","@id":"https:\/\/www.ucaldas.edu.co\/portal\/deportistas-u-de-caldas-listos-para-los-juegos-nacionales-universitarios\/#breadcrumb","itemListElement":[{"@type":"ListItem","position":1,"name":"Portada","item":"https:\/\/www.ucaldas.edu.co\/portal\/"},{"@type":"ListItem","position":2,"name":"Deportistas U. de Caldas, listos para los Juegos Nacionales Universitarios"}]},{"@type":"WebSite","@id":"https:\/\/www.ucaldas.edu.co\/portal\/#website","url":"https:\/\/www.ucaldas.edu.co\/portal\/","name":"Universidad de Caldas","description":"","publisher":{"@id":"https:\/\/www.ucaldas.edu.co\/portal\/#organization"},"alternateName":"U. de Caldas","potentialAction":[{"@type":"SearchAction","target":{"@type":"EntryPoint","urlTemplate":"https:\/\/www.ucaldas.edu.co\/portal\/?s={search_term_string}"},"query-input":{"@type":"PropertyValueSpecification","valueRequired":true,"valueName":"search_term_string"}}],"inLanguage":"es"},{"@type":"Organization","@id":"https:\/\/www.ucaldas.edu.co\/portal\/#organization","name":"Universidad de Caldas","alternateName":"U. de Caldas","url":"https:\/\/www.ucaldas.edu.co\/portal\/","logo":{"@type":"ImageObject","inLanguage":"es","@id":"https:\/\/www.ucaldas.edu.co\/portal\/#\/schema\/logo\/image\/","url":"https:\/\/www.ucaldas.edu.co\/portal\/wp-content\/uploads\/2023\/11\/Logo_horizontal_oscuroU-2023.png","contentUrl":"https:\/\/www.ucaldas.edu.co\/portal\/wp-content\/uploads\/2023\/11\/Logo_horizontal_oscuroU-2023.png","width":263,"height":101,"caption":"Universidad de Caldas"},"image":{"@id":"https:\/\/www.ucaldas.edu.co\/portal\/#\/schema\/logo\/image\/"},"sameAs":["https:\/\/www.facebook.com\/udecaldas","https:\/\/x.com\/udecaldas","https:\/\/www.youtube.com\/universidadcaldas","https:\/\/www.instagram.com\/udecaldas\/"]},{"@type":"Person","@id":"https:\/\/www.ucaldas.edu.co\/portal\/#\/schema\/person\/a1b482e23449158b4bc319926c074fdf","name":"ofiprensa","image":{"@type":"ImageObject","inLanguage":"es","@id":"https:\/\/www.ucaldas.edu.co\/portal\/wp-content\/litespeed\/avatar\/09ea5085e600095a7a811142c6944527.jpg?ver=1777497608","url":"https:\/\/www.ucaldas.edu.co\/portal\/wp-content\/litespeed\/avatar\/09ea5085e600095a7a811142c6944527.jpg?ver=1777497608","contentUrl":"https:\/\/www.ucaldas.edu.co\/portal\/wp-content\/litespeed\/avatar\/09ea5085e600095a7a811142c6944527.jpg?ver=1777497608","caption":"ofiprensa"},"url":"https:\/\/www.ucaldas.edu.co\/portal\/author\/ofiprensa\/"}]}},"_links":{"self":[{"href":"https:\/\/www.ucaldas.edu.co\/portal\/wp-json\/wp\/v2\/posts\/11631","targetHints":{"allow":["GET"]}}],"collection":[{"href":"https:\/\/www.ucaldas.edu.co\/portal\/wp-json\/wp\/v2\/posts"}],"about":[{"href":"https:\/\/www.ucaldas.edu.co\/portal\/wp-json\/wp\/v2\/types\/post"}],"author":[{"embeddable":true,"href":"https:\/\/www.ucaldas.edu.co\/portal\/wp-json\/wp\/v2\/users\/2"}],"replies":[{"embeddable":true,"href":"https:\/\/www.ucaldas.edu.co\/portal\/wp-json\/wp\/v2\/comments?post=11631"}],"version-history":[{"count":0,"href":"https:\/\/www.ucaldas.edu.co\/portal\/wp-json\/wp\/v2\/posts\/11631\/revisions"}],"wp:attachment":[{"href":"https:\/\/www.ucaldas.edu.co\/portal\/wp-json\/wp\/v2\/media?parent=11631"}],"wp:term":[{"taxonomy":"category","embeddable":true,"href":"https:\/\/www.ucaldas.edu.co\/portal\/wp-json\/wp\/v2\/categories?post=11631"},{"taxonomy":"post_tag","embeddable":true,"href":"https:\/\/www.ucaldas.edu.co\/portal\/wp-json\/wp\/v2\/tags?post=11631"}],"curies":[{"name":"wp","href":"https:\/\/api.w.org\/{rel}","templated":true}]}}