{"id":11629,"date":"2012-09-18T09:04:41","date_gmt":"2012-09-18T14:04:41","guid":{"rendered":"https:\/\/www.ucaldas.edu.co\/portal\/?p=11629"},"modified":"2012-09-18T09:04:41","modified_gmt":"2012-09-18T14:04:41","slug":"consultorio-juridico-u-de-caldas-se-une-a-celebracion-de-virgen-de-las-mercedes","status":"publish","type":"post","link":"https:\/\/www.ucaldas.edu.co\/portal\/consultorio-juridico-u-de-caldas-se-une-a-celebracion-de-virgen-de-las-mercedes\/","title":{"rendered":"Consultorio Jur\u00eddico U. de Caldas se une  a celebraci\u00f3n de Virgen de las Mercedes"},"content":{"rendered":"<p>Este jueves 20 de septiembre de 2012 en la c\u00e1rcel de mujeres<\/p>\n<hr \/>\n<p>&nbsp;<\/p>\n<p align=\"center\"><b>\u00a0<\/b><\/p>\n<p align=\"right\">18\/09\/2012<\/p>\n<p align=\"right\">Redacci\u00f3n: Mar\u00eda Fernanda Restrepo Torres<\/p>\n<p>&nbsp;<\/p>\n<table border=\"0\">\n<tbody>\n<tr>\n<td><img loading=\"lazy\" decoding=\"async\" style=\"border: 0px\" title=\"Consultorio Jur\u00eddico U. de Caldas se une  a celebraci\u00f3n de Virgen de las Mercedes\" alt=\"Consultorio Juridico\" src=\"http:\/\/www.ucaldas.edu.co\/images\/tmp\/celebracion_carcel.jpg\" width=\"240\" height=\"160\" border=\"0\" \/><\/td>\n<td>El\u00a0<b>Consultorio Jur\u00eddico<\/b>\u00a0<b>Daniel Restrepo Escobar<\/b>\u00a0de la\u00a0<b>Universidad de Caldas<\/b>\u00a0se\u00a0<b>vincula<\/b>\u00a0a la\u00a0<b>celebraci\u00f3n<\/b>\u00a0del D\u00eda de la Virgen de las Mercedes,<b>Patrona Universal<\/b>\u00a0de los\u00a0<b>Presidiarios<\/b>. El evento se llevar\u00e1 a cabo en el\u00a0<b>Establecimiento Penitenciario<\/b>\u00a0y\u00a0<b>Carcelario de Mujeres<\/b>\u00a0<b>Villa Josefina<\/b>de\u00a0<b>Manizales<\/b>, este\u00a0<b>jueves 20 de septiembre<\/b>\u00a0del\u00a0<b>2012<\/b>.<\/td>\n<\/tr>\n<\/tbody>\n<\/table>\n<p>&nbsp;<\/p>\n<p>&nbsp;<\/p>\n<p>Andr\u00e9s Felipe Tabares \u00c1lvarez,\u00a0<b>Director del Consultorio Jur\u00eddico Daniel Restrepo Escobar<\/b>\u00a0y\u00a0<b>miembro del comit\u00e9 organizador<\/b>, expres\u00f3: \u201cdurante la celebraci\u00f3n se tienen programadas actividades culturales y deportivas. Recordemos que hay una poblaci\u00f3n excluida y con esto queremos brindar un d\u00eda de alegr\u00eda a estas mujeres\u201d.<\/p>\n<p>&nbsp;<\/p>\n<p>La\u00a0<b>unidad m\u00f3vil<\/b>\u00a0<b>Ruta de las Noticias<\/b>, de la\u00a0<b>Oficina de Prensa<\/b>\u00a0de la Instituci\u00f3n,\u00a0<b>acompa\u00f1ar\u00e1 el evento.<\/b><\/p>\n<p>&nbsp;<\/p>\n<p><b>Informes:<\/b>\u00a0Consultorio Jur\u00eddico, tel\u00e9fono 886 27 20, extensi\u00f3n 21 128.<\/p>\n<p>&nbsp;<\/p>\n","protected":false},"excerpt":{"rendered":"<p>Este jueves 20 de septiembre de 2012 en la c\u00e1rcel de mujeres &nbsp; \u00a0 18\/09\/2012 Redacci\u00f3n: Mar\u00eda Fernanda Restrepo Torres &nbsp; El\u00a0Consultorio Jur\u00eddico\u00a0Daniel Restrepo Escobar\u00a0de la\u00a0Universidad de Caldas\u00a0se\u00a0vincula\u00a0a la\u00a0celebraci\u00f3n\u00a0del D\u00eda de la Virgen de las Mercedes,Patrona Universal\u00a0de los\u00a0Presidiarios. El evento se llevar\u00e1 a cabo en el\u00a0Establecimiento Penitenciario\u00a0y\u00a0Carcelario de Mujeres\u00a0Villa Josefinade\u00a0Manizales, este\u00a0jueves 20 de septiembre\u00a0del\u00a02012. &nbsp; [&hellip;]<\/p>\n","protected":false},"author":2,"featured_media":0,"comment_status":"closed","ping_status":"closed","sticky":false,"template":"","format":"standard","meta":{"footnotes":""},"categories":[48,53],"tags":[],"class_list":["post-11629","post","type-post","status-publish","format-standard","hentry","category-actualidad","category-universidad-al-dia"],"yoast_head":"<!-- This site is optimized with the Yoast SEO plugin v27.5 - https:\/\/yoast.com\/product\/yoast-seo-wordpress\/ -->\n<title>Consultorio Jur\u00eddico U. de Caldas se une a celebraci\u00f3n de Virgen de las Mercedes .<\/title>\n<meta name=\"robots\" content=\"index, follow, max-snippet:-1, max-image-preview:large, max-video-preview:-1\" \/>\n<link rel=\"canonical\" href=\"https:\/\/www.ucaldas.edu.co\/portal\/consultorio-juridico-u-de-caldas-se-une-a-celebracion-de-virgen-de-las-mercedes\/\" \/>\n<script type=\"application\/ld+json\" class=\"yoast-schema-graph\">{\"@context\":\"https:\\\/\\\/schema.org\",\"@graph\":[{\"@type\":\"Article\",\"@id\":\"https:\\\/\\\/www.ucaldas.edu.co\\\/portal\\\/consultorio-juridico-u-de-caldas-se-une-a-celebracion-de-virgen-de-las-mercedes\\\/#article\",\"isPartOf\":{\"@id\":\"https:\\\/\\\/www.ucaldas.edu.co\\\/portal\\\/consultorio-juridico-u-de-caldas-se-une-a-celebracion-de-virgen-de-las-mercedes\\\/\"},\"author\":{\"name\":\"ofiprensa\",\"@id\":\"https:\\\/\\\/www.ucaldas.edu.co\\\/portal\\\/#\\\/schema\\\/person\\\/a1b482e23449158b4bc319926c074fdf\"},\"headline\":\"Consultorio Jur\u00eddico U. de Caldas se une a celebraci\u00f3n de Virgen de las Mercedes\",\"datePublished\":\"2012-09-18T14:04:41+00:00\",\"mainEntityOfPage\":{\"@id\":\"https:\\\/\\\/www.ucaldas.edu.co\\\/portal\\\/consultorio-juridico-u-de-caldas-se-une-a-celebracion-de-virgen-de-las-mercedes\\\/\"},\"wordCount\":175,\"publisher\":{\"@id\":\"https:\\\/\\\/www.ucaldas.edu.co\\\/portal\\\/#organization\"},\"image\":{\"@id\":\"https:\\\/\\\/www.ucaldas.edu.co\\\/portal\\\/consultorio-juridico-u-de-caldas-se-une-a-celebracion-de-virgen-de-las-mercedes\\\/#primaryimage\"},\"thumbnailUrl\":\"http:\\\/\\\/www.ucaldas.edu.co\\\/images\\\/tmp\\\/celebracion_carcel.jpg\",\"articleSection\":[\"Actualidad\",\"Universidad al D\u00eda\"],\"inLanguage\":\"es\"},{\"@type\":\"WebPage\",\"@id\":\"https:\\\/\\\/www.ucaldas.edu.co\\\/portal\\\/consultorio-juridico-u-de-caldas-se-une-a-celebracion-de-virgen-de-las-mercedes\\\/\",\"url\":\"https:\\\/\\\/www.ucaldas.edu.co\\\/portal\\\/consultorio-juridico-u-de-caldas-se-une-a-celebracion-de-virgen-de-las-mercedes\\\/\",\"name\":\"Consultorio Jur\u00eddico U. de Caldas se une a celebraci\u00f3n de Virgen de las Mercedes .\",\"isPartOf\":{\"@id\":\"https:\\\/\\\/www.ucaldas.edu.co\\\/portal\\\/#website\"},\"primaryImageOfPage\":{\"@id\":\"https:\\\/\\\/www.ucaldas.edu.co\\\/portal\\\/consultorio-juridico-u-de-caldas-se-une-a-celebracion-de-virgen-de-las-mercedes\\\/#primaryimage\"},\"image\":{\"@id\":\"https:\\\/\\\/www.ucaldas.edu.co\\\/portal\\\/consultorio-juridico-u-de-caldas-se-une-a-celebracion-de-virgen-de-las-mercedes\\\/#primaryimage\"},\"thumbnailUrl\":\"http:\\\/\\\/www.ucaldas.edu.co\\\/images\\\/tmp\\\/celebracion_carcel.jpg\",\"datePublished\":\"2012-09-18T14:04:41+00:00\",\"breadcrumb\":{\"@id\":\"https:\\\/\\\/www.ucaldas.edu.co\\\/portal\\\/consultorio-juridico-u-de-caldas-se-une-a-celebracion-de-virgen-de-las-mercedes\\\/#breadcrumb\"},\"inLanguage\":\"es\",\"potentialAction\":[{\"@type\":\"ReadAction\",\"target\":[\"https:\\\/\\\/www.ucaldas.edu.co\\\/portal\\\/consultorio-juridico-u-de-caldas-se-une-a-celebracion-de-virgen-de-las-mercedes\\\/\"]}]},{\"@type\":\"ImageObject\",\"inLanguage\":\"es\",\"@id\":\"https:\\\/\\\/www.ucaldas.edu.co\\\/portal\\\/consultorio-juridico-u-de-caldas-se-une-a-celebracion-de-virgen-de-las-mercedes\\\/#primaryimage\",\"url\":\"http:\\\/\\\/www.ucaldas.edu.co\\\/images\\\/tmp\\\/celebracion_carcel.jpg\",\"contentUrl\":\"http:\\\/\\\/www.ucaldas.edu.co\\\/images\\\/tmp\\\/celebracion_carcel.jpg\"},{\"@type\":\"BreadcrumbList\",\"@id\":\"https:\\\/\\\/www.ucaldas.edu.co\\\/portal\\\/consultorio-juridico-u-de-caldas-se-une-a-celebracion-de-virgen-de-las-mercedes\\\/#breadcrumb\",\"itemListElement\":[{\"@type\":\"ListItem\",\"position\":1,\"name\":\"Portada\",\"item\":\"https:\\\/\\\/www.ucaldas.edu.co\\\/portal\\\/\"},{\"@type\":\"ListItem\",\"position\":2,\"name\":\"Consultorio Jur\u00eddico U. de Caldas se une a celebraci\u00f3n de Virgen de las Mercedes\"}]},{\"@type\":\"WebSite\",\"@id\":\"https:\\\/\\\/www.ucaldas.edu.co\\\/portal\\\/#website\",\"url\":\"https:\\\/\\\/www.ucaldas.edu.co\\\/portal\\\/\",\"name\":\"Universidad de Caldas\",\"description\":\"\",\"publisher\":{\"@id\":\"https:\\\/\\\/www.ucaldas.edu.co\\\/portal\\\/#organization\"},\"alternateName\":\"U. de Caldas\",\"potentialAction\":[{\"@type\":\"SearchAction\",\"target\":{\"@type\":\"EntryPoint\",\"urlTemplate\":\"https:\\\/\\\/www.ucaldas.edu.co\\\/portal\\\/?s={search_term_string}\"},\"query-input\":{\"@type\":\"PropertyValueSpecification\",\"valueRequired\":true,\"valueName\":\"search_term_string\"}}],\"inLanguage\":\"es\"},{\"@type\":\"Organization\",\"@id\":\"https:\\\/\\\/www.ucaldas.edu.co\\\/portal\\\/#organization\",\"name\":\"Universidad de Caldas\",\"alternateName\":\"U. de Caldas\",\"url\":\"https:\\\/\\\/www.ucaldas.edu.co\\\/portal\\\/\",\"logo\":{\"@type\":\"ImageObject\",\"inLanguage\":\"es\",\"@id\":\"https:\\\/\\\/www.ucaldas.edu.co\\\/portal\\\/#\\\/schema\\\/logo\\\/image\\\/\",\"url\":\"https:\\\/\\\/www.ucaldas.edu.co\\\/portal\\\/wp-content\\\/uploads\\\/2023\\\/11\\\/Logo_horizontal_oscuroU-2023.png\",\"contentUrl\":\"https:\\\/\\\/www.ucaldas.edu.co\\\/portal\\\/wp-content\\\/uploads\\\/2023\\\/11\\\/Logo_horizontal_oscuroU-2023.png\",\"width\":263,\"height\":101,\"caption\":\"Universidad de Caldas\"},\"image\":{\"@id\":\"https:\\\/\\\/www.ucaldas.edu.co\\\/portal\\\/#\\\/schema\\\/logo\\\/image\\\/\"},\"sameAs\":[\"https:\\\/\\\/www.facebook.com\\\/udecaldas\",\"https:\\\/\\\/x.com\\\/udecaldas\",\"https:\\\/\\\/www.youtube.com\\\/universidadcaldas\",\"https:\\\/\\\/www.instagram.com\\\/udecaldas\\\/\"]},{\"@type\":\"Person\",\"@id\":\"https:\\\/\\\/www.ucaldas.edu.co\\\/portal\\\/#\\\/schema\\\/person\\\/a1b482e23449158b4bc319926c074fdf\",\"name\":\"ofiprensa\",\"image\":{\"@type\":\"ImageObject\",\"inLanguage\":\"es\",\"@id\":\"https:\\\/\\\/www.ucaldas.edu.co\\\/portal\\\/wp-content\\\/litespeed\\\/avatar\\\/09ea5085e600095a7a811142c6944527.jpg?ver=1777497608\",\"url\":\"https:\\\/\\\/www.ucaldas.edu.co\\\/portal\\\/wp-content\\\/litespeed\\\/avatar\\\/09ea5085e600095a7a811142c6944527.jpg?ver=1777497608\",\"contentUrl\":\"https:\\\/\\\/www.ucaldas.edu.co\\\/portal\\\/wp-content\\\/litespeed\\\/avatar\\\/09ea5085e600095a7a811142c6944527.jpg?ver=1777497608\",\"caption\":\"ofiprensa\"},\"url\":\"https:\\\/\\\/www.ucaldas.edu.co\\\/portal\\\/author\\\/ofiprensa\\\/\"}]}<\/script>\n<!-- \/ Yoast SEO plugin. -->","yoast_head_json":{"title":"Consultorio Jur\u00eddico U. de Caldas se une a celebraci\u00f3n de Virgen de las Mercedes .","robots":{"index":"index","follow":"follow","max-snippet":"max-snippet:-1","max-image-preview":"max-image-preview:large","max-video-preview":"max-video-preview:-1"},"canonical":"https:\/\/www.ucaldas.edu.co\/portal\/consultorio-juridico-u-de-caldas-se-une-a-celebracion-de-virgen-de-las-mercedes\/","schema":{"@context":"https:\/\/schema.org","@graph":[{"@type":"Article","@id":"https:\/\/www.ucaldas.edu.co\/portal\/consultorio-juridico-u-de-caldas-se-une-a-celebracion-de-virgen-de-las-mercedes\/#article","isPartOf":{"@id":"https:\/\/www.ucaldas.edu.co\/portal\/consultorio-juridico-u-de-caldas-se-une-a-celebracion-de-virgen-de-las-mercedes\/"},"author":{"name":"ofiprensa","@id":"https:\/\/www.ucaldas.edu.co\/portal\/#\/schema\/person\/a1b482e23449158b4bc319926c074fdf"},"headline":"Consultorio Jur\u00eddico U. de Caldas se une a celebraci\u00f3n de Virgen de las Mercedes","datePublished":"2012-09-18T14:04:41+00:00","mainEntityOfPage":{"@id":"https:\/\/www.ucaldas.edu.co\/portal\/consultorio-juridico-u-de-caldas-se-une-a-celebracion-de-virgen-de-las-mercedes\/"},"wordCount":175,"publisher":{"@id":"https:\/\/www.ucaldas.edu.co\/portal\/#organization"},"image":{"@id":"https:\/\/www.ucaldas.edu.co\/portal\/consultorio-juridico-u-de-caldas-se-une-a-celebracion-de-virgen-de-las-mercedes\/#primaryimage"},"thumbnailUrl":"http:\/\/www.ucaldas.edu.co\/images\/tmp\/celebracion_carcel.jpg","articleSection":["Actualidad","Universidad al D\u00eda"],"inLanguage":"es"},{"@type":"WebPage","@id":"https:\/\/www.ucaldas.edu.co\/portal\/consultorio-juridico-u-de-caldas-se-une-a-celebracion-de-virgen-de-las-mercedes\/","url":"https:\/\/www.ucaldas.edu.co\/portal\/consultorio-juridico-u-de-caldas-se-une-a-celebracion-de-virgen-de-las-mercedes\/","name":"Consultorio Jur\u00eddico U. de Caldas se une a celebraci\u00f3n de Virgen de las Mercedes .","isPartOf":{"@id":"https:\/\/www.ucaldas.edu.co\/portal\/#website"},"primaryImageOfPage":{"@id":"https:\/\/www.ucaldas.edu.co\/portal\/consultorio-juridico-u-de-caldas-se-une-a-celebracion-de-virgen-de-las-mercedes\/#primaryimage"},"image":{"@id":"https:\/\/www.ucaldas.edu.co\/portal\/consultorio-juridico-u-de-caldas-se-une-a-celebracion-de-virgen-de-las-mercedes\/#primaryimage"},"thumbnailUrl":"http:\/\/www.ucaldas.edu.co\/images\/tmp\/celebracion_carcel.jpg","datePublished":"2012-09-18T14:04:41+00:00","breadcrumb":{"@id":"https:\/\/www.ucaldas.edu.co\/portal\/consultorio-juridico-u-de-caldas-se-une-a-celebracion-de-virgen-de-las-mercedes\/#breadcrumb"},"inLanguage":"es","potentialAction":[{"@type":"ReadAction","target":["https:\/\/www.ucaldas.edu.co\/portal\/consultorio-juridico-u-de-caldas-se-une-a-celebracion-de-virgen-de-las-mercedes\/"]}]},{"@type":"ImageObject","inLanguage":"es","@id":"https:\/\/www.ucaldas.edu.co\/portal\/consultorio-juridico-u-de-caldas-se-une-a-celebracion-de-virgen-de-las-mercedes\/#primaryimage","url":"http:\/\/www.ucaldas.edu.co\/images\/tmp\/celebracion_carcel.jpg","contentUrl":"http:\/\/www.ucaldas.edu.co\/images\/tmp\/celebracion_carcel.jpg"},{"@type":"BreadcrumbList","@id":"https:\/\/www.ucaldas.edu.co\/portal\/consultorio-juridico-u-de-caldas-se-une-a-celebracion-de-virgen-de-las-mercedes\/#breadcrumb","itemListElement":[{"@type":"ListItem","position":1,"name":"Portada","item":"https:\/\/www.ucaldas.edu.co\/portal\/"},{"@type":"ListItem","position":2,"name":"Consultorio Jur\u00eddico U. de Caldas se une a celebraci\u00f3n de Virgen de las Mercedes"}]},{"@type":"WebSite","@id":"https:\/\/www.ucaldas.edu.co\/portal\/#website","url":"https:\/\/www.ucaldas.edu.co\/portal\/","name":"Universidad de Caldas","description":"","publisher":{"@id":"https:\/\/www.ucaldas.edu.co\/portal\/#organization"},"alternateName":"U. de Caldas","potentialAction":[{"@type":"SearchAction","target":{"@type":"EntryPoint","urlTemplate":"https:\/\/www.ucaldas.edu.co\/portal\/?s={search_term_string}"},"query-input":{"@type":"PropertyValueSpecification","valueRequired":true,"valueName":"search_term_string"}}],"inLanguage":"es"},{"@type":"Organization","@id":"https:\/\/www.ucaldas.edu.co\/portal\/#organization","name":"Universidad de Caldas","alternateName":"U. de Caldas","url":"https:\/\/www.ucaldas.edu.co\/portal\/","logo":{"@type":"ImageObject","inLanguage":"es","@id":"https:\/\/www.ucaldas.edu.co\/portal\/#\/schema\/logo\/image\/","url":"https:\/\/www.ucaldas.edu.co\/portal\/wp-content\/uploads\/2023\/11\/Logo_horizontal_oscuroU-2023.png","contentUrl":"https:\/\/www.ucaldas.edu.co\/portal\/wp-content\/uploads\/2023\/11\/Logo_horizontal_oscuroU-2023.png","width":263,"height":101,"caption":"Universidad de Caldas"},"image":{"@id":"https:\/\/www.ucaldas.edu.co\/portal\/#\/schema\/logo\/image\/"},"sameAs":["https:\/\/www.facebook.com\/udecaldas","https:\/\/x.com\/udecaldas","https:\/\/www.youtube.com\/universidadcaldas","https:\/\/www.instagram.com\/udecaldas\/"]},{"@type":"Person","@id":"https:\/\/www.ucaldas.edu.co\/portal\/#\/schema\/person\/a1b482e23449158b4bc319926c074fdf","name":"ofiprensa","image":{"@type":"ImageObject","inLanguage":"es","@id":"https:\/\/www.ucaldas.edu.co\/portal\/wp-content\/litespeed\/avatar\/09ea5085e600095a7a811142c6944527.jpg?ver=1777497608","url":"https:\/\/www.ucaldas.edu.co\/portal\/wp-content\/litespeed\/avatar\/09ea5085e600095a7a811142c6944527.jpg?ver=1777497608","contentUrl":"https:\/\/www.ucaldas.edu.co\/portal\/wp-content\/litespeed\/avatar\/09ea5085e600095a7a811142c6944527.jpg?ver=1777497608","caption":"ofiprensa"},"url":"https:\/\/www.ucaldas.edu.co\/portal\/author\/ofiprensa\/"}]}},"_links":{"self":[{"href":"https:\/\/www.ucaldas.edu.co\/portal\/wp-json\/wp\/v2\/posts\/11629","targetHints":{"allow":["GET"]}}],"collection":[{"href":"https:\/\/www.ucaldas.edu.co\/portal\/wp-json\/wp\/v2\/posts"}],"about":[{"href":"https:\/\/www.ucaldas.edu.co\/portal\/wp-json\/wp\/v2\/types\/post"}],"author":[{"embeddable":true,"href":"https:\/\/www.ucaldas.edu.co\/portal\/wp-json\/wp\/v2\/users\/2"}],"replies":[{"embeddable":true,"href":"https:\/\/www.ucaldas.edu.co\/portal\/wp-json\/wp\/v2\/comments?post=11629"}],"version-history":[{"count":0,"href":"https:\/\/www.ucaldas.edu.co\/portal\/wp-json\/wp\/v2\/posts\/11629\/revisions"}],"wp:attachment":[{"href":"https:\/\/www.ucaldas.edu.co\/portal\/wp-json\/wp\/v2\/media?parent=11629"}],"wp:term":[{"taxonomy":"category","embeddable":true,"href":"https:\/\/www.ucaldas.edu.co\/portal\/wp-json\/wp\/v2\/categories?post=11629"},{"taxonomy":"post_tag","embeddable":true,"href":"https:\/\/www.ucaldas.edu.co\/portal\/wp-json\/wp\/v2\/tags?post=11629"}],"curies":[{"name":"wp","href":"https:\/\/api.w.org\/{rel}","templated":true}]}}