{"id":11621,"date":"2012-09-17T09:01:17","date_gmt":"2012-09-17T14:01:17","guid":{"rendered":"https:\/\/www.ucaldas.edu.co\/portal\/?p=11621"},"modified":"2012-09-17T09:01:17","modified_gmt":"2012-09-17T14:01:17","slug":"u-de-caldas-lanzara-centro-de-innovacion-e-investigacion-en-jornadas-de-ingenieria","status":"publish","type":"post","link":"https:\/\/www.ucaldas.edu.co\/portal\/u-de-caldas-lanzara-centro-de-innovacion-e-investigacion-en-jornadas-de-ingenieria\/","title":{"rendered":"U. de Caldas lanzar\u00e1 centro de innovaci\u00f3n e investigaci\u00f3n, en Jornadas de Ingenier\u00eda"},"content":{"rendered":"<p align=\"center\">Comenz\u00f3 en la Instituci\u00f3n versi\u00f3n 13 de evento acad\u00e9mico<\/p>\n<p>&nbsp;<\/p>\n<p align=\"right\">17\/09\/2012<\/p>\n<hr \/>\n<p align=\"right\">Redacci\u00f3n: Margarita Laverde Galvis<\/p>\n<p>&nbsp;<\/p>\n<table border=\"0\">\n<tbody>\n<tr>\n<td>&nbsp;<\/p>\n<p><img loading=\"lazy\" decoding=\"async\" style=\"border: 0px\" title=\"Jornada de Ingenier\u00eda\" alt=\"Jornada de Ingenier\u00eda\" src=\"http:\/\/www.ucaldas.edu.co\/images\/tmp\/jornada_ingenieria_2012_invitado.jpg\" width=\"240\" height=\"150\" border=\"0\" \/><\/p>\n<h4>Foto: Guillermo Sarmiento Estrada\/ Prensa U. de Caldas.<\/h4>\n<\/td>\n<td>Las <b>XIII Jornadas\u00a0 de Ingenier\u00eda comenzaron<\/b> este <b>lunes 17<\/b> de <b>septiembre<\/b> del 2012, <b>en la Universidad de Caldas<\/b>. El evento <b>ser\u00e1 hasta<\/b> el <b>viernes 21<\/b> de <b>septiembre<\/b> y lo <b>organiza<\/b> la <b>Facultad de Ingenier\u00eda<\/b> de la Instituci\u00f3n.<\/td>\n<\/tr>\n<\/tbody>\n<\/table>\n<p>&nbsp;<\/p>\n<p>&nbsp;<\/p>\n<p><b>Este a\u00f1o se realizar\u00e1 <\/b>el <b>lanzamiento <\/b>del <b>Centro de Innovaci\u00f3n, Investigaci\u00f3n, Desarrollo y Transferencia de Tecnolog\u00eda<\/b> de la Facultad, este <b>jueves 20 de septiembre<\/b> del 2012, <b>a las 11:00 a.m.<\/b> en el <b>Teatro 8\u00a0 de Junio<\/b>, en el Campus Central de la Instituci\u00f3n.<\/p>\n<p>&nbsp;<\/p>\n<p><b>Entre las actividades<\/b> del encuentro est\u00e1 la <b>marat\u00f3n de programaci\u00f3n<\/b>, <b>pruebas de conocimiento<\/b>, <b>conferencias<\/b>, <b>feria del empleo<\/b>, <b>actividades deportivas<\/b>, entre otras. Entre los <b>invitados especiales<\/b> del evento se encuentran <b>expertos en ingenier\u00eda de sistemas<\/b>, <b>as\u00ed como de alimentos<\/b>.<br \/>\n\u00d3scar Hern\u00e1n Franco Bedoya, <b>profesor del Departamento de Sistemas e Inform\u00e1tica de la U. de Caldas, <\/b>expres\u00f3: \u201cestas jornadas se han realizado tradicionalmente cada a\u00f1o en la Facultad de Ingenier\u00eda de la Instituci\u00f3n, aunque el a\u00f1o pasado no se pudieron realizar. Esperamos la asistencia de unas 400 o 500 personas\u201d.<\/p>\n<p>&nbsp;<\/p>\n<p><a href=\"http:\/\/www.facebook.com\/media\/set\/?set=a.411481385580399.96735.107054166023124&amp;type=3\" target=\"_blank\">Conozca im\u00e1genes de las Jornadas de Ingenier\u00eda U. de Caldas<\/a><\/p>\n<p>&nbsp;<\/p>\n<p><a href=\"http:\/\/desarrollo.ucaldas.edu.co\/archivo\/index.php?option=com_content&amp;view=article&amp;catid=419%3Auniversidad-al-dia&amp;id=7729%3A-jornadas-ingenieria&amp;Itemid=1039\" target=\"_blank\">Conozca aqu\u00ed m\u00e1s detalles del evento<\/a><br \/>\n<b>Informes:<\/b> con F\u00e9lix Octavio D\u00edaz Arango, en el celular: 310 471 98 47 o en el correo electr\u00f3nico <a href=\"mailto:felix.diaz@ucaldas.edu.co\" target=\"_blank\">felix.diaz@ucaldas.edu.co<\/a><\/p>\n<p>&nbsp;<\/p>\n","protected":false},"excerpt":{"rendered":"<p>Comenz\u00f3 en la Instituci\u00f3n versi\u00f3n 13 de evento acad\u00e9mico &nbsp; 17\/09\/2012 Redacci\u00f3n: Margarita Laverde Galvis &nbsp; &nbsp; Foto: Guillermo Sarmiento Estrada\/ Prensa U. de Caldas. Las XIII Jornadas\u00a0 de Ingenier\u00eda comenzaron este lunes 17 de septiembre del 2012, en la Universidad de Caldas. El evento ser\u00e1 hasta el viernes 21 de septiembre y lo organiza [&hellip;]<\/p>\n","protected":false},"author":2,"featured_media":0,"comment_status":"closed","ping_status":"closed","sticky":false,"template":"","format":"standard","meta":{"footnotes":""},"categories":[48,53],"tags":[],"class_list":["post-11621","post","type-post","status-publish","format-standard","hentry","category-actualidad","category-universidad-al-dia"],"yoast_head":"<!-- This site is optimized with the Yoast SEO plugin v27.5 - https:\/\/yoast.com\/product\/yoast-seo-wordpress\/ -->\n<title>U. de Caldas lanzar\u00e1 centro de innovaci\u00f3n e investigaci\u00f3n, en Jornadas de Ingenier\u00eda .<\/title>\n<meta name=\"robots\" content=\"index, follow, max-snippet:-1, max-image-preview:large, max-video-preview:-1\" \/>\n<link rel=\"canonical\" href=\"https:\/\/www.ucaldas.edu.co\/portal\/u-de-caldas-lanzara-centro-de-innovacion-e-investigacion-en-jornadas-de-ingenieria\/\" \/>\n<script type=\"application\/ld+json\" class=\"yoast-schema-graph\">{\"@context\":\"https:\\\/\\\/schema.org\",\"@graph\":[{\"@type\":\"Article\",\"@id\":\"https:\\\/\\\/www.ucaldas.edu.co\\\/portal\\\/u-de-caldas-lanzara-centro-de-innovacion-e-investigacion-en-jornadas-de-ingenieria\\\/#article\",\"isPartOf\":{\"@id\":\"https:\\\/\\\/www.ucaldas.edu.co\\\/portal\\\/u-de-caldas-lanzara-centro-de-innovacion-e-investigacion-en-jornadas-de-ingenieria\\\/\"},\"author\":{\"name\":\"ofiprensa\",\"@id\":\"https:\\\/\\\/www.ucaldas.edu.co\\\/portal\\\/#\\\/schema\\\/person\\\/a1b482e23449158b4bc319926c074fdf\"},\"headline\":\"U. de Caldas lanzar\u00e1 centro de innovaci\u00f3n e investigaci\u00f3n, en Jornadas de Ingenier\u00eda\",\"datePublished\":\"2012-09-17T14:01:17+00:00\",\"mainEntityOfPage\":{\"@id\":\"https:\\\/\\\/www.ucaldas.edu.co\\\/portal\\\/u-de-caldas-lanzara-centro-de-innovacion-e-investigacion-en-jornadas-de-ingenieria\\\/\"},\"wordCount\":267,\"publisher\":{\"@id\":\"https:\\\/\\\/www.ucaldas.edu.co\\\/portal\\\/#organization\"},\"image\":{\"@id\":\"https:\\\/\\\/www.ucaldas.edu.co\\\/portal\\\/u-de-caldas-lanzara-centro-de-innovacion-e-investigacion-en-jornadas-de-ingenieria\\\/#primaryimage\"},\"thumbnailUrl\":\"http:\\\/\\\/www.ucaldas.edu.co\\\/images\\\/tmp\\\/jornada_ingenieria_2012_invitado.jpg\",\"articleSection\":[\"Actualidad\",\"Universidad al D\u00eda\"],\"inLanguage\":\"es\"},{\"@type\":\"WebPage\",\"@id\":\"https:\\\/\\\/www.ucaldas.edu.co\\\/portal\\\/u-de-caldas-lanzara-centro-de-innovacion-e-investigacion-en-jornadas-de-ingenieria\\\/\",\"url\":\"https:\\\/\\\/www.ucaldas.edu.co\\\/portal\\\/u-de-caldas-lanzara-centro-de-innovacion-e-investigacion-en-jornadas-de-ingenieria\\\/\",\"name\":\"U. de Caldas lanzar\u00e1 centro de innovaci\u00f3n e investigaci\u00f3n, en Jornadas de Ingenier\u00eda .\",\"isPartOf\":{\"@id\":\"https:\\\/\\\/www.ucaldas.edu.co\\\/portal\\\/#website\"},\"primaryImageOfPage\":{\"@id\":\"https:\\\/\\\/www.ucaldas.edu.co\\\/portal\\\/u-de-caldas-lanzara-centro-de-innovacion-e-investigacion-en-jornadas-de-ingenieria\\\/#primaryimage\"},\"image\":{\"@id\":\"https:\\\/\\\/www.ucaldas.edu.co\\\/portal\\\/u-de-caldas-lanzara-centro-de-innovacion-e-investigacion-en-jornadas-de-ingenieria\\\/#primaryimage\"},\"thumbnailUrl\":\"http:\\\/\\\/www.ucaldas.edu.co\\\/images\\\/tmp\\\/jornada_ingenieria_2012_invitado.jpg\",\"datePublished\":\"2012-09-17T14:01:17+00:00\",\"breadcrumb\":{\"@id\":\"https:\\\/\\\/www.ucaldas.edu.co\\\/portal\\\/u-de-caldas-lanzara-centro-de-innovacion-e-investigacion-en-jornadas-de-ingenieria\\\/#breadcrumb\"},\"inLanguage\":\"es\",\"potentialAction\":[{\"@type\":\"ReadAction\",\"target\":[\"https:\\\/\\\/www.ucaldas.edu.co\\\/portal\\\/u-de-caldas-lanzara-centro-de-innovacion-e-investigacion-en-jornadas-de-ingenieria\\\/\"]}]},{\"@type\":\"ImageObject\",\"inLanguage\":\"es\",\"@id\":\"https:\\\/\\\/www.ucaldas.edu.co\\\/portal\\\/u-de-caldas-lanzara-centro-de-innovacion-e-investigacion-en-jornadas-de-ingenieria\\\/#primaryimage\",\"url\":\"http:\\\/\\\/www.ucaldas.edu.co\\\/images\\\/tmp\\\/jornada_ingenieria_2012_invitado.jpg\",\"contentUrl\":\"http:\\\/\\\/www.ucaldas.edu.co\\\/images\\\/tmp\\\/jornada_ingenieria_2012_invitado.jpg\"},{\"@type\":\"BreadcrumbList\",\"@id\":\"https:\\\/\\\/www.ucaldas.edu.co\\\/portal\\\/u-de-caldas-lanzara-centro-de-innovacion-e-investigacion-en-jornadas-de-ingenieria\\\/#breadcrumb\",\"itemListElement\":[{\"@type\":\"ListItem\",\"position\":1,\"name\":\"Portada\",\"item\":\"https:\\\/\\\/www.ucaldas.edu.co\\\/portal\\\/\"},{\"@type\":\"ListItem\",\"position\":2,\"name\":\"U. de Caldas lanzar\u00e1 centro de innovaci\u00f3n e investigaci\u00f3n, en Jornadas de Ingenier\u00eda\"}]},{\"@type\":\"WebSite\",\"@id\":\"https:\\\/\\\/www.ucaldas.edu.co\\\/portal\\\/#website\",\"url\":\"https:\\\/\\\/www.ucaldas.edu.co\\\/portal\\\/\",\"name\":\"Universidad de Caldas\",\"description\":\"\",\"publisher\":{\"@id\":\"https:\\\/\\\/www.ucaldas.edu.co\\\/portal\\\/#organization\"},\"alternateName\":\"U. de Caldas\",\"potentialAction\":[{\"@type\":\"SearchAction\",\"target\":{\"@type\":\"EntryPoint\",\"urlTemplate\":\"https:\\\/\\\/www.ucaldas.edu.co\\\/portal\\\/?s={search_term_string}\"},\"query-input\":{\"@type\":\"PropertyValueSpecification\",\"valueRequired\":true,\"valueName\":\"search_term_string\"}}],\"inLanguage\":\"es\"},{\"@type\":\"Organization\",\"@id\":\"https:\\\/\\\/www.ucaldas.edu.co\\\/portal\\\/#organization\",\"name\":\"Universidad de Caldas\",\"alternateName\":\"U. de Caldas\",\"url\":\"https:\\\/\\\/www.ucaldas.edu.co\\\/portal\\\/\",\"logo\":{\"@type\":\"ImageObject\",\"inLanguage\":\"es\",\"@id\":\"https:\\\/\\\/www.ucaldas.edu.co\\\/portal\\\/#\\\/schema\\\/logo\\\/image\\\/\",\"url\":\"https:\\\/\\\/www.ucaldas.edu.co\\\/portal\\\/wp-content\\\/uploads\\\/2023\\\/11\\\/Logo_horizontal_oscuroU-2023.png\",\"contentUrl\":\"https:\\\/\\\/www.ucaldas.edu.co\\\/portal\\\/wp-content\\\/uploads\\\/2023\\\/11\\\/Logo_horizontal_oscuroU-2023.png\",\"width\":263,\"height\":101,\"caption\":\"Universidad de Caldas\"},\"image\":{\"@id\":\"https:\\\/\\\/www.ucaldas.edu.co\\\/portal\\\/#\\\/schema\\\/logo\\\/image\\\/\"},\"sameAs\":[\"https:\\\/\\\/www.facebook.com\\\/udecaldas\",\"https:\\\/\\\/x.com\\\/udecaldas\",\"https:\\\/\\\/www.youtube.com\\\/universidadcaldas\",\"https:\\\/\\\/www.instagram.com\\\/udecaldas\\\/\"]},{\"@type\":\"Person\",\"@id\":\"https:\\\/\\\/www.ucaldas.edu.co\\\/portal\\\/#\\\/schema\\\/person\\\/a1b482e23449158b4bc319926c074fdf\",\"name\":\"ofiprensa\",\"image\":{\"@type\":\"ImageObject\",\"inLanguage\":\"es\",\"@id\":\"https:\\\/\\\/www.ucaldas.edu.co\\\/portal\\\/wp-content\\\/litespeed\\\/avatar\\\/09ea5085e600095a7a811142c6944527.jpg?ver=1777497608\",\"url\":\"https:\\\/\\\/www.ucaldas.edu.co\\\/portal\\\/wp-content\\\/litespeed\\\/avatar\\\/09ea5085e600095a7a811142c6944527.jpg?ver=1777497608\",\"contentUrl\":\"https:\\\/\\\/www.ucaldas.edu.co\\\/portal\\\/wp-content\\\/litespeed\\\/avatar\\\/09ea5085e600095a7a811142c6944527.jpg?ver=1777497608\",\"caption\":\"ofiprensa\"},\"url\":\"https:\\\/\\\/www.ucaldas.edu.co\\\/portal\\\/author\\\/ofiprensa\\\/\"}]}<\/script>\n<!-- \/ Yoast SEO plugin. -->","yoast_head_json":{"title":"U. de Caldas lanzar\u00e1 centro de innovaci\u00f3n e investigaci\u00f3n, en Jornadas de Ingenier\u00eda .","robots":{"index":"index","follow":"follow","max-snippet":"max-snippet:-1","max-image-preview":"max-image-preview:large","max-video-preview":"max-video-preview:-1"},"canonical":"https:\/\/www.ucaldas.edu.co\/portal\/u-de-caldas-lanzara-centro-de-innovacion-e-investigacion-en-jornadas-de-ingenieria\/","schema":{"@context":"https:\/\/schema.org","@graph":[{"@type":"Article","@id":"https:\/\/www.ucaldas.edu.co\/portal\/u-de-caldas-lanzara-centro-de-innovacion-e-investigacion-en-jornadas-de-ingenieria\/#article","isPartOf":{"@id":"https:\/\/www.ucaldas.edu.co\/portal\/u-de-caldas-lanzara-centro-de-innovacion-e-investigacion-en-jornadas-de-ingenieria\/"},"author":{"name":"ofiprensa","@id":"https:\/\/www.ucaldas.edu.co\/portal\/#\/schema\/person\/a1b482e23449158b4bc319926c074fdf"},"headline":"U. de Caldas lanzar\u00e1 centro de innovaci\u00f3n e investigaci\u00f3n, en Jornadas de Ingenier\u00eda","datePublished":"2012-09-17T14:01:17+00:00","mainEntityOfPage":{"@id":"https:\/\/www.ucaldas.edu.co\/portal\/u-de-caldas-lanzara-centro-de-innovacion-e-investigacion-en-jornadas-de-ingenieria\/"},"wordCount":267,"publisher":{"@id":"https:\/\/www.ucaldas.edu.co\/portal\/#organization"},"image":{"@id":"https:\/\/www.ucaldas.edu.co\/portal\/u-de-caldas-lanzara-centro-de-innovacion-e-investigacion-en-jornadas-de-ingenieria\/#primaryimage"},"thumbnailUrl":"http:\/\/www.ucaldas.edu.co\/images\/tmp\/jornada_ingenieria_2012_invitado.jpg","articleSection":["Actualidad","Universidad al D\u00eda"],"inLanguage":"es"},{"@type":"WebPage","@id":"https:\/\/www.ucaldas.edu.co\/portal\/u-de-caldas-lanzara-centro-de-innovacion-e-investigacion-en-jornadas-de-ingenieria\/","url":"https:\/\/www.ucaldas.edu.co\/portal\/u-de-caldas-lanzara-centro-de-innovacion-e-investigacion-en-jornadas-de-ingenieria\/","name":"U. de Caldas lanzar\u00e1 centro de innovaci\u00f3n e investigaci\u00f3n, en Jornadas de Ingenier\u00eda .","isPartOf":{"@id":"https:\/\/www.ucaldas.edu.co\/portal\/#website"},"primaryImageOfPage":{"@id":"https:\/\/www.ucaldas.edu.co\/portal\/u-de-caldas-lanzara-centro-de-innovacion-e-investigacion-en-jornadas-de-ingenieria\/#primaryimage"},"image":{"@id":"https:\/\/www.ucaldas.edu.co\/portal\/u-de-caldas-lanzara-centro-de-innovacion-e-investigacion-en-jornadas-de-ingenieria\/#primaryimage"},"thumbnailUrl":"http:\/\/www.ucaldas.edu.co\/images\/tmp\/jornada_ingenieria_2012_invitado.jpg","datePublished":"2012-09-17T14:01:17+00:00","breadcrumb":{"@id":"https:\/\/www.ucaldas.edu.co\/portal\/u-de-caldas-lanzara-centro-de-innovacion-e-investigacion-en-jornadas-de-ingenieria\/#breadcrumb"},"inLanguage":"es","potentialAction":[{"@type":"ReadAction","target":["https:\/\/www.ucaldas.edu.co\/portal\/u-de-caldas-lanzara-centro-de-innovacion-e-investigacion-en-jornadas-de-ingenieria\/"]}]},{"@type":"ImageObject","inLanguage":"es","@id":"https:\/\/www.ucaldas.edu.co\/portal\/u-de-caldas-lanzara-centro-de-innovacion-e-investigacion-en-jornadas-de-ingenieria\/#primaryimage","url":"http:\/\/www.ucaldas.edu.co\/images\/tmp\/jornada_ingenieria_2012_invitado.jpg","contentUrl":"http:\/\/www.ucaldas.edu.co\/images\/tmp\/jornada_ingenieria_2012_invitado.jpg"},{"@type":"BreadcrumbList","@id":"https:\/\/www.ucaldas.edu.co\/portal\/u-de-caldas-lanzara-centro-de-innovacion-e-investigacion-en-jornadas-de-ingenieria\/#breadcrumb","itemListElement":[{"@type":"ListItem","position":1,"name":"Portada","item":"https:\/\/www.ucaldas.edu.co\/portal\/"},{"@type":"ListItem","position":2,"name":"U. de Caldas lanzar\u00e1 centro de innovaci\u00f3n e investigaci\u00f3n, en Jornadas de Ingenier\u00eda"}]},{"@type":"WebSite","@id":"https:\/\/www.ucaldas.edu.co\/portal\/#website","url":"https:\/\/www.ucaldas.edu.co\/portal\/","name":"Universidad de Caldas","description":"","publisher":{"@id":"https:\/\/www.ucaldas.edu.co\/portal\/#organization"},"alternateName":"U. de Caldas","potentialAction":[{"@type":"SearchAction","target":{"@type":"EntryPoint","urlTemplate":"https:\/\/www.ucaldas.edu.co\/portal\/?s={search_term_string}"},"query-input":{"@type":"PropertyValueSpecification","valueRequired":true,"valueName":"search_term_string"}}],"inLanguage":"es"},{"@type":"Organization","@id":"https:\/\/www.ucaldas.edu.co\/portal\/#organization","name":"Universidad de Caldas","alternateName":"U. de Caldas","url":"https:\/\/www.ucaldas.edu.co\/portal\/","logo":{"@type":"ImageObject","inLanguage":"es","@id":"https:\/\/www.ucaldas.edu.co\/portal\/#\/schema\/logo\/image\/","url":"https:\/\/www.ucaldas.edu.co\/portal\/wp-content\/uploads\/2023\/11\/Logo_horizontal_oscuroU-2023.png","contentUrl":"https:\/\/www.ucaldas.edu.co\/portal\/wp-content\/uploads\/2023\/11\/Logo_horizontal_oscuroU-2023.png","width":263,"height":101,"caption":"Universidad de Caldas"},"image":{"@id":"https:\/\/www.ucaldas.edu.co\/portal\/#\/schema\/logo\/image\/"},"sameAs":["https:\/\/www.facebook.com\/udecaldas","https:\/\/x.com\/udecaldas","https:\/\/www.youtube.com\/universidadcaldas","https:\/\/www.instagram.com\/udecaldas\/"]},{"@type":"Person","@id":"https:\/\/www.ucaldas.edu.co\/portal\/#\/schema\/person\/a1b482e23449158b4bc319926c074fdf","name":"ofiprensa","image":{"@type":"ImageObject","inLanguage":"es","@id":"https:\/\/www.ucaldas.edu.co\/portal\/wp-content\/litespeed\/avatar\/09ea5085e600095a7a811142c6944527.jpg?ver=1777497608","url":"https:\/\/www.ucaldas.edu.co\/portal\/wp-content\/litespeed\/avatar\/09ea5085e600095a7a811142c6944527.jpg?ver=1777497608","contentUrl":"https:\/\/www.ucaldas.edu.co\/portal\/wp-content\/litespeed\/avatar\/09ea5085e600095a7a811142c6944527.jpg?ver=1777497608","caption":"ofiprensa"},"url":"https:\/\/www.ucaldas.edu.co\/portal\/author\/ofiprensa\/"}]}},"_links":{"self":[{"href":"https:\/\/www.ucaldas.edu.co\/portal\/wp-json\/wp\/v2\/posts\/11621","targetHints":{"allow":["GET"]}}],"collection":[{"href":"https:\/\/www.ucaldas.edu.co\/portal\/wp-json\/wp\/v2\/posts"}],"about":[{"href":"https:\/\/www.ucaldas.edu.co\/portal\/wp-json\/wp\/v2\/types\/post"}],"author":[{"embeddable":true,"href":"https:\/\/www.ucaldas.edu.co\/portal\/wp-json\/wp\/v2\/users\/2"}],"replies":[{"embeddable":true,"href":"https:\/\/www.ucaldas.edu.co\/portal\/wp-json\/wp\/v2\/comments?post=11621"}],"version-history":[{"count":0,"href":"https:\/\/www.ucaldas.edu.co\/portal\/wp-json\/wp\/v2\/posts\/11621\/revisions"}],"wp:attachment":[{"href":"https:\/\/www.ucaldas.edu.co\/portal\/wp-json\/wp\/v2\/media?parent=11621"}],"wp:term":[{"taxonomy":"category","embeddable":true,"href":"https:\/\/www.ucaldas.edu.co\/portal\/wp-json\/wp\/v2\/categories?post=11621"},{"taxonomy":"post_tag","embeddable":true,"href":"https:\/\/www.ucaldas.edu.co\/portal\/wp-json\/wp\/v2\/tags?post=11621"}],"curies":[{"name":"wp","href":"https:\/\/api.w.org\/{rel}","templated":true}]}}