{"id":11587,"date":"2012-09-12T08:45:26","date_gmt":"2012-09-12T13:45:26","guid":{"rendered":"https:\/\/www.ucaldas.edu.co\/portal\/?p=11587"},"modified":"2012-09-12T08:45:26","modified_gmt":"2012-09-12T13:45:26","slug":"estudiantes-de-medicina-u-de-caldas-ganaron-premios-en-congreso-de-anatomia-en-argentina","status":"publish","type":"post","link":"https:\/\/www.ucaldas.edu.co\/portal\/estudiantes-de-medicina-u-de-caldas-ganaron-premios-en-congreso-de-anatomia-en-argentina\/","title":{"rendered":"Estudiantes de Medicina U. de Caldas ganaron premios en congreso de anatom\u00eda, en Argentina"},"content":{"rendered":"<p>Con trabajos de investigaci\u00f3n, que se desarrollan en la Instituci\u00f3n<\/p>\n<hr \/>\n<p>&nbsp;<\/p>\n<p align=\"center\"><b><\/p>\n<p><\/b><\/p>\n<p align=\"right\">12\/09\/2012<br \/>\nRedacci\u00f3n: Margarita Laverde Galvis<\/p>\n<p align=\"right\">\n<p><b>\u00a0<\/b><\/p>\n<table border=\"0\">\n<tbody>\n<tr>\n<td><img loading=\"lazy\" decoding=\"async\" style=\"border: 0px\" title=\"Estudiantes de Medicina U. de Caldas ganaron premios en congreso de anatom\u00eda, en Argentina\" alt=\"congreso argentina\" src=\"http:\/\/www.ucaldas.edu.co\/images\/tmp\/congreso_argentina.jpg\" width=\"325\" height=\"160\" border=\"0\" \/><\/td>\n<td><b>Tres estudiantes<\/b>\u00a0del\u00a0<b>Programa de Medicina<\/b>\u00a0de la\u00a0<b>Universidad de Caldas ganaron<\/b>\u00a0<b>premios<\/b>\u00a0<b>con sus ponencias<\/b>\u00a0en el\u00a0<b>XLIX Congreso Argentino de Anatom\u00eda\u00a0<\/b>y<b>\u00a0II Congreso Internacional de Anatom\u00eda<\/b>, que se realiz\u00f3\u00a0<b>en Buenos Aires (Argentina)<\/b>\u00a0entre el 5 y el 8 de septiembre del 2012.<\/td>\n<\/tr>\n<\/tbody>\n<\/table>\n<p><b>\u00a0<\/b><\/p>\n<p>&nbsp;<\/p>\n<p>Jhonny Fernando Garc\u00eda Aguirre,\u00a0<b>estudiante de Internado, obtuvo<\/b>\u00a0el\u00a0<b>primer lugar<\/b>\u00a0con su ponencia titulada\u00a0<i>Giros y surcos de la cara lateral del lobo occipital: descripci\u00f3n anat\u00f3mica y propuesta terminol\u00f3gica,<\/i>\u00a0un trabajo de investigaci\u00f3n que desarrollan actualmente dos profesores y varios estudiantes del Semillero Neurociencias de Caldas de la Instituci\u00f3n.<\/p>\n<p>&nbsp;<\/p>\n<p>Por otra parte, Luisa Fernanda Casta\u00f1o Herrera y Diego Alejandro G\u00f3mez Castrill\u00f3n,\u00a0<b>estudiantes de quinto semestre<\/b>\u00a0del\u00a0<b>Programa de Medicina<\/b>\u00a0de la Instituci\u00f3n,\u00a0<b>compartieron el tercer puesto<\/b>\u00a0con sus ponencias tituladas\u00a0<i>Variantes anat\u00f3micas del platisma<\/i>\u00a0y\u00a0<i>Variantes anat\u00f3micas del palmar longo en la poblaci\u00f3n caldense<\/i>, trabajos de investigaci\u00f3n que tambi\u00e9n desarrollan con profesores y estudiantes del Semillero de Anatom\u00eda de la Universidad.<\/p>\n<p>&nbsp;<\/p>\n<p>Los dos semilleros son liderados por el profesor Jorge Eduardo Duque Parra, del Departamento de Ciencias B\u00e1sicas para la Salud de la U. de Caldas. Los galardones obtenidos son el resultado del trabajo serio y continuo que se desarrolla en estos dos semilleros, que cuentan adem\u00e1s con varias publicaciones internacionales.<\/p>\n<p>&nbsp;<\/p>\n<p><b>Informes:\u00a0<\/b>Oficina de Prensa, tel\u00e9fono 878 15 00, extensi\u00f3n 12 167.<\/p>\n","protected":false},"excerpt":{"rendered":"<p>Con trabajos de investigaci\u00f3n, que se desarrollan en la Instituci\u00f3n &nbsp; 12\/09\/2012 Redacci\u00f3n: Margarita Laverde Galvis \u00a0 Tres estudiantes\u00a0del\u00a0Programa de Medicina\u00a0de la\u00a0Universidad de Caldas ganaron\u00a0premios\u00a0con sus ponencias\u00a0en el\u00a0XLIX Congreso Argentino de Anatom\u00eda\u00a0y\u00a0II Congreso Internacional de Anatom\u00eda, que se realiz\u00f3\u00a0en Buenos Aires (Argentina)\u00a0entre el 5 y el 8 de septiembre del 2012. \u00a0 &nbsp; Jhonny Fernando [&hellip;]<\/p>\n","protected":false},"author":2,"featured_media":0,"comment_status":"closed","ping_status":"closed","sticky":false,"template":"","format":"standard","meta":{"footnotes":""},"categories":[48,53],"tags":[],"class_list":["post-11587","post","type-post","status-publish","format-standard","hentry","category-actualidad","category-universidad-al-dia"],"yoast_head":"<!-- This site is optimized with the Yoast SEO plugin v27.5 - https:\/\/yoast.com\/product\/yoast-seo-wordpress\/ -->\n<title>Estudiantes de Medicina U. de Caldas ganaron premios en congreso de anatom\u00eda, en Argentina .<\/title>\n<meta name=\"robots\" content=\"index, follow, max-snippet:-1, max-image-preview:large, max-video-preview:-1\" \/>\n<link rel=\"canonical\" href=\"https:\/\/www.ucaldas.edu.co\/portal\/estudiantes-de-medicina-u-de-caldas-ganaron-premios-en-congreso-de-anatomia-en-argentina\/\" \/>\n<script type=\"application\/ld+json\" class=\"yoast-schema-graph\">{\"@context\":\"https:\\\/\\\/schema.org\",\"@graph\":[{\"@type\":\"Article\",\"@id\":\"https:\\\/\\\/www.ucaldas.edu.co\\\/portal\\\/estudiantes-de-medicina-u-de-caldas-ganaron-premios-en-congreso-de-anatomia-en-argentina\\\/#article\",\"isPartOf\":{\"@id\":\"https:\\\/\\\/www.ucaldas.edu.co\\\/portal\\\/estudiantes-de-medicina-u-de-caldas-ganaron-premios-en-congreso-de-anatomia-en-argentina\\\/\"},\"author\":{\"name\":\"ofiprensa\",\"@id\":\"https:\\\/\\\/www.ucaldas.edu.co\\\/portal\\\/#\\\/schema\\\/person\\\/a1b482e23449158b4bc319926c074fdf\"},\"headline\":\"Estudiantes de Medicina U. de Caldas ganaron premios en congreso de anatom\u00eda, en Argentina\",\"datePublished\":\"2012-09-12T13:45:26+00:00\",\"mainEntityOfPage\":{\"@id\":\"https:\\\/\\\/www.ucaldas.edu.co\\\/portal\\\/estudiantes-de-medicina-u-de-caldas-ganaron-premios-en-congreso-de-anatomia-en-argentina\\\/\"},\"wordCount\":270,\"publisher\":{\"@id\":\"https:\\\/\\\/www.ucaldas.edu.co\\\/portal\\\/#organization\"},\"image\":{\"@id\":\"https:\\\/\\\/www.ucaldas.edu.co\\\/portal\\\/estudiantes-de-medicina-u-de-caldas-ganaron-premios-en-congreso-de-anatomia-en-argentina\\\/#primaryimage\"},\"thumbnailUrl\":\"http:\\\/\\\/www.ucaldas.edu.co\\\/images\\\/tmp\\\/congreso_argentina.jpg\",\"articleSection\":[\"Actualidad\",\"Universidad al D\u00eda\"],\"inLanguage\":\"es\"},{\"@type\":\"WebPage\",\"@id\":\"https:\\\/\\\/www.ucaldas.edu.co\\\/portal\\\/estudiantes-de-medicina-u-de-caldas-ganaron-premios-en-congreso-de-anatomia-en-argentina\\\/\",\"url\":\"https:\\\/\\\/www.ucaldas.edu.co\\\/portal\\\/estudiantes-de-medicina-u-de-caldas-ganaron-premios-en-congreso-de-anatomia-en-argentina\\\/\",\"name\":\"Estudiantes de Medicina U. de Caldas ganaron premios en congreso de anatom\u00eda, en Argentina .\",\"isPartOf\":{\"@id\":\"https:\\\/\\\/www.ucaldas.edu.co\\\/portal\\\/#website\"},\"primaryImageOfPage\":{\"@id\":\"https:\\\/\\\/www.ucaldas.edu.co\\\/portal\\\/estudiantes-de-medicina-u-de-caldas-ganaron-premios-en-congreso-de-anatomia-en-argentina\\\/#primaryimage\"},\"image\":{\"@id\":\"https:\\\/\\\/www.ucaldas.edu.co\\\/portal\\\/estudiantes-de-medicina-u-de-caldas-ganaron-premios-en-congreso-de-anatomia-en-argentina\\\/#primaryimage\"},\"thumbnailUrl\":\"http:\\\/\\\/www.ucaldas.edu.co\\\/images\\\/tmp\\\/congreso_argentina.jpg\",\"datePublished\":\"2012-09-12T13:45:26+00:00\",\"breadcrumb\":{\"@id\":\"https:\\\/\\\/www.ucaldas.edu.co\\\/portal\\\/estudiantes-de-medicina-u-de-caldas-ganaron-premios-en-congreso-de-anatomia-en-argentina\\\/#breadcrumb\"},\"inLanguage\":\"es\",\"potentialAction\":[{\"@type\":\"ReadAction\",\"target\":[\"https:\\\/\\\/www.ucaldas.edu.co\\\/portal\\\/estudiantes-de-medicina-u-de-caldas-ganaron-premios-en-congreso-de-anatomia-en-argentina\\\/\"]}]},{\"@type\":\"ImageObject\",\"inLanguage\":\"es\",\"@id\":\"https:\\\/\\\/www.ucaldas.edu.co\\\/portal\\\/estudiantes-de-medicina-u-de-caldas-ganaron-premios-en-congreso-de-anatomia-en-argentina\\\/#primaryimage\",\"url\":\"http:\\\/\\\/www.ucaldas.edu.co\\\/images\\\/tmp\\\/congreso_argentina.jpg\",\"contentUrl\":\"http:\\\/\\\/www.ucaldas.edu.co\\\/images\\\/tmp\\\/congreso_argentina.jpg\"},{\"@type\":\"BreadcrumbList\",\"@id\":\"https:\\\/\\\/www.ucaldas.edu.co\\\/portal\\\/estudiantes-de-medicina-u-de-caldas-ganaron-premios-en-congreso-de-anatomia-en-argentina\\\/#breadcrumb\",\"itemListElement\":[{\"@type\":\"ListItem\",\"position\":1,\"name\":\"Portada\",\"item\":\"https:\\\/\\\/www.ucaldas.edu.co\\\/portal\\\/\"},{\"@type\":\"ListItem\",\"position\":2,\"name\":\"Estudiantes de Medicina U. de Caldas ganaron premios en congreso de anatom\u00eda, en Argentina\"}]},{\"@type\":\"WebSite\",\"@id\":\"https:\\\/\\\/www.ucaldas.edu.co\\\/portal\\\/#website\",\"url\":\"https:\\\/\\\/www.ucaldas.edu.co\\\/portal\\\/\",\"name\":\"Universidad de Caldas\",\"description\":\"\",\"publisher\":{\"@id\":\"https:\\\/\\\/www.ucaldas.edu.co\\\/portal\\\/#organization\"},\"alternateName\":\"U. de Caldas\",\"potentialAction\":[{\"@type\":\"SearchAction\",\"target\":{\"@type\":\"EntryPoint\",\"urlTemplate\":\"https:\\\/\\\/www.ucaldas.edu.co\\\/portal\\\/?s={search_term_string}\"},\"query-input\":{\"@type\":\"PropertyValueSpecification\",\"valueRequired\":true,\"valueName\":\"search_term_string\"}}],\"inLanguage\":\"es\"},{\"@type\":\"Organization\",\"@id\":\"https:\\\/\\\/www.ucaldas.edu.co\\\/portal\\\/#organization\",\"name\":\"Universidad de Caldas\",\"alternateName\":\"U. de Caldas\",\"url\":\"https:\\\/\\\/www.ucaldas.edu.co\\\/portal\\\/\",\"logo\":{\"@type\":\"ImageObject\",\"inLanguage\":\"es\",\"@id\":\"https:\\\/\\\/www.ucaldas.edu.co\\\/portal\\\/#\\\/schema\\\/logo\\\/image\\\/\",\"url\":\"https:\\\/\\\/www.ucaldas.edu.co\\\/portal\\\/wp-content\\\/uploads\\\/2023\\\/11\\\/Logo_horizontal_oscuroU-2023.png\",\"contentUrl\":\"https:\\\/\\\/www.ucaldas.edu.co\\\/portal\\\/wp-content\\\/uploads\\\/2023\\\/11\\\/Logo_horizontal_oscuroU-2023.png\",\"width\":263,\"height\":101,\"caption\":\"Universidad de Caldas\"},\"image\":{\"@id\":\"https:\\\/\\\/www.ucaldas.edu.co\\\/portal\\\/#\\\/schema\\\/logo\\\/image\\\/\"},\"sameAs\":[\"https:\\\/\\\/www.facebook.com\\\/udecaldas\",\"https:\\\/\\\/x.com\\\/udecaldas\",\"https:\\\/\\\/www.youtube.com\\\/universidadcaldas\",\"https:\\\/\\\/www.instagram.com\\\/udecaldas\\\/\"]},{\"@type\":\"Person\",\"@id\":\"https:\\\/\\\/www.ucaldas.edu.co\\\/portal\\\/#\\\/schema\\\/person\\\/a1b482e23449158b4bc319926c074fdf\",\"name\":\"ofiprensa\",\"image\":{\"@type\":\"ImageObject\",\"inLanguage\":\"es\",\"@id\":\"https:\\\/\\\/www.ucaldas.edu.co\\\/portal\\\/wp-content\\\/litespeed\\\/avatar\\\/09ea5085e600095a7a811142c6944527.jpg?ver=1777497608\",\"url\":\"https:\\\/\\\/www.ucaldas.edu.co\\\/portal\\\/wp-content\\\/litespeed\\\/avatar\\\/09ea5085e600095a7a811142c6944527.jpg?ver=1777497608\",\"contentUrl\":\"https:\\\/\\\/www.ucaldas.edu.co\\\/portal\\\/wp-content\\\/litespeed\\\/avatar\\\/09ea5085e600095a7a811142c6944527.jpg?ver=1777497608\",\"caption\":\"ofiprensa\"},\"url\":\"https:\\\/\\\/www.ucaldas.edu.co\\\/portal\\\/author\\\/ofiprensa\\\/\"}]}<\/script>\n<!-- \/ Yoast SEO plugin. -->","yoast_head_json":{"title":"Estudiantes de Medicina U. de Caldas ganaron premios en congreso de anatom\u00eda, en Argentina .","robots":{"index":"index","follow":"follow","max-snippet":"max-snippet:-1","max-image-preview":"max-image-preview:large","max-video-preview":"max-video-preview:-1"},"canonical":"https:\/\/www.ucaldas.edu.co\/portal\/estudiantes-de-medicina-u-de-caldas-ganaron-premios-en-congreso-de-anatomia-en-argentina\/","schema":{"@context":"https:\/\/schema.org","@graph":[{"@type":"Article","@id":"https:\/\/www.ucaldas.edu.co\/portal\/estudiantes-de-medicina-u-de-caldas-ganaron-premios-en-congreso-de-anatomia-en-argentina\/#article","isPartOf":{"@id":"https:\/\/www.ucaldas.edu.co\/portal\/estudiantes-de-medicina-u-de-caldas-ganaron-premios-en-congreso-de-anatomia-en-argentina\/"},"author":{"name":"ofiprensa","@id":"https:\/\/www.ucaldas.edu.co\/portal\/#\/schema\/person\/a1b482e23449158b4bc319926c074fdf"},"headline":"Estudiantes de Medicina U. de Caldas ganaron premios en congreso de anatom\u00eda, en Argentina","datePublished":"2012-09-12T13:45:26+00:00","mainEntityOfPage":{"@id":"https:\/\/www.ucaldas.edu.co\/portal\/estudiantes-de-medicina-u-de-caldas-ganaron-premios-en-congreso-de-anatomia-en-argentina\/"},"wordCount":270,"publisher":{"@id":"https:\/\/www.ucaldas.edu.co\/portal\/#organization"},"image":{"@id":"https:\/\/www.ucaldas.edu.co\/portal\/estudiantes-de-medicina-u-de-caldas-ganaron-premios-en-congreso-de-anatomia-en-argentina\/#primaryimage"},"thumbnailUrl":"http:\/\/www.ucaldas.edu.co\/images\/tmp\/congreso_argentina.jpg","articleSection":["Actualidad","Universidad al D\u00eda"],"inLanguage":"es"},{"@type":"WebPage","@id":"https:\/\/www.ucaldas.edu.co\/portal\/estudiantes-de-medicina-u-de-caldas-ganaron-premios-en-congreso-de-anatomia-en-argentina\/","url":"https:\/\/www.ucaldas.edu.co\/portal\/estudiantes-de-medicina-u-de-caldas-ganaron-premios-en-congreso-de-anatomia-en-argentina\/","name":"Estudiantes de Medicina U. de Caldas ganaron premios en congreso de anatom\u00eda, en Argentina .","isPartOf":{"@id":"https:\/\/www.ucaldas.edu.co\/portal\/#website"},"primaryImageOfPage":{"@id":"https:\/\/www.ucaldas.edu.co\/portal\/estudiantes-de-medicina-u-de-caldas-ganaron-premios-en-congreso-de-anatomia-en-argentina\/#primaryimage"},"image":{"@id":"https:\/\/www.ucaldas.edu.co\/portal\/estudiantes-de-medicina-u-de-caldas-ganaron-premios-en-congreso-de-anatomia-en-argentina\/#primaryimage"},"thumbnailUrl":"http:\/\/www.ucaldas.edu.co\/images\/tmp\/congreso_argentina.jpg","datePublished":"2012-09-12T13:45:26+00:00","breadcrumb":{"@id":"https:\/\/www.ucaldas.edu.co\/portal\/estudiantes-de-medicina-u-de-caldas-ganaron-premios-en-congreso-de-anatomia-en-argentina\/#breadcrumb"},"inLanguage":"es","potentialAction":[{"@type":"ReadAction","target":["https:\/\/www.ucaldas.edu.co\/portal\/estudiantes-de-medicina-u-de-caldas-ganaron-premios-en-congreso-de-anatomia-en-argentina\/"]}]},{"@type":"ImageObject","inLanguage":"es","@id":"https:\/\/www.ucaldas.edu.co\/portal\/estudiantes-de-medicina-u-de-caldas-ganaron-premios-en-congreso-de-anatomia-en-argentina\/#primaryimage","url":"http:\/\/www.ucaldas.edu.co\/images\/tmp\/congreso_argentina.jpg","contentUrl":"http:\/\/www.ucaldas.edu.co\/images\/tmp\/congreso_argentina.jpg"},{"@type":"BreadcrumbList","@id":"https:\/\/www.ucaldas.edu.co\/portal\/estudiantes-de-medicina-u-de-caldas-ganaron-premios-en-congreso-de-anatomia-en-argentina\/#breadcrumb","itemListElement":[{"@type":"ListItem","position":1,"name":"Portada","item":"https:\/\/www.ucaldas.edu.co\/portal\/"},{"@type":"ListItem","position":2,"name":"Estudiantes de Medicina U. de Caldas ganaron premios en congreso de anatom\u00eda, en Argentina"}]},{"@type":"WebSite","@id":"https:\/\/www.ucaldas.edu.co\/portal\/#website","url":"https:\/\/www.ucaldas.edu.co\/portal\/","name":"Universidad de Caldas","description":"","publisher":{"@id":"https:\/\/www.ucaldas.edu.co\/portal\/#organization"},"alternateName":"U. de Caldas","potentialAction":[{"@type":"SearchAction","target":{"@type":"EntryPoint","urlTemplate":"https:\/\/www.ucaldas.edu.co\/portal\/?s={search_term_string}"},"query-input":{"@type":"PropertyValueSpecification","valueRequired":true,"valueName":"search_term_string"}}],"inLanguage":"es"},{"@type":"Organization","@id":"https:\/\/www.ucaldas.edu.co\/portal\/#organization","name":"Universidad de Caldas","alternateName":"U. de Caldas","url":"https:\/\/www.ucaldas.edu.co\/portal\/","logo":{"@type":"ImageObject","inLanguage":"es","@id":"https:\/\/www.ucaldas.edu.co\/portal\/#\/schema\/logo\/image\/","url":"https:\/\/www.ucaldas.edu.co\/portal\/wp-content\/uploads\/2023\/11\/Logo_horizontal_oscuroU-2023.png","contentUrl":"https:\/\/www.ucaldas.edu.co\/portal\/wp-content\/uploads\/2023\/11\/Logo_horizontal_oscuroU-2023.png","width":263,"height":101,"caption":"Universidad de Caldas"},"image":{"@id":"https:\/\/www.ucaldas.edu.co\/portal\/#\/schema\/logo\/image\/"},"sameAs":["https:\/\/www.facebook.com\/udecaldas","https:\/\/x.com\/udecaldas","https:\/\/www.youtube.com\/universidadcaldas","https:\/\/www.instagram.com\/udecaldas\/"]},{"@type":"Person","@id":"https:\/\/www.ucaldas.edu.co\/portal\/#\/schema\/person\/a1b482e23449158b4bc319926c074fdf","name":"ofiprensa","image":{"@type":"ImageObject","inLanguage":"es","@id":"https:\/\/www.ucaldas.edu.co\/portal\/wp-content\/litespeed\/avatar\/09ea5085e600095a7a811142c6944527.jpg?ver=1777497608","url":"https:\/\/www.ucaldas.edu.co\/portal\/wp-content\/litespeed\/avatar\/09ea5085e600095a7a811142c6944527.jpg?ver=1777497608","contentUrl":"https:\/\/www.ucaldas.edu.co\/portal\/wp-content\/litespeed\/avatar\/09ea5085e600095a7a811142c6944527.jpg?ver=1777497608","caption":"ofiprensa"},"url":"https:\/\/www.ucaldas.edu.co\/portal\/author\/ofiprensa\/"}]}},"_links":{"self":[{"href":"https:\/\/www.ucaldas.edu.co\/portal\/wp-json\/wp\/v2\/posts\/11587","targetHints":{"allow":["GET"]}}],"collection":[{"href":"https:\/\/www.ucaldas.edu.co\/portal\/wp-json\/wp\/v2\/posts"}],"about":[{"href":"https:\/\/www.ucaldas.edu.co\/portal\/wp-json\/wp\/v2\/types\/post"}],"author":[{"embeddable":true,"href":"https:\/\/www.ucaldas.edu.co\/portal\/wp-json\/wp\/v2\/users\/2"}],"replies":[{"embeddable":true,"href":"https:\/\/www.ucaldas.edu.co\/portal\/wp-json\/wp\/v2\/comments?post=11587"}],"version-history":[{"count":0,"href":"https:\/\/www.ucaldas.edu.co\/portal\/wp-json\/wp\/v2\/posts\/11587\/revisions"}],"wp:attachment":[{"href":"https:\/\/www.ucaldas.edu.co\/portal\/wp-json\/wp\/v2\/media?parent=11587"}],"wp:term":[{"taxonomy":"category","embeddable":true,"href":"https:\/\/www.ucaldas.edu.co\/portal\/wp-json\/wp\/v2\/categories?post=11587"},{"taxonomy":"post_tag","embeddable":true,"href":"https:\/\/www.ucaldas.edu.co\/portal\/wp-json\/wp\/v2\/tags?post=11587"}],"curies":[{"name":"wp","href":"https:\/\/api.w.org\/{rel}","templated":true}]}}