{"id":11541,"date":"2014-06-16T18:29:39","date_gmt":"2014-06-16T23:29:39","guid":{"rendered":"https:\/\/www.ucaldas.edu.co\/portal\/?p=11541"},"modified":"2014-06-16T18:29:39","modified_gmt":"2014-06-16T23:29:39","slug":"affinity-quartet-sera-el-encargado-de-la-didactica-en-la-version-7-del-jazz-camp","status":"publish","type":"post","link":"https:\/\/www.ucaldas.edu.co\/portal\/affinity-quartet-sera-el-encargado-de-la-didactica-en-la-version-7-del-jazz-camp\/","title":{"rendered":"Affinity Quartet ser\u00e1 el encargado de la did\u00e1ctica en la versi\u00f3n 7 del Jazz Camp"},"content":{"rendered":"<p align=\"center\"><span style=\"text-decoration: underline;\">EN LOS CAMPAMENTOS PARTICIPAR\u00c1N 160 M\u00daSICOS ENTRE ESTUDIANTES Y DOCENTES<\/span><\/p>\n<p align=\"center\"><b>Affinity Quartet ser\u00e1 el encargado de la did\u00e1ctica en la versi\u00f3n 7 del Jazz Camp<\/b><\/p>\n<p align=\"center\"><a href=\"https:\/\/www.ucaldas.edu.co\/portal\/wp-content\/uploads\/2014\/06\/10412014_702609096467625_3091831366048921613_n.jpg\"><img loading=\"lazy\" decoding=\"async\" class=\"aligncenter size-medium wp-image-11542\" alt=\"10412014_702609096467625_3091831366048921613_n\" src=\"https:\/\/www.ucaldas.edu.co\/portal\/wp-content\/uploads\/2014\/06\/10412014_702609096467625_3091831366048921613_n-300x236.jpg\" width=\"300\" height=\"236\" \/><\/a><\/p>\n<p align=\"center\">\n<p style=\"text-align: center;\" align=\"right\">Foto: Luisa Giraldo \/ Prensa U. de Caldas<\/p>\n<p align=\"right\">16\/6\/2014<\/p>\n<p align=\"right\">Redacci\u00f3n: Luisa Giraldo<\/p>\n<p align=\"right\">Coordinadora contenidos intranet<\/p>\n<p style=\"text-align: justify;\">\u00a0<b>Cuatro m\u00fasicos de Boston\u00a0<\/b>(EUA)\u00a0<b>compartir\u00e1n durante seis d\u00edas sus conocimientos en jazz con 160 artistas locales<\/b>, 80 de ellos de los programas de m\u00fasica de la Universidad de Caldas, en la\u00a0<b>VII versi\u00f3n del Jazz Camp<\/b>, evento acad\u00e9mico que tiene lugar como parte de la programaci\u00f3n de\u00a0<b>la V Temporada Internacional de Jazz Universitario.<!--more--><\/b><\/p>\n<p style=\"text-align: justify;\"><b>\u00a0<\/b>La temporada es<b>\u00a0<\/b>organizada por el Centro Colombo Americano en conjunto con la U. de Caldas y con el apoyo de la Embajada de Estados Unidos, Banco de la Rep\u00fablica, Confamiliares y U. Nacional sede Manizales. Los conciertos comenzar\u00e1n este mi\u00e9rcoles 18 de junio del 2014.<\/p>\n<p style=\"text-align: justify;\">Estos campamentos que tienen como objetivo\u00a0<b>contribuir a los procesos de formaci\u00f3n musical en el jazz<\/b>, tanto para quienes tienen bases, como para quienes participan en bandas, ir\u00e1n desde el<b>\u00a016 hasta el 21 de junio<\/b>\u00a0del 2014.<\/p>\n<p style=\"text-align: justify;\">\u00a0\u201cEste a\u00f1o los campamentos estar\u00e1n divididos en dos modalidades,\u00a0<b>en las ma\u00f1anas se realizar\u00e1n charlas y conversatorios para estudiantes de batuta y de instituciones educativas\u00a0<\/b>de diferentes municipios de Caldas\u00a0<b>y en las tardes la formaci\u00f3n ser\u00e1 para los estudiantes o egresados de programas de m\u00fasica<\/b>, en su mayor\u00eda de la U. de Caldas\u201d, fueron las palabras de Ricardo Ospina, Coordinador Acad\u00e9mico del VII Jazz Camp.<\/p>\n<p style=\"text-align: justify;\"><b>Grupo\u00a0\u00a0Affinity Quartet orientar\u00e1 el Jazz Camp<\/b><\/p>\n<p style=\"text-align: justify;\"><b>Josh Shpak<\/b>,\u00a0<b>Noam Israel\u00ed<\/b>,\u00a0<b>Alex Gasse<\/b>r\u00a0\u00a0y\u00a0<b>Yoav Eshed son los maestros de los campamentos<\/b>, que se realizan en el Hotel Carretero, ellos\u00a0<b>hacen parte de Affinity Quartet del Berkle College of Music<\/b>.<\/p>\n<p style=\"text-align: justify;\">Alex Gasser, uno de los orientadores del Jazz Camp, se mostr\u00f3 sorprendido con el nivel que observ\u00f3 en los j\u00f3venes m\u00fasicos que participaron durante la primera jornada del evento.<\/p>\n<p style=\"text-align: justify;\">\u201cEstar ac\u00e1 es un privilegio para nosotros como m\u00fasicos, porque\u00a0<b>trabajar con ni\u00f1os nos permite aprender cada d\u00eda como buscar nuevas formas de conexi\u00f3n<\/b>\u00a0que se pueden ver reflejadas en nuevas formas de interpretaci\u00f3n musical\u201d, dijo Gasser.<\/p>\n<p style=\"text-align: justify;\">\n<p style=\"text-align: justify;\">El m\u00fasico de Affinity Quartet coment\u00f3 que\u00a0<b>su metodolog\u00eda se basa en la tradici\u00f3n oral y en la transmisi\u00f3n de m\u00fasica a trav\u00e9s de movimientos del cuerpo<\/b>. \u201cNuestro grupo visualiza la m\u00fasica como una conversaci\u00f3n, cuando las cosas suceden musicalmente es como si las conexiones se realizaran personalmente, por eso nuestro objetivo es transmitir un mensaje de amistad con m\u00fasica\u201d.<\/p>\n<p style=\"text-align: justify;\">En esta primera jornada del Jazz Camp participaron\u00a0<b>j\u00f3venes entre los 12 y los 17 a\u00f1os<\/b>\u00a0de las agrupaciones\u00a0<b>Batuta de Pensilvania<\/b>,\u00a0<b>Riosucio y de instituciones educativas<\/b>\u00a0de la ciudad como el Colegio San Luis Gonzaga y el LANS.<\/p>\n<p style=\"text-align: justify;\"><b>Asistentes al Jazz Camp<\/b><\/p>\n<p style=\"text-align: justify;\"><b>Cristian David D\u00edaz Suarez, Escuela Normal Superior Sagrado Coraz\u00f3n (Riosucio)<\/b><\/p>\n<p style=\"text-align: justify;\">Me parece\u00a0<b>muy valioso poder tener esta oportunidad<\/b>\u00a0de conocer tantas personas y otro g\u00e9nero musical que normalmente no manejamos en nuestras bandas.<\/p>\n<p style=\"text-align: justify;\"><b>Cristian Camilo Restrepo Cardona, Banda Sinf\u00f3nica Estudiantil de Pensilvania<\/b><\/p>\n<p style=\"text-align: justify;\">Espero aprender mucho de estos grandes maestros porque quiero llegar a hacer un gran m\u00fasico. Esta es una gran oportunidad porque los conocimientos que adquiera ac\u00e1\u00a0<b>no solo me ayudar\u00e1n a m\u00ed, sino a toda mi banda<\/b>.<\/p>\n<p style=\"text-align: justify;\"><a href=\"https:\/\/www.facebook.com\/media\/set\/?set=a.702608463134355.1073742850.107054166023124&amp;type=1&amp;l=5862eed8b1\" target=\"_blank\">Conozca m\u00e1s im\u00e1genes de la primera jornada del Jazz Camp<\/a><\/p>\n<p style=\"text-align: justify;\"><b>Informes:<\/b>\u00a0Oficina de Prensa de la Universidad de Caldas, tel\u00e9fono 878 15 03, o con el Jefe de esta dependencia, Carlos Eduardo Garc\u00eda, en el celular\u00a0<a href=\"tel:315%20585%201322\" target=\"_blank\">315 585 1322<\/a>. Tambi\u00e9n, con el Centro Colombo Americano, en el tel\u00e9fono 881 15 25 extensi\u00f3n 112.<\/p>\n<p>&nbsp;<\/p>\n","protected":false},"excerpt":{"rendered":"<p>EN LOS CAMPAMENTOS PARTICIPAR\u00c1N 160 M\u00daSICOS ENTRE ESTUDIANTES Y DOCENTES Affinity Quartet ser\u00e1 el encargado de la did\u00e1ctica en la versi\u00f3n 7 del Jazz Camp Foto: Luisa Giraldo \/ Prensa U. de Caldas 16\/6\/2014 Redacci\u00f3n: Luisa Giraldo Coordinadora contenidos intranet \u00a0Cuatro m\u00fasicos de Boston\u00a0(EUA)\u00a0compartir\u00e1n durante seis d\u00edas sus conocimientos en jazz con 160 artistas locales, [&hellip;]<\/p>\n","protected":false},"author":2,"featured_media":0,"comment_status":"closed","ping_status":"closed","sticky":false,"template":"","format":"standard","meta":{"footnotes":""},"categories":[48,53],"tags":[1994,1995,1996,1997,1998,95,945],"class_list":["post-11541","post","type-post","status-publish","format-standard","hentry","category-actualidad","category-universidad-al-dia","tag-campamentos","tag-centro-colomboamericano","tag-festival-internacional-de-jazz","tag-musicos","tag-programa-de-musica","tag-universidad-de-caldas","tag-jazz"],"yoast_head":"<!-- This site is optimized with the Yoast SEO plugin v27.5 - https:\/\/yoast.com\/product\/yoast-seo-wordpress\/ -->\n<title>Affinity Quartet ser\u00e1 el encargado de la did\u00e1ctica en la versi\u00f3n 7 del Jazz Camp .<\/title>\n<meta name=\"robots\" content=\"index, follow, max-snippet:-1, max-image-preview:large, max-video-preview:-1\" \/>\n<link rel=\"canonical\" href=\"https:\/\/www.ucaldas.edu.co\/portal\/affinity-quartet-sera-el-encargado-de-la-didactica-en-la-version-7-del-jazz-camp\/\" \/>\n<script type=\"application\/ld+json\" class=\"yoast-schema-graph\">{\"@context\":\"https:\\\/\\\/schema.org\",\"@graph\":[{\"@type\":\"Article\",\"@id\":\"https:\\\/\\\/www.ucaldas.edu.co\\\/portal\\\/affinity-quartet-sera-el-encargado-de-la-didactica-en-la-version-7-del-jazz-camp\\\/#article\",\"isPartOf\":{\"@id\":\"https:\\\/\\\/www.ucaldas.edu.co\\\/portal\\\/affinity-quartet-sera-el-encargado-de-la-didactica-en-la-version-7-del-jazz-camp\\\/\"},\"author\":{\"name\":\"ofiprensa\",\"@id\":\"https:\\\/\\\/www.ucaldas.edu.co\\\/portal\\\/#\\\/schema\\\/person\\\/a1b482e23449158b4bc319926c074fdf\"},\"headline\":\"Affinity Quartet ser\u00e1 el encargado de la did\u00e1ctica en la versi\u00f3n 7 del Jazz Camp\",\"datePublished\":\"2014-06-16T23:29:39+00:00\",\"mainEntityOfPage\":{\"@id\":\"https:\\\/\\\/www.ucaldas.edu.co\\\/portal\\\/affinity-quartet-sera-el-encargado-de-la-didactica-en-la-version-7-del-jazz-camp\\\/\"},\"wordCount\":636,\"publisher\":{\"@id\":\"https:\\\/\\\/www.ucaldas.edu.co\\\/portal\\\/#organization\"},\"image\":{\"@id\":\"https:\\\/\\\/www.ucaldas.edu.co\\\/portal\\\/affinity-quartet-sera-el-encargado-de-la-didactica-en-la-version-7-del-jazz-camp\\\/#primaryimage\"},\"thumbnailUrl\":\"https:\\\/\\\/www.ucaldas.edu.co\\\/portal\\\/wp-content\\\/uploads\\\/2014\\\/06\\\/10412014_702609096467625_3091831366048921613_n-300x236.jpg\",\"keywords\":[\"campamentos\",\"Centro Colomboamericano\",\"Festival Internacional de Jazz\",\"m\u00fasicos\",\"programa de m\u00fasica\",\"Universidad De Caldas\",\"jazz\"],\"articleSection\":[\"Actualidad\",\"Universidad al D\u00eda\"],\"inLanguage\":\"es\"},{\"@type\":\"WebPage\",\"@id\":\"https:\\\/\\\/www.ucaldas.edu.co\\\/portal\\\/affinity-quartet-sera-el-encargado-de-la-didactica-en-la-version-7-del-jazz-camp\\\/\",\"url\":\"https:\\\/\\\/www.ucaldas.edu.co\\\/portal\\\/affinity-quartet-sera-el-encargado-de-la-didactica-en-la-version-7-del-jazz-camp\\\/\",\"name\":\"Affinity Quartet ser\u00e1 el encargado de la did\u00e1ctica en la versi\u00f3n 7 del Jazz Camp .\",\"isPartOf\":{\"@id\":\"https:\\\/\\\/www.ucaldas.edu.co\\\/portal\\\/#website\"},\"primaryImageOfPage\":{\"@id\":\"https:\\\/\\\/www.ucaldas.edu.co\\\/portal\\\/affinity-quartet-sera-el-encargado-de-la-didactica-en-la-version-7-del-jazz-camp\\\/#primaryimage\"},\"image\":{\"@id\":\"https:\\\/\\\/www.ucaldas.edu.co\\\/portal\\\/affinity-quartet-sera-el-encargado-de-la-didactica-en-la-version-7-del-jazz-camp\\\/#primaryimage\"},\"thumbnailUrl\":\"https:\\\/\\\/www.ucaldas.edu.co\\\/portal\\\/wp-content\\\/uploads\\\/2014\\\/06\\\/10412014_702609096467625_3091831366048921613_n-300x236.jpg\",\"datePublished\":\"2014-06-16T23:29:39+00:00\",\"breadcrumb\":{\"@id\":\"https:\\\/\\\/www.ucaldas.edu.co\\\/portal\\\/affinity-quartet-sera-el-encargado-de-la-didactica-en-la-version-7-del-jazz-camp\\\/#breadcrumb\"},\"inLanguage\":\"es\",\"potentialAction\":[{\"@type\":\"ReadAction\",\"target\":[\"https:\\\/\\\/www.ucaldas.edu.co\\\/portal\\\/affinity-quartet-sera-el-encargado-de-la-didactica-en-la-version-7-del-jazz-camp\\\/\"]}]},{\"@type\":\"ImageObject\",\"inLanguage\":\"es\",\"@id\":\"https:\\\/\\\/www.ucaldas.edu.co\\\/portal\\\/affinity-quartet-sera-el-encargado-de-la-didactica-en-la-version-7-del-jazz-camp\\\/#primaryimage\",\"url\":\"https:\\\/\\\/www.ucaldas.edu.co\\\/portal\\\/wp-content\\\/uploads\\\/2014\\\/06\\\/10412014_702609096467625_3091831366048921613_n-300x236.jpg\",\"contentUrl\":\"https:\\\/\\\/www.ucaldas.edu.co\\\/portal\\\/wp-content\\\/uploads\\\/2014\\\/06\\\/10412014_702609096467625_3091831366048921613_n-300x236.jpg\"},{\"@type\":\"BreadcrumbList\",\"@id\":\"https:\\\/\\\/www.ucaldas.edu.co\\\/portal\\\/affinity-quartet-sera-el-encargado-de-la-didactica-en-la-version-7-del-jazz-camp\\\/#breadcrumb\",\"itemListElement\":[{\"@type\":\"ListItem\",\"position\":1,\"name\":\"Portada\",\"item\":\"https:\\\/\\\/www.ucaldas.edu.co\\\/portal\\\/\"},{\"@type\":\"ListItem\",\"position\":2,\"name\":\"Affinity Quartet ser\u00e1 el encargado de la did\u00e1ctica en la versi\u00f3n 7 del Jazz Camp\"}]},{\"@type\":\"WebSite\",\"@id\":\"https:\\\/\\\/www.ucaldas.edu.co\\\/portal\\\/#website\",\"url\":\"https:\\\/\\\/www.ucaldas.edu.co\\\/portal\\\/\",\"name\":\"Universidad de Caldas\",\"description\":\"\",\"publisher\":{\"@id\":\"https:\\\/\\\/www.ucaldas.edu.co\\\/portal\\\/#organization\"},\"alternateName\":\"U. de Caldas\",\"potentialAction\":[{\"@type\":\"SearchAction\",\"target\":{\"@type\":\"EntryPoint\",\"urlTemplate\":\"https:\\\/\\\/www.ucaldas.edu.co\\\/portal\\\/?s={search_term_string}\"},\"query-input\":{\"@type\":\"PropertyValueSpecification\",\"valueRequired\":true,\"valueName\":\"search_term_string\"}}],\"inLanguage\":\"es\"},{\"@type\":\"Organization\",\"@id\":\"https:\\\/\\\/www.ucaldas.edu.co\\\/portal\\\/#organization\",\"name\":\"Universidad de Caldas\",\"alternateName\":\"U. de Caldas\",\"url\":\"https:\\\/\\\/www.ucaldas.edu.co\\\/portal\\\/\",\"logo\":{\"@type\":\"ImageObject\",\"inLanguage\":\"es\",\"@id\":\"https:\\\/\\\/www.ucaldas.edu.co\\\/portal\\\/#\\\/schema\\\/logo\\\/image\\\/\",\"url\":\"https:\\\/\\\/www.ucaldas.edu.co\\\/portal\\\/wp-content\\\/uploads\\\/2023\\\/11\\\/Logo_horizontal_oscuroU-2023.png\",\"contentUrl\":\"https:\\\/\\\/www.ucaldas.edu.co\\\/portal\\\/wp-content\\\/uploads\\\/2023\\\/11\\\/Logo_horizontal_oscuroU-2023.png\",\"width\":263,\"height\":101,\"caption\":\"Universidad de Caldas\"},\"image\":{\"@id\":\"https:\\\/\\\/www.ucaldas.edu.co\\\/portal\\\/#\\\/schema\\\/logo\\\/image\\\/\"},\"sameAs\":[\"https:\\\/\\\/www.facebook.com\\\/udecaldas\",\"https:\\\/\\\/x.com\\\/udecaldas\",\"https:\\\/\\\/www.youtube.com\\\/universidadcaldas\",\"https:\\\/\\\/www.instagram.com\\\/udecaldas\\\/\"]},{\"@type\":\"Person\",\"@id\":\"https:\\\/\\\/www.ucaldas.edu.co\\\/portal\\\/#\\\/schema\\\/person\\\/a1b482e23449158b4bc319926c074fdf\",\"name\":\"ofiprensa\",\"image\":{\"@type\":\"ImageObject\",\"inLanguage\":\"es\",\"@id\":\"https:\\\/\\\/www.ucaldas.edu.co\\\/portal\\\/wp-content\\\/litespeed\\\/avatar\\\/09ea5085e600095a7a811142c6944527.jpg?ver=1777497608\",\"url\":\"https:\\\/\\\/www.ucaldas.edu.co\\\/portal\\\/wp-content\\\/litespeed\\\/avatar\\\/09ea5085e600095a7a811142c6944527.jpg?ver=1777497608\",\"contentUrl\":\"https:\\\/\\\/www.ucaldas.edu.co\\\/portal\\\/wp-content\\\/litespeed\\\/avatar\\\/09ea5085e600095a7a811142c6944527.jpg?ver=1777497608\",\"caption\":\"ofiprensa\"},\"url\":\"https:\\\/\\\/www.ucaldas.edu.co\\\/portal\\\/author\\\/ofiprensa\\\/\"}]}<\/script>\n<!-- \/ Yoast SEO plugin. -->","yoast_head_json":{"title":"Affinity Quartet ser\u00e1 el encargado de la did\u00e1ctica en la versi\u00f3n 7 del Jazz Camp .","robots":{"index":"index","follow":"follow","max-snippet":"max-snippet:-1","max-image-preview":"max-image-preview:large","max-video-preview":"max-video-preview:-1"},"canonical":"https:\/\/www.ucaldas.edu.co\/portal\/affinity-quartet-sera-el-encargado-de-la-didactica-en-la-version-7-del-jazz-camp\/","schema":{"@context":"https:\/\/schema.org","@graph":[{"@type":"Article","@id":"https:\/\/www.ucaldas.edu.co\/portal\/affinity-quartet-sera-el-encargado-de-la-didactica-en-la-version-7-del-jazz-camp\/#article","isPartOf":{"@id":"https:\/\/www.ucaldas.edu.co\/portal\/affinity-quartet-sera-el-encargado-de-la-didactica-en-la-version-7-del-jazz-camp\/"},"author":{"name":"ofiprensa","@id":"https:\/\/www.ucaldas.edu.co\/portal\/#\/schema\/person\/a1b482e23449158b4bc319926c074fdf"},"headline":"Affinity Quartet ser\u00e1 el encargado de la did\u00e1ctica en la versi\u00f3n 7 del Jazz Camp","datePublished":"2014-06-16T23:29:39+00:00","mainEntityOfPage":{"@id":"https:\/\/www.ucaldas.edu.co\/portal\/affinity-quartet-sera-el-encargado-de-la-didactica-en-la-version-7-del-jazz-camp\/"},"wordCount":636,"publisher":{"@id":"https:\/\/www.ucaldas.edu.co\/portal\/#organization"},"image":{"@id":"https:\/\/www.ucaldas.edu.co\/portal\/affinity-quartet-sera-el-encargado-de-la-didactica-en-la-version-7-del-jazz-camp\/#primaryimage"},"thumbnailUrl":"https:\/\/www.ucaldas.edu.co\/portal\/wp-content\/uploads\/2014\/06\/10412014_702609096467625_3091831366048921613_n-300x236.jpg","keywords":["campamentos","Centro Colomboamericano","Festival Internacional de Jazz","m\u00fasicos","programa de m\u00fasica","Universidad De Caldas","jazz"],"articleSection":["Actualidad","Universidad al D\u00eda"],"inLanguage":"es"},{"@type":"WebPage","@id":"https:\/\/www.ucaldas.edu.co\/portal\/affinity-quartet-sera-el-encargado-de-la-didactica-en-la-version-7-del-jazz-camp\/","url":"https:\/\/www.ucaldas.edu.co\/portal\/affinity-quartet-sera-el-encargado-de-la-didactica-en-la-version-7-del-jazz-camp\/","name":"Affinity Quartet ser\u00e1 el encargado de la did\u00e1ctica en la versi\u00f3n 7 del Jazz Camp .","isPartOf":{"@id":"https:\/\/www.ucaldas.edu.co\/portal\/#website"},"primaryImageOfPage":{"@id":"https:\/\/www.ucaldas.edu.co\/portal\/affinity-quartet-sera-el-encargado-de-la-didactica-en-la-version-7-del-jazz-camp\/#primaryimage"},"image":{"@id":"https:\/\/www.ucaldas.edu.co\/portal\/affinity-quartet-sera-el-encargado-de-la-didactica-en-la-version-7-del-jazz-camp\/#primaryimage"},"thumbnailUrl":"https:\/\/www.ucaldas.edu.co\/portal\/wp-content\/uploads\/2014\/06\/10412014_702609096467625_3091831366048921613_n-300x236.jpg","datePublished":"2014-06-16T23:29:39+00:00","breadcrumb":{"@id":"https:\/\/www.ucaldas.edu.co\/portal\/affinity-quartet-sera-el-encargado-de-la-didactica-en-la-version-7-del-jazz-camp\/#breadcrumb"},"inLanguage":"es","potentialAction":[{"@type":"ReadAction","target":["https:\/\/www.ucaldas.edu.co\/portal\/affinity-quartet-sera-el-encargado-de-la-didactica-en-la-version-7-del-jazz-camp\/"]}]},{"@type":"ImageObject","inLanguage":"es","@id":"https:\/\/www.ucaldas.edu.co\/portal\/affinity-quartet-sera-el-encargado-de-la-didactica-en-la-version-7-del-jazz-camp\/#primaryimage","url":"https:\/\/www.ucaldas.edu.co\/portal\/wp-content\/uploads\/2014\/06\/10412014_702609096467625_3091831366048921613_n-300x236.jpg","contentUrl":"https:\/\/www.ucaldas.edu.co\/portal\/wp-content\/uploads\/2014\/06\/10412014_702609096467625_3091831366048921613_n-300x236.jpg"},{"@type":"BreadcrumbList","@id":"https:\/\/www.ucaldas.edu.co\/portal\/affinity-quartet-sera-el-encargado-de-la-didactica-en-la-version-7-del-jazz-camp\/#breadcrumb","itemListElement":[{"@type":"ListItem","position":1,"name":"Portada","item":"https:\/\/www.ucaldas.edu.co\/portal\/"},{"@type":"ListItem","position":2,"name":"Affinity Quartet ser\u00e1 el encargado de la did\u00e1ctica en la versi\u00f3n 7 del Jazz Camp"}]},{"@type":"WebSite","@id":"https:\/\/www.ucaldas.edu.co\/portal\/#website","url":"https:\/\/www.ucaldas.edu.co\/portal\/","name":"Universidad de Caldas","description":"","publisher":{"@id":"https:\/\/www.ucaldas.edu.co\/portal\/#organization"},"alternateName":"U. de Caldas","potentialAction":[{"@type":"SearchAction","target":{"@type":"EntryPoint","urlTemplate":"https:\/\/www.ucaldas.edu.co\/portal\/?s={search_term_string}"},"query-input":{"@type":"PropertyValueSpecification","valueRequired":true,"valueName":"search_term_string"}}],"inLanguage":"es"},{"@type":"Organization","@id":"https:\/\/www.ucaldas.edu.co\/portal\/#organization","name":"Universidad de Caldas","alternateName":"U. de Caldas","url":"https:\/\/www.ucaldas.edu.co\/portal\/","logo":{"@type":"ImageObject","inLanguage":"es","@id":"https:\/\/www.ucaldas.edu.co\/portal\/#\/schema\/logo\/image\/","url":"https:\/\/www.ucaldas.edu.co\/portal\/wp-content\/uploads\/2023\/11\/Logo_horizontal_oscuroU-2023.png","contentUrl":"https:\/\/www.ucaldas.edu.co\/portal\/wp-content\/uploads\/2023\/11\/Logo_horizontal_oscuroU-2023.png","width":263,"height":101,"caption":"Universidad de Caldas"},"image":{"@id":"https:\/\/www.ucaldas.edu.co\/portal\/#\/schema\/logo\/image\/"},"sameAs":["https:\/\/www.facebook.com\/udecaldas","https:\/\/x.com\/udecaldas","https:\/\/www.youtube.com\/universidadcaldas","https:\/\/www.instagram.com\/udecaldas\/"]},{"@type":"Person","@id":"https:\/\/www.ucaldas.edu.co\/portal\/#\/schema\/person\/a1b482e23449158b4bc319926c074fdf","name":"ofiprensa","image":{"@type":"ImageObject","inLanguage":"es","@id":"https:\/\/www.ucaldas.edu.co\/portal\/wp-content\/litespeed\/avatar\/09ea5085e600095a7a811142c6944527.jpg?ver=1777497608","url":"https:\/\/www.ucaldas.edu.co\/portal\/wp-content\/litespeed\/avatar\/09ea5085e600095a7a811142c6944527.jpg?ver=1777497608","contentUrl":"https:\/\/www.ucaldas.edu.co\/portal\/wp-content\/litespeed\/avatar\/09ea5085e600095a7a811142c6944527.jpg?ver=1777497608","caption":"ofiprensa"},"url":"https:\/\/www.ucaldas.edu.co\/portal\/author\/ofiprensa\/"}]}},"_links":{"self":[{"href":"https:\/\/www.ucaldas.edu.co\/portal\/wp-json\/wp\/v2\/posts\/11541","targetHints":{"allow":["GET"]}}],"collection":[{"href":"https:\/\/www.ucaldas.edu.co\/portal\/wp-json\/wp\/v2\/posts"}],"about":[{"href":"https:\/\/www.ucaldas.edu.co\/portal\/wp-json\/wp\/v2\/types\/post"}],"author":[{"embeddable":true,"href":"https:\/\/www.ucaldas.edu.co\/portal\/wp-json\/wp\/v2\/users\/2"}],"replies":[{"embeddable":true,"href":"https:\/\/www.ucaldas.edu.co\/portal\/wp-json\/wp\/v2\/comments?post=11541"}],"version-history":[{"count":0,"href":"https:\/\/www.ucaldas.edu.co\/portal\/wp-json\/wp\/v2\/posts\/11541\/revisions"}],"wp:attachment":[{"href":"https:\/\/www.ucaldas.edu.co\/portal\/wp-json\/wp\/v2\/media?parent=11541"}],"wp:term":[{"taxonomy":"category","embeddable":true,"href":"https:\/\/www.ucaldas.edu.co\/portal\/wp-json\/wp\/v2\/categories?post=11541"},{"taxonomy":"post_tag","embeddable":true,"href":"https:\/\/www.ucaldas.edu.co\/portal\/wp-json\/wp\/v2\/tags?post=11541"}],"curies":[{"name":"wp","href":"https:\/\/api.w.org\/{rel}","templated":true}]}}