{"id":11364,"date":"2012-09-04T14:37:34","date_gmt":"2012-09-04T19:37:34","guid":{"rendered":"https:\/\/www.ucaldas.edu.co\/portal\/?p=11364"},"modified":"2012-09-04T14:37:34","modified_gmt":"2012-09-04T19:37:34","slug":"desarrollo-familiar-dio-la-bienvenida-a-sus-nuevos-estudiantes","status":"publish","type":"post","link":"https:\/\/www.ucaldas.edu.co\/portal\/desarrollo-familiar-dio-la-bienvenida-a-sus-nuevos-estudiantes\/","title":{"rendered":"Desarrollo Familiar dio la bienvenida a sus nuevos estudiantes"},"content":{"rendered":"<p align=\"center\">Jornada de inducci\u00f3n recogi\u00f3 experiencias de estudiantes, docentes y egresados<\/p>\n<p align=\"right\">04\/09\/2012<\/p>\n<hr \/>\n<p align=\"right\">Redacci\u00f3n: Mar\u00eda Fernanda Restrepo Torres<\/p>\n<table border=\"0\">\n<tbody>\n<tr>\n<td>&nbsp;<\/p>\n<p><img loading=\"lazy\" decoding=\"async\" style=\"border: 0px\" title=\"Inducci\u00f3n\" alt=\"Inducci\u00f3n\" src=\"http:\/\/www.ucaldas.edu.co\/images\/tmp\/induccion_desarrollo_familiar_ucaldas_2012.jpg\" width=\"240\" height=\"150\" border=\"0\" \/><\/p>\n<h4>\u00a0Sarmiento Estrada\/ Prensa U. de Caldas.<\/h4>\n<\/td>\n<td>El <b>Programa de Desarrollo Familiar<\/b> de la <b>Universidad de Caldas recibi\u00f3 39 estudiantes<\/b>, quienes <b>comenzar\u00e1n labores acad\u00e9micas<\/b> en este pregrado, en el <b>segundo semestre del 2012<\/b>. La <b>inducci\u00f3n<\/b> para los <b>nuevos alumnos<\/b> se llev\u00f3 a cabo el martes 4 de septiembre de 2012.<\/td>\n<\/tr>\n<\/tbody>\n<\/table>\n<p>&nbsp;<\/p>\n<p>Gloria In\u00e9s S\u00e1nchez Vinasco, <b>Directora del Programa de Desarrollo Familiar de la Instituci\u00f3n<\/b>, expres\u00f3: \u201cbuscamos darles a conocer lo que significa el desarrollo familiar para sus vidas y como opci\u00f3n profesional\u201d.<\/p>\n<p>\u201cEsta jornada, que antes se realizaba con docentes, recog\u00eda principalmente lo acad\u00e9mico. La idea es compartir la experiencia de estudiantes y egresados, quienes ya han pasado por las mismas dudas que ellos pueden tener ahora\u201d, coment\u00f3 S\u00e1nchez Vinasco.<\/p>\n<p>Durante la inducci\u00f3n, los estudiantes conocieron diferentes temas de la academia como semilleros de investigaci\u00f3n y experiencias de pr\u00e1ctica profesional. Adem\u00e1s, se les inform\u00f3 sobre formas de participaci\u00f3n en la vida universitaria, como\u00a0 el comit\u00e9 de curr\u00edculo del programa y la conformaci\u00f3n del consejo de facultad.<\/p>\n<p><a href=\"http:\/\/www.facebook.com\/media\/set\/?set=a.406527812742423.95115.107054166023124&amp;type=1\" target=\"_blank\">Conozca im\u00e1genes de la inducci\u00f3n de estudiantes del Programa de Desarrollo Familiar<\/a><\/p>\n<p><b>Informes:<\/b> Programa de Desarrollo Familiar, tel\u00e9fono 878 15 00 extensi\u00f3n 13 411.<\/p>\n","protected":false},"excerpt":{"rendered":"<p>Jornada de inducci\u00f3n recogi\u00f3 experiencias de estudiantes, docentes y egresados 04\/09\/2012 Redacci\u00f3n: Mar\u00eda Fernanda Restrepo Torres &nbsp; \u00a0Sarmiento Estrada\/ Prensa U. de Caldas. El Programa de Desarrollo Familiar de la Universidad de Caldas recibi\u00f3 39 estudiantes, quienes comenzar\u00e1n labores acad\u00e9micas en este pregrado, en el segundo semestre del 2012. La inducci\u00f3n para los nuevos alumnos [&hellip;]<\/p>\n","protected":false},"author":2,"featured_media":0,"comment_status":"closed","ping_status":"closed","sticky":false,"template":"","format":"standard","meta":{"footnotes":""},"categories":[48,53],"tags":[],"class_list":["post-11364","post","type-post","status-publish","format-standard","hentry","category-actualidad","category-universidad-al-dia"],"yoast_head":"<!-- This site is optimized with the Yoast SEO plugin v27.5 - https:\/\/yoast.com\/product\/yoast-seo-wordpress\/ -->\n<title>Desarrollo Familiar dio la bienvenida a sus nuevos estudiantes .<\/title>\n<meta name=\"robots\" content=\"index, follow, max-snippet:-1, max-image-preview:large, max-video-preview:-1\" \/>\n<link rel=\"canonical\" href=\"https:\/\/www.ucaldas.edu.co\/portal\/desarrollo-familiar-dio-la-bienvenida-a-sus-nuevos-estudiantes\/\" \/>\n<script type=\"application\/ld+json\" class=\"yoast-schema-graph\">{\"@context\":\"https:\\\/\\\/schema.org\",\"@graph\":[{\"@type\":\"Article\",\"@id\":\"https:\\\/\\\/www.ucaldas.edu.co\\\/portal\\\/desarrollo-familiar-dio-la-bienvenida-a-sus-nuevos-estudiantes\\\/#article\",\"isPartOf\":{\"@id\":\"https:\\\/\\\/www.ucaldas.edu.co\\\/portal\\\/desarrollo-familiar-dio-la-bienvenida-a-sus-nuevos-estudiantes\\\/\"},\"author\":{\"name\":\"ofiprensa\",\"@id\":\"https:\\\/\\\/www.ucaldas.edu.co\\\/portal\\\/#\\\/schema\\\/person\\\/a1b482e23449158b4bc319926c074fdf\"},\"headline\":\"Desarrollo Familiar dio la bienvenida a sus nuevos estudiantes\",\"datePublished\":\"2012-09-04T19:37:34+00:00\",\"mainEntityOfPage\":{\"@id\":\"https:\\\/\\\/www.ucaldas.edu.co\\\/portal\\\/desarrollo-familiar-dio-la-bienvenida-a-sus-nuevos-estudiantes\\\/\"},\"wordCount\":229,\"publisher\":{\"@id\":\"https:\\\/\\\/www.ucaldas.edu.co\\\/portal\\\/#organization\"},\"image\":{\"@id\":\"https:\\\/\\\/www.ucaldas.edu.co\\\/portal\\\/desarrollo-familiar-dio-la-bienvenida-a-sus-nuevos-estudiantes\\\/#primaryimage\"},\"thumbnailUrl\":\"http:\\\/\\\/www.ucaldas.edu.co\\\/images\\\/tmp\\\/induccion_desarrollo_familiar_ucaldas_2012.jpg\",\"articleSection\":[\"Actualidad\",\"Universidad al D\u00eda\"],\"inLanguage\":\"es\"},{\"@type\":\"WebPage\",\"@id\":\"https:\\\/\\\/www.ucaldas.edu.co\\\/portal\\\/desarrollo-familiar-dio-la-bienvenida-a-sus-nuevos-estudiantes\\\/\",\"url\":\"https:\\\/\\\/www.ucaldas.edu.co\\\/portal\\\/desarrollo-familiar-dio-la-bienvenida-a-sus-nuevos-estudiantes\\\/\",\"name\":\"Desarrollo Familiar dio la bienvenida a sus nuevos estudiantes .\",\"isPartOf\":{\"@id\":\"https:\\\/\\\/www.ucaldas.edu.co\\\/portal\\\/#website\"},\"primaryImageOfPage\":{\"@id\":\"https:\\\/\\\/www.ucaldas.edu.co\\\/portal\\\/desarrollo-familiar-dio-la-bienvenida-a-sus-nuevos-estudiantes\\\/#primaryimage\"},\"image\":{\"@id\":\"https:\\\/\\\/www.ucaldas.edu.co\\\/portal\\\/desarrollo-familiar-dio-la-bienvenida-a-sus-nuevos-estudiantes\\\/#primaryimage\"},\"thumbnailUrl\":\"http:\\\/\\\/www.ucaldas.edu.co\\\/images\\\/tmp\\\/induccion_desarrollo_familiar_ucaldas_2012.jpg\",\"datePublished\":\"2012-09-04T19:37:34+00:00\",\"breadcrumb\":{\"@id\":\"https:\\\/\\\/www.ucaldas.edu.co\\\/portal\\\/desarrollo-familiar-dio-la-bienvenida-a-sus-nuevos-estudiantes\\\/#breadcrumb\"},\"inLanguage\":\"es\",\"potentialAction\":[{\"@type\":\"ReadAction\",\"target\":[\"https:\\\/\\\/www.ucaldas.edu.co\\\/portal\\\/desarrollo-familiar-dio-la-bienvenida-a-sus-nuevos-estudiantes\\\/\"]}]},{\"@type\":\"ImageObject\",\"inLanguage\":\"es\",\"@id\":\"https:\\\/\\\/www.ucaldas.edu.co\\\/portal\\\/desarrollo-familiar-dio-la-bienvenida-a-sus-nuevos-estudiantes\\\/#primaryimage\",\"url\":\"http:\\\/\\\/www.ucaldas.edu.co\\\/images\\\/tmp\\\/induccion_desarrollo_familiar_ucaldas_2012.jpg\",\"contentUrl\":\"http:\\\/\\\/www.ucaldas.edu.co\\\/images\\\/tmp\\\/induccion_desarrollo_familiar_ucaldas_2012.jpg\"},{\"@type\":\"BreadcrumbList\",\"@id\":\"https:\\\/\\\/www.ucaldas.edu.co\\\/portal\\\/desarrollo-familiar-dio-la-bienvenida-a-sus-nuevos-estudiantes\\\/#breadcrumb\",\"itemListElement\":[{\"@type\":\"ListItem\",\"position\":1,\"name\":\"Portada\",\"item\":\"https:\\\/\\\/www.ucaldas.edu.co\\\/portal\\\/\"},{\"@type\":\"ListItem\",\"position\":2,\"name\":\"Desarrollo Familiar dio la bienvenida a sus nuevos estudiantes\"}]},{\"@type\":\"WebSite\",\"@id\":\"https:\\\/\\\/www.ucaldas.edu.co\\\/portal\\\/#website\",\"url\":\"https:\\\/\\\/www.ucaldas.edu.co\\\/portal\\\/\",\"name\":\"Universidad de Caldas\",\"description\":\"\",\"publisher\":{\"@id\":\"https:\\\/\\\/www.ucaldas.edu.co\\\/portal\\\/#organization\"},\"alternateName\":\"U. de Caldas\",\"potentialAction\":[{\"@type\":\"SearchAction\",\"target\":{\"@type\":\"EntryPoint\",\"urlTemplate\":\"https:\\\/\\\/www.ucaldas.edu.co\\\/portal\\\/?s={search_term_string}\"},\"query-input\":{\"@type\":\"PropertyValueSpecification\",\"valueRequired\":true,\"valueName\":\"search_term_string\"}}],\"inLanguage\":\"es\"},{\"@type\":\"Organization\",\"@id\":\"https:\\\/\\\/www.ucaldas.edu.co\\\/portal\\\/#organization\",\"name\":\"Universidad de Caldas\",\"alternateName\":\"U. de Caldas\",\"url\":\"https:\\\/\\\/www.ucaldas.edu.co\\\/portal\\\/\",\"logo\":{\"@type\":\"ImageObject\",\"inLanguage\":\"es\",\"@id\":\"https:\\\/\\\/www.ucaldas.edu.co\\\/portal\\\/#\\\/schema\\\/logo\\\/image\\\/\",\"url\":\"https:\\\/\\\/www.ucaldas.edu.co\\\/portal\\\/wp-content\\\/uploads\\\/2023\\\/11\\\/Logo_horizontal_oscuroU-2023.png\",\"contentUrl\":\"https:\\\/\\\/www.ucaldas.edu.co\\\/portal\\\/wp-content\\\/uploads\\\/2023\\\/11\\\/Logo_horizontal_oscuroU-2023.png\",\"width\":263,\"height\":101,\"caption\":\"Universidad de Caldas\"},\"image\":{\"@id\":\"https:\\\/\\\/www.ucaldas.edu.co\\\/portal\\\/#\\\/schema\\\/logo\\\/image\\\/\"},\"sameAs\":[\"https:\\\/\\\/www.facebook.com\\\/udecaldas\",\"https:\\\/\\\/x.com\\\/udecaldas\",\"https:\\\/\\\/www.youtube.com\\\/universidadcaldas\",\"https:\\\/\\\/www.instagram.com\\\/udecaldas\\\/\"]},{\"@type\":\"Person\",\"@id\":\"https:\\\/\\\/www.ucaldas.edu.co\\\/portal\\\/#\\\/schema\\\/person\\\/a1b482e23449158b4bc319926c074fdf\",\"name\":\"ofiprensa\",\"image\":{\"@type\":\"ImageObject\",\"inLanguage\":\"es\",\"@id\":\"https:\\\/\\\/www.ucaldas.edu.co\\\/portal\\\/wp-content\\\/litespeed\\\/avatar\\\/09ea5085e600095a7a811142c6944527.jpg?ver=1777497608\",\"url\":\"https:\\\/\\\/www.ucaldas.edu.co\\\/portal\\\/wp-content\\\/litespeed\\\/avatar\\\/09ea5085e600095a7a811142c6944527.jpg?ver=1777497608\",\"contentUrl\":\"https:\\\/\\\/www.ucaldas.edu.co\\\/portal\\\/wp-content\\\/litespeed\\\/avatar\\\/09ea5085e600095a7a811142c6944527.jpg?ver=1777497608\",\"caption\":\"ofiprensa\"},\"url\":\"https:\\\/\\\/www.ucaldas.edu.co\\\/portal\\\/author\\\/ofiprensa\\\/\"}]}<\/script>\n<!-- \/ Yoast SEO plugin. -->","yoast_head_json":{"title":"Desarrollo Familiar dio la bienvenida a sus nuevos estudiantes .","robots":{"index":"index","follow":"follow","max-snippet":"max-snippet:-1","max-image-preview":"max-image-preview:large","max-video-preview":"max-video-preview:-1"},"canonical":"https:\/\/www.ucaldas.edu.co\/portal\/desarrollo-familiar-dio-la-bienvenida-a-sus-nuevos-estudiantes\/","schema":{"@context":"https:\/\/schema.org","@graph":[{"@type":"Article","@id":"https:\/\/www.ucaldas.edu.co\/portal\/desarrollo-familiar-dio-la-bienvenida-a-sus-nuevos-estudiantes\/#article","isPartOf":{"@id":"https:\/\/www.ucaldas.edu.co\/portal\/desarrollo-familiar-dio-la-bienvenida-a-sus-nuevos-estudiantes\/"},"author":{"name":"ofiprensa","@id":"https:\/\/www.ucaldas.edu.co\/portal\/#\/schema\/person\/a1b482e23449158b4bc319926c074fdf"},"headline":"Desarrollo Familiar dio la bienvenida a sus nuevos estudiantes","datePublished":"2012-09-04T19:37:34+00:00","mainEntityOfPage":{"@id":"https:\/\/www.ucaldas.edu.co\/portal\/desarrollo-familiar-dio-la-bienvenida-a-sus-nuevos-estudiantes\/"},"wordCount":229,"publisher":{"@id":"https:\/\/www.ucaldas.edu.co\/portal\/#organization"},"image":{"@id":"https:\/\/www.ucaldas.edu.co\/portal\/desarrollo-familiar-dio-la-bienvenida-a-sus-nuevos-estudiantes\/#primaryimage"},"thumbnailUrl":"http:\/\/www.ucaldas.edu.co\/images\/tmp\/induccion_desarrollo_familiar_ucaldas_2012.jpg","articleSection":["Actualidad","Universidad al D\u00eda"],"inLanguage":"es"},{"@type":"WebPage","@id":"https:\/\/www.ucaldas.edu.co\/portal\/desarrollo-familiar-dio-la-bienvenida-a-sus-nuevos-estudiantes\/","url":"https:\/\/www.ucaldas.edu.co\/portal\/desarrollo-familiar-dio-la-bienvenida-a-sus-nuevos-estudiantes\/","name":"Desarrollo Familiar dio la bienvenida a sus nuevos estudiantes .","isPartOf":{"@id":"https:\/\/www.ucaldas.edu.co\/portal\/#website"},"primaryImageOfPage":{"@id":"https:\/\/www.ucaldas.edu.co\/portal\/desarrollo-familiar-dio-la-bienvenida-a-sus-nuevos-estudiantes\/#primaryimage"},"image":{"@id":"https:\/\/www.ucaldas.edu.co\/portal\/desarrollo-familiar-dio-la-bienvenida-a-sus-nuevos-estudiantes\/#primaryimage"},"thumbnailUrl":"http:\/\/www.ucaldas.edu.co\/images\/tmp\/induccion_desarrollo_familiar_ucaldas_2012.jpg","datePublished":"2012-09-04T19:37:34+00:00","breadcrumb":{"@id":"https:\/\/www.ucaldas.edu.co\/portal\/desarrollo-familiar-dio-la-bienvenida-a-sus-nuevos-estudiantes\/#breadcrumb"},"inLanguage":"es","potentialAction":[{"@type":"ReadAction","target":["https:\/\/www.ucaldas.edu.co\/portal\/desarrollo-familiar-dio-la-bienvenida-a-sus-nuevos-estudiantes\/"]}]},{"@type":"ImageObject","inLanguage":"es","@id":"https:\/\/www.ucaldas.edu.co\/portal\/desarrollo-familiar-dio-la-bienvenida-a-sus-nuevos-estudiantes\/#primaryimage","url":"http:\/\/www.ucaldas.edu.co\/images\/tmp\/induccion_desarrollo_familiar_ucaldas_2012.jpg","contentUrl":"http:\/\/www.ucaldas.edu.co\/images\/tmp\/induccion_desarrollo_familiar_ucaldas_2012.jpg"},{"@type":"BreadcrumbList","@id":"https:\/\/www.ucaldas.edu.co\/portal\/desarrollo-familiar-dio-la-bienvenida-a-sus-nuevos-estudiantes\/#breadcrumb","itemListElement":[{"@type":"ListItem","position":1,"name":"Portada","item":"https:\/\/www.ucaldas.edu.co\/portal\/"},{"@type":"ListItem","position":2,"name":"Desarrollo Familiar dio la bienvenida a sus nuevos estudiantes"}]},{"@type":"WebSite","@id":"https:\/\/www.ucaldas.edu.co\/portal\/#website","url":"https:\/\/www.ucaldas.edu.co\/portal\/","name":"Universidad de Caldas","description":"","publisher":{"@id":"https:\/\/www.ucaldas.edu.co\/portal\/#organization"},"alternateName":"U. de Caldas","potentialAction":[{"@type":"SearchAction","target":{"@type":"EntryPoint","urlTemplate":"https:\/\/www.ucaldas.edu.co\/portal\/?s={search_term_string}"},"query-input":{"@type":"PropertyValueSpecification","valueRequired":true,"valueName":"search_term_string"}}],"inLanguage":"es"},{"@type":"Organization","@id":"https:\/\/www.ucaldas.edu.co\/portal\/#organization","name":"Universidad de Caldas","alternateName":"U. de Caldas","url":"https:\/\/www.ucaldas.edu.co\/portal\/","logo":{"@type":"ImageObject","inLanguage":"es","@id":"https:\/\/www.ucaldas.edu.co\/portal\/#\/schema\/logo\/image\/","url":"https:\/\/www.ucaldas.edu.co\/portal\/wp-content\/uploads\/2023\/11\/Logo_horizontal_oscuroU-2023.png","contentUrl":"https:\/\/www.ucaldas.edu.co\/portal\/wp-content\/uploads\/2023\/11\/Logo_horizontal_oscuroU-2023.png","width":263,"height":101,"caption":"Universidad de Caldas"},"image":{"@id":"https:\/\/www.ucaldas.edu.co\/portal\/#\/schema\/logo\/image\/"},"sameAs":["https:\/\/www.facebook.com\/udecaldas","https:\/\/x.com\/udecaldas","https:\/\/www.youtube.com\/universidadcaldas","https:\/\/www.instagram.com\/udecaldas\/"]},{"@type":"Person","@id":"https:\/\/www.ucaldas.edu.co\/portal\/#\/schema\/person\/a1b482e23449158b4bc319926c074fdf","name":"ofiprensa","image":{"@type":"ImageObject","inLanguage":"es","@id":"https:\/\/www.ucaldas.edu.co\/portal\/wp-content\/litespeed\/avatar\/09ea5085e600095a7a811142c6944527.jpg?ver=1777497608","url":"https:\/\/www.ucaldas.edu.co\/portal\/wp-content\/litespeed\/avatar\/09ea5085e600095a7a811142c6944527.jpg?ver=1777497608","contentUrl":"https:\/\/www.ucaldas.edu.co\/portal\/wp-content\/litespeed\/avatar\/09ea5085e600095a7a811142c6944527.jpg?ver=1777497608","caption":"ofiprensa"},"url":"https:\/\/www.ucaldas.edu.co\/portal\/author\/ofiprensa\/"}]}},"_links":{"self":[{"href":"https:\/\/www.ucaldas.edu.co\/portal\/wp-json\/wp\/v2\/posts\/11364","targetHints":{"allow":["GET"]}}],"collection":[{"href":"https:\/\/www.ucaldas.edu.co\/portal\/wp-json\/wp\/v2\/posts"}],"about":[{"href":"https:\/\/www.ucaldas.edu.co\/portal\/wp-json\/wp\/v2\/types\/post"}],"author":[{"embeddable":true,"href":"https:\/\/www.ucaldas.edu.co\/portal\/wp-json\/wp\/v2\/users\/2"}],"replies":[{"embeddable":true,"href":"https:\/\/www.ucaldas.edu.co\/portal\/wp-json\/wp\/v2\/comments?post=11364"}],"version-history":[{"count":0,"href":"https:\/\/www.ucaldas.edu.co\/portal\/wp-json\/wp\/v2\/posts\/11364\/revisions"}],"wp:attachment":[{"href":"https:\/\/www.ucaldas.edu.co\/portal\/wp-json\/wp\/v2\/media?parent=11364"}],"wp:term":[{"taxonomy":"category","embeddable":true,"href":"https:\/\/www.ucaldas.edu.co\/portal\/wp-json\/wp\/v2\/categories?post=11364"},{"taxonomy":"post_tag","embeddable":true,"href":"https:\/\/www.ucaldas.edu.co\/portal\/wp-json\/wp\/v2\/tags?post=11364"}],"curies":[{"name":"wp","href":"https:\/\/api.w.org\/{rel}","templated":true}]}}