{"id":11351,"date":"2012-09-03T14:27:30","date_gmt":"2012-09-03T19:27:30","guid":{"rendered":"https:\/\/www.ucaldas.edu.co\/portal\/?p=11351"},"modified":"2012-09-03T14:27:30","modified_gmt":"2012-09-03T19:27:30","slug":"u-de-caldas-recibio-visita-de-director-de-cultura-de-u-de-guadalajara-mexico","status":"publish","type":"post","link":"https:\/\/www.ucaldas.edu.co\/portal\/u-de-caldas-recibio-visita-de-director-de-cultura-de-u-de-guadalajara-mexico\/","title":{"rendered":"U. de Caldas recibi\u00f3 visita de Director de Cultura de U. de Guadalajara (M\u00e9xico)"},"content":{"rendered":"<p>Igor Losada present\u00f3 modelos de gesti\u00f3n de espacios culturales<\/p>\n<hr \/>\n<p>&nbsp;<\/p>\n<p align=\"right\"><b>\u00a0<\/b><\/p>\n<p align=\"right\">03\/09\/2012<br \/>\nRedacci\u00f3n: Margarita Laverde Galvis<\/p>\n<p><b>\u00a0<\/b><\/p>\n<p>&nbsp;<\/p>\n<table border=\"0\">\n<tbody>\n<tr>\n<td><img decoding=\"async\" style=\"color: #333333;font-family: Georgia, 'Times New Roman', 'Bitstream Charter', Times, serif;font-size: 14px;line-height: 21px;border: 0px\" title=\"charla mexicano\" alt=\"harla Mexicano\" src=\"http:\/\/www.ucaldas.edu.co\/images\/tmp\/charla_mexico.jpg\" border=\"0\" \/><\/td>\n<\/tr>\n<\/tbody>\n<\/table>\n<h4>Foto: Guillermo Sarmiento Estrada\/ Prensa U. de Caldas.<\/h4>\n<p>Igor Losada,<b> Director de Cultura de la Universidad de Guadalajara (M\u00e9xico),<\/b> <b>visit\u00f3<\/b> este <b>lunes 3<\/b> de <b>septiembre<\/b> del 2012 la <b>Universidad de Caldas<\/b>, para <b>orientar<\/b> el <b>conversatorio<\/b> sobre <b>Centro cultural y universidad<\/b>: <b>alianzas para el conocimiento.<\/b> El invitado present\u00f3 modelos de gesti\u00f3n en espacios culturales.<\/p>\n<p>&nbsp;<\/p>\n<p>&nbsp;<\/p>\n<p>\u201cLa experiencia de la universidad de d\u00f3nde vengo es un modelo muy peculiar e innovador en M\u00e9xico, donde hay pocas instituciones que est\u00e1n despertando esta nueva manera de relacionar la cultura, inmuebles, ciudad, difusi\u00f3n cultural y cient\u00edfica, todo en un mismo espacio, con una visi\u00f3n distinta a lo que se hab\u00eda estado realizando\u201d, coment\u00f3 Losada.<\/p>\n<p>&nbsp;<\/p>\n<p><b>Dentro de las competencias<\/b> <b>del invitado<\/b> est\u00e1 la <b>gesti\u00f3n de teatros<\/b> y <b>centros culturales<\/b> de esa universidad, adem\u00e1s de <b>eventos tan destacados a nivel latinoamericano<\/b> como la <b>Feria del Libro de Guadalajara<\/b> y el <b>Festival de Cine de esa ciudad.<\/b><\/p>\n<p><b>\u00a0<\/b><\/p>\n<p>\u201cMientras m\u00e1s rica y estructurada sea la vida cotidiana, inmediatamente repercute a nivel social. Esto les da herramientas para mejorar la calidad de vida y es una manera mucho m\u00e1s natural de interacci\u00f3n y de hacer que los espacios est\u00e9n vivos\u201d, agreg\u00f3 el mexicano.<\/p>\n<p>&nbsp;<\/p>\n<p>El <b>encuentro<\/b> lo <b>organiz\u00f3<\/b> la <b>U. de Caldas,<\/b> <b>con el apoyo<\/b> del <b>Festival Internacional de Teatro de Manizales.<\/b><\/p>\n<p><b>\u00a0<\/b><\/p>\n<p><a href=\"http:\/\/www.facebook.com\/media\/set\/?set=a.406203092774895.95021.107054166023124&amp;type=3\" target=\"_blank\">Conozca aqu\u00ed im\u00e1genes del conversatorio sobre Centro cultural y universidad: alianzas para el conocimiento<\/a><\/p>\n<p>&nbsp;<\/p>\n<p><b>Informes: <\/b>Oficina de Prensa, tel\u00e9fono 878 15 00, extensi\u00f3n 12 167.<\/p>\n","protected":false},"excerpt":{"rendered":"<p>Igor Losada present\u00f3 modelos de gesti\u00f3n de espacios culturales &nbsp; \u00a0 03\/09\/2012 Redacci\u00f3n: Margarita Laverde Galvis \u00a0 &nbsp; Foto: Guillermo Sarmiento Estrada\/ Prensa U. de Caldas. Igor Losada, Director de Cultura de la Universidad de Guadalajara (M\u00e9xico), visit\u00f3 este lunes 3 de septiembre del 2012 la Universidad de Caldas, para orientar el conversatorio sobre Centro [&hellip;]<\/p>\n","protected":false},"author":2,"featured_media":0,"comment_status":"closed","ping_status":"closed","sticky":false,"template":"","format":"standard","meta":{"footnotes":""},"categories":[48,53],"tags":[],"class_list":["post-11351","post","type-post","status-publish","format-standard","hentry","category-actualidad","category-universidad-al-dia"],"yoast_head":"<!-- This site is optimized with the Yoast SEO plugin v27.5 - https:\/\/yoast.com\/product\/yoast-seo-wordpress\/ -->\n<title>U. de Caldas recibi\u00f3 visita de Director de Cultura de U. de Guadalajara (M\u00e9xico) .<\/title>\n<meta name=\"robots\" content=\"index, follow, max-snippet:-1, max-image-preview:large, max-video-preview:-1\" \/>\n<link rel=\"canonical\" href=\"https:\/\/www.ucaldas.edu.co\/portal\/u-de-caldas-recibio-visita-de-director-de-cultura-de-u-de-guadalajara-mexico\/\" \/>\n<script type=\"application\/ld+json\" class=\"yoast-schema-graph\">{\"@context\":\"https:\\\/\\\/schema.org\",\"@graph\":[{\"@type\":\"Article\",\"@id\":\"https:\\\/\\\/www.ucaldas.edu.co\\\/portal\\\/u-de-caldas-recibio-visita-de-director-de-cultura-de-u-de-guadalajara-mexico\\\/#article\",\"isPartOf\":{\"@id\":\"https:\\\/\\\/www.ucaldas.edu.co\\\/portal\\\/u-de-caldas-recibio-visita-de-director-de-cultura-de-u-de-guadalajara-mexico\\\/\"},\"author\":{\"name\":\"ofiprensa\",\"@id\":\"https:\\\/\\\/www.ucaldas.edu.co\\\/portal\\\/#\\\/schema\\\/person\\\/a1b482e23449158b4bc319926c074fdf\"},\"headline\":\"U. de Caldas recibi\u00f3 visita de Director de Cultura de U. de Guadalajara (M\u00e9xico)\",\"datePublished\":\"2012-09-03T19:27:30+00:00\",\"mainEntityOfPage\":{\"@id\":\"https:\\\/\\\/www.ucaldas.edu.co\\\/portal\\\/u-de-caldas-recibio-visita-de-director-de-cultura-de-u-de-guadalajara-mexico\\\/\"},\"wordCount\":283,\"publisher\":{\"@id\":\"https:\\\/\\\/www.ucaldas.edu.co\\\/portal\\\/#organization\"},\"image\":{\"@id\":\"https:\\\/\\\/www.ucaldas.edu.co\\\/portal\\\/u-de-caldas-recibio-visita-de-director-de-cultura-de-u-de-guadalajara-mexico\\\/#primaryimage\"},\"thumbnailUrl\":\"http:\\\/\\\/www.ucaldas.edu.co\\\/images\\\/tmp\\\/charla_mexico.jpg\",\"articleSection\":[\"Actualidad\",\"Universidad al D\u00eda\"],\"inLanguage\":\"es\"},{\"@type\":\"WebPage\",\"@id\":\"https:\\\/\\\/www.ucaldas.edu.co\\\/portal\\\/u-de-caldas-recibio-visita-de-director-de-cultura-de-u-de-guadalajara-mexico\\\/\",\"url\":\"https:\\\/\\\/www.ucaldas.edu.co\\\/portal\\\/u-de-caldas-recibio-visita-de-director-de-cultura-de-u-de-guadalajara-mexico\\\/\",\"name\":\"U. de Caldas recibi\u00f3 visita de Director de Cultura de U. de Guadalajara (M\u00e9xico) .\",\"isPartOf\":{\"@id\":\"https:\\\/\\\/www.ucaldas.edu.co\\\/portal\\\/#website\"},\"primaryImageOfPage\":{\"@id\":\"https:\\\/\\\/www.ucaldas.edu.co\\\/portal\\\/u-de-caldas-recibio-visita-de-director-de-cultura-de-u-de-guadalajara-mexico\\\/#primaryimage\"},\"image\":{\"@id\":\"https:\\\/\\\/www.ucaldas.edu.co\\\/portal\\\/u-de-caldas-recibio-visita-de-director-de-cultura-de-u-de-guadalajara-mexico\\\/#primaryimage\"},\"thumbnailUrl\":\"http:\\\/\\\/www.ucaldas.edu.co\\\/images\\\/tmp\\\/charla_mexico.jpg\",\"datePublished\":\"2012-09-03T19:27:30+00:00\",\"breadcrumb\":{\"@id\":\"https:\\\/\\\/www.ucaldas.edu.co\\\/portal\\\/u-de-caldas-recibio-visita-de-director-de-cultura-de-u-de-guadalajara-mexico\\\/#breadcrumb\"},\"inLanguage\":\"es\",\"potentialAction\":[{\"@type\":\"ReadAction\",\"target\":[\"https:\\\/\\\/www.ucaldas.edu.co\\\/portal\\\/u-de-caldas-recibio-visita-de-director-de-cultura-de-u-de-guadalajara-mexico\\\/\"]}]},{\"@type\":\"ImageObject\",\"inLanguage\":\"es\",\"@id\":\"https:\\\/\\\/www.ucaldas.edu.co\\\/portal\\\/u-de-caldas-recibio-visita-de-director-de-cultura-de-u-de-guadalajara-mexico\\\/#primaryimage\",\"url\":\"http:\\\/\\\/www.ucaldas.edu.co\\\/images\\\/tmp\\\/charla_mexico.jpg\",\"contentUrl\":\"http:\\\/\\\/www.ucaldas.edu.co\\\/images\\\/tmp\\\/charla_mexico.jpg\"},{\"@type\":\"BreadcrumbList\",\"@id\":\"https:\\\/\\\/www.ucaldas.edu.co\\\/portal\\\/u-de-caldas-recibio-visita-de-director-de-cultura-de-u-de-guadalajara-mexico\\\/#breadcrumb\",\"itemListElement\":[{\"@type\":\"ListItem\",\"position\":1,\"name\":\"Portada\",\"item\":\"https:\\\/\\\/www.ucaldas.edu.co\\\/portal\\\/\"},{\"@type\":\"ListItem\",\"position\":2,\"name\":\"U. de Caldas recibi\u00f3 visita de Director de Cultura de U. de Guadalajara (M\u00e9xico)\"}]},{\"@type\":\"WebSite\",\"@id\":\"https:\\\/\\\/www.ucaldas.edu.co\\\/portal\\\/#website\",\"url\":\"https:\\\/\\\/www.ucaldas.edu.co\\\/portal\\\/\",\"name\":\"Universidad de Caldas\",\"description\":\"\",\"publisher\":{\"@id\":\"https:\\\/\\\/www.ucaldas.edu.co\\\/portal\\\/#organization\"},\"alternateName\":\"U. de Caldas\",\"potentialAction\":[{\"@type\":\"SearchAction\",\"target\":{\"@type\":\"EntryPoint\",\"urlTemplate\":\"https:\\\/\\\/www.ucaldas.edu.co\\\/portal\\\/?s={search_term_string}\"},\"query-input\":{\"@type\":\"PropertyValueSpecification\",\"valueRequired\":true,\"valueName\":\"search_term_string\"}}],\"inLanguage\":\"es\"},{\"@type\":\"Organization\",\"@id\":\"https:\\\/\\\/www.ucaldas.edu.co\\\/portal\\\/#organization\",\"name\":\"Universidad de Caldas\",\"alternateName\":\"U. de Caldas\",\"url\":\"https:\\\/\\\/www.ucaldas.edu.co\\\/portal\\\/\",\"logo\":{\"@type\":\"ImageObject\",\"inLanguage\":\"es\",\"@id\":\"https:\\\/\\\/www.ucaldas.edu.co\\\/portal\\\/#\\\/schema\\\/logo\\\/image\\\/\",\"url\":\"https:\\\/\\\/www.ucaldas.edu.co\\\/portal\\\/wp-content\\\/uploads\\\/2023\\\/11\\\/Logo_horizontal_oscuroU-2023.png\",\"contentUrl\":\"https:\\\/\\\/www.ucaldas.edu.co\\\/portal\\\/wp-content\\\/uploads\\\/2023\\\/11\\\/Logo_horizontal_oscuroU-2023.png\",\"width\":263,\"height\":101,\"caption\":\"Universidad de Caldas\"},\"image\":{\"@id\":\"https:\\\/\\\/www.ucaldas.edu.co\\\/portal\\\/#\\\/schema\\\/logo\\\/image\\\/\"},\"sameAs\":[\"https:\\\/\\\/www.facebook.com\\\/udecaldas\",\"https:\\\/\\\/x.com\\\/udecaldas\",\"https:\\\/\\\/www.youtube.com\\\/universidadcaldas\",\"https:\\\/\\\/www.instagram.com\\\/udecaldas\\\/\"]},{\"@type\":\"Person\",\"@id\":\"https:\\\/\\\/www.ucaldas.edu.co\\\/portal\\\/#\\\/schema\\\/person\\\/a1b482e23449158b4bc319926c074fdf\",\"name\":\"ofiprensa\",\"image\":{\"@type\":\"ImageObject\",\"inLanguage\":\"es\",\"@id\":\"https:\\\/\\\/www.ucaldas.edu.co\\\/portal\\\/wp-content\\\/litespeed\\\/avatar\\\/09ea5085e600095a7a811142c6944527.jpg?ver=1777497608\",\"url\":\"https:\\\/\\\/www.ucaldas.edu.co\\\/portal\\\/wp-content\\\/litespeed\\\/avatar\\\/09ea5085e600095a7a811142c6944527.jpg?ver=1777497608\",\"contentUrl\":\"https:\\\/\\\/www.ucaldas.edu.co\\\/portal\\\/wp-content\\\/litespeed\\\/avatar\\\/09ea5085e600095a7a811142c6944527.jpg?ver=1777497608\",\"caption\":\"ofiprensa\"},\"url\":\"https:\\\/\\\/www.ucaldas.edu.co\\\/portal\\\/author\\\/ofiprensa\\\/\"}]}<\/script>\n<!-- \/ Yoast SEO plugin. -->","yoast_head_json":{"title":"U. de Caldas recibi\u00f3 visita de Director de Cultura de U. de Guadalajara (M\u00e9xico) .","robots":{"index":"index","follow":"follow","max-snippet":"max-snippet:-1","max-image-preview":"max-image-preview:large","max-video-preview":"max-video-preview:-1"},"canonical":"https:\/\/www.ucaldas.edu.co\/portal\/u-de-caldas-recibio-visita-de-director-de-cultura-de-u-de-guadalajara-mexico\/","schema":{"@context":"https:\/\/schema.org","@graph":[{"@type":"Article","@id":"https:\/\/www.ucaldas.edu.co\/portal\/u-de-caldas-recibio-visita-de-director-de-cultura-de-u-de-guadalajara-mexico\/#article","isPartOf":{"@id":"https:\/\/www.ucaldas.edu.co\/portal\/u-de-caldas-recibio-visita-de-director-de-cultura-de-u-de-guadalajara-mexico\/"},"author":{"name":"ofiprensa","@id":"https:\/\/www.ucaldas.edu.co\/portal\/#\/schema\/person\/a1b482e23449158b4bc319926c074fdf"},"headline":"U. de Caldas recibi\u00f3 visita de Director de Cultura de U. de Guadalajara (M\u00e9xico)","datePublished":"2012-09-03T19:27:30+00:00","mainEntityOfPage":{"@id":"https:\/\/www.ucaldas.edu.co\/portal\/u-de-caldas-recibio-visita-de-director-de-cultura-de-u-de-guadalajara-mexico\/"},"wordCount":283,"publisher":{"@id":"https:\/\/www.ucaldas.edu.co\/portal\/#organization"},"image":{"@id":"https:\/\/www.ucaldas.edu.co\/portal\/u-de-caldas-recibio-visita-de-director-de-cultura-de-u-de-guadalajara-mexico\/#primaryimage"},"thumbnailUrl":"http:\/\/www.ucaldas.edu.co\/images\/tmp\/charla_mexico.jpg","articleSection":["Actualidad","Universidad al D\u00eda"],"inLanguage":"es"},{"@type":"WebPage","@id":"https:\/\/www.ucaldas.edu.co\/portal\/u-de-caldas-recibio-visita-de-director-de-cultura-de-u-de-guadalajara-mexico\/","url":"https:\/\/www.ucaldas.edu.co\/portal\/u-de-caldas-recibio-visita-de-director-de-cultura-de-u-de-guadalajara-mexico\/","name":"U. de Caldas recibi\u00f3 visita de Director de Cultura de U. de Guadalajara (M\u00e9xico) .","isPartOf":{"@id":"https:\/\/www.ucaldas.edu.co\/portal\/#website"},"primaryImageOfPage":{"@id":"https:\/\/www.ucaldas.edu.co\/portal\/u-de-caldas-recibio-visita-de-director-de-cultura-de-u-de-guadalajara-mexico\/#primaryimage"},"image":{"@id":"https:\/\/www.ucaldas.edu.co\/portal\/u-de-caldas-recibio-visita-de-director-de-cultura-de-u-de-guadalajara-mexico\/#primaryimage"},"thumbnailUrl":"http:\/\/www.ucaldas.edu.co\/images\/tmp\/charla_mexico.jpg","datePublished":"2012-09-03T19:27:30+00:00","breadcrumb":{"@id":"https:\/\/www.ucaldas.edu.co\/portal\/u-de-caldas-recibio-visita-de-director-de-cultura-de-u-de-guadalajara-mexico\/#breadcrumb"},"inLanguage":"es","potentialAction":[{"@type":"ReadAction","target":["https:\/\/www.ucaldas.edu.co\/portal\/u-de-caldas-recibio-visita-de-director-de-cultura-de-u-de-guadalajara-mexico\/"]}]},{"@type":"ImageObject","inLanguage":"es","@id":"https:\/\/www.ucaldas.edu.co\/portal\/u-de-caldas-recibio-visita-de-director-de-cultura-de-u-de-guadalajara-mexico\/#primaryimage","url":"http:\/\/www.ucaldas.edu.co\/images\/tmp\/charla_mexico.jpg","contentUrl":"http:\/\/www.ucaldas.edu.co\/images\/tmp\/charla_mexico.jpg"},{"@type":"BreadcrumbList","@id":"https:\/\/www.ucaldas.edu.co\/portal\/u-de-caldas-recibio-visita-de-director-de-cultura-de-u-de-guadalajara-mexico\/#breadcrumb","itemListElement":[{"@type":"ListItem","position":1,"name":"Portada","item":"https:\/\/www.ucaldas.edu.co\/portal\/"},{"@type":"ListItem","position":2,"name":"U. de Caldas recibi\u00f3 visita de Director de Cultura de U. de Guadalajara (M\u00e9xico)"}]},{"@type":"WebSite","@id":"https:\/\/www.ucaldas.edu.co\/portal\/#website","url":"https:\/\/www.ucaldas.edu.co\/portal\/","name":"Universidad de Caldas","description":"","publisher":{"@id":"https:\/\/www.ucaldas.edu.co\/portal\/#organization"},"alternateName":"U. de Caldas","potentialAction":[{"@type":"SearchAction","target":{"@type":"EntryPoint","urlTemplate":"https:\/\/www.ucaldas.edu.co\/portal\/?s={search_term_string}"},"query-input":{"@type":"PropertyValueSpecification","valueRequired":true,"valueName":"search_term_string"}}],"inLanguage":"es"},{"@type":"Organization","@id":"https:\/\/www.ucaldas.edu.co\/portal\/#organization","name":"Universidad de Caldas","alternateName":"U. de Caldas","url":"https:\/\/www.ucaldas.edu.co\/portal\/","logo":{"@type":"ImageObject","inLanguage":"es","@id":"https:\/\/www.ucaldas.edu.co\/portal\/#\/schema\/logo\/image\/","url":"https:\/\/www.ucaldas.edu.co\/portal\/wp-content\/uploads\/2023\/11\/Logo_horizontal_oscuroU-2023.png","contentUrl":"https:\/\/www.ucaldas.edu.co\/portal\/wp-content\/uploads\/2023\/11\/Logo_horizontal_oscuroU-2023.png","width":263,"height":101,"caption":"Universidad de Caldas"},"image":{"@id":"https:\/\/www.ucaldas.edu.co\/portal\/#\/schema\/logo\/image\/"},"sameAs":["https:\/\/www.facebook.com\/udecaldas","https:\/\/x.com\/udecaldas","https:\/\/www.youtube.com\/universidadcaldas","https:\/\/www.instagram.com\/udecaldas\/"]},{"@type":"Person","@id":"https:\/\/www.ucaldas.edu.co\/portal\/#\/schema\/person\/a1b482e23449158b4bc319926c074fdf","name":"ofiprensa","image":{"@type":"ImageObject","inLanguage":"es","@id":"https:\/\/www.ucaldas.edu.co\/portal\/wp-content\/litespeed\/avatar\/09ea5085e600095a7a811142c6944527.jpg?ver=1777497608","url":"https:\/\/www.ucaldas.edu.co\/portal\/wp-content\/litespeed\/avatar\/09ea5085e600095a7a811142c6944527.jpg?ver=1777497608","contentUrl":"https:\/\/www.ucaldas.edu.co\/portal\/wp-content\/litespeed\/avatar\/09ea5085e600095a7a811142c6944527.jpg?ver=1777497608","caption":"ofiprensa"},"url":"https:\/\/www.ucaldas.edu.co\/portal\/author\/ofiprensa\/"}]}},"_links":{"self":[{"href":"https:\/\/www.ucaldas.edu.co\/portal\/wp-json\/wp\/v2\/posts\/11351","targetHints":{"allow":["GET"]}}],"collection":[{"href":"https:\/\/www.ucaldas.edu.co\/portal\/wp-json\/wp\/v2\/posts"}],"about":[{"href":"https:\/\/www.ucaldas.edu.co\/portal\/wp-json\/wp\/v2\/types\/post"}],"author":[{"embeddable":true,"href":"https:\/\/www.ucaldas.edu.co\/portal\/wp-json\/wp\/v2\/users\/2"}],"replies":[{"embeddable":true,"href":"https:\/\/www.ucaldas.edu.co\/portal\/wp-json\/wp\/v2\/comments?post=11351"}],"version-history":[{"count":0,"href":"https:\/\/www.ucaldas.edu.co\/portal\/wp-json\/wp\/v2\/posts\/11351\/revisions"}],"wp:attachment":[{"href":"https:\/\/www.ucaldas.edu.co\/portal\/wp-json\/wp\/v2\/media?parent=11351"}],"wp:term":[{"taxonomy":"category","embeddable":true,"href":"https:\/\/www.ucaldas.edu.co\/portal\/wp-json\/wp\/v2\/categories?post=11351"},{"taxonomy":"post_tag","embeddable":true,"href":"https:\/\/www.ucaldas.edu.co\/portal\/wp-json\/wp\/v2\/tags?post=11351"}],"curies":[{"name":"wp","href":"https:\/\/api.w.org\/{rel}","templated":true}]}}