{"id":11344,"date":"2012-09-03T14:21:02","date_gmt":"2012-09-03T19:21:02","guid":{"rendered":"https:\/\/www.ucaldas.edu.co\/portal\/?p=11344"},"modified":"2012-09-03T14:21:02","modified_gmt":"2012-09-03T19:21:02","slug":"estudiantes-u-de-caldas-podran-hacer-parte-de-la-red-familiar-de-la-institucion","status":"publish","type":"post","link":"https:\/\/www.ucaldas.edu.co\/portal\/estudiantes-u-de-caldas-podran-hacer-parte-de-la-red-familiar-de-la-institucion\/","title":{"rendered":"Estudiantes U. de Caldas podr\u00e1n   hacer parte de la Red Familiar de la Instituci\u00f3n"},"content":{"rendered":"<p>Este martes 4 de septiembre, a las 4:30 p.m.<\/p>\n<hr \/>\n<p>&nbsp;<\/p>\n<p align=\"right\">03\/09\/2012<br \/>\nRedacci\u00f3n: Margarita Laverde Galvis<\/p>\n<table border=\"0\">\n<tbody>\n<tr>\n<td><img decoding=\"async\" style=\"border: 0px\" title=\"Estudiantes U. de Caldas podr\u00e1n   hacer parte de la Red Familiar de la Instituci\u00f3n\" alt=\"red familiar\" src=\"http:\/\/www.ucaldas.edu.co\/images\/tmp\/red_familiar.jpg\" border=\"0\" \/><\/td>\n<td>\u00a0El<b> primer encuentro<\/b> de la <b>Red Familiar<\/b> de la <b>Universidad de Caldas<\/b>, que <b>busca reconocer<\/b> el <b>papel de la familia<\/b> como <b>agente de desarrollo humano integral<\/b>, ser\u00e1 este <b>martes 4<\/b> de <b>septiembre<\/b> del 2012, <b>a las 4:30 p.m.<\/b> en la <b>antigua Sala Carlos N\u00e1der N\u00e1der<\/b>, en el Campus Central de la Instituci\u00f3n.<\/td>\n<\/tr>\n<\/tbody>\n<\/table>\n<p>El proyecto pretende consolidarse como una red institucional que participa activamente en acciones de mejoras, para la construcci\u00f3n de proyectos de vida individual y familiar. Est\u00e1 dirigido a las familias de estudiantes de pregrado comprometidas con las acciones de mejoras.<\/p>\n<p>&nbsp;<\/p>\n<p>Surge de la estrategia de inclusi\u00f3n universitaria de la pol\u00edtica de la Oficina de Bienestar Universitario de la U. de Caldas, que busca a trav\u00e9s de la formaci\u00f3n integral del estudiante, disminuir factores de riesgo relacionados con lo psicosocial y condiciones adversas para el aprendizaje.<\/p>\n<p><a href=\"http:\/\/desarrollo.ucaldas.edu.co\/archivo\/images\/tmp\/plegableredfamiliar.pdf\" target=\"_blank\">Consulte aqu\u00ed m\u00e1s detalles de la Red Familiar U. de Caldas<\/a><\/p>\n<p><b>Informes: <\/b>con Didiana Vanesa Giraldo Osorio, \u00a0Coordinadora de la Red, en el celular <a href=\"http:\/\/desarrollo.ucaldas.edu.co\/archivo\/tel:313%20423%2071%2015\" target=\"_blank\">313 423 71 15<\/a> o en el tel\u00e9fono 878 15 00, extensi\u00f3n\u00a0 21 679.<\/p>\n","protected":false},"excerpt":{"rendered":"<p>Este martes 4 de septiembre, a las 4:30 p.m. &nbsp; 03\/09\/2012 Redacci\u00f3n: Margarita Laverde Galvis \u00a0El primer encuentro de la Red Familiar de la Universidad de Caldas, que busca reconocer el papel de la familia como agente de desarrollo humano integral, ser\u00e1 este martes 4 de septiembre del 2012, a las 4:30 p.m. en la [&hellip;]<\/p>\n","protected":false},"author":2,"featured_media":0,"comment_status":"closed","ping_status":"closed","sticky":false,"template":"","format":"standard","meta":{"footnotes":""},"categories":[48,53],"tags":[],"class_list":["post-11344","post","type-post","status-publish","format-standard","hentry","category-actualidad","category-universidad-al-dia"],"yoast_head":"<!-- This site is optimized with the Yoast SEO plugin v27.5 - https:\/\/yoast.com\/product\/yoast-seo-wordpress\/ -->\n<title>Estudiantes U. de Caldas podr\u00e1n  hacer parte de la Red Familiar de la Instituci\u00f3n .<\/title>\n<meta name=\"robots\" content=\"index, follow, max-snippet:-1, max-image-preview:large, max-video-preview:-1\" \/>\n<link rel=\"canonical\" href=\"https:\/\/www.ucaldas.edu.co\/portal\/estudiantes-u-de-caldas-podran-hacer-parte-de-la-red-familiar-de-la-institucion\/\" \/>\n<script type=\"application\/ld+json\" class=\"yoast-schema-graph\">{\"@context\":\"https:\\\/\\\/schema.org\",\"@graph\":[{\"@type\":\"Article\",\"@id\":\"https:\\\/\\\/www.ucaldas.edu.co\\\/portal\\\/estudiantes-u-de-caldas-podran-hacer-parte-de-la-red-familiar-de-la-institucion\\\/#article\",\"isPartOf\":{\"@id\":\"https:\\\/\\\/www.ucaldas.edu.co\\\/portal\\\/estudiantes-u-de-caldas-podran-hacer-parte-de-la-red-familiar-de-la-institucion\\\/\"},\"author\":{\"name\":\"ofiprensa\",\"@id\":\"https:\\\/\\\/www.ucaldas.edu.co\\\/portal\\\/#\\\/schema\\\/person\\\/a1b482e23449158b4bc319926c074fdf\"},\"headline\":\"Estudiantes U. de Caldas podr\u00e1n hacer parte de la Red Familiar de la Instituci\u00f3n\",\"datePublished\":\"2012-09-03T19:21:02+00:00\",\"mainEntityOfPage\":{\"@id\":\"https:\\\/\\\/www.ucaldas.edu.co\\\/portal\\\/estudiantes-u-de-caldas-podran-hacer-parte-de-la-red-familiar-de-la-institucion\\\/\"},\"wordCount\":206,\"publisher\":{\"@id\":\"https:\\\/\\\/www.ucaldas.edu.co\\\/portal\\\/#organization\"},\"image\":{\"@id\":\"https:\\\/\\\/www.ucaldas.edu.co\\\/portal\\\/estudiantes-u-de-caldas-podran-hacer-parte-de-la-red-familiar-de-la-institucion\\\/#primaryimage\"},\"thumbnailUrl\":\"http:\\\/\\\/www.ucaldas.edu.co\\\/images\\\/tmp\\\/red_familiar.jpg\",\"articleSection\":[\"Actualidad\",\"Universidad al D\u00eda\"],\"inLanguage\":\"es\"},{\"@type\":\"WebPage\",\"@id\":\"https:\\\/\\\/www.ucaldas.edu.co\\\/portal\\\/estudiantes-u-de-caldas-podran-hacer-parte-de-la-red-familiar-de-la-institucion\\\/\",\"url\":\"https:\\\/\\\/www.ucaldas.edu.co\\\/portal\\\/estudiantes-u-de-caldas-podran-hacer-parte-de-la-red-familiar-de-la-institucion\\\/\",\"name\":\"Estudiantes U. de Caldas podr\u00e1n hacer parte de la Red Familiar de la Instituci\u00f3n .\",\"isPartOf\":{\"@id\":\"https:\\\/\\\/www.ucaldas.edu.co\\\/portal\\\/#website\"},\"primaryImageOfPage\":{\"@id\":\"https:\\\/\\\/www.ucaldas.edu.co\\\/portal\\\/estudiantes-u-de-caldas-podran-hacer-parte-de-la-red-familiar-de-la-institucion\\\/#primaryimage\"},\"image\":{\"@id\":\"https:\\\/\\\/www.ucaldas.edu.co\\\/portal\\\/estudiantes-u-de-caldas-podran-hacer-parte-de-la-red-familiar-de-la-institucion\\\/#primaryimage\"},\"thumbnailUrl\":\"http:\\\/\\\/www.ucaldas.edu.co\\\/images\\\/tmp\\\/red_familiar.jpg\",\"datePublished\":\"2012-09-03T19:21:02+00:00\",\"breadcrumb\":{\"@id\":\"https:\\\/\\\/www.ucaldas.edu.co\\\/portal\\\/estudiantes-u-de-caldas-podran-hacer-parte-de-la-red-familiar-de-la-institucion\\\/#breadcrumb\"},\"inLanguage\":\"es\",\"potentialAction\":[{\"@type\":\"ReadAction\",\"target\":[\"https:\\\/\\\/www.ucaldas.edu.co\\\/portal\\\/estudiantes-u-de-caldas-podran-hacer-parte-de-la-red-familiar-de-la-institucion\\\/\"]}]},{\"@type\":\"ImageObject\",\"inLanguage\":\"es\",\"@id\":\"https:\\\/\\\/www.ucaldas.edu.co\\\/portal\\\/estudiantes-u-de-caldas-podran-hacer-parte-de-la-red-familiar-de-la-institucion\\\/#primaryimage\",\"url\":\"http:\\\/\\\/www.ucaldas.edu.co\\\/images\\\/tmp\\\/red_familiar.jpg\",\"contentUrl\":\"http:\\\/\\\/www.ucaldas.edu.co\\\/images\\\/tmp\\\/red_familiar.jpg\"},{\"@type\":\"BreadcrumbList\",\"@id\":\"https:\\\/\\\/www.ucaldas.edu.co\\\/portal\\\/estudiantes-u-de-caldas-podran-hacer-parte-de-la-red-familiar-de-la-institucion\\\/#breadcrumb\",\"itemListElement\":[{\"@type\":\"ListItem\",\"position\":1,\"name\":\"Portada\",\"item\":\"https:\\\/\\\/www.ucaldas.edu.co\\\/portal\\\/\"},{\"@type\":\"ListItem\",\"position\":2,\"name\":\"Estudiantes U. de Caldas podr\u00e1n hacer parte de la Red Familiar de la Instituci\u00f3n\"}]},{\"@type\":\"WebSite\",\"@id\":\"https:\\\/\\\/www.ucaldas.edu.co\\\/portal\\\/#website\",\"url\":\"https:\\\/\\\/www.ucaldas.edu.co\\\/portal\\\/\",\"name\":\"Universidad de Caldas\",\"description\":\"\",\"publisher\":{\"@id\":\"https:\\\/\\\/www.ucaldas.edu.co\\\/portal\\\/#organization\"},\"alternateName\":\"U. de Caldas\",\"potentialAction\":[{\"@type\":\"SearchAction\",\"target\":{\"@type\":\"EntryPoint\",\"urlTemplate\":\"https:\\\/\\\/www.ucaldas.edu.co\\\/portal\\\/?s={search_term_string}\"},\"query-input\":{\"@type\":\"PropertyValueSpecification\",\"valueRequired\":true,\"valueName\":\"search_term_string\"}}],\"inLanguage\":\"es\"},{\"@type\":\"Organization\",\"@id\":\"https:\\\/\\\/www.ucaldas.edu.co\\\/portal\\\/#organization\",\"name\":\"Universidad de Caldas\",\"alternateName\":\"U. de Caldas\",\"url\":\"https:\\\/\\\/www.ucaldas.edu.co\\\/portal\\\/\",\"logo\":{\"@type\":\"ImageObject\",\"inLanguage\":\"es\",\"@id\":\"https:\\\/\\\/www.ucaldas.edu.co\\\/portal\\\/#\\\/schema\\\/logo\\\/image\\\/\",\"url\":\"https:\\\/\\\/www.ucaldas.edu.co\\\/portal\\\/wp-content\\\/uploads\\\/2023\\\/11\\\/Logo_horizontal_oscuroU-2023.png\",\"contentUrl\":\"https:\\\/\\\/www.ucaldas.edu.co\\\/portal\\\/wp-content\\\/uploads\\\/2023\\\/11\\\/Logo_horizontal_oscuroU-2023.png\",\"width\":263,\"height\":101,\"caption\":\"Universidad de Caldas\"},\"image\":{\"@id\":\"https:\\\/\\\/www.ucaldas.edu.co\\\/portal\\\/#\\\/schema\\\/logo\\\/image\\\/\"},\"sameAs\":[\"https:\\\/\\\/www.facebook.com\\\/udecaldas\",\"https:\\\/\\\/x.com\\\/udecaldas\",\"https:\\\/\\\/www.youtube.com\\\/universidadcaldas\",\"https:\\\/\\\/www.instagram.com\\\/udecaldas\\\/\"]},{\"@type\":\"Person\",\"@id\":\"https:\\\/\\\/www.ucaldas.edu.co\\\/portal\\\/#\\\/schema\\\/person\\\/a1b482e23449158b4bc319926c074fdf\",\"name\":\"ofiprensa\",\"image\":{\"@type\":\"ImageObject\",\"inLanguage\":\"es\",\"@id\":\"https:\\\/\\\/www.ucaldas.edu.co\\\/portal\\\/wp-content\\\/litespeed\\\/avatar\\\/09ea5085e600095a7a811142c6944527.jpg?ver=1777497608\",\"url\":\"https:\\\/\\\/www.ucaldas.edu.co\\\/portal\\\/wp-content\\\/litespeed\\\/avatar\\\/09ea5085e600095a7a811142c6944527.jpg?ver=1777497608\",\"contentUrl\":\"https:\\\/\\\/www.ucaldas.edu.co\\\/portal\\\/wp-content\\\/litespeed\\\/avatar\\\/09ea5085e600095a7a811142c6944527.jpg?ver=1777497608\",\"caption\":\"ofiprensa\"},\"url\":\"https:\\\/\\\/www.ucaldas.edu.co\\\/portal\\\/author\\\/ofiprensa\\\/\"}]}<\/script>\n<!-- \/ Yoast SEO plugin. -->","yoast_head_json":{"title":"Estudiantes U. de Caldas podr\u00e1n  hacer parte de la Red Familiar de la Instituci\u00f3n .","robots":{"index":"index","follow":"follow","max-snippet":"max-snippet:-1","max-image-preview":"max-image-preview:large","max-video-preview":"max-video-preview:-1"},"canonical":"https:\/\/www.ucaldas.edu.co\/portal\/estudiantes-u-de-caldas-podran-hacer-parte-de-la-red-familiar-de-la-institucion\/","schema":{"@context":"https:\/\/schema.org","@graph":[{"@type":"Article","@id":"https:\/\/www.ucaldas.edu.co\/portal\/estudiantes-u-de-caldas-podran-hacer-parte-de-la-red-familiar-de-la-institucion\/#article","isPartOf":{"@id":"https:\/\/www.ucaldas.edu.co\/portal\/estudiantes-u-de-caldas-podran-hacer-parte-de-la-red-familiar-de-la-institucion\/"},"author":{"name":"ofiprensa","@id":"https:\/\/www.ucaldas.edu.co\/portal\/#\/schema\/person\/a1b482e23449158b4bc319926c074fdf"},"headline":"Estudiantes U. de Caldas podr\u00e1n hacer parte de la Red Familiar de la Instituci\u00f3n","datePublished":"2012-09-03T19:21:02+00:00","mainEntityOfPage":{"@id":"https:\/\/www.ucaldas.edu.co\/portal\/estudiantes-u-de-caldas-podran-hacer-parte-de-la-red-familiar-de-la-institucion\/"},"wordCount":206,"publisher":{"@id":"https:\/\/www.ucaldas.edu.co\/portal\/#organization"},"image":{"@id":"https:\/\/www.ucaldas.edu.co\/portal\/estudiantes-u-de-caldas-podran-hacer-parte-de-la-red-familiar-de-la-institucion\/#primaryimage"},"thumbnailUrl":"http:\/\/www.ucaldas.edu.co\/images\/tmp\/red_familiar.jpg","articleSection":["Actualidad","Universidad al D\u00eda"],"inLanguage":"es"},{"@type":"WebPage","@id":"https:\/\/www.ucaldas.edu.co\/portal\/estudiantes-u-de-caldas-podran-hacer-parte-de-la-red-familiar-de-la-institucion\/","url":"https:\/\/www.ucaldas.edu.co\/portal\/estudiantes-u-de-caldas-podran-hacer-parte-de-la-red-familiar-de-la-institucion\/","name":"Estudiantes U. de Caldas podr\u00e1n hacer parte de la Red Familiar de la Instituci\u00f3n .","isPartOf":{"@id":"https:\/\/www.ucaldas.edu.co\/portal\/#website"},"primaryImageOfPage":{"@id":"https:\/\/www.ucaldas.edu.co\/portal\/estudiantes-u-de-caldas-podran-hacer-parte-de-la-red-familiar-de-la-institucion\/#primaryimage"},"image":{"@id":"https:\/\/www.ucaldas.edu.co\/portal\/estudiantes-u-de-caldas-podran-hacer-parte-de-la-red-familiar-de-la-institucion\/#primaryimage"},"thumbnailUrl":"http:\/\/www.ucaldas.edu.co\/images\/tmp\/red_familiar.jpg","datePublished":"2012-09-03T19:21:02+00:00","breadcrumb":{"@id":"https:\/\/www.ucaldas.edu.co\/portal\/estudiantes-u-de-caldas-podran-hacer-parte-de-la-red-familiar-de-la-institucion\/#breadcrumb"},"inLanguage":"es","potentialAction":[{"@type":"ReadAction","target":["https:\/\/www.ucaldas.edu.co\/portal\/estudiantes-u-de-caldas-podran-hacer-parte-de-la-red-familiar-de-la-institucion\/"]}]},{"@type":"ImageObject","inLanguage":"es","@id":"https:\/\/www.ucaldas.edu.co\/portal\/estudiantes-u-de-caldas-podran-hacer-parte-de-la-red-familiar-de-la-institucion\/#primaryimage","url":"http:\/\/www.ucaldas.edu.co\/images\/tmp\/red_familiar.jpg","contentUrl":"http:\/\/www.ucaldas.edu.co\/images\/tmp\/red_familiar.jpg"},{"@type":"BreadcrumbList","@id":"https:\/\/www.ucaldas.edu.co\/portal\/estudiantes-u-de-caldas-podran-hacer-parte-de-la-red-familiar-de-la-institucion\/#breadcrumb","itemListElement":[{"@type":"ListItem","position":1,"name":"Portada","item":"https:\/\/www.ucaldas.edu.co\/portal\/"},{"@type":"ListItem","position":2,"name":"Estudiantes U. de Caldas podr\u00e1n hacer parte de la Red Familiar de la Instituci\u00f3n"}]},{"@type":"WebSite","@id":"https:\/\/www.ucaldas.edu.co\/portal\/#website","url":"https:\/\/www.ucaldas.edu.co\/portal\/","name":"Universidad de Caldas","description":"","publisher":{"@id":"https:\/\/www.ucaldas.edu.co\/portal\/#organization"},"alternateName":"U. de Caldas","potentialAction":[{"@type":"SearchAction","target":{"@type":"EntryPoint","urlTemplate":"https:\/\/www.ucaldas.edu.co\/portal\/?s={search_term_string}"},"query-input":{"@type":"PropertyValueSpecification","valueRequired":true,"valueName":"search_term_string"}}],"inLanguage":"es"},{"@type":"Organization","@id":"https:\/\/www.ucaldas.edu.co\/portal\/#organization","name":"Universidad de Caldas","alternateName":"U. de Caldas","url":"https:\/\/www.ucaldas.edu.co\/portal\/","logo":{"@type":"ImageObject","inLanguage":"es","@id":"https:\/\/www.ucaldas.edu.co\/portal\/#\/schema\/logo\/image\/","url":"https:\/\/www.ucaldas.edu.co\/portal\/wp-content\/uploads\/2023\/11\/Logo_horizontal_oscuroU-2023.png","contentUrl":"https:\/\/www.ucaldas.edu.co\/portal\/wp-content\/uploads\/2023\/11\/Logo_horizontal_oscuroU-2023.png","width":263,"height":101,"caption":"Universidad de Caldas"},"image":{"@id":"https:\/\/www.ucaldas.edu.co\/portal\/#\/schema\/logo\/image\/"},"sameAs":["https:\/\/www.facebook.com\/udecaldas","https:\/\/x.com\/udecaldas","https:\/\/www.youtube.com\/universidadcaldas","https:\/\/www.instagram.com\/udecaldas\/"]},{"@type":"Person","@id":"https:\/\/www.ucaldas.edu.co\/portal\/#\/schema\/person\/a1b482e23449158b4bc319926c074fdf","name":"ofiprensa","image":{"@type":"ImageObject","inLanguage":"es","@id":"https:\/\/www.ucaldas.edu.co\/portal\/wp-content\/litespeed\/avatar\/09ea5085e600095a7a811142c6944527.jpg?ver=1777497608","url":"https:\/\/www.ucaldas.edu.co\/portal\/wp-content\/litespeed\/avatar\/09ea5085e600095a7a811142c6944527.jpg?ver=1777497608","contentUrl":"https:\/\/www.ucaldas.edu.co\/portal\/wp-content\/litespeed\/avatar\/09ea5085e600095a7a811142c6944527.jpg?ver=1777497608","caption":"ofiprensa"},"url":"https:\/\/www.ucaldas.edu.co\/portal\/author\/ofiprensa\/"}]}},"_links":{"self":[{"href":"https:\/\/www.ucaldas.edu.co\/portal\/wp-json\/wp\/v2\/posts\/11344","targetHints":{"allow":["GET"]}}],"collection":[{"href":"https:\/\/www.ucaldas.edu.co\/portal\/wp-json\/wp\/v2\/posts"}],"about":[{"href":"https:\/\/www.ucaldas.edu.co\/portal\/wp-json\/wp\/v2\/types\/post"}],"author":[{"embeddable":true,"href":"https:\/\/www.ucaldas.edu.co\/portal\/wp-json\/wp\/v2\/users\/2"}],"replies":[{"embeddable":true,"href":"https:\/\/www.ucaldas.edu.co\/portal\/wp-json\/wp\/v2\/comments?post=11344"}],"version-history":[{"count":0,"href":"https:\/\/www.ucaldas.edu.co\/portal\/wp-json\/wp\/v2\/posts\/11344\/revisions"}],"wp:attachment":[{"href":"https:\/\/www.ucaldas.edu.co\/portal\/wp-json\/wp\/v2\/media?parent=11344"}],"wp:term":[{"taxonomy":"category","embeddable":true,"href":"https:\/\/www.ucaldas.edu.co\/portal\/wp-json\/wp\/v2\/categories?post=11344"},{"taxonomy":"post_tag","embeddable":true,"href":"https:\/\/www.ucaldas.edu.co\/portal\/wp-json\/wp\/v2\/tags?post=11344"}],"curies":[{"name":"wp","href":"https:\/\/api.w.org\/{rel}","templated":true}]}}