{"id":11342,"date":"2012-09-01T14:19:29","date_gmt":"2012-09-01T19:19:29","guid":{"rendered":"https:\/\/www.ucaldas.edu.co\/portal\/?p=11342"},"modified":"2012-09-01T14:19:29","modified_gmt":"2012-09-01T19:19:29","slug":"gobierno-nacional-y-sistema-universitario-estatal-buscaran-mas-recursos-para-el-2013","status":"publish","type":"post","link":"https:\/\/www.ucaldas.edu.co\/portal\/gobierno-nacional-y-sistema-universitario-estatal-buscaran-mas-recursos-para-el-2013\/","title":{"rendered":"Gobierno Nacional y Sistema Universitario Estatal buscar\u00e1n m\u00e1s recursos para el 2013"},"content":{"rendered":"<p align=\"center\">Se espera poder aumentar los recursos de las universidades p\u00fablicas<\/p>\n<p align=\"right\">01\/09\/2012<\/p>\n<hr \/>\n<p align=\"right\">Redacci\u00f3n: Margarita Laverde Galvis<\/p>\n<p align=\"right\"><b>\u00a0<\/b><\/p>\n<table border=\"0\">\n<tbody>\n<tr>\n<td><img decoding=\"async\" style=\"border: 0px\" title=\"SUE\" alt=\"SUE\" src=\"http:\/\/www.ucaldas.edu.co\/images\/sue.jpg\" border=\"0\" \/><\/td>\n<td>Los <b>rectores<\/b> de las <b>universidades p\u00fablicas el pa\u00eds<\/b> <b>se reunieron<\/b> con la <b>Ministra de Educaci\u00f3n<\/b>, Mar\u00eda Fernanda Campo Saavedra, en un <b>di\u00e1logo<\/b> con la <b>Junta Directiva del Sistema Universitario Estatal<\/b> (SUE), <b>donde se acord\u00f3 <\/b><b>buscar<\/b> <b>recursos conjuntamente<\/b> <b>ante el Congreso de la Rep\u00fablica<\/b>, en el <b>debate<\/b> del <b>presupuesto para el 2013.<\/b><\/td>\n<\/tr>\n<\/tbody>\n<\/table>\n<p>&nbsp;<\/p>\n<p>&nbsp;<\/p>\n<p>El encuentro se desarroll\u00f3 el pasado viernes 31 de agosto del 2012. El <b><a href=\"http:\/\/www.ivoox.com\/rector-u-caldas-ricardo-gomez-giraldo-en-audios-mp3_rf_1403809_1.html\" target=\"_blank\">Rector de la Universidad de Caldas, Ricardo G\u00f3mez Giraldo (descargue aqu\u00ed el audio)<\/a>, <\/b>coment\u00f3: \u201cesto significa que el Ministerio de Educaci\u00f3n Nacional (MEN) realmente encuentra razonable los estudios que hemos hecho desde la Universidad, demostrando el desfinanciamiento de las universidades p\u00fablicas\u201d.<\/p>\n<p>&nbsp;<\/p>\n<p>\u201c<b>Me he reunido con el Vicepresidente de la Comisi\u00f3n III de la C\u00e1mara de Representantes<\/b>, el <b>caldense Jorge Hern\u00e1n Mesa Botero<\/b>, y ya le entregu\u00e9 un diagn\u00f3stico sobre el tema. Entiendo que existe un buen ambiente en esa comisi\u00f3n, para aumentar los recursos de las universidades p\u00fablicas\u201d, agreg\u00f3 G\u00f3mez Giraldo.<\/p>\n<p>&nbsp;<\/p>\n<p>Seg\u00fan el Rector de la Instituci\u00f3n: \u201cesperamos podernos reunir con congresistas, si es necesario tambi\u00e9n con el Ministro de Hacienda. Vamos a demostrar con razones, argumentos y cifras, porque van 20 a\u00f1os de mucho crecimiento en n\u00famero de estudiantes, ciencia y tecnolog\u00eda, gastos de las universidades p\u00fablicas, entre otros, con los mismos recursos de 1992\u201d.<\/p>\n<p>&nbsp;<\/p>\n<p><a href=\"http:\/\/desarrollo.ucaldas.edu.co\/archivo\/index.php?option=com_content&amp;view=article&amp;id=7583:-mas-recursos-para-universidades-publicas-pide-sistema-universitario-estatal-&amp;catid=419:universidad-al-dia&amp;Itemid=1039\" target=\"_blank\">El <b>SUE insisti\u00f3 al Congreso de la Rep\u00fablica y al Ministerio de Hacienda<\/b> <b>m\u00e1s recursos<\/b> para las <b>universidades p\u00fablicas<\/b>, <b>en el presupuesto nacional<\/b> (ver nota aqu\u00ed)<\/a>. As\u00ed se evidenci\u00f3 en las cartas enviadas en agosto de este a\u00f1o a las comisiones IV de la C\u00e1mara de Representantes y del Senado de la Rep\u00fablica.<\/p>\n<p><b>\u00a0<\/b><\/p>\n<p><b>Informes:<\/b> Oficina de Prensa de la U. de Caldas, tel\u00e9fono 878 15 03.<\/p>\n","protected":false},"excerpt":{"rendered":"<p>Se espera poder aumentar los recursos de las universidades p\u00fablicas 01\/09\/2012 Redacci\u00f3n: Margarita Laverde Galvis \u00a0 Los rectores de las universidades p\u00fablicas el pa\u00eds se reunieron con la Ministra de Educaci\u00f3n, Mar\u00eda Fernanda Campo Saavedra, en un di\u00e1logo con la Junta Directiva del Sistema Universitario Estatal (SUE), donde se acord\u00f3 buscar recursos conjuntamente ante el [&hellip;]<\/p>\n","protected":false},"author":2,"featured_media":0,"comment_status":"closed","ping_status":"closed","sticky":false,"template":"","format":"standard","meta":{"footnotes":""},"categories":[48,53],"tags":[],"class_list":["post-11342","post","type-post","status-publish","format-standard","hentry","category-actualidad","category-universidad-al-dia"],"yoast_head":"<!-- This site is optimized with the Yoast SEO plugin v27.5 - https:\/\/yoast.com\/product\/yoast-seo-wordpress\/ -->\n<title>Gobierno Nacional y Sistema Universitario Estatal buscar\u00e1n m\u00e1s recursos para el 2013 .<\/title>\n<meta name=\"robots\" content=\"index, follow, max-snippet:-1, max-image-preview:large, max-video-preview:-1\" \/>\n<link rel=\"canonical\" href=\"https:\/\/www.ucaldas.edu.co\/portal\/gobierno-nacional-y-sistema-universitario-estatal-buscaran-mas-recursos-para-el-2013\/\" \/>\n<script type=\"application\/ld+json\" class=\"yoast-schema-graph\">{\"@context\":\"https:\\\/\\\/schema.org\",\"@graph\":[{\"@type\":\"Article\",\"@id\":\"https:\\\/\\\/www.ucaldas.edu.co\\\/portal\\\/gobierno-nacional-y-sistema-universitario-estatal-buscaran-mas-recursos-para-el-2013\\\/#article\",\"isPartOf\":{\"@id\":\"https:\\\/\\\/www.ucaldas.edu.co\\\/portal\\\/gobierno-nacional-y-sistema-universitario-estatal-buscaran-mas-recursos-para-el-2013\\\/\"},\"author\":{\"name\":\"ofiprensa\",\"@id\":\"https:\\\/\\\/www.ucaldas.edu.co\\\/portal\\\/#\\\/schema\\\/person\\\/a1b482e23449158b4bc319926c074fdf\"},\"headline\":\"Gobierno Nacional y Sistema Universitario Estatal buscar\u00e1n m\u00e1s recursos para el 2013\",\"datePublished\":\"2012-09-01T19:19:29+00:00\",\"mainEntityOfPage\":{\"@id\":\"https:\\\/\\\/www.ucaldas.edu.co\\\/portal\\\/gobierno-nacional-y-sistema-universitario-estatal-buscaran-mas-recursos-para-el-2013\\\/\"},\"wordCount\":332,\"publisher\":{\"@id\":\"https:\\\/\\\/www.ucaldas.edu.co\\\/portal\\\/#organization\"},\"image\":{\"@id\":\"https:\\\/\\\/www.ucaldas.edu.co\\\/portal\\\/gobierno-nacional-y-sistema-universitario-estatal-buscaran-mas-recursos-para-el-2013\\\/#primaryimage\"},\"thumbnailUrl\":\"http:\\\/\\\/www.ucaldas.edu.co\\\/images\\\/sue.jpg\",\"articleSection\":[\"Actualidad\",\"Universidad al D\u00eda\"],\"inLanguage\":\"es\"},{\"@type\":\"WebPage\",\"@id\":\"https:\\\/\\\/www.ucaldas.edu.co\\\/portal\\\/gobierno-nacional-y-sistema-universitario-estatal-buscaran-mas-recursos-para-el-2013\\\/\",\"url\":\"https:\\\/\\\/www.ucaldas.edu.co\\\/portal\\\/gobierno-nacional-y-sistema-universitario-estatal-buscaran-mas-recursos-para-el-2013\\\/\",\"name\":\"Gobierno Nacional y Sistema Universitario Estatal buscar\u00e1n m\u00e1s recursos para el 2013 .\",\"isPartOf\":{\"@id\":\"https:\\\/\\\/www.ucaldas.edu.co\\\/portal\\\/#website\"},\"primaryImageOfPage\":{\"@id\":\"https:\\\/\\\/www.ucaldas.edu.co\\\/portal\\\/gobierno-nacional-y-sistema-universitario-estatal-buscaran-mas-recursos-para-el-2013\\\/#primaryimage\"},\"image\":{\"@id\":\"https:\\\/\\\/www.ucaldas.edu.co\\\/portal\\\/gobierno-nacional-y-sistema-universitario-estatal-buscaran-mas-recursos-para-el-2013\\\/#primaryimage\"},\"thumbnailUrl\":\"http:\\\/\\\/www.ucaldas.edu.co\\\/images\\\/sue.jpg\",\"datePublished\":\"2012-09-01T19:19:29+00:00\",\"breadcrumb\":{\"@id\":\"https:\\\/\\\/www.ucaldas.edu.co\\\/portal\\\/gobierno-nacional-y-sistema-universitario-estatal-buscaran-mas-recursos-para-el-2013\\\/#breadcrumb\"},\"inLanguage\":\"es\",\"potentialAction\":[{\"@type\":\"ReadAction\",\"target\":[\"https:\\\/\\\/www.ucaldas.edu.co\\\/portal\\\/gobierno-nacional-y-sistema-universitario-estatal-buscaran-mas-recursos-para-el-2013\\\/\"]}]},{\"@type\":\"ImageObject\",\"inLanguage\":\"es\",\"@id\":\"https:\\\/\\\/www.ucaldas.edu.co\\\/portal\\\/gobierno-nacional-y-sistema-universitario-estatal-buscaran-mas-recursos-para-el-2013\\\/#primaryimage\",\"url\":\"http:\\\/\\\/www.ucaldas.edu.co\\\/images\\\/sue.jpg\",\"contentUrl\":\"http:\\\/\\\/www.ucaldas.edu.co\\\/images\\\/sue.jpg\"},{\"@type\":\"BreadcrumbList\",\"@id\":\"https:\\\/\\\/www.ucaldas.edu.co\\\/portal\\\/gobierno-nacional-y-sistema-universitario-estatal-buscaran-mas-recursos-para-el-2013\\\/#breadcrumb\",\"itemListElement\":[{\"@type\":\"ListItem\",\"position\":1,\"name\":\"Portada\",\"item\":\"https:\\\/\\\/www.ucaldas.edu.co\\\/portal\\\/\"},{\"@type\":\"ListItem\",\"position\":2,\"name\":\"Gobierno Nacional y Sistema Universitario Estatal buscar\u00e1n m\u00e1s recursos para el 2013\"}]},{\"@type\":\"WebSite\",\"@id\":\"https:\\\/\\\/www.ucaldas.edu.co\\\/portal\\\/#website\",\"url\":\"https:\\\/\\\/www.ucaldas.edu.co\\\/portal\\\/\",\"name\":\"Universidad de Caldas\",\"description\":\"\",\"publisher\":{\"@id\":\"https:\\\/\\\/www.ucaldas.edu.co\\\/portal\\\/#organization\"},\"alternateName\":\"U. de Caldas\",\"potentialAction\":[{\"@type\":\"SearchAction\",\"target\":{\"@type\":\"EntryPoint\",\"urlTemplate\":\"https:\\\/\\\/www.ucaldas.edu.co\\\/portal\\\/?s={search_term_string}\"},\"query-input\":{\"@type\":\"PropertyValueSpecification\",\"valueRequired\":true,\"valueName\":\"search_term_string\"}}],\"inLanguage\":\"es\"},{\"@type\":\"Organization\",\"@id\":\"https:\\\/\\\/www.ucaldas.edu.co\\\/portal\\\/#organization\",\"name\":\"Universidad de Caldas\",\"alternateName\":\"U. de Caldas\",\"url\":\"https:\\\/\\\/www.ucaldas.edu.co\\\/portal\\\/\",\"logo\":{\"@type\":\"ImageObject\",\"inLanguage\":\"es\",\"@id\":\"https:\\\/\\\/www.ucaldas.edu.co\\\/portal\\\/#\\\/schema\\\/logo\\\/image\\\/\",\"url\":\"https:\\\/\\\/www.ucaldas.edu.co\\\/portal\\\/wp-content\\\/uploads\\\/2023\\\/11\\\/Logo_horizontal_oscuroU-2023.png\",\"contentUrl\":\"https:\\\/\\\/www.ucaldas.edu.co\\\/portal\\\/wp-content\\\/uploads\\\/2023\\\/11\\\/Logo_horizontal_oscuroU-2023.png\",\"width\":263,\"height\":101,\"caption\":\"Universidad de Caldas\"},\"image\":{\"@id\":\"https:\\\/\\\/www.ucaldas.edu.co\\\/portal\\\/#\\\/schema\\\/logo\\\/image\\\/\"},\"sameAs\":[\"https:\\\/\\\/www.facebook.com\\\/udecaldas\",\"https:\\\/\\\/x.com\\\/udecaldas\",\"https:\\\/\\\/www.youtube.com\\\/universidadcaldas\",\"https:\\\/\\\/www.instagram.com\\\/udecaldas\\\/\"]},{\"@type\":\"Person\",\"@id\":\"https:\\\/\\\/www.ucaldas.edu.co\\\/portal\\\/#\\\/schema\\\/person\\\/a1b482e23449158b4bc319926c074fdf\",\"name\":\"ofiprensa\",\"image\":{\"@type\":\"ImageObject\",\"inLanguage\":\"es\",\"@id\":\"https:\\\/\\\/www.ucaldas.edu.co\\\/portal\\\/wp-content\\\/litespeed\\\/avatar\\\/09ea5085e600095a7a811142c6944527.jpg?ver=1777497608\",\"url\":\"https:\\\/\\\/www.ucaldas.edu.co\\\/portal\\\/wp-content\\\/litespeed\\\/avatar\\\/09ea5085e600095a7a811142c6944527.jpg?ver=1777497608\",\"contentUrl\":\"https:\\\/\\\/www.ucaldas.edu.co\\\/portal\\\/wp-content\\\/litespeed\\\/avatar\\\/09ea5085e600095a7a811142c6944527.jpg?ver=1777497608\",\"caption\":\"ofiprensa\"},\"url\":\"https:\\\/\\\/www.ucaldas.edu.co\\\/portal\\\/author\\\/ofiprensa\\\/\"}]}<\/script>\n<!-- \/ Yoast SEO plugin. -->","yoast_head_json":{"title":"Gobierno Nacional y Sistema Universitario Estatal buscar\u00e1n m\u00e1s recursos para el 2013 .","robots":{"index":"index","follow":"follow","max-snippet":"max-snippet:-1","max-image-preview":"max-image-preview:large","max-video-preview":"max-video-preview:-1"},"canonical":"https:\/\/www.ucaldas.edu.co\/portal\/gobierno-nacional-y-sistema-universitario-estatal-buscaran-mas-recursos-para-el-2013\/","schema":{"@context":"https:\/\/schema.org","@graph":[{"@type":"Article","@id":"https:\/\/www.ucaldas.edu.co\/portal\/gobierno-nacional-y-sistema-universitario-estatal-buscaran-mas-recursos-para-el-2013\/#article","isPartOf":{"@id":"https:\/\/www.ucaldas.edu.co\/portal\/gobierno-nacional-y-sistema-universitario-estatal-buscaran-mas-recursos-para-el-2013\/"},"author":{"name":"ofiprensa","@id":"https:\/\/www.ucaldas.edu.co\/portal\/#\/schema\/person\/a1b482e23449158b4bc319926c074fdf"},"headline":"Gobierno Nacional y Sistema Universitario Estatal buscar\u00e1n m\u00e1s recursos para el 2013","datePublished":"2012-09-01T19:19:29+00:00","mainEntityOfPage":{"@id":"https:\/\/www.ucaldas.edu.co\/portal\/gobierno-nacional-y-sistema-universitario-estatal-buscaran-mas-recursos-para-el-2013\/"},"wordCount":332,"publisher":{"@id":"https:\/\/www.ucaldas.edu.co\/portal\/#organization"},"image":{"@id":"https:\/\/www.ucaldas.edu.co\/portal\/gobierno-nacional-y-sistema-universitario-estatal-buscaran-mas-recursos-para-el-2013\/#primaryimage"},"thumbnailUrl":"http:\/\/www.ucaldas.edu.co\/images\/sue.jpg","articleSection":["Actualidad","Universidad al D\u00eda"],"inLanguage":"es"},{"@type":"WebPage","@id":"https:\/\/www.ucaldas.edu.co\/portal\/gobierno-nacional-y-sistema-universitario-estatal-buscaran-mas-recursos-para-el-2013\/","url":"https:\/\/www.ucaldas.edu.co\/portal\/gobierno-nacional-y-sistema-universitario-estatal-buscaran-mas-recursos-para-el-2013\/","name":"Gobierno Nacional y Sistema Universitario Estatal buscar\u00e1n m\u00e1s recursos para el 2013 .","isPartOf":{"@id":"https:\/\/www.ucaldas.edu.co\/portal\/#website"},"primaryImageOfPage":{"@id":"https:\/\/www.ucaldas.edu.co\/portal\/gobierno-nacional-y-sistema-universitario-estatal-buscaran-mas-recursos-para-el-2013\/#primaryimage"},"image":{"@id":"https:\/\/www.ucaldas.edu.co\/portal\/gobierno-nacional-y-sistema-universitario-estatal-buscaran-mas-recursos-para-el-2013\/#primaryimage"},"thumbnailUrl":"http:\/\/www.ucaldas.edu.co\/images\/sue.jpg","datePublished":"2012-09-01T19:19:29+00:00","breadcrumb":{"@id":"https:\/\/www.ucaldas.edu.co\/portal\/gobierno-nacional-y-sistema-universitario-estatal-buscaran-mas-recursos-para-el-2013\/#breadcrumb"},"inLanguage":"es","potentialAction":[{"@type":"ReadAction","target":["https:\/\/www.ucaldas.edu.co\/portal\/gobierno-nacional-y-sistema-universitario-estatal-buscaran-mas-recursos-para-el-2013\/"]}]},{"@type":"ImageObject","inLanguage":"es","@id":"https:\/\/www.ucaldas.edu.co\/portal\/gobierno-nacional-y-sistema-universitario-estatal-buscaran-mas-recursos-para-el-2013\/#primaryimage","url":"http:\/\/www.ucaldas.edu.co\/images\/sue.jpg","contentUrl":"http:\/\/www.ucaldas.edu.co\/images\/sue.jpg"},{"@type":"BreadcrumbList","@id":"https:\/\/www.ucaldas.edu.co\/portal\/gobierno-nacional-y-sistema-universitario-estatal-buscaran-mas-recursos-para-el-2013\/#breadcrumb","itemListElement":[{"@type":"ListItem","position":1,"name":"Portada","item":"https:\/\/www.ucaldas.edu.co\/portal\/"},{"@type":"ListItem","position":2,"name":"Gobierno Nacional y Sistema Universitario Estatal buscar\u00e1n m\u00e1s recursos para el 2013"}]},{"@type":"WebSite","@id":"https:\/\/www.ucaldas.edu.co\/portal\/#website","url":"https:\/\/www.ucaldas.edu.co\/portal\/","name":"Universidad de Caldas","description":"","publisher":{"@id":"https:\/\/www.ucaldas.edu.co\/portal\/#organization"},"alternateName":"U. de Caldas","potentialAction":[{"@type":"SearchAction","target":{"@type":"EntryPoint","urlTemplate":"https:\/\/www.ucaldas.edu.co\/portal\/?s={search_term_string}"},"query-input":{"@type":"PropertyValueSpecification","valueRequired":true,"valueName":"search_term_string"}}],"inLanguage":"es"},{"@type":"Organization","@id":"https:\/\/www.ucaldas.edu.co\/portal\/#organization","name":"Universidad de Caldas","alternateName":"U. de Caldas","url":"https:\/\/www.ucaldas.edu.co\/portal\/","logo":{"@type":"ImageObject","inLanguage":"es","@id":"https:\/\/www.ucaldas.edu.co\/portal\/#\/schema\/logo\/image\/","url":"https:\/\/www.ucaldas.edu.co\/portal\/wp-content\/uploads\/2023\/11\/Logo_horizontal_oscuroU-2023.png","contentUrl":"https:\/\/www.ucaldas.edu.co\/portal\/wp-content\/uploads\/2023\/11\/Logo_horizontal_oscuroU-2023.png","width":263,"height":101,"caption":"Universidad de Caldas"},"image":{"@id":"https:\/\/www.ucaldas.edu.co\/portal\/#\/schema\/logo\/image\/"},"sameAs":["https:\/\/www.facebook.com\/udecaldas","https:\/\/x.com\/udecaldas","https:\/\/www.youtube.com\/universidadcaldas","https:\/\/www.instagram.com\/udecaldas\/"]},{"@type":"Person","@id":"https:\/\/www.ucaldas.edu.co\/portal\/#\/schema\/person\/a1b482e23449158b4bc319926c074fdf","name":"ofiprensa","image":{"@type":"ImageObject","inLanguage":"es","@id":"https:\/\/www.ucaldas.edu.co\/portal\/wp-content\/litespeed\/avatar\/09ea5085e600095a7a811142c6944527.jpg?ver=1777497608","url":"https:\/\/www.ucaldas.edu.co\/portal\/wp-content\/litespeed\/avatar\/09ea5085e600095a7a811142c6944527.jpg?ver=1777497608","contentUrl":"https:\/\/www.ucaldas.edu.co\/portal\/wp-content\/litespeed\/avatar\/09ea5085e600095a7a811142c6944527.jpg?ver=1777497608","caption":"ofiprensa"},"url":"https:\/\/www.ucaldas.edu.co\/portal\/author\/ofiprensa\/"}]}},"_links":{"self":[{"href":"https:\/\/www.ucaldas.edu.co\/portal\/wp-json\/wp\/v2\/posts\/11342","targetHints":{"allow":["GET"]}}],"collection":[{"href":"https:\/\/www.ucaldas.edu.co\/portal\/wp-json\/wp\/v2\/posts"}],"about":[{"href":"https:\/\/www.ucaldas.edu.co\/portal\/wp-json\/wp\/v2\/types\/post"}],"author":[{"embeddable":true,"href":"https:\/\/www.ucaldas.edu.co\/portal\/wp-json\/wp\/v2\/users\/2"}],"replies":[{"embeddable":true,"href":"https:\/\/www.ucaldas.edu.co\/portal\/wp-json\/wp\/v2\/comments?post=11342"}],"version-history":[{"count":0,"href":"https:\/\/www.ucaldas.edu.co\/portal\/wp-json\/wp\/v2\/posts\/11342\/revisions"}],"wp:attachment":[{"href":"https:\/\/www.ucaldas.edu.co\/portal\/wp-json\/wp\/v2\/media?parent=11342"}],"wp:term":[{"taxonomy":"category","embeddable":true,"href":"https:\/\/www.ucaldas.edu.co\/portal\/wp-json\/wp\/v2\/categories?post=11342"},{"taxonomy":"post_tag","embeddable":true,"href":"https:\/\/www.ucaldas.edu.co\/portal\/wp-json\/wp\/v2\/tags?post=11342"}],"curies":[{"name":"wp","href":"https:\/\/api.w.org\/{rel}","templated":true}]}}